{"id":752,"date":"2021-03-10T18:26:59","date_gmt":"2021-03-10T21:26:59","guid":{"rendered":"https:\/\/wp.ufpel.edu.br\/cafv\/?p=752"},"modified":"2021-03-11T01:52:00","modified_gmt":"2021-03-11T04:52:00","slug":"anais-52semac","status":"publish","type":"post","link":"https:\/\/wp.ufpel.edu.br\/cafv\/anais-52semac\/","title":{"rendered":"Anais da 52\u00aa SEMAC"},"content":{"rendered":"<h3>Anais da 52\u00aa Semana Acad\u00eamica de Estudos Jur\u00eddicos e Sociais<\/h3>\n<table style=\"padding: 3px 3px 15px;vertical-align: top;font-family: arial, helvetica;color: #666;text-align: left;font-size: 12px;margin-top: 10px;width: 720px\">\n<tbody>\n<tr>\n<th style=\"text-align: center;font-size: 11px;font-weight: bold;padding-bottom: 10px;margin-bottom: 20px;border-bottom: 1px dotted #ccc;line-height: 12px\">AUTORES<\/th>\n<th style=\"text-align: center;font-size: 11px;font-weight: bold;padding-bottom: 10px;margin-bottom: 20px;border-bottom: 1px dotted #ccc;border-left: 1px dotted #ccc;border-right: 1px dotted #ccc;line-height: 12px\">T\u00cdTULO<\/th>\n<th style=\"text-align: center;font-size: 11px;font-weight: bold;padding-bottom: 10px;margin-bottom: 20px;border-bottom: 1px dotted #ccc;line-height: 12px\">RESUMO<\/th>\n<\/tr>\n<tr>\n<td style=\"max-width: 220px;padding-bottom: 20px;padding-left: 2px;margin-bottom: 20px;border-bottom: 1px dotted #ccc;line-height: 12px;vertical-align: top\">Bruna Cruz De Castro; Ta\u00edsa Gabriela Soares<\/td>\n<td style=\"max-width: 220px;padding-bottom: 20px;padding-left: 2px;margin-bottom: 20px;border: 1px dotted #ccc;line-height: 12px;vertical-align: top\">DIREITO NA LITERATURA: UMA AN\u00c1LISE JUR\u00cdDICA DO CONTO LITER\u00c1RIO &#8220;VENHA VER O P\u00d4R DO SOL&#8221; (1998) DE LYGIA FAGUNDES TELLES<\/td>\n<td style=\"max-width: 220px;padding-bottom: 20px;padding-left: 2px;margin-bottom: 20px;border-bottom: 1px dotted #ccc;line-height: 12px\"><a class=\"resumo\" href=\"https:\/\/wp.ufpel.edu.br\/cafv\/files\/2021\/03\/DIREITO-NA-LITERATURA-UMA-ANA\u0301LISE-JURI\u0301DICA-DO-CONTO-LITERA\u0301RIO-22VENHA-VER-O-PO\u0302R-DO-SOL22-1998-DE-LYGIA-FAGUNDES-TELLES.pdf\"><button>Visualizar<\/button><\/a><\/td>\n<\/tr>\n<tr>\n<td style=\"max-width: 220px;padding-bottom: 20px;padding-left: 2px;margin-bottom: 20px;border-bottom: 1px dotted #ccc;line-height: 12px;vertical-align: top\">Bruna Luisa Zanotelli Rockenbach; Marta Marques Avila<\/td>\n<td style=\"max-width: 220px;padding-bottom: 20px;padding-left: 2px;margin-bottom: 20px;border: 1px dotted #ccc;line-height: 12px;vertical-align: top\">FEDERALISMO E MUNICIPALIDADE: UMA AN\u00c1LISE CR\u00cdTICA SOBRE A COMPATIBILIDADE<\/td>\n<td style=\"max-width: 220px;padding-bottom: 20px;padding-left: 2px;margin-bottom: 20px;border-bottom: 1px dotted #ccc;line-height: 12px\"><a class=\"resumo\" href=\"https:\/\/wp.ufpel.edu.br\/cafv\/files\/2021\/03\/FEDERALISMO-E-MUNICIPALIDADE-UMA-ANA\u0301LISE-CRI\u0301TICA-SOBRE-A-COMPATIBILIDADE.pdf\"><button>Visualizar<\/button><\/a><\/td>\n<\/tr>\n<tr>\n<td style=\"max-width: 220px;padding-bottom: 20px;padding-left: 2px;margin-bottom: 20px;border-bottom: 1px dotted #ccc;line-height: 12px;vertical-align: top\">Bruna Mut\u00ea Em\u00edlio; Criselen De Oliveira Soares; Jo\u00e3o Henrique Tissot Nachtigall; Thuini Rigatti<\/td>\n<td style=\"max-width: 220px;padding-bottom: 20px;padding-left: 2px;margin-bottom: 20px;border: 1px dotted #ccc;line-height: 12px;vertical-align: top\">CALL THE MIDWIFE, DIREITO E DANOS MORAIS: O QUE DIZ O SISTEMA JUR\u00cdDICO?<\/td>\n<td style=\"max-width: 220px;padding-bottom: 20px;padding-left: 2px;margin-bottom: 20px;border-bottom: 1px dotted #ccc;line-height: 12px\"><a class=\"resumo\" href=\"https:\/\/wp.ufpel.edu.br\/cafv\/files\/2021\/03\/CALL-THE-MIDWIFE-DIREITO-E-DANOS-MORAIS-O-QUE-DIZ-O-SISTEMA-JURI\u0301DICO-.pdf\"><button>Visualizar<\/button><\/a><\/td>\n<\/tr>\n<tr>\n<td style=\"max-width: 220px;padding-bottom: 20px;padding-left: 2px;margin-bottom: 20px;border-bottom: 1px dotted #ccc;line-height: 12px;vertical-align: top\">Carlos William Cardoso Caleiro; Aline Quandt Klug; Bruno Almeida Quevedo Rodrigues; Maria De F\u00e1tima Murias Barboza; Val\u00e9ria Novelo Correa; Marilis Lemos De Almeida<\/td>\n<td style=\"max-width: 220px;padding-bottom: 20px;padding-left: 2px;margin-bottom: 20px;border: 1px dotted #ccc;line-height: 12px;vertical-align: top\">ESTUDO DE CASO DE JOVENS EM CUMPRIMENTO DE MEDIDAS S\u00d3CIOEDUCATIVAS NO REGIME FECHADO NA FASE\/PELOTAS NO ANO DE 2019 \u2013 APONTAMENTOS INICIAIS<\/td>\n<td style=\"max-width: 220px;padding-bottom: 20px;padding-left: 2px;margin-bottom: 20px;border-bottom: 1px dotted #ccc;line-height: 12px\"><a class=\"resumo\" href=\"https:\/\/wp.ufpel.edu.br\/cafv\/files\/2021\/03\/ESTUDO-DE-CASO-DE-JOVENS-EM-CUMPRIMENTO-DE-MEDIDAS-SO\u0301CIOEDUCATIVAS-NO-REGIME-FECHADO-NA-FASEPELOTAS-NO-ANO-DE-2019-\u2013-APONTAMENTOS-INICIAIS.pdf\"><button>Visualizar<\/button><\/a><\/td>\n<\/tr>\n<tr>\n<td style=\"max-width: 220px;padding-bottom: 20px;padding-left: 2px;margin-bottom: 20px;border-bottom: 1px dotted #ccc;line-height: 12px;vertical-align: top\">Dienifer Jacobsen Rackow; Guilherme Camargo Massa\u00fa<\/td>\n<td style=\"max-width: 220px;padding-bottom: 20px;padding-left: 2px;margin-bottom: 20px;border: 1px dotted #ccc;line-height: 12px;vertical-align: top\">DIREITO \u00c0 SA\u00daDE E O DEVER DE FUNDAMENTA\u00c7\u00c3O: AN\u00c1LISE DAS DECIS\u00d5ES JUDICIAIS NO \u00c2MBITO DO SUPREMO TRIBUNAL FEDERAL (STF) DO PER\u00cdODO DE 2016-2018<\/td>\n<td style=\"max-width: 220px;padding-bottom: 20px;padding-left: 2px;margin-bottom: 20px;border-bottom: 1px dotted #ccc;line-height: 12px\"><a class=\"resumo\" href=\"https:\/\/wp.ufpel.edu.br\/cafv\/files\/2021\/03\/DIREITO-A\u0300-SAU\u0301DE-E-O-DEVER-DE-FUNDAMENTAC\u0327A\u0303O-ANA\u0301LISE-DAS-DECISO\u0303ES-JUDICIAIS-NO-A\u0302MBITO-DO-SUPREMO-TRIBUNAL-FEDERAL-STF-DO-PERI\u0301ODO-DE-2016-2018.pdf\"><button>Visualizar<\/button><\/a><\/td>\n<\/tr>\n<tr>\n<td style=\"max-width: 220px;padding-bottom: 20px;padding-left: 2px;margin-bottom: 20px;border-bottom: 1px dotted #ccc;line-height: 12px;vertical-align: top\">Gabriel Gaia Duarte; Ana Cla\u0301udia Vinholes Siqueira Lucas<\/td>\n<td style=\"max-width: 220px;padding-bottom: 20px;padding-left: 2px;margin-bottom: 20px;border: 1px dotted #ccc;line-height: 12px;vertical-align: top\">A CADEIA P\u00daBLICA DE PORTO ALEGRE POR UM OLHAR ATR\u00c1S DAS GRADES<\/td>\n<td style=\"max-width: 220px;padding-bottom: 20px;padding-left: 2px;margin-bottom: 20px;border-bottom: 1px dotted #ccc;line-height: 12px\"><a class=\"resumo\" href=\"https:\/\/wp.ufpel.edu.br\/cafv\/files\/2021\/03\/A-CADEIA-PU\u0301BLICA-DE-PORTO-ALEGRE-POR-UM-OLHAR-ATRA\u0301S-DAS-GRADES.pdf\"><button>Visualizar<\/button><\/a><\/td>\n<\/tr>\n<tr>\n<td style=\"max-width: 220px;padding-bottom: 20px;padding-left: 2px;margin-bottom: 20px;border-bottom: 1px dotted #ccc;line-height: 12px;vertical-align: top\">Geovana Farias; Luiza Henriques; Eduarda Matos; Ana Karolina Krolow; Ana Clara Correa<\/td>\n<td style=\"max-width: 220px;padding-bottom: 20px;padding-left: 2px;margin-bottom: 20px;border: 1px dotted #ccc;line-height: 12px;vertical-align: top\">PERCEP\u00c7\u00c3O DA SOCIEDADE PELOTENSE SOBRE OS LIMITES DAS EMPRESAS DE SEGURAN\u00c7A PRIVADA<\/td>\n<td style=\"max-width: 220px;padding-bottom: 20px;padding-left: 2px;margin-bottom: 20px;border-bottom: 1px dotted #ccc;line-height: 12px\"><a class=\"resumo\" href=\"https:\/\/wp.ufpel.edu.br\/cafv\/files\/2021\/03\/Percepc\u0327a\u0303o-da-Sociedade-Pelotense-sobre-os-Limites-das-Empresas-de-Seguranc\u0327a-Privada.pdf\"><button>Visualizar<\/button><\/a><\/td>\n<\/tr>\n<tr>\n<td style=\"max-width: 220px;padding-bottom: 20px;padding-left: 2px;margin-bottom: 20px;border-bottom: 1px dotted #ccc;line-height: 12px;vertical-align: top\">Heitor Farias Soares Guerra; Ana Clara Corre\u0302a Henning<\/td>\n<td style=\"max-width: 220px;padding-bottom: 20px;padding-left: 2px;margin-bottom: 20px;border: 1px dotted #ccc;line-height: 12px;vertical-align: top\">DIREITO E ARTE, UMA AN\u00c1LISE HIST\u00d3RICA DAS INFLUENCIAS DO DIREITO E DA LITERATURA NA SOCIEDADE P\u00d3S-COLONIAL PELOTENSE<\/td>\n<td style=\"max-width: 220px;padding-bottom: 20px;padding-left: 2px;margin-bottom: 20px;border-bottom: 1px dotted #ccc;line-height: 12px\"><a class=\"resumo\" href=\"https:\/\/wp.ufpel.edu.br\/cafv\/files\/2021\/03\/DIREITO-E-ARTE-UMA-ANA\u0301LISE-HISTO\u0301RICA-DAS-INFLUENCIAS-DO-DIREITO-E-DA-LITERATURA-NA-SOCIEDADE-PO\u0301S-COLONIAL-PELOTENSE.pdf\"><button>Visualizar<\/button><\/a><\/td>\n<\/tr>\n<tr>\n<td style=\"max-width: 220px;padding-bottom: 20px;padding-left: 2px;margin-bottom: 20px;border-bottom: 1px dotted #ccc;line-height: 12px;vertical-align: top\">Luiza Santos Rodrigues; Ana Carolina Machado Ratkiewicz<\/td>\n<td style=\"max-width: 220px;padding-bottom: 20px;padding-left: 2px;margin-bottom: 20px;border: 1px dotted #ccc;line-height: 12px;vertical-align: top\">O DIREITO \u00c0 INFORMA\u00c7\u00c3O DO CONSUMIDOR E O PROJETO DE LEI N.\u00ba 34\/2015<\/td>\n<td style=\"max-width: 220px;padding-bottom: 20px;padding-left: 2px;margin-bottom: 20px;border-bottom: 1px dotted #ccc;line-height: 12px\"><a class=\"resumo\" href=\"https:\/\/wp.ufpel.edu.br\/cafv\/files\/2021\/03\/O-DIREITO-A\u0300-INFORMAC\u0327A\u0303O-DO-CONSUMIDOR-E-O-PROJETO-DE-LEI-N.o-342015.pdf\"><button>Visualizar<\/button><\/a><\/td>\n<\/tr>\n<tr>\n<td style=\"max-width: 220px;padding-bottom: 20px;padding-left: 2px;margin-bottom: 20px;border-bottom: 1px dotted #ccc;line-height: 12px;vertical-align: top\">Ma\u0301rcio De Souza Dias; Jenifer Da Silva Dias; Marcela Simo\u0303es Da Silva<\/td>\n<td style=\"max-width: 220px;padding-bottom: 20px;padding-left: 2px;margin-bottom: 20px;border: 1px dotted #ccc;line-height: 12px;vertical-align: top\">O FASCISMO DO APARTHEID SOCIAL E A REINVEN\u00c7\u00c3O DA DEMOCRACIA COMO FERRAMENTA DE REINSER\u00c7\u00c3O SOCIAL<\/td>\n<td style=\"max-width: 220px;padding-bottom: 20px;padding-left: 2px;margin-bottom: 20px;border-bottom: 1px dotted #ccc;line-height: 12px\"><a class=\"resumo\" href=\"https:\/\/wp.ufpel.edu.br\/cafv\/files\/2021\/03\/O-FASCISMO-DO-APARTHEID-SOCIAL-E-A-REINVENC\u0327A\u0303O-DA-DEMOCRACIA-COMO-FERRAMENTA-DE-REINSERC\u0327A\u0303O-SOCIAL.pdf\"><button>Visualizar<\/button><\/a><\/td>\n<\/tr>\n<tr>\n<td style=\"max-width: 220px;padding-bottom: 20px;padding-left: 2px;margin-bottom: 20px;border-bottom: 1px dotted #ccc;line-height: 12px;vertical-align: top\">Rafael Zorzi Merlin; Danielle Bento Pires Lopa; Raquel Sacco Dos Anjos Dos Santos; Ma\u0301rcia Rodrigues Bertoldi<\/td>\n<td style=\"max-width: 220px;padding-bottom: 20px;padding-left: 2px;margin-bottom: 20px;border: 1px dotted #ccc;line-height: 12px;vertical-align: top\">O PRINC\u00cdPIO DA FUN\u00c7\u00c3O SOCIAL APLICADO \u00c0 POSSE IMOBILI\u00c1RIA URBANA COMO INSTRUMENTO DE EFETIVA\u00c7\u00c3O DOS DIREITOS SOCIAIS AO TRABALHO E \u00c0 MORADIA<\/td>\n<td style=\"max-width: 220px;padding-bottom: 20px;padding-left: 2px;margin-bottom: 20px;border-bottom: 1px dotted #ccc;line-height: 12px\"><a class=\"resumo\" href=\"https:\/\/wp.ufpel.edu.br\/cafv\/files\/2021\/03\/O-PRINCI\u0301PIO-DA-FUNC\u0327A\u0303O-SOCIAL-APLICADO-A\u0300-POSSE-IMOBILIA\u0301RIA-URBANA-COMO-INSTRUMENTO-DE-EFETIVAC\u0327A\u0303O-DOS-DIREITOS-SOCIAIS-AO-TRABALHO-E-A\u0300-MORADIA.pdf\"><button>Visualizar<\/button><\/a><\/td>\n<\/tr>\n<tr>\n<td style=\"max-width: 220px;padding-bottom: 20px;padding-left: 2px;margin-bottom: 20px;border-bottom: 1px dotted #ccc;line-height: 12px;vertical-align: top\">Roberto Mafasiolli Zwan; Giulianna Carvalho De Castro Sene; Heitor Farias Soares Guerra; Mauri\u0301cio Saraiva Bergmann; Amanda D\u2019andrea Lo\u0308wenhaupt<\/td>\n<td style=\"max-width: 220px;padding-bottom: 20px;padding-left: 2px;margin-bottom: 20px;border: 1px dotted #ccc;line-height: 12px;vertical-align: top\">O PROJETO DE EXTENS\u00c3O DIREITO AMARELO<\/td>\n<td style=\"max-width: 220px;padding-bottom: 20px;padding-left: 2px;margin-bottom: 20px;border-bottom: 1px dotted #ccc;line-height: 12px\"><a class=\"resumo\" href=\"https:\/\/wp.ufpel.edu.br\/cafv\/files\/2021\/03\/O-Projeto-de-Extensa\u0303o-Direito-Amarelo.pdf\"><button>Visualizar<\/button><\/a><\/td>\n<\/tr>\n<tr>\n<td style=\"max-width: 220px;padding-bottom: 20px;padding-left: 2px;margin-bottom: 20px;border-bottom: 1px dotted #ccc;line-height: 12px;vertical-align: top\">Vinicius Rodrigues Albrecht De Oliveira; Matheus Dias Mazzoni; Mariana Noremberg; Jose\u0301 Pedro Pereira Barcellos; Joa\u0303o Arthur Corleta Castro; Ana Clara Correa Henning<\/td>\n<td style=\"max-width: 220px;padding-bottom: 20px;padding-left: 2px;margin-bottom: 20px;border: 1px dotted #ccc;line-height: 12px;vertical-align: top\">DI\u00c1LOGOS ENTRE ARTE E DIREITO: A S\u00c9RIE ANIMADA X-MEN E O DIREITO DAS PESSOAS COM AUTISMO<\/td>\n<td style=\"max-width: 220px;padding-bottom: 20px;padding-left: 2px;margin-bottom: 20px;border-bottom: 1px dotted #ccc;line-height: 12px\"><a class=\"resumo\" href=\"https:\/\/wp.ufpel.edu.br\/cafv\/files\/2021\/03\/Dia\u0301logos-entre-Arte-e-Direito-A-se\u0301rie-animada-X-Men-e-o-direito-das-pessoas-com-autismo.pdf\"><button>Visualizar<\/button><\/a><\/td>\n<\/tr>\n<tr>\n<td style=\"max-width: 220px;padding-bottom: 20px;padding-left: 2px;margin-bottom: 20px;border-bottom: 1px dotted #ccc;line-height: 12px;vertical-align: top\">Vito\u0301ria Medeiros De Almeida; Jaqueline Peters Prestes; Natha\u0301lia Karini Schuch; Lua\u0303 Rosa De Almeida; Antoniela Aguiar De Aquin<\/td>\n<td style=\"max-width: 220px;padding-bottom: 20px;padding-left: 2px;margin-bottom: 20px;border: 1px dotted #ccc;line-height: 12px;vertical-align: top\">PESQUISA EMP\u00cdRICA, DIREITO E ARTE: UMA DISCUSS\u00c3O SOBRE O USO ILEGAL DE PSICOESTIMULANTES FARMACOL\u00d3GICOS POR ESTUDANTES UNIVERSIT\u00c1RIOS EM PELOTAS, NO ESTADO DO RIO GRANDE DO SUL<\/td>\n<td style=\"max-width: 220px;padding-bottom: 20px;padding-left: 2px;margin-bottom: 20px;border-bottom: 1px dotted #ccc;line-height: 12px\"><a class=\"resumo\" href=\"https:\/\/wp.ufpel.edu.br\/cafv\/files\/2021\/03\/PESQUISA-EMPI\u0301RICA-DIREITO-E-ARTE-UMA-DISCUSSA\u0303O-SOBRE-O-USO-ILEGAL-DE-PSICOESTIMULANTES-FARMACOLO\u0301GICOS-POR-ESTUDANTES-UNIVERSITA\u0301RIOS-EM-PELOTAS-NO-ESTADO-DO-RIO-GRANDE-DO-SUL.pdf\"><button>Visualizar<\/button><\/a><\/td>\n<\/tr>\n<\/tbody>\n<\/table>\n<p>&nbsp;<\/p>\n","protected":false},"excerpt":{"rendered":"<p>Anais da 52\u00aa Semana Acad\u00eamica de Estudos Jur\u00eddicos e Sociais AUTORES T\u00cdTULO RESUMO Bruna Cruz De Castro; Ta\u00edsa Gabriela Soares [&hellip;]<\/p>\n","protected":false},"author":883,"featured_media":225,"comment_status":"closed","ping_status":"closed","sticky":false,"template":"","format":"standard","meta":{"_jetpack_memberships_contains_paid_content":false,"footnotes":""},"categories":[14],"tags":[],"class_list":{"0":"post-752","1":"post","2":"type-post","3":"status-publish","4":"format-standard","5":"has-post-thumbnail","6":"hentry","7":"category-semac","9":"post-with-thumbnail","10":"post-with-thumbnail-large"},"yoast_head":"<!-- This site is optimized with the Yoast SEO plugin v26.7 - https:\/\/yoast.com\/wordpress\/plugins\/seo\/ -->\n<title>Anais da 52\u00aa SEMAC - Centro Acad\u00eamico Ferreira Vianna<\/title>\n<meta name=\"robots\" content=\"index, follow, max-snippet:-1, max-image-preview:large, max-video-preview:-1\" \/>\n<link rel=\"canonical\" href=\"https:\/\/wp.ufpel.edu.br\/cafv\/anais-52semac\/\" \/>\n<meta property=\"og:locale\" content=\"pt_BR\" \/>\n<meta property=\"og:type\" content=\"article\" \/>\n<meta property=\"og:title\" content=\"Anais da 52\u00aa SEMAC - Centro Acad\u00eamico Ferreira Vianna\" \/>\n<meta property=\"og:description\" content=\"Anais da 52\u00aa Semana Acad\u00eamica de Estudos Jur\u00eddicos e Sociais AUTORES T\u00cdTULO RESUMO Bruna Cruz De Castro; Ta\u00edsa Gabriela Soares [&hellip;]\" \/>\n<meta property=\"og:url\" content=\"https:\/\/wp.ufpel.edu.br\/cafv\/anais-52semac\/\" \/>\n<meta property=\"og:site_name\" content=\"Centro Acad\u00eamico Ferreira Vianna\" \/>\n<meta property=\"article:published_time\" content=\"2021-03-10T21:26:59+00:00\" \/>\n<meta property=\"article:modified_time\" content=\"2021-03-11T04:52:00+00:00\" \/>\n<meta property=\"og:image\" content=\"https:\/\/wp.ufpel.edu.br\/cafv\/files\/2019\/10\/opc\u0327a\u0303o2.png\" \/>\n\t<meta property=\"og:image:width\" content=\"500\" \/>\n\t<meta property=\"og:image:height\" content=\"500\" \/>\n\t<meta property=\"og:image:type\" content=\"image\/png\" \/>\n<meta name=\"author\" content=\"cafv\" \/>\n<meta name=\"twitter:card\" content=\"summary_large_image\" \/>\n<meta name=\"twitter:label1\" content=\"Escrito por\" \/>\n\t<meta name=\"twitter:data1\" content=\"cafv\" \/>\n\t<meta name=\"twitter:label2\" content=\"Est. tempo de leitura\" \/>\n\t<meta name=\"twitter:data2\" content=\"2 minutos\" \/>\n<script type=\"application\/ld+json\" class=\"yoast-schema-graph\">{\"@context\":\"https:\/\/schema.org\",\"@graph\":[{\"@type\":\"Article\",\"@id\":\"https:\/\/wp.ufpel.edu.br\/cafv\/anais-52semac\/#article\",\"isPartOf\":{\"@id\":\"https:\/\/wp.ufpel.edu.br\/cafv\/anais-52semac\/\"},\"author\":{\"name\":\"cafv\",\"@id\":\"https:\/\/wp.ufpel.edu.br\/cafv\/#\/schema\/person\/aec306a8fbec0472ad17c05d19c340c1\"},\"headline\":\"Anais da 52\u00aa SEMAC\",\"datePublished\":\"2021-03-10T21:26:59+00:00\",\"dateModified\":\"2021-03-11T04:52:00+00:00\",\"mainEntityOfPage\":{\"@id\":\"https:\/\/wp.ufpel.edu.br\/cafv\/anais-52semac\/\"},\"wordCount\":479,\"publisher\":{\"@id\":\"https:\/\/wp.ufpel.edu.br\/cafv\/#organization\"},\"image\":{\"@id\":\"https:\/\/wp.ufpel.edu.br\/cafv\/anais-52semac\/#primaryimage\"},\"thumbnailUrl\":\"https:\/\/wp.ufpel.edu.br\/cafv\/files\/2019\/10\/opc\u0327a\u0303o2.png\",\"articleSection\":[\"SEMAC\"],\"inLanguage\":\"pt-BR\"},{\"@type\":\"WebPage\",\"@id\":\"https:\/\/wp.ufpel.edu.br\/cafv\/anais-52semac\/\",\"url\":\"https:\/\/wp.ufpel.edu.br\/cafv\/anais-52semac\/\",\"name\":\"Anais da 52\u00aa SEMAC - Centro Acad\u00eamico Ferreira Vianna\",\"isPartOf\":{\"@id\":\"https:\/\/wp.ufpel.edu.br\/cafv\/#website\"},\"primaryImageOfPage\":{\"@id\":\"https:\/\/wp.ufpel.edu.br\/cafv\/anais-52semac\/#primaryimage\"},\"image\":{\"@id\":\"https:\/\/wp.ufpel.edu.br\/cafv\/anais-52semac\/#primaryimage\"},\"thumbnailUrl\":\"https:\/\/wp.ufpel.edu.br\/cafv\/files\/2019\/10\/opc\u0327a\u0303o2.png\",\"datePublished\":\"2021-03-10T21:26:59+00:00\",\"dateModified\":\"2021-03-11T04:52:00+00:00\",\"breadcrumb\":{\"@id\":\"https:\/\/wp.ufpel.edu.br\/cafv\/anais-52semac\/#breadcrumb\"},\"inLanguage\":\"pt-BR\",\"potentialAction\":[{\"@type\":\"ReadAction\",\"target\":[\"https:\/\/wp.ufpel.edu.br\/cafv\/anais-52semac\/\"]}]},{\"@type\":\"ImageObject\",\"inLanguage\":\"pt-BR\",\"@id\":\"https:\/\/wp.ufpel.edu.br\/cafv\/anais-52semac\/#primaryimage\",\"url\":\"https:\/\/wp.ufpel.edu.br\/cafv\/files\/2019\/10\/opc\u0327a\u0303o2.png\",\"contentUrl\":\"https:\/\/wp.ufpel.edu.br\/cafv\/files\/2019\/10\/opc\u0327a\u0303o2.png\",\"width\":500,\"height\":500},{\"@type\":\"BreadcrumbList\",\"@id\":\"https:\/\/wp.ufpel.edu.br\/cafv\/anais-52semac\/#breadcrumb\",\"itemListElement\":[{\"@type\":\"ListItem\",\"position\":1,\"name\":\"In\u00edcio\",\"item\":\"https:\/\/wp.ufpel.edu.br\/cafv\/\"},{\"@type\":\"ListItem\",\"position\":2,\"name\":\"Anais da 52\u00aa SEMAC\"}]},{\"@type\":\"WebSite\",\"@id\":\"https:\/\/wp.ufpel.edu.br\/cafv\/#website\",\"url\":\"https:\/\/wp.ufpel.edu.br\/cafv\/\",\"name\":\"Centro Acad\u00eamico Ferreira Vianna\",\"description\":\"\",\"publisher\":{\"@id\":\"https:\/\/wp.ufpel.edu.br\/cafv\/#organization\"},\"potentialAction\":[{\"@type\":\"SearchAction\",\"target\":{\"@type\":\"EntryPoint\",\"urlTemplate\":\"https:\/\/wp.ufpel.edu.br\/cafv\/?s={search_term_string}\"},\"query-input\":{\"@type\":\"PropertyValueSpecification\",\"valueRequired\":true,\"valueName\":\"search_term_string\"}}],\"inLanguage\":\"pt-BR\"},{\"@type\":\"Organization\",\"@id\":\"https:\/\/wp.ufpel.edu.br\/cafv\/#organization\",\"name\":\"Centro Acad\u00eamico Ferreira Vianna\",\"url\":\"https:\/\/wp.ufpel.edu.br\/cafv\/\",\"logo\":{\"@type\":\"ImageObject\",\"inLanguage\":\"pt-BR\",\"@id\":\"https:\/\/wp.ufpel.edu.br\/cafv\/#\/schema\/logo\/image\/\",\"url\":\"https:\/\/wp.ufpel.edu.br\/cafv\/files\/2018\/10\/cropped-Logo-CAFV-e1539522538285.png\",\"contentUrl\":\"https:\/\/wp.ufpel.edu.br\/cafv\/files\/2018\/10\/cropped-Logo-CAFV-e1539522538285.png\",\"width\":100,\"height\":100,\"caption\":\"Centro Acad\u00eamico Ferreira Vianna\"},\"image\":{\"@id\":\"https:\/\/wp.ufpel.edu.br\/cafv\/#\/schema\/logo\/image\/\"}},{\"@type\":\"Person\",\"@id\":\"https:\/\/wp.ufpel.edu.br\/cafv\/#\/schema\/person\/aec306a8fbec0472ad17c05d19c340c1\",\"name\":\"cafv\",\"image\":{\"@type\":\"ImageObject\",\"inLanguage\":\"pt-BR\",\"@id\":\"https:\/\/wp.ufpel.edu.br\/cafv\/#\/schema\/person\/image\/\",\"url\":\"https:\/\/secure.gravatar.com\/avatar\/2d4f9457a775c1e76f458050dff8dd5acf2d8fc4a19105b9fc15550628ebd5d1?s=96&d=mm&r=g\",\"contentUrl\":\"https:\/\/secure.gravatar.com\/avatar\/2d4f9457a775c1e76f458050dff8dd5acf2d8fc4a19105b9fc15550628ebd5d1?s=96&d=mm&r=g\",\"caption\":\"cafv\"},\"url\":\"https:\/\/wp.ufpel.edu.br\/cafv\/author\/cafv\/\"}]}<\/script>\n<!-- \/ Yoast SEO plugin. -->","yoast_head_json":{"title":"Anais da 52\u00aa SEMAC - Centro Acad\u00eamico Ferreira Vianna","robots":{"index":"index","follow":"follow","max-snippet":"max-snippet:-1","max-image-preview":"max-image-preview:large","max-video-preview":"max-video-preview:-1"},"canonical":"https:\/\/wp.ufpel.edu.br\/cafv\/anais-52semac\/","og_locale":"pt_BR","og_type":"article","og_title":"Anais da 52\u00aa SEMAC - Centro Acad\u00eamico Ferreira Vianna","og_description":"Anais da 52\u00aa Semana Acad\u00eamica de Estudos Jur\u00eddicos e Sociais AUTORES T\u00cdTULO RESUMO Bruna Cruz De Castro; Ta\u00edsa Gabriela Soares [&hellip;]","og_url":"https:\/\/wp.ufpel.edu.br\/cafv\/anais-52semac\/","og_site_name":"Centro Acad\u00eamico Ferreira Vianna","article_published_time":"2021-03-10T21:26:59+00:00","article_modified_time":"2021-03-11T04:52:00+00:00","og_image":[{"width":500,"height":500,"url":"https:\/\/wp.ufpel.edu.br\/cafv\/files\/2019\/10\/opc\u0327a\u0303o2.png","type":"image\/png"}],"author":"cafv","twitter_card":"summary_large_image","twitter_misc":{"Escrito por":"cafv","Est. tempo de leitura":"2 minutos"},"schema":{"@context":"https:\/\/schema.org","@graph":[{"@type":"Article","@id":"https:\/\/wp.ufpel.edu.br\/cafv\/anais-52semac\/#article","isPartOf":{"@id":"https:\/\/wp.ufpel.edu.br\/cafv\/anais-52semac\/"},"author":{"name":"cafv","@id":"https:\/\/wp.ufpel.edu.br\/cafv\/#\/schema\/person\/aec306a8fbec0472ad17c05d19c340c1"},"headline":"Anais da 52\u00aa SEMAC","datePublished":"2021-03-10T21:26:59+00:00","dateModified":"2021-03-11T04:52:00+00:00","mainEntityOfPage":{"@id":"https:\/\/wp.ufpel.edu.br\/cafv\/anais-52semac\/"},"wordCount":479,"publisher":{"@id":"https:\/\/wp.ufpel.edu.br\/cafv\/#organization"},"image":{"@id":"https:\/\/wp.ufpel.edu.br\/cafv\/anais-52semac\/#primaryimage"},"thumbnailUrl":"https:\/\/wp.ufpel.edu.br\/cafv\/files\/2019\/10\/opc\u0327a\u0303o2.png","articleSection":["SEMAC"],"inLanguage":"pt-BR"},{"@type":"WebPage","@id":"https:\/\/wp.ufpel.edu.br\/cafv\/anais-52semac\/","url":"https:\/\/wp.ufpel.edu.br\/cafv\/anais-52semac\/","name":"Anais da 52\u00aa SEMAC - Centro Acad\u00eamico Ferreira Vianna","isPartOf":{"@id":"https:\/\/wp.ufpel.edu.br\/cafv\/#website"},"primaryImageOfPage":{"@id":"https:\/\/wp.ufpel.edu.br\/cafv\/anais-52semac\/#primaryimage"},"image":{"@id":"https:\/\/wp.ufpel.edu.br\/cafv\/anais-52semac\/#primaryimage"},"thumbnailUrl":"https:\/\/wp.ufpel.edu.br\/cafv\/files\/2019\/10\/opc\u0327a\u0303o2.png","datePublished":"2021-03-10T21:26:59+00:00","dateModified":"2021-03-11T04:52:00+00:00","breadcrumb":{"@id":"https:\/\/wp.ufpel.edu.br\/cafv\/anais-52semac\/#breadcrumb"},"inLanguage":"pt-BR","potentialAction":[{"@type":"ReadAction","target":["https:\/\/wp.ufpel.edu.br\/cafv\/anais-52semac\/"]}]},{"@type":"ImageObject","inLanguage":"pt-BR","@id":"https:\/\/wp.ufpel.edu.br\/cafv\/anais-52semac\/#primaryimage","url":"https:\/\/wp.ufpel.edu.br\/cafv\/files\/2019\/10\/opc\u0327a\u0303o2.png","contentUrl":"https:\/\/wp.ufpel.edu.br\/cafv\/files\/2019\/10\/opc\u0327a\u0303o2.png","width":500,"height":500},{"@type":"BreadcrumbList","@id":"https:\/\/wp.ufpel.edu.br\/cafv\/anais-52semac\/#breadcrumb","itemListElement":[{"@type":"ListItem","position":1,"name":"In\u00edcio","item":"https:\/\/wp.ufpel.edu.br\/cafv\/"},{"@type":"ListItem","position":2,"name":"Anais da 52\u00aa SEMAC"}]},{"@type":"WebSite","@id":"https:\/\/wp.ufpel.edu.br\/cafv\/#website","url":"https:\/\/wp.ufpel.edu.br\/cafv\/","name":"Centro Acad\u00eamico Ferreira Vianna","description":"","publisher":{"@id":"https:\/\/wp.ufpel.edu.br\/cafv\/#organization"},"potentialAction":[{"@type":"SearchAction","target":{"@type":"EntryPoint","urlTemplate":"https:\/\/wp.ufpel.edu.br\/cafv\/?s={search_term_string}"},"query-input":{"@type":"PropertyValueSpecification","valueRequired":true,"valueName":"search_term_string"}}],"inLanguage":"pt-BR"},{"@type":"Organization","@id":"https:\/\/wp.ufpel.edu.br\/cafv\/#organization","name":"Centro Acad\u00eamico Ferreira Vianna","url":"https:\/\/wp.ufpel.edu.br\/cafv\/","logo":{"@type":"ImageObject","inLanguage":"pt-BR","@id":"https:\/\/wp.ufpel.edu.br\/cafv\/#\/schema\/logo\/image\/","url":"https:\/\/wp.ufpel.edu.br\/cafv\/files\/2018\/10\/cropped-Logo-CAFV-e1539522538285.png","contentUrl":"https:\/\/wp.ufpel.edu.br\/cafv\/files\/2018\/10\/cropped-Logo-CAFV-e1539522538285.png","width":100,"height":100,"caption":"Centro Acad\u00eamico Ferreira Vianna"},"image":{"@id":"https:\/\/wp.ufpel.edu.br\/cafv\/#\/schema\/logo\/image\/"}},{"@type":"Person","@id":"https:\/\/wp.ufpel.edu.br\/cafv\/#\/schema\/person\/aec306a8fbec0472ad17c05d19c340c1","name":"cafv","image":{"@type":"ImageObject","inLanguage":"pt-BR","@id":"https:\/\/wp.ufpel.edu.br\/cafv\/#\/schema\/person\/image\/","url":"https:\/\/secure.gravatar.com\/avatar\/2d4f9457a775c1e76f458050dff8dd5acf2d8fc4a19105b9fc15550628ebd5d1?s=96&d=mm&r=g","contentUrl":"https:\/\/secure.gravatar.com\/avatar\/2d4f9457a775c1e76f458050dff8dd5acf2d8fc4a19105b9fc15550628ebd5d1?s=96&d=mm&r=g","caption":"cafv"},"url":"https:\/\/wp.ufpel.edu.br\/cafv\/author\/cafv\/"}]}},"jetpack_featured_media_url":"https:\/\/wp.ufpel.edu.br\/cafv\/files\/2019\/10\/opc\u0327a\u0303o2.png","jetpack_sharing_enabled":true,"_links":{"self":[{"href":"https:\/\/wp.ufpel.edu.br\/cafv\/wp-json\/wp\/v2\/posts\/752","targetHints":{"allow":["GET"]}}],"collection":[{"href":"https:\/\/wp.ufpel.edu.br\/cafv\/wp-json\/wp\/v2\/posts"}],"about":[{"href":"https:\/\/wp.ufpel.edu.br\/cafv\/wp-json\/wp\/v2\/types\/post"}],"author":[{"embeddable":true,"href":"https:\/\/wp.ufpel.edu.br\/cafv\/wp-json\/wp\/v2\/users\/883"}],"replies":[{"embeddable":true,"href":"https:\/\/wp.ufpel.edu.br\/cafv\/wp-json\/wp\/v2\/comments?post=752"}],"version-history":[{"count":13,"href":"https:\/\/wp.ufpel.edu.br\/cafv\/wp-json\/wp\/v2\/posts\/752\/revisions"}],"predecessor-version":[{"id":845,"href":"https:\/\/wp.ufpel.edu.br\/cafv\/wp-json\/wp\/v2\/posts\/752\/revisions\/845"}],"wp:featuredmedia":[{"embeddable":true,"href":"https:\/\/wp.ufpel.edu.br\/cafv\/wp-json\/wp\/v2\/media\/225"}],"wp:attachment":[{"href":"https:\/\/wp.ufpel.edu.br\/cafv\/wp-json\/wp\/v2\/media?parent=752"}],"wp:term":[{"taxonomy":"category","embeddable":true,"href":"https:\/\/wp.ufpel.edu.br\/cafv\/wp-json\/wp\/v2\/categories?post=752"},{"taxonomy":"post_tag","embeddable":true,"href":"https:\/\/wp.ufpel.edu.br\/cafv\/wp-json\/wp\/v2\/tags?post=752"}],"curies":[{"name":"wp","href":"https:\/\/api.w.org\/{rel}","templated":true}]}}