{"id":4776,"date":"2024-07-24T10:24:16","date_gmt":"2024-07-24T13:24:16","guid":{"rendered":"https:\/\/wp.ufpel.edu.br\/ca\/?p=4776"},"modified":"2024-07-24T10:24:16","modified_gmt":"2024-07-24T13:24:16","slug":"processo-seletivo-professora-substitutoa-composicao-musical-edital-014-2024","status":"publish","type":"post","link":"https:\/\/wp.ufpel.edu.br\/ca\/processo-seletivo-professora-substitutoa-composicao-musical-edital-014-2024\/","title":{"rendered":"Processo Seletivo Professor(a) Substituto(a) Composi\u00e7\u00e3o Musical \u2013 Edital 014\/2024"},"content":{"rendered":"<p class=\"has-text-align-justify has-link-color wp-elements-88566a044c79fa948607386f1bc2d2d7\">A\u00a0<strong>Universidade Federal de Pelotas<\/strong>\u00a0(UFPEL) publicou edital para contrata\u00e7\u00e3o por tempo determinado de professoras e professores substitutos, com\u00a0<strong>28 vagas<\/strong>, entre as quais h\u00e1 uma vaga para a \u00e1rea de\u00a0<strong>Composi\u00e7\u00e3o Musical<\/strong>. As\u00a0<strong>inscri\u00e7\u00f5es<\/strong>, abertas\u00a0<strong>at\u00e9 29 de julho<\/strong>, s\u00e3o recebidas exclusivamente<strong>\u00a0<a href=\"http:\/\/ces.ufpel.edu.br\/conctecadmed0014_2024\/formulario.php\" target=\"_blank\" rel=\"noreferrer noopener\">pela Internet<\/a><\/strong>.<\/p>\n<p class=\"has-text-align-justify has-link-color wp-elements-4cae3641ed51b2842266ae27bcce1376\">As informa\u00e7\u00f5es detalhadas sobre \u00e1reas, requisitos, provas, reserva de vagas, carga hor\u00e1ria, remunera\u00e7\u00e3o e demais procedimentos para inscri\u00e7\u00e3o est\u00e3o descritas no\u00a0<a href=\"https:\/\/concursos.ufpel.edu.br\/wp\/\" target=\"_blank\" rel=\"noreferrer noopener\"><strong>Edital CAP n\u00ba 014 de 16 de julho de 2024<\/strong><\/a>.<\/p>\n","protected":false},"excerpt":{"rendered":"<p> [&hellip;]<\/p>\n","protected":false},"author":1182,"featured_media":4777,"comment_status":"closed","ping_status":"closed","sticky":false,"template":"","format":"standard","meta":{"_acf_changed":false,"_jetpack_memberships_contains_paid_content":false,"footnotes":""},"categories":[9],"tags":[],"class_list":{"0":"post-4776","1":"post","2":"type-post","3":"status-publish","4":"format-standard","5":"has-post-thumbnail","6":"hentry","7":"category-musica","9":"post-with-thumbnail","10":"post-with-thumbnail-large"},"acf":[],"yoast_head":"<!-- This site is optimized with the Yoast SEO plugin v26.7 - https:\/\/yoast.com\/wordpress\/plugins\/seo\/ -->\n<title>Processo Seletivo Professor(a) Substituto(a) Composi\u00e7\u00e3o Musical \u2013 Edital 014\/2024 &#8211; Centro de Artes UFPEL<\/title>\n<meta name=\"robots\" content=\"index, follow, max-snippet:-1, max-image-preview:large, max-video-preview:-1\" \/>\n<link rel=\"canonical\" href=\"https:\/\/wp.ufpel.edu.br\/ca\/processo-seletivo-professora-substitutoa-composicao-musical-edital-014-2024\/\" \/>\n<meta property=\"og:locale\" content=\"pt_BR\" \/>\n<meta property=\"og:type\" content=\"article\" \/>\n<meta property=\"og:title\" content=\"Processo Seletivo Professor(a) Substituto(a) Composi\u00e7\u00e3o Musical \u2013 Edital 014\/2024 &#8211; Centro de Artes UFPEL\" \/>\n<meta property=\"og:description\" content=\"[&hellip;]\" \/>\n<meta property=\"og:url\" content=\"https:\/\/wp.ufpel.edu.br\/ca\/processo-seletivo-professora-substitutoa-composicao-musical-edital-014-2024\/\" \/>\n<meta property=\"og:site_name\" content=\"Centro de Artes UFPEL\" \/>\n<meta property=\"article:published_time\" content=\"2024-07-24T13:24:16+00:00\" \/>\n<meta property=\"og:image\" content=\"https:\/\/wp.ufpel.edu.br\/ca\/files\/2024\/07\/2-Processo-Seletivo-Professora-Substitutoa-Composicao-Musical-\u2013-Edital-0142024-e1721827441331.png\" \/>\n\t<meta property=\"og:image:width\" content=\"1756\" \/>\n\t<meta property=\"og:image:height\" content=\"988\" \/>\n\t<meta property=\"og:image:type\" content=\"image\/png\" \/>\n<meta name=\"author\" content=\"LIG302\" \/>\n<meta name=\"twitter:card\" content=\"summary_large_image\" \/>\n<meta name=\"twitter:label1\" content=\"Escrito por\" \/>\n\t<meta name=\"twitter:data1\" content=\"LIG302\" \/>\n\t<meta name=\"twitter:label2\" content=\"Est. tempo de leitura\" \/>\n\t<meta name=\"twitter:data2\" content=\"1 minuto\" \/>\n<script type=\"application\/ld+json\" class=\"yoast-schema-graph\">{\"@context\":\"https:\/\/schema.org\",\"@graph\":[{\"@type\":\"Article\",\"@id\":\"https:\/\/wp.ufpel.edu.br\/ca\/processo-seletivo-professora-substitutoa-composicao-musical-edital-014-2024\/#article\",\"isPartOf\":{\"@id\":\"https:\/\/wp.ufpel.edu.br\/ca\/processo-seletivo-professora-substitutoa-composicao-musical-edital-014-2024\/\"},\"author\":{\"name\":\"LIG302\",\"@id\":\"https:\/\/wp.ufpel.edu.br\/ca\/#\/schema\/person\/9a4c94889f7ce1dcd14e5bb96295463c\"},\"headline\":\"Processo Seletivo Professor(a) Substituto(a) Composi\u00e7\u00e3o Musical \u2013 Edital 014\/2024\",\"datePublished\":\"2024-07-24T13:24:16+00:00\",\"mainEntityOfPage\":{\"@id\":\"https:\/\/wp.ufpel.edu.br\/ca\/processo-seletivo-professora-substitutoa-composicao-musical-edital-014-2024\/\"},\"wordCount\":90,\"publisher\":{\"@id\":\"https:\/\/wp.ufpel.edu.br\/ca\/#organization\"},\"image\":{\"@id\":\"https:\/\/wp.ufpel.edu.br\/ca\/processo-seletivo-professora-substitutoa-composicao-musical-edital-014-2024\/#primaryimage\"},\"thumbnailUrl\":\"https:\/\/wp.ufpel.edu.br\/ca\/files\/2024\/07\/2-Processo-Seletivo-Professora-Substitutoa-Composicao-Musical-\u2013-Edital-0142024-e1721827441331.png\",\"articleSection\":[\"M\u00fasica\"],\"inLanguage\":\"pt-BR\"},{\"@type\":\"WebPage\",\"@id\":\"https:\/\/wp.ufpel.edu.br\/ca\/processo-seletivo-professora-substitutoa-composicao-musical-edital-014-2024\/\",\"url\":\"https:\/\/wp.ufpel.edu.br\/ca\/processo-seletivo-professora-substitutoa-composicao-musical-edital-014-2024\/\",\"name\":\"Processo Seletivo Professor(a) Substituto(a) Composi\u00e7\u00e3o Musical \u2013 Edital 014\/2024 &#8211; Centro de Artes UFPEL\",\"isPartOf\":{\"@id\":\"https:\/\/wp.ufpel.edu.br\/ca\/#website\"},\"primaryImageOfPage\":{\"@id\":\"https:\/\/wp.ufpel.edu.br\/ca\/processo-seletivo-professora-substitutoa-composicao-musical-edital-014-2024\/#primaryimage\"},\"image\":{\"@id\":\"https:\/\/wp.ufpel.edu.br\/ca\/processo-seletivo-professora-substitutoa-composicao-musical-edital-014-2024\/#primaryimage\"},\"thumbnailUrl\":\"https:\/\/wp.ufpel.edu.br\/ca\/files\/2024\/07\/2-Processo-Seletivo-Professora-Substitutoa-Composicao-Musical-\u2013-Edital-0142024-e1721827441331.png\",\"datePublished\":\"2024-07-24T13:24:16+00:00\",\"breadcrumb\":{\"@id\":\"https:\/\/wp.ufpel.edu.br\/ca\/processo-seletivo-professora-substitutoa-composicao-musical-edital-014-2024\/#breadcrumb\"},\"inLanguage\":\"pt-BR\",\"potentialAction\":[{\"@type\":\"ReadAction\",\"target\":[\"https:\/\/wp.ufpel.edu.br\/ca\/processo-seletivo-professora-substitutoa-composicao-musical-edital-014-2024\/\"]}]},{\"@type\":\"ImageObject\",\"inLanguage\":\"pt-BR\",\"@id\":\"https:\/\/wp.ufpel.edu.br\/ca\/processo-seletivo-professora-substitutoa-composicao-musical-edital-014-2024\/#primaryimage\",\"url\":\"https:\/\/wp.ufpel.edu.br\/ca\/files\/2024\/07\/2-Processo-Seletivo-Professora-Substitutoa-Composicao-Musical-\u2013-Edital-0142024-e1721827441331.png\",\"contentUrl\":\"https:\/\/wp.ufpel.edu.br\/ca\/files\/2024\/07\/2-Processo-Seletivo-Professora-Substitutoa-Composicao-Musical-\u2013-Edital-0142024-e1721827441331.png\",\"width\":1756,\"height\":988},{\"@type\":\"BreadcrumbList\",\"@id\":\"https:\/\/wp.ufpel.edu.br\/ca\/processo-seletivo-professora-substitutoa-composicao-musical-edital-014-2024\/#breadcrumb\",\"itemListElement\":[{\"@type\":\"ListItem\",\"position\":1,\"name\":\"In\u00edcio\",\"item\":\"https:\/\/wp.ufpel.edu.br\/ca\/\"},{\"@type\":\"ListItem\",\"position\":2,\"name\":\"Processo Seletivo Professor(a) Substituto(a) Composi\u00e7\u00e3o Musical \u2013 Edital 014\/2024\"}]},{\"@type\":\"WebSite\",\"@id\":\"https:\/\/wp.ufpel.edu.br\/ca\/#website\",\"url\":\"https:\/\/wp.ufpel.edu.br\/ca\/\",\"name\":\"Centro de Artes UFPEL\",\"description\":\"Universidade Federal de Pelotas\",\"publisher\":{\"@id\":\"https:\/\/wp.ufpel.edu.br\/ca\/#organization\"},\"potentialAction\":[{\"@type\":\"SearchAction\",\"target\":{\"@type\":\"EntryPoint\",\"urlTemplate\":\"https:\/\/wp.ufpel.edu.br\/ca\/?s={search_term_string}\"},\"query-input\":{\"@type\":\"PropertyValueSpecification\",\"valueRequired\":true,\"valueName\":\"search_term_string\"}}],\"inLanguage\":\"pt-BR\"},{\"@type\":\"Organization\",\"@id\":\"https:\/\/wp.ufpel.edu.br\/ca\/#organization\",\"name\":\"Centro de Artes UFPEL\",\"url\":\"https:\/\/wp.ufpel.edu.br\/ca\/\",\"logo\":{\"@type\":\"ImageObject\",\"inLanguage\":\"pt-BR\",\"@id\":\"https:\/\/wp.ufpel.edu.br\/ca\/#\/schema\/logo\/image\/\",\"url\":\"https:\/\/wp.ufpel.edu.br\/ca\/files\/2022\/07\/CA_COVER-01.png\",\"contentUrl\":\"https:\/\/wp.ufpel.edu.br\/ca\/files\/2022\/07\/CA_COVER-01.png\",\"width\":1758,\"height\":1244,\"caption\":\"Centro de Artes UFPEL\"},\"image\":{\"@id\":\"https:\/\/wp.ufpel.edu.br\/ca\/#\/schema\/logo\/image\/\"}},{\"@type\":\"Person\",\"@id\":\"https:\/\/wp.ufpel.edu.br\/ca\/#\/schema\/person\/9a4c94889f7ce1dcd14e5bb96295463c\",\"name\":\"LIG302\",\"image\":{\"@type\":\"ImageObject\",\"inLanguage\":\"pt-BR\",\"@id\":\"https:\/\/wp.ufpel.edu.br\/ca\/#\/schema\/person\/image\/\",\"url\":\"https:\/\/secure.gravatar.com\/avatar\/2d9c82e77c7a1f010670a92589da14858eeb2075f11184bdbf2a7d7d4d6915bc?s=96&d=mm&r=g\",\"contentUrl\":\"https:\/\/secure.gravatar.com\/avatar\/2d9c82e77c7a1f010670a92589da14858eeb2075f11184bdbf2a7d7d4d6915bc?s=96&d=mm&r=g\",\"caption\":\"LIG302\"},\"url\":\"https:\/\/wp.ufpel.edu.br\/ca\/author\/linkcursoslivres\/\"}]}<\/script>\n<!-- \/ Yoast SEO plugin. -->","yoast_head_json":{"title":"Processo Seletivo Professor(a) Substituto(a) Composi\u00e7\u00e3o Musical \u2013 Edital 014\/2024 &#8211; Centro de Artes UFPEL","robots":{"index":"index","follow":"follow","max-snippet":"max-snippet:-1","max-image-preview":"max-image-preview:large","max-video-preview":"max-video-preview:-1"},"canonical":"https:\/\/wp.ufpel.edu.br\/ca\/processo-seletivo-professora-substitutoa-composicao-musical-edital-014-2024\/","og_locale":"pt_BR","og_type":"article","og_title":"Processo Seletivo Professor(a) Substituto(a) Composi\u00e7\u00e3o Musical \u2013 Edital 014\/2024 &#8211; Centro de Artes UFPEL","og_description":"[&hellip;]","og_url":"https:\/\/wp.ufpel.edu.br\/ca\/processo-seletivo-professora-substitutoa-composicao-musical-edital-014-2024\/","og_site_name":"Centro de Artes UFPEL","article_published_time":"2024-07-24T13:24:16+00:00","og_image":[{"width":1756,"height":988,"url":"https:\/\/wp.ufpel.edu.br\/ca\/files\/2024\/07\/2-Processo-Seletivo-Professora-Substitutoa-Composicao-Musical-\u2013-Edital-0142024-e1721827441331.png","type":"image\/png"}],"author":"LIG302","twitter_card":"summary_large_image","twitter_misc":{"Escrito por":"LIG302","Est. tempo de leitura":"1 minuto"},"schema":{"@context":"https:\/\/schema.org","@graph":[{"@type":"Article","@id":"https:\/\/wp.ufpel.edu.br\/ca\/processo-seletivo-professora-substitutoa-composicao-musical-edital-014-2024\/#article","isPartOf":{"@id":"https:\/\/wp.ufpel.edu.br\/ca\/processo-seletivo-professora-substitutoa-composicao-musical-edital-014-2024\/"},"author":{"name":"LIG302","@id":"https:\/\/wp.ufpel.edu.br\/ca\/#\/schema\/person\/9a4c94889f7ce1dcd14e5bb96295463c"},"headline":"Processo Seletivo Professor(a) Substituto(a) Composi\u00e7\u00e3o Musical \u2013 Edital 014\/2024","datePublished":"2024-07-24T13:24:16+00:00","mainEntityOfPage":{"@id":"https:\/\/wp.ufpel.edu.br\/ca\/processo-seletivo-professora-substitutoa-composicao-musical-edital-014-2024\/"},"wordCount":90,"publisher":{"@id":"https:\/\/wp.ufpel.edu.br\/ca\/#organization"},"image":{"@id":"https:\/\/wp.ufpel.edu.br\/ca\/processo-seletivo-professora-substitutoa-composicao-musical-edital-014-2024\/#primaryimage"},"thumbnailUrl":"https:\/\/wp.ufpel.edu.br\/ca\/files\/2024\/07\/2-Processo-Seletivo-Professora-Substitutoa-Composicao-Musical-\u2013-Edital-0142024-e1721827441331.png","articleSection":["M\u00fasica"],"inLanguage":"pt-BR"},{"@type":"WebPage","@id":"https:\/\/wp.ufpel.edu.br\/ca\/processo-seletivo-professora-substitutoa-composicao-musical-edital-014-2024\/","url":"https:\/\/wp.ufpel.edu.br\/ca\/processo-seletivo-professora-substitutoa-composicao-musical-edital-014-2024\/","name":"Processo Seletivo Professor(a) Substituto(a) Composi\u00e7\u00e3o Musical \u2013 Edital 014\/2024 &#8211; Centro de Artes UFPEL","isPartOf":{"@id":"https:\/\/wp.ufpel.edu.br\/ca\/#website"},"primaryImageOfPage":{"@id":"https:\/\/wp.ufpel.edu.br\/ca\/processo-seletivo-professora-substitutoa-composicao-musical-edital-014-2024\/#primaryimage"},"image":{"@id":"https:\/\/wp.ufpel.edu.br\/ca\/processo-seletivo-professora-substitutoa-composicao-musical-edital-014-2024\/#primaryimage"},"thumbnailUrl":"https:\/\/wp.ufpel.edu.br\/ca\/files\/2024\/07\/2-Processo-Seletivo-Professora-Substitutoa-Composicao-Musical-\u2013-Edital-0142024-e1721827441331.png","datePublished":"2024-07-24T13:24:16+00:00","breadcrumb":{"@id":"https:\/\/wp.ufpel.edu.br\/ca\/processo-seletivo-professora-substitutoa-composicao-musical-edital-014-2024\/#breadcrumb"},"inLanguage":"pt-BR","potentialAction":[{"@type":"ReadAction","target":["https:\/\/wp.ufpel.edu.br\/ca\/processo-seletivo-professora-substitutoa-composicao-musical-edital-014-2024\/"]}]},{"@type":"ImageObject","inLanguage":"pt-BR","@id":"https:\/\/wp.ufpel.edu.br\/ca\/processo-seletivo-professora-substitutoa-composicao-musical-edital-014-2024\/#primaryimage","url":"https:\/\/wp.ufpel.edu.br\/ca\/files\/2024\/07\/2-Processo-Seletivo-Professora-Substitutoa-Composicao-Musical-\u2013-Edital-0142024-e1721827441331.png","contentUrl":"https:\/\/wp.ufpel.edu.br\/ca\/files\/2024\/07\/2-Processo-Seletivo-Professora-Substitutoa-Composicao-Musical-\u2013-Edital-0142024-e1721827441331.png","width":1756,"height":988},{"@type":"BreadcrumbList","@id":"https:\/\/wp.ufpel.edu.br\/ca\/processo-seletivo-professora-substitutoa-composicao-musical-edital-014-2024\/#breadcrumb","itemListElement":[{"@type":"ListItem","position":1,"name":"In\u00edcio","item":"https:\/\/wp.ufpel.edu.br\/ca\/"},{"@type":"ListItem","position":2,"name":"Processo Seletivo Professor(a) Substituto(a) Composi\u00e7\u00e3o Musical \u2013 Edital 014\/2024"}]},{"@type":"WebSite","@id":"https:\/\/wp.ufpel.edu.br\/ca\/#website","url":"https:\/\/wp.ufpel.edu.br\/ca\/","name":"Centro de Artes UFPEL","description":"Universidade Federal de Pelotas","publisher":{"@id":"https:\/\/wp.ufpel.edu.br\/ca\/#organization"},"potentialAction":[{"@type":"SearchAction","target":{"@type":"EntryPoint","urlTemplate":"https:\/\/wp.ufpel.edu.br\/ca\/?s={search_term_string}"},"query-input":{"@type":"PropertyValueSpecification","valueRequired":true,"valueName":"search_term_string"}}],"inLanguage":"pt-BR"},{"@type":"Organization","@id":"https:\/\/wp.ufpel.edu.br\/ca\/#organization","name":"Centro de Artes UFPEL","url":"https:\/\/wp.ufpel.edu.br\/ca\/","logo":{"@type":"ImageObject","inLanguage":"pt-BR","@id":"https:\/\/wp.ufpel.edu.br\/ca\/#\/schema\/logo\/image\/","url":"https:\/\/wp.ufpel.edu.br\/ca\/files\/2022\/07\/CA_COVER-01.png","contentUrl":"https:\/\/wp.ufpel.edu.br\/ca\/files\/2022\/07\/CA_COVER-01.png","width":1758,"height":1244,"caption":"Centro de Artes UFPEL"},"image":{"@id":"https:\/\/wp.ufpel.edu.br\/ca\/#\/schema\/logo\/image\/"}},{"@type":"Person","@id":"https:\/\/wp.ufpel.edu.br\/ca\/#\/schema\/person\/9a4c94889f7ce1dcd14e5bb96295463c","name":"LIG302","image":{"@type":"ImageObject","inLanguage":"pt-BR","@id":"https:\/\/wp.ufpel.edu.br\/ca\/#\/schema\/person\/image\/","url":"https:\/\/secure.gravatar.com\/avatar\/2d9c82e77c7a1f010670a92589da14858eeb2075f11184bdbf2a7d7d4d6915bc?s=96&d=mm&r=g","contentUrl":"https:\/\/secure.gravatar.com\/avatar\/2d9c82e77c7a1f010670a92589da14858eeb2075f11184bdbf2a7d7d4d6915bc?s=96&d=mm&r=g","caption":"LIG302"},"url":"https:\/\/wp.ufpel.edu.br\/ca\/author\/linkcursoslivres\/"}]}},"jetpack_featured_media_url":"https:\/\/wp.ufpel.edu.br\/ca\/files\/2024\/07\/2-Processo-Seletivo-Professora-Substitutoa-Composicao-Musical-\u2013-Edital-0142024-e1721827441331.png","jetpack_sharing_enabled":true,"publishpress_future_action":{"enabled":false,"date":"2026-05-06 18:15:47","action":"change-status","newStatus":"private","terms":[],"taxonomy":"category","extraData":[]},"publishpress_future_workflow_manual_trigger":{"enabledWorkflows":[]},"_links":{"self":[{"href":"https:\/\/wp.ufpel.edu.br\/ca\/wp-json\/wp\/v2\/posts\/4776","targetHints":{"allow":["GET"]}}],"collection":[{"href":"https:\/\/wp.ufpel.edu.br\/ca\/wp-json\/wp\/v2\/posts"}],"about":[{"href":"https:\/\/wp.ufpel.edu.br\/ca\/wp-json\/wp\/v2\/types\/post"}],"author":[{"embeddable":true,"href":"https:\/\/wp.ufpel.edu.br\/ca\/wp-json\/wp\/v2\/users\/1182"}],"replies":[{"embeddable":true,"href":"https:\/\/wp.ufpel.edu.br\/ca\/wp-json\/wp\/v2\/comments?post=4776"}],"version-history":[{"count":1,"href":"https:\/\/wp.ufpel.edu.br\/ca\/wp-json\/wp\/v2\/posts\/4776\/revisions"}],"predecessor-version":[{"id":4778,"href":"https:\/\/wp.ufpel.edu.br\/ca\/wp-json\/wp\/v2\/posts\/4776\/revisions\/4778"}],"wp:featuredmedia":[{"embeddable":true,"href":"https:\/\/wp.ufpel.edu.br\/ca\/wp-json\/wp\/v2\/media\/4777"}],"wp:attachment":[{"href":"https:\/\/wp.ufpel.edu.br\/ca\/wp-json\/wp\/v2\/media?parent=4776"}],"wp:term":[{"taxonomy":"category","embeddable":true,"href":"https:\/\/wp.ufpel.edu.br\/ca\/wp-json\/wp\/v2\/categories?post=4776"},{"taxonomy":"post_tag","embeddable":true,"href":"https:\/\/wp.ufpel.edu.br\/ca\/wp-json\/wp\/v2\/tags?post=4776"}],"curies":[{"name":"wp","href":"https:\/\/api.w.org\/{rel}","templated":true}]}}