{"id":4765,"date":"2024-07-10T11:49:03","date_gmt":"2024-07-10T14:49:03","guid":{"rendered":"https:\/\/wp.ufpel.edu.br\/ca\/?p=4765"},"modified":"2024-07-10T11:49:03","modified_gmt":"2024-07-10T14:49:03","slug":"retorno-das-atividades-academicas-na-ufpel","status":"publish","type":"post","link":"https:\/\/wp.ufpel.edu.br\/ca\/retorno-das-atividades-academicas-na-ufpel\/","title":{"rendered":"Retorno das atividades acad\u00eamicas na UFPEL"},"content":{"rendered":"<p><b>Retorno das atividades acad\u00eamicas na UFPEL<\/b><\/p>\n<p><span style=\"font-weight: 400;\">O COCEPE (Conselho Coordenador do Ensino, da Pesquisa e da Extens\u00e3o) lan\u00e7ou um encaminhamento sobre o ajuste do calend\u00e1rio acad\u00eamico tendo em vista o posicionamento do CEB (Conselho de Centros e Diret\u00f3rios Acad\u00eamicos) pelo retorno das atividades do semestre. Como o calend\u00e1rio acad\u00eamico n\u00e3o foi suspenso, a recupera\u00e7\u00e3o das aulas p\u00f3s-greve se dar\u00e1 da seguinte maneira:\u00a0<\/span><\/p>\n<p><b>Retomada do 1\u00ba semestre de 2024:<\/b><\/p>\n<p><b>In\u00edcio:<\/b><span style=\"font-weight: 400;\"> 08\/07<\/span><\/p>\n<p><b>\u00daltimo dia letivo:<\/b><span style=\"font-weight: 400;\"> 19\/10<\/span><\/p>\n<p><b>Per\u00edodo de Exames:<\/b><span style=\"font-weight: 400;\"> 21 a 26\/10<\/span><\/p>\n<p>&nbsp;<\/p>\n<p><b>2\u00ba semestre de 2024:<\/b><\/p>\n<p><b>In\u00edcio:<\/b><span style=\"font-weight: 400;\"> 11\/11<\/span><\/p>\n<p><b>Recesso:<\/b><span style=\"font-weight: 400;\"> 21\/12<\/span><\/p>\n<p><b>Retorno:<\/b><span style=\"font-weight: 400;\"> 27\/01\/2025<\/span><\/p>\n<p><b>\u00daltimo dia letivo:<\/b><span style=\"font-weight: 400;\"> 29\/03\/2025<\/span><\/p>\n<p><b>Per\u00edodo de exames:<\/b><span style=\"font-weight: 400;\"> 31\/03 a 05\/04\/2025<\/span><\/p>\n<p>&nbsp;<\/p>\n<p><b>Previs\u00e3o para in\u00edcio do 2025\/01:<\/b><span style=\"font-weight: 400;\"> 22 de abril<\/span><\/p>\n<p>&nbsp;<\/p>\n<p><span style=\"font-weight: 400;\">O encaminhamento completo pode ser encontrado aqui: <\/span><a href=\"https:\/\/wp.ufpel.edu.br\/fisioterapia\/files\/2024\/07\/SEI_UFPel-2649507-SCS-Encaminhamento.pdf\"><span style=\"font-weight: 400;\">https:\/\/wp.ufpel.edu.br\/fisioterapia\/files\/2024\/07\/SEI_UFPel-2649507-SCS-Encaminhamento.pdf<\/span><\/a><span style=\"font-weight: 400;\">\u00a0<\/span><\/p>\n<p>&nbsp;<\/p>\n<p><strong>Projeto te liga no CA.<\/strong><\/p>\n","protected":false},"excerpt":{"rendered":"<p> [&hellip;]<\/p>\n","protected":false},"author":1182,"featured_media":4766,"comment_status":"closed","ping_status":"closed","sticky":false,"template":"","format":"standard","meta":{"_acf_changed":false,"_jetpack_memberships_contains_paid_content":false,"footnotes":""},"categories":[2],"tags":[],"class_list":{"0":"post-4765","1":"post","2":"type-post","3":"status-publish","4":"format-standard","5":"has-post-thumbnail","6":"hentry","7":"category-noticias","9":"post-with-thumbnail","10":"post-with-thumbnail-large"},"acf":[],"yoast_head":"<!-- This site is optimized with the Yoast SEO plugin v26.7 - https:\/\/yoast.com\/wordpress\/plugins\/seo\/ -->\n<title>Retorno das atividades acad\u00eamicas na UFPEL &#8211; Centro de Artes UFPEL<\/title>\n<meta name=\"robots\" content=\"index, follow, max-snippet:-1, max-image-preview:large, max-video-preview:-1\" \/>\n<link rel=\"canonical\" href=\"https:\/\/wp.ufpel.edu.br\/ca\/retorno-das-atividades-academicas-na-ufpel\/\" \/>\n<meta property=\"og:locale\" content=\"pt_BR\" \/>\n<meta property=\"og:type\" content=\"article\" \/>\n<meta property=\"og:title\" content=\"Retorno das atividades acad\u00eamicas na UFPEL &#8211; Centro de Artes UFPEL\" \/>\n<meta property=\"og:description\" content=\"[&hellip;]\" \/>\n<meta property=\"og:url\" content=\"https:\/\/wp.ufpel.edu.br\/ca\/retorno-das-atividades-academicas-na-ufpel\/\" \/>\n<meta property=\"og:site_name\" content=\"Centro de Artes UFPEL\" \/>\n<meta property=\"article:published_time\" content=\"2024-07-10T14:49:03+00:00\" \/>\n<meta property=\"og:image\" content=\"https:\/\/wp.ufpel.edu.br\/ca\/files\/2024\/07\/calendario-01-e1720622866341.png\" \/>\n\t<meta property=\"og:image:width\" content=\"4500\" \/>\n\t<meta property=\"og:image:height\" content=\"2527\" \/>\n\t<meta property=\"og:image:type\" content=\"image\/png\" \/>\n<meta name=\"author\" content=\"LIG302\" \/>\n<meta name=\"twitter:card\" content=\"summary_large_image\" \/>\n<meta name=\"twitter:label1\" content=\"Escrito por\" \/>\n\t<meta name=\"twitter:data1\" content=\"LIG302\" \/>\n\t<meta name=\"twitter:label2\" content=\"Est. tempo de leitura\" \/>\n\t<meta name=\"twitter:data2\" content=\"1 minuto\" \/>\n<script type=\"application\/ld+json\" class=\"yoast-schema-graph\">{\"@context\":\"https:\/\/schema.org\",\"@graph\":[{\"@type\":\"Article\",\"@id\":\"https:\/\/wp.ufpel.edu.br\/ca\/retorno-das-atividades-academicas-na-ufpel\/#article\",\"isPartOf\":{\"@id\":\"https:\/\/wp.ufpel.edu.br\/ca\/retorno-das-atividades-academicas-na-ufpel\/\"},\"author\":{\"name\":\"LIG302\",\"@id\":\"https:\/\/wp.ufpel.edu.br\/ca\/#\/schema\/person\/9a4c94889f7ce1dcd14e5bb96295463c\"},\"headline\":\"Retorno das atividades acad\u00eamicas na UFPEL\",\"datePublished\":\"2024-07-10T14:49:03+00:00\",\"mainEntityOfPage\":{\"@id\":\"https:\/\/wp.ufpel.edu.br\/ca\/retorno-das-atividades-academicas-na-ufpel\/\"},\"wordCount\":144,\"publisher\":{\"@id\":\"https:\/\/wp.ufpel.edu.br\/ca\/#organization\"},\"image\":{\"@id\":\"https:\/\/wp.ufpel.edu.br\/ca\/retorno-das-atividades-academicas-na-ufpel\/#primaryimage\"},\"thumbnailUrl\":\"https:\/\/wp.ufpel.edu.br\/ca\/files\/2024\/07\/calendario-01-e1720622866341.png\",\"articleSection\":[\"Not\u00edcias\"],\"inLanguage\":\"pt-BR\"},{\"@type\":\"WebPage\",\"@id\":\"https:\/\/wp.ufpel.edu.br\/ca\/retorno-das-atividades-academicas-na-ufpel\/\",\"url\":\"https:\/\/wp.ufpel.edu.br\/ca\/retorno-das-atividades-academicas-na-ufpel\/\",\"name\":\"Retorno das atividades acad\u00eamicas na UFPEL &#8211; Centro de Artes UFPEL\",\"isPartOf\":{\"@id\":\"https:\/\/wp.ufpel.edu.br\/ca\/#website\"},\"primaryImageOfPage\":{\"@id\":\"https:\/\/wp.ufpel.edu.br\/ca\/retorno-das-atividades-academicas-na-ufpel\/#primaryimage\"},\"image\":{\"@id\":\"https:\/\/wp.ufpel.edu.br\/ca\/retorno-das-atividades-academicas-na-ufpel\/#primaryimage\"},\"thumbnailUrl\":\"https:\/\/wp.ufpel.edu.br\/ca\/files\/2024\/07\/calendario-01-e1720622866341.png\",\"datePublished\":\"2024-07-10T14:49:03+00:00\",\"breadcrumb\":{\"@id\":\"https:\/\/wp.ufpel.edu.br\/ca\/retorno-das-atividades-academicas-na-ufpel\/#breadcrumb\"},\"inLanguage\":\"pt-BR\",\"potentialAction\":[{\"@type\":\"ReadAction\",\"target\":[\"https:\/\/wp.ufpel.edu.br\/ca\/retorno-das-atividades-academicas-na-ufpel\/\"]}]},{\"@type\":\"ImageObject\",\"inLanguage\":\"pt-BR\",\"@id\":\"https:\/\/wp.ufpel.edu.br\/ca\/retorno-das-atividades-academicas-na-ufpel\/#primaryimage\",\"url\":\"https:\/\/wp.ufpel.edu.br\/ca\/files\/2024\/07\/calendario-01-e1720622866341.png\",\"contentUrl\":\"https:\/\/wp.ufpel.edu.br\/ca\/files\/2024\/07\/calendario-01-e1720622866341.png\",\"width\":4500,\"height\":2527},{\"@type\":\"BreadcrumbList\",\"@id\":\"https:\/\/wp.ufpel.edu.br\/ca\/retorno-das-atividades-academicas-na-ufpel\/#breadcrumb\",\"itemListElement\":[{\"@type\":\"ListItem\",\"position\":1,\"name\":\"In\u00edcio\",\"item\":\"https:\/\/wp.ufpel.edu.br\/ca\/\"},{\"@type\":\"ListItem\",\"position\":2,\"name\":\"Retorno das atividades acad\u00eamicas na UFPEL\"}]},{\"@type\":\"WebSite\",\"@id\":\"https:\/\/wp.ufpel.edu.br\/ca\/#website\",\"url\":\"https:\/\/wp.ufpel.edu.br\/ca\/\",\"name\":\"Centro de Artes UFPEL\",\"description\":\"Universidade Federal de Pelotas\",\"publisher\":{\"@id\":\"https:\/\/wp.ufpel.edu.br\/ca\/#organization\"},\"potentialAction\":[{\"@type\":\"SearchAction\",\"target\":{\"@type\":\"EntryPoint\",\"urlTemplate\":\"https:\/\/wp.ufpel.edu.br\/ca\/?s={search_term_string}\"},\"query-input\":{\"@type\":\"PropertyValueSpecification\",\"valueRequired\":true,\"valueName\":\"search_term_string\"}}],\"inLanguage\":\"pt-BR\"},{\"@type\":\"Organization\",\"@id\":\"https:\/\/wp.ufpel.edu.br\/ca\/#organization\",\"name\":\"Centro de Artes UFPEL\",\"url\":\"https:\/\/wp.ufpel.edu.br\/ca\/\",\"logo\":{\"@type\":\"ImageObject\",\"inLanguage\":\"pt-BR\",\"@id\":\"https:\/\/wp.ufpel.edu.br\/ca\/#\/schema\/logo\/image\/\",\"url\":\"https:\/\/wp.ufpel.edu.br\/ca\/files\/2022\/07\/CA_COVER-01.png\",\"contentUrl\":\"https:\/\/wp.ufpel.edu.br\/ca\/files\/2022\/07\/CA_COVER-01.png\",\"width\":1758,\"height\":1244,\"caption\":\"Centro de Artes UFPEL\"},\"image\":{\"@id\":\"https:\/\/wp.ufpel.edu.br\/ca\/#\/schema\/logo\/image\/\"}},{\"@type\":\"Person\",\"@id\":\"https:\/\/wp.ufpel.edu.br\/ca\/#\/schema\/person\/9a4c94889f7ce1dcd14e5bb96295463c\",\"name\":\"LIG302\",\"image\":{\"@type\":\"ImageObject\",\"inLanguage\":\"pt-BR\",\"@id\":\"https:\/\/wp.ufpel.edu.br\/ca\/#\/schema\/person\/image\/\",\"url\":\"https:\/\/secure.gravatar.com\/avatar\/2d9c82e77c7a1f010670a92589da14858eeb2075f11184bdbf2a7d7d4d6915bc?s=96&d=mm&r=g\",\"contentUrl\":\"https:\/\/secure.gravatar.com\/avatar\/2d9c82e77c7a1f010670a92589da14858eeb2075f11184bdbf2a7d7d4d6915bc?s=96&d=mm&r=g\",\"caption\":\"LIG302\"},\"url\":\"https:\/\/wp.ufpel.edu.br\/ca\/author\/linkcursoslivres\/\"}]}<\/script>\n<!-- \/ Yoast SEO plugin. -->","yoast_head_json":{"title":"Retorno das atividades acad\u00eamicas na UFPEL &#8211; Centro de Artes UFPEL","robots":{"index":"index","follow":"follow","max-snippet":"max-snippet:-1","max-image-preview":"max-image-preview:large","max-video-preview":"max-video-preview:-1"},"canonical":"https:\/\/wp.ufpel.edu.br\/ca\/retorno-das-atividades-academicas-na-ufpel\/","og_locale":"pt_BR","og_type":"article","og_title":"Retorno das atividades acad\u00eamicas na UFPEL &#8211; Centro de Artes UFPEL","og_description":"[&hellip;]","og_url":"https:\/\/wp.ufpel.edu.br\/ca\/retorno-das-atividades-academicas-na-ufpel\/","og_site_name":"Centro de Artes UFPEL","article_published_time":"2024-07-10T14:49:03+00:00","og_image":[{"width":4500,"height":2527,"url":"https:\/\/wp.ufpel.edu.br\/ca\/files\/2024\/07\/calendario-01-e1720622866341.png","type":"image\/png"}],"author":"LIG302","twitter_card":"summary_large_image","twitter_misc":{"Escrito por":"LIG302","Est. tempo de leitura":"1 minuto"},"schema":{"@context":"https:\/\/schema.org","@graph":[{"@type":"Article","@id":"https:\/\/wp.ufpel.edu.br\/ca\/retorno-das-atividades-academicas-na-ufpel\/#article","isPartOf":{"@id":"https:\/\/wp.ufpel.edu.br\/ca\/retorno-das-atividades-academicas-na-ufpel\/"},"author":{"name":"LIG302","@id":"https:\/\/wp.ufpel.edu.br\/ca\/#\/schema\/person\/9a4c94889f7ce1dcd14e5bb96295463c"},"headline":"Retorno das atividades acad\u00eamicas na UFPEL","datePublished":"2024-07-10T14:49:03+00:00","mainEntityOfPage":{"@id":"https:\/\/wp.ufpel.edu.br\/ca\/retorno-das-atividades-academicas-na-ufpel\/"},"wordCount":144,"publisher":{"@id":"https:\/\/wp.ufpel.edu.br\/ca\/#organization"},"image":{"@id":"https:\/\/wp.ufpel.edu.br\/ca\/retorno-das-atividades-academicas-na-ufpel\/#primaryimage"},"thumbnailUrl":"https:\/\/wp.ufpel.edu.br\/ca\/files\/2024\/07\/calendario-01-e1720622866341.png","articleSection":["Not\u00edcias"],"inLanguage":"pt-BR"},{"@type":"WebPage","@id":"https:\/\/wp.ufpel.edu.br\/ca\/retorno-das-atividades-academicas-na-ufpel\/","url":"https:\/\/wp.ufpel.edu.br\/ca\/retorno-das-atividades-academicas-na-ufpel\/","name":"Retorno das atividades acad\u00eamicas na UFPEL &#8211; Centro de Artes UFPEL","isPartOf":{"@id":"https:\/\/wp.ufpel.edu.br\/ca\/#website"},"primaryImageOfPage":{"@id":"https:\/\/wp.ufpel.edu.br\/ca\/retorno-das-atividades-academicas-na-ufpel\/#primaryimage"},"image":{"@id":"https:\/\/wp.ufpel.edu.br\/ca\/retorno-das-atividades-academicas-na-ufpel\/#primaryimage"},"thumbnailUrl":"https:\/\/wp.ufpel.edu.br\/ca\/files\/2024\/07\/calendario-01-e1720622866341.png","datePublished":"2024-07-10T14:49:03+00:00","breadcrumb":{"@id":"https:\/\/wp.ufpel.edu.br\/ca\/retorno-das-atividades-academicas-na-ufpel\/#breadcrumb"},"inLanguage":"pt-BR","potentialAction":[{"@type":"ReadAction","target":["https:\/\/wp.ufpel.edu.br\/ca\/retorno-das-atividades-academicas-na-ufpel\/"]}]},{"@type":"ImageObject","inLanguage":"pt-BR","@id":"https:\/\/wp.ufpel.edu.br\/ca\/retorno-das-atividades-academicas-na-ufpel\/#primaryimage","url":"https:\/\/wp.ufpel.edu.br\/ca\/files\/2024\/07\/calendario-01-e1720622866341.png","contentUrl":"https:\/\/wp.ufpel.edu.br\/ca\/files\/2024\/07\/calendario-01-e1720622866341.png","width":4500,"height":2527},{"@type":"BreadcrumbList","@id":"https:\/\/wp.ufpel.edu.br\/ca\/retorno-das-atividades-academicas-na-ufpel\/#breadcrumb","itemListElement":[{"@type":"ListItem","position":1,"name":"In\u00edcio","item":"https:\/\/wp.ufpel.edu.br\/ca\/"},{"@type":"ListItem","position":2,"name":"Retorno das atividades acad\u00eamicas na UFPEL"}]},{"@type":"WebSite","@id":"https:\/\/wp.ufpel.edu.br\/ca\/#website","url":"https:\/\/wp.ufpel.edu.br\/ca\/","name":"Centro de Artes UFPEL","description":"Universidade Federal de Pelotas","publisher":{"@id":"https:\/\/wp.ufpel.edu.br\/ca\/#organization"},"potentialAction":[{"@type":"SearchAction","target":{"@type":"EntryPoint","urlTemplate":"https:\/\/wp.ufpel.edu.br\/ca\/?s={search_term_string}"},"query-input":{"@type":"PropertyValueSpecification","valueRequired":true,"valueName":"search_term_string"}}],"inLanguage":"pt-BR"},{"@type":"Organization","@id":"https:\/\/wp.ufpel.edu.br\/ca\/#organization","name":"Centro de Artes UFPEL","url":"https:\/\/wp.ufpel.edu.br\/ca\/","logo":{"@type":"ImageObject","inLanguage":"pt-BR","@id":"https:\/\/wp.ufpel.edu.br\/ca\/#\/schema\/logo\/image\/","url":"https:\/\/wp.ufpel.edu.br\/ca\/files\/2022\/07\/CA_COVER-01.png","contentUrl":"https:\/\/wp.ufpel.edu.br\/ca\/files\/2022\/07\/CA_COVER-01.png","width":1758,"height":1244,"caption":"Centro de Artes UFPEL"},"image":{"@id":"https:\/\/wp.ufpel.edu.br\/ca\/#\/schema\/logo\/image\/"}},{"@type":"Person","@id":"https:\/\/wp.ufpel.edu.br\/ca\/#\/schema\/person\/9a4c94889f7ce1dcd14e5bb96295463c","name":"LIG302","image":{"@type":"ImageObject","inLanguage":"pt-BR","@id":"https:\/\/wp.ufpel.edu.br\/ca\/#\/schema\/person\/image\/","url":"https:\/\/secure.gravatar.com\/avatar\/2d9c82e77c7a1f010670a92589da14858eeb2075f11184bdbf2a7d7d4d6915bc?s=96&d=mm&r=g","contentUrl":"https:\/\/secure.gravatar.com\/avatar\/2d9c82e77c7a1f010670a92589da14858eeb2075f11184bdbf2a7d7d4d6915bc?s=96&d=mm&r=g","caption":"LIG302"},"url":"https:\/\/wp.ufpel.edu.br\/ca\/author\/linkcursoslivres\/"}]}},"jetpack_featured_media_url":"https:\/\/wp.ufpel.edu.br\/ca\/files\/2024\/07\/calendario-01-e1720622866341.png","jetpack_sharing_enabled":true,"publishpress_future_action":{"enabled":false,"date":"2026-05-06 22:19:22","action":"change-status","newStatus":"private","terms":[],"taxonomy":"category","extraData":[]},"publishpress_future_workflow_manual_trigger":{"enabledWorkflows":[]},"_links":{"self":[{"href":"https:\/\/wp.ufpel.edu.br\/ca\/wp-json\/wp\/v2\/posts\/4765","targetHints":{"allow":["GET"]}}],"collection":[{"href":"https:\/\/wp.ufpel.edu.br\/ca\/wp-json\/wp\/v2\/posts"}],"about":[{"href":"https:\/\/wp.ufpel.edu.br\/ca\/wp-json\/wp\/v2\/types\/post"}],"author":[{"embeddable":true,"href":"https:\/\/wp.ufpel.edu.br\/ca\/wp-json\/wp\/v2\/users\/1182"}],"replies":[{"embeddable":true,"href":"https:\/\/wp.ufpel.edu.br\/ca\/wp-json\/wp\/v2\/comments?post=4765"}],"version-history":[{"count":1,"href":"https:\/\/wp.ufpel.edu.br\/ca\/wp-json\/wp\/v2\/posts\/4765\/revisions"}],"predecessor-version":[{"id":4767,"href":"https:\/\/wp.ufpel.edu.br\/ca\/wp-json\/wp\/v2\/posts\/4765\/revisions\/4767"}],"wp:featuredmedia":[{"embeddable":true,"href":"https:\/\/wp.ufpel.edu.br\/ca\/wp-json\/wp\/v2\/media\/4766"}],"wp:attachment":[{"href":"https:\/\/wp.ufpel.edu.br\/ca\/wp-json\/wp\/v2\/media?parent=4765"}],"wp:term":[{"taxonomy":"category","embeddable":true,"href":"https:\/\/wp.ufpel.edu.br\/ca\/wp-json\/wp\/v2\/categories?post=4765"},{"taxonomy":"post_tag","embeddable":true,"href":"https:\/\/wp.ufpel.edu.br\/ca\/wp-json\/wp\/v2\/tags?post=4765"}],"curies":[{"name":"wp","href":"https:\/\/api.w.org\/{rel}","templated":true}]}}