{"id":2555,"date":"2023-03-02T16:21:15","date_gmt":"2023-03-02T19:21:15","guid":{"rendered":"https:\/\/wp.ufpel.edu.br\/ca\/?p=2555"},"modified":"2023-03-13T18:16:37","modified_gmt":"2023-03-13T21:16:37","slug":"festival-internacional-de-performance-fundo","status":"publish","type":"post","link":"https:\/\/wp.ufpel.edu.br\/ca\/festival-internacional-de-performance-fundo\/","title":{"rendered":"Festival Internacional de Performance FUNDO"},"content":{"rendered":"<p>&nbsp;<\/p>\n<p>O Festival Internacional de Performance FUNDO \u00e9 uma iniciativa do projeto de pesquisa\u00a0<em>Estudo sobre a profundidade<\/em>, desenvolvido junto ao curso de Artes Visuais, no Centro de Artes\/UFPEL. Para esta primeira edi\u00e7\u00e3o propomos\u00a0<strong>Animal dom\u00e9stico<\/strong>\u00a0como um tema disparador, capaz de ativar recortes que passam pela casa, por aquilo que nos define ou questiona em nossas ambiguidades mais \u00edntimas.<\/p>\n<p>Al\u00e9m do tema sugerimos tr\u00eas eixos complementares para ampliar as discuss\u00f5es das produ\u00e7\u00f5es selecionadas:\u00a0<strong>sala principal<\/strong>,\u00a0<strong>anexo<\/strong>\u00a0e\u00a0<strong>\u00e1rea de luz<\/strong>. As inscri\u00e7\u00f5es est\u00e3o abertas a artistas das mais diversas \u00e1reas observando-se o recorte dado pelo tema. S\u00e3o bem vindas performances presenciais, fotoperformances e videoperformances.<\/p>\n<p>O Festival acontecer\u00e1 em dois espa\u00e7os na cidade de Pelotas, no Centro de Viv\u00eancias Culturais Rendez-Vous (UFPEL) e no Corredor 14 de <strong>10 a 14 de Abril de 2023\u00a0<\/strong><\/p>\n<p><strong>As inscri\u00e7\u00f5es devem ser realizadas at\u00e9 o dia 17 de mar\u00e7o de 2023 pelo formul\u00e1rio:\u00a0<a href=\"https:\/\/forms.gle\/12X5ZfnYVHjWf87h9\" target=\"_blank\" rel=\"noopener\" data-saferedirecturl=\"https:\/\/www.google.com\/url?q=https:\/\/forms.gle\/12X5ZfnYVHjWf87h9&amp;source=gmail&amp;ust=1677870843381000&amp;usg=AOvVaw0T_FS_uNrJviRd_yEYl5R_\">https:\/\/forms.gle\/<wbr \/>12X5ZfnYVHjWf87h9<\/a><\/strong><\/p>\n<div>\n<div><\/div>\n<\/div>\n<p><strong>Acesse o edital completo em<\/strong><\/p>\n<p><strong><a href=\"https:\/\/wp.ufpel.edu.br\/estudosobreaprofundidade\/files\/2023\/02\/Festival-Internacional-de-Performance-FUNDO-1.pdf\" target=\"_blank\" rel=\"noopener\" data-saferedirecturl=\"https:\/\/www.google.com\/url?q=https:\/\/wp.ufpel.edu.br\/estudosobreaprofundidade\/files\/2023\/02\/Festival-Internacional-de-Performance-FUNDO-1.pdf&amp;source=gmail&amp;ust=1677870843381000&amp;usg=AOvVaw3pLv84ej0lq_zdzN4FoJm3\">Edital Festival Internacional de Performance FUNDO<\/a><\/strong>\u00a0(Vers\u00e3o em portugu\u00eas)<\/p>\n","protected":false},"excerpt":{"rendered":"<p> [&hellip;]<\/p>\n","protected":false},"author":1182,"featured_media":2557,"comment_status":"closed","ping_status":"closed","sticky":false,"template":"","format":"standard","meta":{"_acf_changed":false,"_jetpack_memberships_contains_paid_content":false,"footnotes":""},"categories":[8,7],"tags":[],"class_list":{"0":"post-2555","1":"post","2":"type-post","3":"status-publish","4":"format-standard","5":"has-post-thumbnail","6":"hentry","7":"category-danca","8":"category-teatro","10":"post-with-thumbnail","11":"post-with-thumbnail-large"},"acf":[],"yoast_head":"<!-- This site is optimized with the Yoast SEO plugin v26.7 - https:\/\/yoast.com\/wordpress\/plugins\/seo\/ -->\n<title>Festival Internacional de Performance FUNDO &#8211; Centro de Artes UFPEL<\/title>\n<meta name=\"description\" content=\"O Festival Internacional de Performance FUNDO \u00e9 uma iniciativa do projeto de pesquisa Estudo sobre a profundidade, desenvolvido junto ao curso de Artes Visuais, no Centro de Artes\/UFPEL. Para esta primeira edi\u00e7\u00e3o propomos Animal dom\u00e9stico como um tema disparador, capaz de ativar recortes que passam pela casa, por aquilo que nos define ou questiona em nossas ambiguidades mais \u00edntimas.\" \/>\n<meta name=\"robots\" content=\"index, follow, max-snippet:-1, max-image-preview:large, max-video-preview:-1\" \/>\n<link rel=\"canonical\" href=\"https:\/\/wp.ufpel.edu.br\/ca\/festival-internacional-de-performance-fundo\/\" \/>\n<meta property=\"og:locale\" content=\"pt_BR\" \/>\n<meta property=\"og:type\" content=\"article\" \/>\n<meta property=\"og:title\" content=\"Festival Internacional de Performance FUNDO &#8211; Centro de Artes UFPEL\" \/>\n<meta property=\"og:description\" content=\"O Festival Internacional de Performance FUNDO \u00e9 uma iniciativa do projeto de pesquisa Estudo sobre a profundidade, desenvolvido junto ao curso de Artes Visuais, no Centro de Artes\/UFPEL. Para esta primeira edi\u00e7\u00e3o propomos Animal dom\u00e9stico como um tema disparador, capaz de ativar recortes que passam pela casa, por aquilo que nos define ou questiona em nossas ambiguidades mais \u00edntimas.\" \/>\n<meta property=\"og:url\" content=\"https:\/\/wp.ufpel.edu.br\/ca\/festival-internacional-de-performance-fundo\/\" \/>\n<meta property=\"og:site_name\" content=\"Centro de Artes UFPEL\" \/>\n<meta property=\"article:published_time\" content=\"2023-03-02T19:21:15+00:00\" \/>\n<meta property=\"article:modified_time\" content=\"2023-03-13T21:16:37+00:00\" \/>\n<meta property=\"og:image\" content=\"https:\/\/wp.ufpel.edu.br\/ca\/files\/2023\/03\/Prancheta-14-e1677784809263.png\" \/>\n\t<meta property=\"og:image:width\" content=\"1080\" \/>\n\t<meta property=\"og:image:height\" content=\"607\" \/>\n\t<meta property=\"og:image:type\" content=\"image\/png\" \/>\n<meta name=\"author\" content=\"LIG302\" \/>\n<meta name=\"twitter:card\" content=\"summary_large_image\" \/>\n<meta name=\"twitter:label1\" content=\"Escrito por\" \/>\n\t<meta name=\"twitter:data1\" content=\"LIG302\" \/>\n\t<meta name=\"twitter:label2\" content=\"Est. tempo de leitura\" \/>\n\t<meta name=\"twitter:data2\" content=\"1 minuto\" \/>\n<script type=\"application\/ld+json\" class=\"yoast-schema-graph\">{\"@context\":\"https:\/\/schema.org\",\"@graph\":[{\"@type\":\"Article\",\"@id\":\"https:\/\/wp.ufpel.edu.br\/ca\/festival-internacional-de-performance-fundo\/#article\",\"isPartOf\":{\"@id\":\"https:\/\/wp.ufpel.edu.br\/ca\/festival-internacional-de-performance-fundo\/\"},\"author\":{\"name\":\"LIG302\",\"@id\":\"https:\/\/wp.ufpel.edu.br\/ca\/#\/schema\/person\/9a4c94889f7ce1dcd14e5bb96295463c\"},\"headline\":\"Festival Internacional de Performance FUNDO\",\"datePublished\":\"2023-03-02T19:21:15+00:00\",\"dateModified\":\"2023-03-13T21:16:37+00:00\",\"mainEntityOfPage\":{\"@id\":\"https:\/\/wp.ufpel.edu.br\/ca\/festival-internacional-de-performance-fundo\/\"},\"wordCount\":184,\"publisher\":{\"@id\":\"https:\/\/wp.ufpel.edu.br\/ca\/#organization\"},\"image\":{\"@id\":\"https:\/\/wp.ufpel.edu.br\/ca\/festival-internacional-de-performance-fundo\/#primaryimage\"},\"thumbnailUrl\":\"https:\/\/wp.ufpel.edu.br\/ca\/files\/2023\/03\/Prancheta-14-e1677784809263.png\",\"articleSection\":[\"Dan\u00e7a\",\"Teatro\"],\"inLanguage\":\"pt-BR\"},{\"@type\":\"WebPage\",\"@id\":\"https:\/\/wp.ufpel.edu.br\/ca\/festival-internacional-de-performance-fundo\/\",\"url\":\"https:\/\/wp.ufpel.edu.br\/ca\/festival-internacional-de-performance-fundo\/\",\"name\":\"Festival Internacional de Performance FUNDO &#8211; Centro de Artes UFPEL\",\"isPartOf\":{\"@id\":\"https:\/\/wp.ufpel.edu.br\/ca\/#website\"},\"primaryImageOfPage\":{\"@id\":\"https:\/\/wp.ufpel.edu.br\/ca\/festival-internacional-de-performance-fundo\/#primaryimage\"},\"image\":{\"@id\":\"https:\/\/wp.ufpel.edu.br\/ca\/festival-internacional-de-performance-fundo\/#primaryimage\"},\"thumbnailUrl\":\"https:\/\/wp.ufpel.edu.br\/ca\/files\/2023\/03\/Prancheta-14-e1677784809263.png\",\"datePublished\":\"2023-03-02T19:21:15+00:00\",\"dateModified\":\"2023-03-13T21:16:37+00:00\",\"description\":\"O Festival Internacional de Performance FUNDO \u00e9 uma iniciativa do projeto de pesquisa Estudo sobre a profundidade, desenvolvido junto ao curso de Artes Visuais, no Centro de Artes\/UFPEL. Para esta primeira edi\u00e7\u00e3o propomos Animal dom\u00e9stico como um tema disparador, capaz de ativar recortes que passam pela casa, por aquilo que nos define ou questiona em nossas ambiguidades mais \u00edntimas.\",\"breadcrumb\":{\"@id\":\"https:\/\/wp.ufpel.edu.br\/ca\/festival-internacional-de-performance-fundo\/#breadcrumb\"},\"inLanguage\":\"pt-BR\",\"potentialAction\":[{\"@type\":\"ReadAction\",\"target\":[\"https:\/\/wp.ufpel.edu.br\/ca\/festival-internacional-de-performance-fundo\/\"]}]},{\"@type\":\"ImageObject\",\"inLanguage\":\"pt-BR\",\"@id\":\"https:\/\/wp.ufpel.edu.br\/ca\/festival-internacional-de-performance-fundo\/#primaryimage\",\"url\":\"https:\/\/wp.ufpel.edu.br\/ca\/files\/2023\/03\/Prancheta-14-e1677784809263.png\",\"contentUrl\":\"https:\/\/wp.ufpel.edu.br\/ca\/files\/2023\/03\/Prancheta-14-e1677784809263.png\",\"width\":1080,\"height\":607},{\"@type\":\"BreadcrumbList\",\"@id\":\"https:\/\/wp.ufpel.edu.br\/ca\/festival-internacional-de-performance-fundo\/#breadcrumb\",\"itemListElement\":[{\"@type\":\"ListItem\",\"position\":1,\"name\":\"In\u00edcio\",\"item\":\"https:\/\/wp.ufpel.edu.br\/ca\/\"},{\"@type\":\"ListItem\",\"position\":2,\"name\":\"Festival Internacional de Performance FUNDO\"}]},{\"@type\":\"WebSite\",\"@id\":\"https:\/\/wp.ufpel.edu.br\/ca\/#website\",\"url\":\"https:\/\/wp.ufpel.edu.br\/ca\/\",\"name\":\"Centro de Artes UFPEL\",\"description\":\"Universidade Federal de Pelotas\",\"publisher\":{\"@id\":\"https:\/\/wp.ufpel.edu.br\/ca\/#organization\"},\"potentialAction\":[{\"@type\":\"SearchAction\",\"target\":{\"@type\":\"EntryPoint\",\"urlTemplate\":\"https:\/\/wp.ufpel.edu.br\/ca\/?s={search_term_string}\"},\"query-input\":{\"@type\":\"PropertyValueSpecification\",\"valueRequired\":true,\"valueName\":\"search_term_string\"}}],\"inLanguage\":\"pt-BR\"},{\"@type\":\"Organization\",\"@id\":\"https:\/\/wp.ufpel.edu.br\/ca\/#organization\",\"name\":\"Centro de Artes UFPEL\",\"url\":\"https:\/\/wp.ufpel.edu.br\/ca\/\",\"logo\":{\"@type\":\"ImageObject\",\"inLanguage\":\"pt-BR\",\"@id\":\"https:\/\/wp.ufpel.edu.br\/ca\/#\/schema\/logo\/image\/\",\"url\":\"https:\/\/wp.ufpel.edu.br\/ca\/files\/2022\/07\/CA_COVER-01.png\",\"contentUrl\":\"https:\/\/wp.ufpel.edu.br\/ca\/files\/2022\/07\/CA_COVER-01.png\",\"width\":1758,\"height\":1244,\"caption\":\"Centro de Artes UFPEL\"},\"image\":{\"@id\":\"https:\/\/wp.ufpel.edu.br\/ca\/#\/schema\/logo\/image\/\"}},{\"@type\":\"Person\",\"@id\":\"https:\/\/wp.ufpel.edu.br\/ca\/#\/schema\/person\/9a4c94889f7ce1dcd14e5bb96295463c\",\"name\":\"LIG302\",\"image\":{\"@type\":\"ImageObject\",\"inLanguage\":\"pt-BR\",\"@id\":\"https:\/\/wp.ufpel.edu.br\/ca\/#\/schema\/person\/image\/\",\"url\":\"https:\/\/secure.gravatar.com\/avatar\/2d9c82e77c7a1f010670a92589da14858eeb2075f11184bdbf2a7d7d4d6915bc?s=96&d=mm&r=g\",\"contentUrl\":\"https:\/\/secure.gravatar.com\/avatar\/2d9c82e77c7a1f010670a92589da14858eeb2075f11184bdbf2a7d7d4d6915bc?s=96&d=mm&r=g\",\"caption\":\"LIG302\"},\"url\":\"https:\/\/wp.ufpel.edu.br\/ca\/author\/linkcursoslivres\/\"}]}<\/script>\n<!-- \/ Yoast SEO plugin. -->","yoast_head_json":{"title":"Festival Internacional de Performance FUNDO &#8211; Centro de Artes UFPEL","description":"O Festival Internacional de Performance FUNDO \u00e9 uma iniciativa do projeto de pesquisa Estudo sobre a profundidade, desenvolvido junto ao curso de Artes Visuais, no Centro de Artes\/UFPEL. Para esta primeira edi\u00e7\u00e3o propomos Animal dom\u00e9stico como um tema disparador, capaz de ativar recortes que passam pela casa, por aquilo que nos define ou questiona em nossas ambiguidades mais \u00edntimas.","robots":{"index":"index","follow":"follow","max-snippet":"max-snippet:-1","max-image-preview":"max-image-preview:large","max-video-preview":"max-video-preview:-1"},"canonical":"https:\/\/wp.ufpel.edu.br\/ca\/festival-internacional-de-performance-fundo\/","og_locale":"pt_BR","og_type":"article","og_title":"Festival Internacional de Performance FUNDO &#8211; Centro de Artes UFPEL","og_description":"O Festival Internacional de Performance FUNDO \u00e9 uma iniciativa do projeto de pesquisa Estudo sobre a profundidade, desenvolvido junto ao curso de Artes Visuais, no Centro de Artes\/UFPEL. Para esta primeira edi\u00e7\u00e3o propomos Animal dom\u00e9stico como um tema disparador, capaz de ativar recortes que passam pela casa, por aquilo que nos define ou questiona em nossas ambiguidades mais \u00edntimas.","og_url":"https:\/\/wp.ufpel.edu.br\/ca\/festival-internacional-de-performance-fundo\/","og_site_name":"Centro de Artes UFPEL","article_published_time":"2023-03-02T19:21:15+00:00","article_modified_time":"2023-03-13T21:16:37+00:00","og_image":[{"width":1080,"height":607,"url":"https:\/\/wp.ufpel.edu.br\/ca\/files\/2023\/03\/Prancheta-14-e1677784809263.png","type":"image\/png"}],"author":"LIG302","twitter_card":"summary_large_image","twitter_misc":{"Escrito por":"LIG302","Est. tempo de leitura":"1 minuto"},"schema":{"@context":"https:\/\/schema.org","@graph":[{"@type":"Article","@id":"https:\/\/wp.ufpel.edu.br\/ca\/festival-internacional-de-performance-fundo\/#article","isPartOf":{"@id":"https:\/\/wp.ufpel.edu.br\/ca\/festival-internacional-de-performance-fundo\/"},"author":{"name":"LIG302","@id":"https:\/\/wp.ufpel.edu.br\/ca\/#\/schema\/person\/9a4c94889f7ce1dcd14e5bb96295463c"},"headline":"Festival Internacional de Performance FUNDO","datePublished":"2023-03-02T19:21:15+00:00","dateModified":"2023-03-13T21:16:37+00:00","mainEntityOfPage":{"@id":"https:\/\/wp.ufpel.edu.br\/ca\/festival-internacional-de-performance-fundo\/"},"wordCount":184,"publisher":{"@id":"https:\/\/wp.ufpel.edu.br\/ca\/#organization"},"image":{"@id":"https:\/\/wp.ufpel.edu.br\/ca\/festival-internacional-de-performance-fundo\/#primaryimage"},"thumbnailUrl":"https:\/\/wp.ufpel.edu.br\/ca\/files\/2023\/03\/Prancheta-14-e1677784809263.png","articleSection":["Dan\u00e7a","Teatro"],"inLanguage":"pt-BR"},{"@type":"WebPage","@id":"https:\/\/wp.ufpel.edu.br\/ca\/festival-internacional-de-performance-fundo\/","url":"https:\/\/wp.ufpel.edu.br\/ca\/festival-internacional-de-performance-fundo\/","name":"Festival Internacional de Performance FUNDO &#8211; Centro de Artes UFPEL","isPartOf":{"@id":"https:\/\/wp.ufpel.edu.br\/ca\/#website"},"primaryImageOfPage":{"@id":"https:\/\/wp.ufpel.edu.br\/ca\/festival-internacional-de-performance-fundo\/#primaryimage"},"image":{"@id":"https:\/\/wp.ufpel.edu.br\/ca\/festival-internacional-de-performance-fundo\/#primaryimage"},"thumbnailUrl":"https:\/\/wp.ufpel.edu.br\/ca\/files\/2023\/03\/Prancheta-14-e1677784809263.png","datePublished":"2023-03-02T19:21:15+00:00","dateModified":"2023-03-13T21:16:37+00:00","description":"O Festival Internacional de Performance FUNDO \u00e9 uma iniciativa do projeto de pesquisa Estudo sobre a profundidade, desenvolvido junto ao curso de Artes Visuais, no Centro de Artes\/UFPEL. Para esta primeira edi\u00e7\u00e3o propomos Animal dom\u00e9stico como um tema disparador, capaz de ativar recortes que passam pela casa, por aquilo que nos define ou questiona em nossas ambiguidades mais \u00edntimas.","breadcrumb":{"@id":"https:\/\/wp.ufpel.edu.br\/ca\/festival-internacional-de-performance-fundo\/#breadcrumb"},"inLanguage":"pt-BR","potentialAction":[{"@type":"ReadAction","target":["https:\/\/wp.ufpel.edu.br\/ca\/festival-internacional-de-performance-fundo\/"]}]},{"@type":"ImageObject","inLanguage":"pt-BR","@id":"https:\/\/wp.ufpel.edu.br\/ca\/festival-internacional-de-performance-fundo\/#primaryimage","url":"https:\/\/wp.ufpel.edu.br\/ca\/files\/2023\/03\/Prancheta-14-e1677784809263.png","contentUrl":"https:\/\/wp.ufpel.edu.br\/ca\/files\/2023\/03\/Prancheta-14-e1677784809263.png","width":1080,"height":607},{"@type":"BreadcrumbList","@id":"https:\/\/wp.ufpel.edu.br\/ca\/festival-internacional-de-performance-fundo\/#breadcrumb","itemListElement":[{"@type":"ListItem","position":1,"name":"In\u00edcio","item":"https:\/\/wp.ufpel.edu.br\/ca\/"},{"@type":"ListItem","position":2,"name":"Festival Internacional de Performance FUNDO"}]},{"@type":"WebSite","@id":"https:\/\/wp.ufpel.edu.br\/ca\/#website","url":"https:\/\/wp.ufpel.edu.br\/ca\/","name":"Centro de Artes UFPEL","description":"Universidade Federal de Pelotas","publisher":{"@id":"https:\/\/wp.ufpel.edu.br\/ca\/#organization"},"potentialAction":[{"@type":"SearchAction","target":{"@type":"EntryPoint","urlTemplate":"https:\/\/wp.ufpel.edu.br\/ca\/?s={search_term_string}"},"query-input":{"@type":"PropertyValueSpecification","valueRequired":true,"valueName":"search_term_string"}}],"inLanguage":"pt-BR"},{"@type":"Organization","@id":"https:\/\/wp.ufpel.edu.br\/ca\/#organization","name":"Centro de Artes UFPEL","url":"https:\/\/wp.ufpel.edu.br\/ca\/","logo":{"@type":"ImageObject","inLanguage":"pt-BR","@id":"https:\/\/wp.ufpel.edu.br\/ca\/#\/schema\/logo\/image\/","url":"https:\/\/wp.ufpel.edu.br\/ca\/files\/2022\/07\/CA_COVER-01.png","contentUrl":"https:\/\/wp.ufpel.edu.br\/ca\/files\/2022\/07\/CA_COVER-01.png","width":1758,"height":1244,"caption":"Centro de Artes UFPEL"},"image":{"@id":"https:\/\/wp.ufpel.edu.br\/ca\/#\/schema\/logo\/image\/"}},{"@type":"Person","@id":"https:\/\/wp.ufpel.edu.br\/ca\/#\/schema\/person\/9a4c94889f7ce1dcd14e5bb96295463c","name":"LIG302","image":{"@type":"ImageObject","inLanguage":"pt-BR","@id":"https:\/\/wp.ufpel.edu.br\/ca\/#\/schema\/person\/image\/","url":"https:\/\/secure.gravatar.com\/avatar\/2d9c82e77c7a1f010670a92589da14858eeb2075f11184bdbf2a7d7d4d6915bc?s=96&d=mm&r=g","contentUrl":"https:\/\/secure.gravatar.com\/avatar\/2d9c82e77c7a1f010670a92589da14858eeb2075f11184bdbf2a7d7d4d6915bc?s=96&d=mm&r=g","caption":"LIG302"},"url":"https:\/\/wp.ufpel.edu.br\/ca\/author\/linkcursoslivres\/"}]}},"jetpack_featured_media_url":"https:\/\/wp.ufpel.edu.br\/ca\/files\/2023\/03\/Prancheta-14-e1677784809263.png","jetpack_sharing_enabled":true,"publishpress_future_action":{"enabled":false,"date":"2026-05-06 18:16:51","action":"change-status","newStatus":"private","terms":[],"taxonomy":"category","extraData":[]},"publishpress_future_workflow_manual_trigger":{"enabledWorkflows":[]},"_links":{"self":[{"href":"https:\/\/wp.ufpel.edu.br\/ca\/wp-json\/wp\/v2\/posts\/2555","targetHints":{"allow":["GET"]}}],"collection":[{"href":"https:\/\/wp.ufpel.edu.br\/ca\/wp-json\/wp\/v2\/posts"}],"about":[{"href":"https:\/\/wp.ufpel.edu.br\/ca\/wp-json\/wp\/v2\/types\/post"}],"author":[{"embeddable":true,"href":"https:\/\/wp.ufpel.edu.br\/ca\/wp-json\/wp\/v2\/users\/1182"}],"replies":[{"embeddable":true,"href":"https:\/\/wp.ufpel.edu.br\/ca\/wp-json\/wp\/v2\/comments?post=2555"}],"version-history":[{"count":2,"href":"https:\/\/wp.ufpel.edu.br\/ca\/wp-json\/wp\/v2\/posts\/2555\/revisions"}],"predecessor-version":[{"id":2698,"href":"https:\/\/wp.ufpel.edu.br\/ca\/wp-json\/wp\/v2\/posts\/2555\/revisions\/2698"}],"wp:featuredmedia":[{"embeddable":true,"href":"https:\/\/wp.ufpel.edu.br\/ca\/wp-json\/wp\/v2\/media\/2557"}],"wp:attachment":[{"href":"https:\/\/wp.ufpel.edu.br\/ca\/wp-json\/wp\/v2\/media?parent=2555"}],"wp:term":[{"taxonomy":"category","embeddable":true,"href":"https:\/\/wp.ufpel.edu.br\/ca\/wp-json\/wp\/v2\/categories?post=2555"},{"taxonomy":"post_tag","embeddable":true,"href":"https:\/\/wp.ufpel.edu.br\/ca\/wp-json\/wp\/v2\/tags?post=2555"}],"curies":[{"name":"wp","href":"https:\/\/api.w.org\/{rel}","templated":true}]}}