{"id":419,"date":"2015-11-20T16:08:02","date_gmt":"2015-11-20T18:08:02","guid":{"rendered":"https:\/\/wp.ufpel.edu.br\/bienalufpel\/?p=419"},"modified":"2017-10-26T15:10:58","modified_gmt":"2017-10-26T17:10:58","slug":"cantoamerica-faz-show-na-noite-desta-sexta-feira-20","status":"publish","type":"post","link":"https:\/\/wp.ufpel.edu.br\/bienalufpel\/2015\/11\/20\/cantoamerica-faz-show-na-noite-desta-sexta-feira-20\/","title":{"rendered":"Cantoamerica faz show na noite desta sexta-feira (20)"},"content":{"rendered":"<p style=\"text-align: justify\"><a href=\"https:\/\/wp.ufpel.edu.br\/bienalufpel\/files\/2015\/11\/Cantoamerica_2.jpg\"><img loading=\"lazy\" decoding=\"async\" class=\"alignleft size-full wp-image-420\" src=\"https:\/\/wp.ufpel.edu.br\/bienalufpel\/files\/2015\/11\/Cantoamerica_2.jpg\" alt=\"Cantoamerica_2\" width=\"1232\" height=\"816\" srcset=\"https:\/\/wp.ufpel.edu.br\/bienalufpel\/files\/2015\/11\/Cantoamerica_2.jpg 1232w, https:\/\/wp.ufpel.edu.br\/bienalufpel\/files\/2015\/11\/Cantoamerica_2-212x140.jpg 212w, https:\/\/wp.ufpel.edu.br\/bienalufpel\/files\/2015\/11\/Cantoamerica_2-424x281.jpg 424w, https:\/\/wp.ufpel.edu.br\/bienalufpel\/files\/2015\/11\/Cantoamerica_2-453x300.jpg 453w\" sizes=\"auto, (max-width: 1232px) 100vw, 1232px\" \/><\/a>Um dos grupos musicais mais importantes da Costa Rica sobe ao palco nesta noite na programa\u00e7\u00e3o da Bienal Internacional de Arte e Cidadania da Universidade Federal de Pelotas (UFPel). O Cantoamerica se apresentar\u00e1 \u00e0s 20h30min, no Largo do Mercado P\u00fablico.<\/p>\n<p style=\"text-align: justify\">O Cantoamerica \u00e9 um grupo independente que atua h\u00e1 mais de 35 anos divulgando a m\u00fasica latino-americana e caribenha em diversos pa\u00edses na Am\u00e9rica, \u00c1frica \u00c1sia e Europa. Atualmente, o grupo \u00e9 constitu\u00eddo por seis m\u00fasicos, entre vocalistas e instrumentistas e j\u00e1 tem 14 \u00e1lbuns gravados, basicamente, com composi\u00e7\u00f5es pr\u00f3prias.<\/p>\n<p style=\"text-align: justify\">Segundo Manoel Monestel, membro mais antigo do grupo, a m\u00fasica costa-riquenha prov\u00e9m de dois movimentos: o primeiro, da vinda de escravos africanos para a ent\u00e3o col\u00f4nia espanhola e um segundo movimento dos escravos que vieram das ilhas do Caribe, de l\u00edngua inglesa, para trabalharem na constru\u00e7\u00e3o das ferrovias para exporta\u00e7\u00e3o do caf\u00e9. Devido a estas duas ondas migrat\u00f3rias, a Costa Rica tornou-se um pa\u00eds multil\u00edngue. \u201cPortanto, h\u00e1 m\u00fasicas que cantamos em espanhol e outras em ingl\u00eas crioulo, ou ingl\u00eas caribenho\u201d, afirma o m\u00fasico. A m\u00fasica caribenha contempla calipso, son, salsa, bolero e reggae.<\/p>\n","protected":false},"excerpt":{"rendered":"<p>Um dos grupos musicais mais importantes da Costa Rica sobe ao palco nesta noite na programa\u00e7\u00e3o da Bienal Internacional de Arte e Cidadania da Universidade Federal de Pelotas (UFPel). O Cantoamerica se apresentar\u00e1 \u00e0s 20h30min, no Largo do Mercado P\u00fablico. &hellip; <a href=\"https:\/\/wp.ufpel.edu.br\/bienalufpel\/2015\/11\/20\/cantoamerica-faz-show-na-noite-desta-sexta-feira-20\/\">Continue lendo <span class=\"meta-nav\">&rarr;<\/span><\/a><\/p>\n","protected":false},"author":585,"featured_media":0,"comment_status":"closed","ping_status":"closed","sticky":false,"template":"","format":"standard","meta":{"footnotes":""},"categories":[4],"tags":[],"class_list":["post-419","post","type-post","status-publish","format-standard","hentry","category-4"],"jetpack_featured_media_url":"","_links":{"self":[{"href":"https:\/\/wp.ufpel.edu.br\/bienalufpel\/wp-json\/wp\/v2\/posts\/419","targetHints":{"allow":["GET"]}}],"collection":[{"href":"https:\/\/wp.ufpel.edu.br\/bienalufpel\/wp-json\/wp\/v2\/posts"}],"about":[{"href":"https:\/\/wp.ufpel.edu.br\/bienalufpel\/wp-json\/wp\/v2\/types\/post"}],"author":[{"embeddable":true,"href":"https:\/\/wp.ufpel.edu.br\/bienalufpel\/wp-json\/wp\/v2\/users\/585"}],"replies":[{"embeddable":true,"href":"https:\/\/wp.ufpel.edu.br\/bienalufpel\/wp-json\/wp\/v2\/comments?post=419"}],"version-history":[{"count":1,"href":"https:\/\/wp.ufpel.edu.br\/bienalufpel\/wp-json\/wp\/v2\/posts\/419\/revisions"}],"predecessor-version":[{"id":421,"href":"https:\/\/wp.ufpel.edu.br\/bienalufpel\/wp-json\/wp\/v2\/posts\/419\/revisions\/421"}],"wp:attachment":[{"href":"https:\/\/wp.ufpel.edu.br\/bienalufpel\/wp-json\/wp\/v2\/media?parent=419"}],"wp:term":[{"taxonomy":"category","embeddable":true,"href":"https:\/\/wp.ufpel.edu.br\/bienalufpel\/wp-json\/wp\/v2\/categories?post=419"},{"taxonomy":"post_tag","embeddable":true,"href":"https:\/\/wp.ufpel.edu.br\/bienalufpel\/wp-json\/wp\/v2\/tags?post=419"}],"curies":[{"name":"wp","href":"https:\/\/api.w.org\/{rel}","templated":true}]}}