{"id":391,"date":"2015-11-20T15:56:32","date_gmt":"2015-11-20T17:56:32","guid":{"rendered":"https:\/\/wp.ufpel.edu.br\/bienalufpel\/?p=391"},"modified":"2017-10-26T15:06:05","modified_gmt":"2017-10-26T17:06:05","slug":"1o-recital-de-formandos-da-ufpel","status":"publish","type":"post","link":"https:\/\/wp.ufpel.edu.br\/bienalufpel\/2015\/11\/20\/1o-recital-de-formandos-da-ufpel\/","title":{"rendered":"1\u00ba recital de formandos da UFPel"},"content":{"rendered":"<p style=\"text-align: justify\"><a href=\"https:\/\/wp.ufpel.edu.br\/bienalufpel\/files\/2015\/11\/12235114_664669897008436_3284913484436689156_n.jpg\"><img loading=\"lazy\" decoding=\"async\" class=\"aligncenter wp-image-392 size-full\" src=\"https:\/\/wp.ufpel.edu.br\/bienalufpel\/files\/2015\/11\/12235114_664669897008436_3284913484436689156_n.jpg\" alt=\"12235114_664669897008436_3284913484436689156_n\" width=\"960\" height=\"960\" srcset=\"https:\/\/wp.ufpel.edu.br\/bienalufpel\/files\/2015\/11\/12235114_664669897008436_3284913484436689156_n.jpg 960w, https:\/\/wp.ufpel.edu.br\/bienalufpel\/files\/2015\/11\/12235114_664669897008436_3284913484436689156_n-159x159.jpg 159w, https:\/\/wp.ufpel.edu.br\/bienalufpel\/files\/2015\/11\/12235114_664669897008436_3284913484436689156_n-318x318.jpg 318w, https:\/\/wp.ufpel.edu.br\/bienalufpel\/files\/2015\/11\/12235114_664669897008436_3284913484436689156_n-300x300.jpg 300w\" sizes=\"auto, (max-width: 960px) 100vw, 960px\" \/><\/a><\/p>\n<p style=\"text-align: justify\">A tarde de ontem iniciou ao som do 1\u00ba recital de formandos da UFPel na Bibliotheca P\u00fablica Pelotense, que faz parte do 6\u00ba Encontro Estadual de Flautistas do Rio Grande do Sul, dentro da programa\u00e7\u00e3o da Bienal. O evento re\u00fane ainda estudantes da UFSM e da UFRGS e significa, para o professor Raul Costa D&#8217;\u00c1vila uma excelente oportunidade de di\u00e1logo e troca de experi\u00eancia para os estudantes e rec\u00e9m-formados m\u00fasicos ga\u00fachos.<\/p>\n","protected":false},"excerpt":{"rendered":"<p>A tarde de ontem iniciou ao som do 1\u00ba recital de formandos da UFPel na Bibliotheca P\u00fablica Pelotense, que faz parte do 6\u00ba Encontro Estadual de Flautistas do Rio Grande do Sul, dentro da programa\u00e7\u00e3o da Bienal. O evento re\u00fane &hellip; <a href=\"https:\/\/wp.ufpel.edu.br\/bienalufpel\/2015\/11\/20\/1o-recital-de-formandos-da-ufpel\/\">Continue lendo <span class=\"meta-nav\">&rarr;<\/span><\/a><\/p>\n","protected":false},"author":585,"featured_media":0,"comment_status":"closed","ping_status":"closed","sticky":false,"template":"","format":"standard","meta":{"footnotes":""},"categories":[4],"tags":[],"class_list":["post-391","post","type-post","status-publish","format-standard","hentry","category-4"],"jetpack_featured_media_url":"","_links":{"self":[{"href":"https:\/\/wp.ufpel.edu.br\/bienalufpel\/wp-json\/wp\/v2\/posts\/391","targetHints":{"allow":["GET"]}}],"collection":[{"href":"https:\/\/wp.ufpel.edu.br\/bienalufpel\/wp-json\/wp\/v2\/posts"}],"about":[{"href":"https:\/\/wp.ufpel.edu.br\/bienalufpel\/wp-json\/wp\/v2\/types\/post"}],"author":[{"embeddable":true,"href":"https:\/\/wp.ufpel.edu.br\/bienalufpel\/wp-json\/wp\/v2\/users\/585"}],"replies":[{"embeddable":true,"href":"https:\/\/wp.ufpel.edu.br\/bienalufpel\/wp-json\/wp\/v2\/comments?post=391"}],"version-history":[{"count":1,"href":"https:\/\/wp.ufpel.edu.br\/bienalufpel\/wp-json\/wp\/v2\/posts\/391\/revisions"}],"predecessor-version":[{"id":393,"href":"https:\/\/wp.ufpel.edu.br\/bienalufpel\/wp-json\/wp\/v2\/posts\/391\/revisions\/393"}],"wp:attachment":[{"href":"https:\/\/wp.ufpel.edu.br\/bienalufpel\/wp-json\/wp\/v2\/media?parent=391"}],"wp:term":[{"taxonomy":"category","embeddable":true,"href":"https:\/\/wp.ufpel.edu.br\/bienalufpel\/wp-json\/wp\/v2\/categories?post=391"},{"taxonomy":"post_tag","embeddable":true,"href":"https:\/\/wp.ufpel.edu.br\/bienalufpel\/wp-json\/wp\/v2\/tags?post=391"}],"curies":[{"name":"wp","href":"https:\/\/api.w.org\/{rel}","templated":true}]}}