{"id":64,"date":"2023-06-14T17:51:54","date_gmt":"2023-06-14T20:51:54","guid":{"rendered":"https:\/\/wp.ufpel.edu.br\/bahmus\/?p=64"},"modified":"2023-06-14T17:53:20","modified_gmt":"2023-06-14T20:53:20","slug":"modos-eclesiasticos-voce-conhece","status":"publish","type":"post","link":"https:\/\/wp.ufpel.edu.br\/bahmus\/2023\/06\/14\/modos-eclesiasticos-voce-conhece\/","title":{"rendered":"MODOS ECLESI\u00c1STICOS: Voc\u00ea conhece?"},"content":{"rendered":"<p><img loading=\"lazy\" decoding=\"async\" class=\"aligncenter size-full wp-image-67\" src=\"https:\/\/wp.ufpel.edu.br\/bahmus\/files\/2023\/06\/Uma-postagem-para-Instagram-a-respeito-de-Modos-Eclesia\u0301sticos-1.jpeg\" alt=\"\" width=\"1080\" height=\"1080\" srcset=\"https:\/\/wp.ufpel.edu.br\/bahmus\/files\/2023\/06\/Uma-postagem-para-Instagram-a-respeito-de-Modos-Eclesia\u0301sticos-1.jpeg 1080w, https:\/\/wp.ufpel.edu.br\/bahmus\/files\/2023\/06\/Uma-postagem-para-Instagram-a-respeito-de-Modos-Eclesia\u0301sticos-1-400x400.jpeg 400w, https:\/\/wp.ufpel.edu.br\/bahmus\/files\/2023\/06\/Uma-postagem-para-Instagram-a-respeito-de-Modos-Eclesia\u0301sticos-1-1024x1024.jpeg 1024w, https:\/\/wp.ufpel.edu.br\/bahmus\/files\/2023\/06\/Uma-postagem-para-Instagram-a-respeito-de-Modos-Eclesia\u0301sticos-1-200x200.jpeg 200w, https:\/\/wp.ufpel.edu.br\/bahmus\/files\/2023\/06\/Uma-postagem-para-Instagram-a-respeito-de-Modos-Eclesia\u0301sticos-1-768x768.jpeg 768w\" sizes=\"auto, (max-width: 1080px) 100vw, 1080px\" \/><\/p>\n<div class=\"\" data-block=\"true\" data-editor=\"64tar\" data-offset-key=\"bbkpb-0-0\"><\/div>\n<div class=\"\" data-block=\"true\" data-editor=\"64tar\" data-offset-key=\"cg07u-0-0\">\n<div class=\"_1mf _1mj\" data-offset-key=\"cg07u-0-0\"><\/div>\n<\/div>\n<div class=\"\" data-block=\"true\" data-editor=\"64tar\" data-offset-key=\"e551n-0-0\">\n<div class=\"_1mf _1mj\" data-offset-key=\"e551n-0-0\"><span data-offset-key=\"e551n-0-0\">Voc\u00ea j\u00e1 ouviu falar do canto gregoriano? Esse estilo musical, que surgiu na Idade M\u00e9dia, \u00e9 considerado a m\u00fasica lit\u00fargica oficial da Igreja Cat\u00f3lica. Mas o que ele tem a ver com os modos eclesi\u00e1sticos? E o que n\u00f3s aprendemos com os livros de teoria musical sobre esse assunto?<\/span><\/div>\n<\/div>\n<div class=\"\" data-block=\"true\" data-editor=\"64tar\" data-offset-key=\"2i4ua-0-0\">\n<div class=\"_1mf _1mj\" data-offset-key=\"2i4ua-0-0\"><span data-offset-key=\"2i4ua-0-0\">\u00a0<\/span><\/div>\n<\/div>\n<div class=\"\" data-block=\"true\" data-editor=\"64tar\" data-offset-key=\"1qsmn-0-0\">\n<div class=\"_1mf _1mj\" data-offset-key=\"1qsmn-0-0\"><span data-offset-key=\"1qsmn-0-0\">Um artigo acad\u00eamico de Fl\u00e1vio de Queiroz, da Universidade Federal da Bahia, investiga essas quest\u00f5es e revela as inconsist\u00eancias e confus\u00f5es que muitos estudantes de m\u00fasica t\u00eam sobre os modos gregorianos. O autor analisa diversos livros de teoria musical, hist\u00f3ria da m\u00fasica e harmonia, destinados ao p\u00fablico iniciante, e mostra como eles apresentam informa\u00e7\u00f5es contradit\u00f3rias, incompletas ou erradas sobre os modos eclesi\u00e1sticos.<\/span><\/div>\n<\/div>\n<div class=\"\" data-block=\"true\" data-editor=\"64tar\" data-offset-key=\"boct3-0-0\">\n<div class=\"_1mf _1mj\" data-offset-key=\"boct3-0-0\"><span data-offset-key=\"boct3-0-0\">\u00a0<\/span><\/div>\n<\/div>\n<div class=\"\" data-block=\"true\" data-editor=\"64tar\" data-offset-key=\"3medn-0-0\">\n<div class=\"_1mf _1mj\" data-offset-key=\"3medn-0-0\"><span data-offset-key=\"3medn-0-0\">Segundo o autor, os modos eclesi\u00e1sticos s\u00e3o tipos de escalas musicais que t\u00eam suas ra\u00edzes nas tradi\u00e7\u00f5es judaicas de recita\u00e7\u00e3o salm\u00f3dica. Eles foram estruturados e unificados no s\u00e9culo VI pelo papa S\u00e3o Greg\u00f3rio Magno, que deu origem ao nome canto gregoriano. Os modos gregorianos s\u00e3o mon\u00f3dicos, ou seja, executados por uma s\u00f3 voz sem acompanhamento de instrumentos. Eles tamb\u00e9m s\u00e3o de ritmo livre, seguindo a acentua\u00e7\u00e3o do texto em latim.<\/span><\/div>\n<\/div>\n<div class=\"\" data-block=\"true\" data-editor=\"64tar\" data-offset-key=\"10u3t-0-0\">\n<div class=\"_1mf _1mj\" data-offset-key=\"10u3t-0-0\"><span data-offset-key=\"10u3t-0-0\">\u00a0<\/span><\/div>\n<\/div>\n<div class=\"\" data-block=\"true\" data-editor=\"64tar\" data-offset-key=\"3jsa6-0-0\">\n<div class=\"_1mf _1mj\" data-offset-key=\"3jsa6-0-0\"><span data-offset-key=\"3jsa6-0-0\">O problema \u00e9 que muitos livros n\u00e3o explicam bem a origem, a nomenclatura e as caracter\u00edsticas dos modos eclesi\u00e1sticos. Alguns usam os nomes dos antigos povos gregos (d\u00f3rico, fr\u00edgio etc.) para designar os modos, outros usam n\u00fameros (1\u00ba modo, 2\u00ba modo etc.) ou termos do octoechos (protus, deuterus etc.). Alguns confundem modo com escala, outros aplicam conceitos da m\u00fasica tonal (t\u00f4nica, dominante, relativa etc.) aos modos. Alguns atribuem os modos aut\u00eanticos e plagais a S\u00e3o Ambr\u00f3sio e S\u00e3o Greg\u00f3rio, respectivamente, outros n\u00e3o mencionam essas categorias. Alguns ainda n\u00e3o d\u00e3o nenhum exemplo de canto gregoriano ou d\u00e3o defini\u00e7\u00f5es absurdas.<\/span><\/div>\n<\/div>\n<div class=\"\" data-block=\"true\" data-editor=\"64tar\" data-offset-key=\"nmk4-0-0\">\n<div class=\"_1mf _1mj\" data-offset-key=\"nmk4-0-0\"><span data-offset-key=\"nmk4-0-0\">\u00a0<\/span><\/div>\n<\/div>\n<div class=\"\" data-block=\"true\" data-editor=\"64tar\" data-offset-key=\"1j1n4-0-0\">\n<div class=\"_1mf _1mj\" data-offset-key=\"1j1n4-0-0\"><span data-offset-key=\"1j1n4-0-0\">O autor conclui que \u00e9 preciso revisar os livros de teoria musical e buscar fontes mais confi\u00e1veis e atualizadas sobre os modos eclesi\u00e1sticos e o canto gregoriano. Ele sugere alguns livros mais especializados e espec\u00edficos sobre o tema, como os de Bewerunge, Bas, Sinzig, Prado e outros. Ele tamb\u00e9m defende que o canto gregoriano \u00e9 uma m\u00fasica que toca a alma e que merece ser estudada e apreciada por sua beleza e profundidade.\u00b9\u00b2\u00b3\u2074\u2075\u2076<\/span><\/div>\n<\/div>\n<div class=\"\" data-block=\"true\" data-editor=\"64tar\" data-offset-key=\"ermpf-0-0\">\n<div class=\"_1mf _1mj\" data-offset-key=\"ermpf-0-0\"><span data-offset-key=\"ermpf-0-0\">\u00a0<\/span><\/div>\n<\/div>\n<div class=\"\" data-block=\"true\" data-editor=\"64tar\" data-offset-key=\"9h702-0-0\">\n<div class=\"_1mf _1mj\" data-offset-key=\"9h702-0-0\"><span data-offset-key=\"9h702-0-0\">(1) LOS MODOS GREGORIANOS O ECLESI\u00c1STICOS &#8211; Aula de Mar\u00eda Tard\u00edo. <a href=\"https:\/\/bing.com\/search?q=canto+gregoriano+e+modos+eclesi%c3%a1sticos\">https:\/\/bing.com\/search?q=canto+gregoriano+e+modos+eclesi%c3%a1sticos<\/a> Acessado 14\/06\/2023.<\/span><\/div>\n<\/div>\n<div class=\"\" data-block=\"true\" data-editor=\"64tar\" data-offset-key=\"3q1qa-0-0\">\n<div class=\"_1mf _1mj\" data-offset-key=\"3q1qa-0-0\"><span data-offset-key=\"3q1qa-0-0\">(2) Canto gregoriano, modos eclesi\u00e1sticos: o que aprendemos com os nossos &#8230;. <a href=\"https:\/\/www.hugoribeiro.com.br\/biblioteca-digital\/Queiroz-Modos.pdf\">https:\/\/www.hugoribeiro.com.br\/biblioteca-digital\/Queiroz-Modos.pdf<\/a> Acessado 14\/06\/2023.<\/span><\/div>\n<\/div>\n<div class=\"\" data-block=\"true\" data-editor=\"64tar\" data-offset-key=\"1msfv-0-0\">\n<div class=\"_1mf _1mj\" data-offset-key=\"1msfv-0-0\"><span data-offset-key=\"1msfv-0-0\">(3) Canto gregoriano \u2013 Wikip\u00e9dia, a enciclop\u00e9dia livre. <a href=\"https:\/\/pt.wikipedia.org\/wiki\/Canto_gregoriano\">https:\/\/pt.wikipedia.org\/wiki\/Canto_gregoriano<\/a> Acessado 14\/06\/2023.<\/span><\/div>\n<\/div>\n<div class=\"\" data-block=\"true\" data-editor=\"64tar\" data-offset-key=\"c0lsl-0-0\">\n<div class=\"_1mf _1mj\" data-offset-key=\"c0lsl-0-0\"><span data-offset-key=\"c0lsl-0-0\">(4) Canto Gregoriano: a m\u00fasica que toca a alma &#8211; Cursos de Canto. <a href=\"https:\/\/cursosdecanto.com.br\/canto-gregoriano-o-que-e\/\">https:\/\/cursosdecanto.com.br\/canto-gregoriano-o-que-e\/<\/a> Acessado 14\/06\/2023.<\/span><\/div>\n<\/div>\n<div class=\"\" data-block=\"true\" data-editor=\"64tar\" data-offset-key=\"2nmt7-0-0\">\n<div class=\"_1mf _1mj\" data-offset-key=\"2nmt7-0-0\"><span data-offset-key=\"2nmt7-0-0\">(5) Modos Eclesi\u00e1sticos o \u00abgregorianos\u00bb &#8211; LenguajeMusicalconCristina. <a href=\"https:\/\/lenguajemusicalconcristina.wordpress.com\/2018\/05\/07\/modos-eclesiasticos-o-gregorianos\/\">https:\/\/lenguajemusicalconcristina.wordpress.com\/2018\/05\/07\/modos-eclesiasticos-o-gregorianos\/<\/a> Acessado 14\/06\/2023.<\/span><\/div>\n<\/div>\n<div class=\"\" data-block=\"true\" data-editor=\"64tar\" data-offset-key=\"bukqo-0-0\">\n<div class=\"_1mf _1mj\" data-offset-key=\"bukqo-0-0\"><span data-offset-key=\"bukqo-0-0\">(6) LOS MODOS GREGORIANOS O ECLESI\u00c1STICOS &#8211; Aula de Mar\u00eda Tard\u00edo. <a href=\"https:\/\/aulavirtualmtardio.files.wordpress.com\/2013\/01\/escalas-y-modos.pdf\">https:\/\/aulavirtualmtardio.files.wordpress.com\/2013\/01\/escalas-y-modos.pdf<\/a> Acessado 14\/06\/2023.<\/span><\/div>\n<\/div>\n<div class=\"\" data-block=\"true\" data-editor=\"64tar\" data-offset-key=\"2mhd9-0-0\"><\/div>\n","protected":false},"excerpt":{"rendered":"<p>Voc\u00ea j\u00e1 ouviu falar do canto gregoriano? Esse estilo musical, que surgiu na Idade M\u00e9dia, \u00e9 considerado a m\u00fasica lit\u00fargica oficial da Igreja Cat\u00f3lica. Mas o que ele tem a ver com os modos eclesi\u00e1sticos? E o que n\u00f3s aprendemos com os livros de teoria musical sobre esse assunto? \u00a0 Um artigo acad\u00eamico de Fl\u00e1vio &hellip; <a href=\"https:\/\/wp.ufpel.edu.br\/bahmus\/2023\/06\/14\/modos-eclesiasticos-voce-conhece\/\" class=\"more-link\">Continuar lendo <span class=\"screen-reader-text\">MODOS ECLESI\u00c1STICOS: Voc\u00ea conhece?<\/span><\/a><\/p>\n","protected":false},"author":1234,"featured_media":0,"comment_status":"closed","ping_status":"closed","sticky":false,"template":"","format":"standard","meta":{"_jetpack_memberships_contains_paid_content":false,"footnotes":""},"categories":[1],"tags":[15,10],"class_list":["post-64","post","type-post","status-publish","format-standard","hentry","category-noticias","tag-historia-da-musica","tag-teoria-musical"],"jetpack_featured_media_url":"","jetpack-related-posts":[],"jetpack_sharing_enabled":true,"_links":{"self":[{"href":"https:\/\/wp.ufpel.edu.br\/bahmus\/wp-json\/wp\/v2\/posts\/64","targetHints":{"allow":["GET"]}}],"collection":[{"href":"https:\/\/wp.ufpel.edu.br\/bahmus\/wp-json\/wp\/v2\/posts"}],"about":[{"href":"https:\/\/wp.ufpel.edu.br\/bahmus\/wp-json\/wp\/v2\/types\/post"}],"author":[{"embeddable":true,"href":"https:\/\/wp.ufpel.edu.br\/bahmus\/wp-json\/wp\/v2\/users\/1234"}],"replies":[{"embeddable":true,"href":"https:\/\/wp.ufpel.edu.br\/bahmus\/wp-json\/wp\/v2\/comments?post=64"}],"version-history":[{"count":2,"href":"https:\/\/wp.ufpel.edu.br\/bahmus\/wp-json\/wp\/v2\/posts\/64\/revisions"}],"predecessor-version":[{"id":69,"href":"https:\/\/wp.ufpel.edu.br\/bahmus\/wp-json\/wp\/v2\/posts\/64\/revisions\/69"}],"wp:attachment":[{"href":"https:\/\/wp.ufpel.edu.br\/bahmus\/wp-json\/wp\/v2\/media?parent=64"}],"wp:term":[{"taxonomy":"category","embeddable":true,"href":"https:\/\/wp.ufpel.edu.br\/bahmus\/wp-json\/wp\/v2\/categories?post=64"},{"taxonomy":"post_tag","embeddable":true,"href":"https:\/\/wp.ufpel.edu.br\/bahmus\/wp-json\/wp\/v2\/tags?post=64"}],"curies":[{"name":"wp","href":"https:\/\/api.w.org\/{rel}","templated":true}]}}