{"id":29,"date":"2023-05-19T14:00:36","date_gmt":"2023-05-19T17:00:36","guid":{"rendered":"https:\/\/wp.ufpel.edu.br\/bahmus\/?p=29"},"modified":"2023-05-17T15:34:17","modified_gmt":"2023-05-17T18:34:17","slug":"voce-conhece-a-anppom","status":"publish","type":"post","link":"https:\/\/wp.ufpel.edu.br\/bahmus\/2023\/05\/19\/voce-conhece-a-anppom\/","title":{"rendered":"VOC\u00ca CONHECE A ANPPOM?"},"content":{"rendered":"<p>A <strong>ANPPOM<\/strong> \u00e9 a sigla para Associa\u00e7\u00e3o Nacional de Pesquisa e P\u00f3s-Gradua\u00e7\u00e3o em M\u00fasica, tem como objetivo promover e consolidar a pesquisa e a p\u00f3s-gradua\u00e7\u00e3o em m\u00fasica no Brasil\u00b9\u00b2. Fundada em 1988, a ANPPOM re\u00fane pesquisadores(as) e docentes da \u00e1rea de m\u00fasica de diversas institui\u00e7\u00f5es de ensino superior e de ensino de m\u00fasica, al\u00e9m de representar a \u00e1rea junto a \u00f3rg\u00e3os governamentais e outras entidades cient\u00edficas e culturais\u00b2.<\/p>\n<p>A ANPPOM realiza anualmente o <strong>Congresso da ANPPOM<\/strong>, um evento acad\u00eamico que visa aprofundar o debate sobre temas e quest\u00f5es fundamentais para o desenvolvimento da m\u00fasica no pa\u00eds, bem como divulgar os resultados das pesquisas realizadas pelos seus associados e associadas\u00b3\u2074. O Congresso da ANPPOM conta com apresenta\u00e7\u00f5es de comunica\u00e7\u00f5es orais, p\u00f4steres, propostas art\u00edsticas, simp\u00f3sios tem\u00e1ticos e grupos de trabalho, abrangendo diversas sub\u00e1reas da m\u00fasica, como composi\u00e7\u00e3o, educa\u00e7\u00e3o musical, etnomusicologia, musicologia, performance, teoria e an\u00e1lise musical, entre outras\u00b3\u2074.<\/p>\n<p>Al\u00e9m do Congresso da ANPPOM, a associa\u00e7\u00e3o tamb\u00e9m publica a <strong>Revista OPUS<\/strong>, um peri\u00f3dico cient\u00edfico classificado no estrato A1 do Qualis Peri\u00f3dicos da CAPES (quadri\u00eanio 2013-2016), que est\u00e1 aberto a colabora\u00e7\u00f5es do Brasil e do exterior\u00b9. A Revista OPUS tem como miss\u00e3o contribuir para o avan\u00e7o do conhecimento na \u00e1rea de m\u00fasica, por meio da publica\u00e7\u00e3o de artigos originais e in\u00e9ditos que apresentem relev\u00e2ncia te\u00f3rica e metodol\u00f3gica\u00b9.<\/p>\n<p>Se voc\u00ea se interessa pela pesquisa e pela p\u00f3s-gradua\u00e7\u00e3o em m\u00fasica no Brasil, vale a pena conhecer a ANPPOM e participar das suas atividades. Para saber mais sobre a associa\u00e7\u00e3o, visite o seu site oficial: <a href=\"https:\/\/anppom.org.br\/\" target=\"_blank\" rel=\"noopener\">https:\/\/anppom.org.br\/<\/a>\u00b9.<\/p>\n<p>(1) P\u00e1gina inicial &#8211; Anppom. <a href=\"https:\/\/anppom.org.br\/\" target=\"_blank\" rel=\"noopener\">https:\/\/anppom.org.br\/<\/a>.<br \/>\n(2) Sobre &#8211; Anppom. <a href=\"https:\/\/anppom.org.br\/sobre\/\" target=\"_blank\" rel=\"noopener\">https:\/\/anppom.org.br\/sobre\/<\/a>.<br \/>\n(3) Anais &#8211; Anppom. <a href=\"https:\/\/anppom.org.br\/congressos\/anais\/\" target=\"_blank\" rel=\"noopener\">https:\/\/anppom.org.br\/congressos\/anais\/<\/a>.<br \/>\n(4) ANPPOM. <a href=\"https:\/\/anppom-congressos.org.br\/\" target=\"_blank\" rel=\"noopener\">https:\/\/anppom-congressos.org.br\/<\/a>.<\/p>\n","protected":false},"excerpt":{"rendered":"<p>A ANPPOM \u00e9 a sigla para Associa\u00e7\u00e3o Nacional de Pesquisa e P\u00f3s-Gradua\u00e7\u00e3o em M\u00fasica, tem como objetivo promover e consolidar a pesquisa e a p\u00f3s-gradua\u00e7\u00e3o em m\u00fasica no Brasil\u00b9\u00b2. Fundada em 1988, a ANPPOM re\u00fane pesquisadores(as) e docentes da \u00e1rea de m\u00fasica de diversas institui\u00e7\u00f5es de ensino superior e de ensino de m\u00fasica, al\u00e9m de &hellip; <a href=\"https:\/\/wp.ufpel.edu.br\/bahmus\/2023\/05\/19\/voce-conhece-a-anppom\/\" class=\"more-link\">Continuar lendo <span class=\"screen-reader-text\">VOC\u00ca CONHECE A ANPPOM?<\/span><\/a><\/p>\n","protected":false},"author":1234,"featured_media":0,"comment_status":"closed","ping_status":"closed","sticky":false,"template":"","format":"standard","meta":{"_jetpack_memberships_contains_paid_content":false,"footnotes":""},"categories":[1],"tags":[7,8,9],"class_list":["post-29","post","type-post","status-publish","format-standard","hentry","category-noticias","tag-ensino","tag-pesquisa","tag-pos-graduacao"],"jetpack_featured_media_url":"","jetpack-related-posts":[],"jetpack_sharing_enabled":true,"_links":{"self":[{"href":"https:\/\/wp.ufpel.edu.br\/bahmus\/wp-json\/wp\/v2\/posts\/29","targetHints":{"allow":["GET"]}}],"collection":[{"href":"https:\/\/wp.ufpel.edu.br\/bahmus\/wp-json\/wp\/v2\/posts"}],"about":[{"href":"https:\/\/wp.ufpel.edu.br\/bahmus\/wp-json\/wp\/v2\/types\/post"}],"author":[{"embeddable":true,"href":"https:\/\/wp.ufpel.edu.br\/bahmus\/wp-json\/wp\/v2\/users\/1234"}],"replies":[{"embeddable":true,"href":"https:\/\/wp.ufpel.edu.br\/bahmus\/wp-json\/wp\/v2\/comments?post=29"}],"version-history":[{"count":1,"href":"https:\/\/wp.ufpel.edu.br\/bahmus\/wp-json\/wp\/v2\/posts\/29\/revisions"}],"predecessor-version":[{"id":31,"href":"https:\/\/wp.ufpel.edu.br\/bahmus\/wp-json\/wp\/v2\/posts\/29\/revisions\/31"}],"wp:attachment":[{"href":"https:\/\/wp.ufpel.edu.br\/bahmus\/wp-json\/wp\/v2\/media?parent=29"}],"wp:term":[{"taxonomy":"category","embeddable":true,"href":"https:\/\/wp.ufpel.edu.br\/bahmus\/wp-json\/wp\/v2\/categories?post=29"},{"taxonomy":"post_tag","embeddable":true,"href":"https:\/\/wp.ufpel.edu.br\/bahmus\/wp-json\/wp\/v2\/tags?post=29"}],"curies":[{"name":"wp","href":"https:\/\/api.w.org\/{rel}","templated":true}]}}