{"id":21,"date":"2023-05-17T14:13:02","date_gmt":"2023-05-17T17:13:02","guid":{"rendered":"https:\/\/wp.ufpel.edu.br\/bahmus\/?p=21"},"modified":"2023-05-17T14:13:02","modified_gmt":"2023-05-17T17:13:02","slug":"que-tal-um-pouco-de-teoria-musical","status":"publish","type":"post","link":"https:\/\/wp.ufpel.edu.br\/bahmus\/2023\/05\/17\/que-tal-um-pouco-de-teoria-musical\/","title":{"rendered":"Que tal um pouco de teoria musical?"},"content":{"rendered":"<p><img loading=\"lazy\" decoding=\"async\" class=\"size-medium wp-image-23 aligncenter\" src=\"https:\/\/wp.ufpel.edu.br\/bahmus\/files\/2023\/05\/Uma-postagem-para-blog-intitulada-Que-tal-um-pouco-de-teoria-musical-400x209.jpeg\" alt=\"\" width=\"400\" height=\"209\" srcset=\"https:\/\/wp.ufpel.edu.br\/bahmus\/files\/2023\/05\/Uma-postagem-para-blog-intitulada-Que-tal-um-pouco-de-teoria-musical-400x209.jpeg 400w, https:\/\/wp.ufpel.edu.br\/bahmus\/files\/2023\/05\/Uma-postagem-para-blog-intitulada-Que-tal-um-pouco-de-teoria-musical-1024x536.jpeg 1024w, https:\/\/wp.ufpel.edu.br\/bahmus\/files\/2023\/05\/Uma-postagem-para-blog-intitulada-Que-tal-um-pouco-de-teoria-musical-768x402.jpeg 768w, https:\/\/wp.ufpel.edu.br\/bahmus\/files\/2023\/05\/Uma-postagem-para-blog-intitulada-Que-tal-um-pouco-de-teoria-musical.jpeg 1200w\" sizes=\"auto, (max-width: 400px) 100vw, 400px\" \/><\/p>\n<p>Voc\u00ea gosta de m\u00fasica e quer aprender mais sobre os conceitos e as t\u00e9cnicas que est\u00e3o por tr\u00e1s das obras musicais? Ent\u00e3o voc\u00ea vai gostar de conhecer esses livros sobre teoria musical. Eles abordam temas variados, desde os fundamentos da nota\u00e7\u00e3o e da harmonia at\u00e9 as inova\u00e7\u00f5es da m\u00fasica atonal e dodecaf\u00f4nica. Al\u00e9m disso, eles s\u00e3o escritos por autores renomados e experientes no assunto, que explicam os conte\u00fados de forma clara e did\u00e1tica. Confira a seguir os livros que selecionamos para voc\u00ea e aproveite para ampliar seus conhecimentos musicais!<\/p>\n<ul>\n<li><strong>Apoteose de Schoenberg: Tratado Sobre as Entidades Harm\u00f4nicas<\/strong>, de Flo Menezes. Este livro \u00e9 um estudo aprofundado sobre a teoria harm\u00f4nica do compositor austr\u00edaco Arnold Schoenberg, considerado um dos pioneiros da m\u00fasica atonal e dodecaf\u00f4nica. O livro foi publicado em 2023 pela Ateli\u00ea Editorial.<\/li>\n<li><strong>Teoria musical: Li\u00e7\u00f5es essenciais<\/strong>, de Luciano Alves. Este livro \u00e9 um guia pr\u00e1tico e did\u00e1tico para quem quer aprender os conceitos b\u00e1sicos da teoria musical, como nota\u00e7\u00e3o, intervalos, escalas, acordes, cifras e ritmo. O livro foi publicado em 2020 pela Irm\u00e3os Vitale.<\/li>\n<li><strong>Teoria da M\u00fasica<\/strong>, de Bohumil Med. Este livro \u00e9 uma obra de refer\u00eancia para quem quer conhecer teoria musical. Ele aborda temas como harmonia, contraponto, an\u00e1lise, forma e estilo musical, com exemplos de diversas \u00e9pocas e g\u00eaneros musicais. O livro foi publicado em 2017 pela APGIQ.<\/li>\n<li><strong>O Ciclo das Quintas Para Guitarristas: Aprenda e Aplique a Teoria Musical para Guitarristas, <\/strong>de Joseph Alexander. Este livro \u00e9 um manual pr\u00e1tico para guitarristas que querem dominar o ciclo das quintas, um conceito fundamental para entender a rela\u00e7\u00e3o entre as notas e os acordes na m\u00fasica. O livro foi publicado em 2019 pela Fundamental Changes.<\/li>\n<li><strong>Teoria musical para crian\u00e7as<\/strong>, de Olga Xavier de Oliveira. Este livro \u00e9 uma introdu\u00e7\u00e3o l\u00fadica e divertida \u00e0 teoria musical para crian\u00e7as. Ele usa ilustra\u00e7\u00f5es, jogos e atividades para ensinar os elementos b\u00e1sicos da m\u00fasica, como som, ritmo, melodia e harmonia. O livro foi publicado em 2020 pela Irm\u00e3os Vitale.<\/li>\n<\/ul>\n<p>Espero que esses livros sejam \u00fateis para voc\u00ea. Se voc\u00ea quiser saber mais sobre algum deles, basta me perguntar. \ud83d\ude09<\/p>\n<p>&nbsp;<\/p>\n","protected":false},"excerpt":{"rendered":"<p>Voc\u00ea gosta de m\u00fasica e quer aprender mais sobre os conceitos e as t\u00e9cnicas que est\u00e3o por tr\u00e1s das obras musicais? Ent\u00e3o voc\u00ea vai gostar de conhecer esses livros sobre teoria musical. Eles abordam temas variados, desde os fundamentos da nota\u00e7\u00e3o e da harmonia at\u00e9 as inova\u00e7\u00f5es da m\u00fasica atonal e dodecaf\u00f4nica. Al\u00e9m disso, eles &hellip; <a href=\"https:\/\/wp.ufpel.edu.br\/bahmus\/2023\/05\/17\/que-tal-um-pouco-de-teoria-musical\/\" class=\"more-link\">Continuar lendo <span class=\"screen-reader-text\">Que tal um pouco de teoria musical?<\/span><\/a><\/p>\n","protected":false},"author":1234,"featured_media":0,"comment_status":"closed","ping_status":"closed","sticky":false,"template":"","format":"standard","meta":{"_jetpack_memberships_contains_paid_content":false,"footnotes":""},"categories":[1],"tags":[],"class_list":["post-21","post","type-post","status-publish","format-standard","hentry","category-noticias"],"jetpack_featured_media_url":"","jetpack-related-posts":[],"jetpack_sharing_enabled":true,"_links":{"self":[{"href":"https:\/\/wp.ufpel.edu.br\/bahmus\/wp-json\/wp\/v2\/posts\/21","targetHints":{"allow":["GET"]}}],"collection":[{"href":"https:\/\/wp.ufpel.edu.br\/bahmus\/wp-json\/wp\/v2\/posts"}],"about":[{"href":"https:\/\/wp.ufpel.edu.br\/bahmus\/wp-json\/wp\/v2\/types\/post"}],"author":[{"embeddable":true,"href":"https:\/\/wp.ufpel.edu.br\/bahmus\/wp-json\/wp\/v2\/users\/1234"}],"replies":[{"embeddable":true,"href":"https:\/\/wp.ufpel.edu.br\/bahmus\/wp-json\/wp\/v2\/comments?post=21"}],"version-history":[{"count":1,"href":"https:\/\/wp.ufpel.edu.br\/bahmus\/wp-json\/wp\/v2\/posts\/21\/revisions"}],"predecessor-version":[{"id":24,"href":"https:\/\/wp.ufpel.edu.br\/bahmus\/wp-json\/wp\/v2\/posts\/21\/revisions\/24"}],"wp:attachment":[{"href":"https:\/\/wp.ufpel.edu.br\/bahmus\/wp-json\/wp\/v2\/media?parent=21"}],"wp:term":[{"taxonomy":"category","embeddable":true,"href":"https:\/\/wp.ufpel.edu.br\/bahmus\/wp-json\/wp\/v2\/categories?post=21"},{"taxonomy":"post_tag","embeddable":true,"href":"https:\/\/wp.ufpel.edu.br\/bahmus\/wp-json\/wp\/v2\/tags?post=21"}],"curies":[{"name":"wp","href":"https:\/\/api.w.org\/{rel}","templated":true}]}}