{"id":1428,"date":"2023-05-30T10:47:53","date_gmt":"2023-05-30T13:47:53","guid":{"rendered":"https:\/\/wp.ufpel.edu.br\/bachareladoemquimica\/?p=1428"},"modified":"2023-05-30T10:47:53","modified_gmt":"2023-05-30T13:47:53","slug":"datas-importantes-2023-1","status":"publish","type":"post","link":"https:\/\/wp.ufpel.edu.br\/bachareladoemquimica\/2023\/05\/30\/datas-importantes-2023-1\/","title":{"rendered":"Datas importantes &#8211; 2023\/1"},"content":{"rendered":"<div class=\"cobalto-calendario-mes\"><strong>MAIO \/ 2023<\/strong><\/div>\n<div><\/div>\n<div>\n<div class=\"cobalto-calendario-linha cobalto-calendario-linha-impar\"><span class=\"cobalto-calendario-dia\"><strong>29 Segunda <\/strong><\/span><span class=\"cobalto-calendario-descricao\">IN\u00cdCIO: Per\u00edodo de solicita\u00e7\u00e3o de matr\u00edcula on-line 2023\/1<\/span><\/div>\n<div class=\"cobalto-calendario-linha cobalto-calendario-linha-par\"><span class=\"cobalto-calendario-dia\"><strong>31 Quarta <\/strong><\/span><span class=\"cobalto-calendario-descricao\">FIM: Per\u00edodo de solicita\u00e7\u00e3o de matr\u00edcula on-line 2023\/1<\/span><\/div>\n<\/div>\n<div><\/div>\n<div><strong>JUNHO \/ 2023<\/strong><\/div>\n<div><\/div>\n<div>\n<div class=\"cobalto-calendario-linha cobalto-calendario-linha-impar\"><span class=\"cobalto-calendario-dia\"><strong>01 Quinta <\/strong><\/span><span class=\"cobalto-calendario-descricao\">Processamento das solicita\u00e7\u00f5es de matr\u00edcula on-line 2023\/1<\/span><\/div>\n<div class=\"cobalto-calendario-linha cobalto-calendario-linha-impar\"><span class=\"cobalto-calendario-descricao\">In\u00edcio do per\u00edodo para os alunos consultarem a matr\u00edcula on-line 2023\/1<\/span><\/div>\n<div class=\"cobalto-calendario-linha cobalto-calendario-linha-par\"><span class=\"cobalto-calendario-dia\"><strong>02 Sexta <\/strong><\/span><span class=\"cobalto-calendario-descricao\">IN\u00cdCIO: Per\u00edodo de matr\u00edculas 2023\/1 para ingressantes por Transfer\u00eancia, Reop\u00e7\u00e3o, Reingresso, Retomada de Estudos e Portador de T\u00edtulo<\/span><\/div>\n<div class=\"cobalto-calendario-linha cobalto-calendario-linha-par\"><span class=\"cobalto-calendario-descricao\">IN\u00cdCIO: Per\u00edodo da solicita\u00e7\u00e3o de corre\u00e7\u00e3o de matr\u00edcula \u2013 Cobalto 2023\/1<\/span><\/div>\n<div class=\"cobalto-calendario-linha cobalto-calendario-linha-par\"><span class=\"cobalto-calendario-descricao\">In\u00edcio do per\u00edodo de solicita\u00e7\u00e3o de trancamento geral de matr\u00edcula para os alunos que n\u00e3o solicitaram matr\u00edcula para 2023\/1 na CRA.<\/span><\/div>\n<div class=\"cobalto-calendario-linha cobalto-calendario-linha-impar\"><span class=\"cobalto-calendario-dia\"><strong>04 Domingo <\/strong><\/span><span class=\"cobalto-calendario-descricao\">FIM: Per\u00edodo de matr\u00edculas 2023\/1 para ingressantes por Transfer\u00eancia, Reop\u00e7\u00e3o, Reingresso, Retomada de Estudos e Portador de T\u00edtulo<\/span><\/div>\n<div class=\"cobalto-calendario-linha cobalto-calendario-linha-impar\"><span class=\"cobalto-calendario-descricao\">FIM: Per\u00edodo da solicita\u00e7\u00e3o de corre\u00e7\u00e3o de matr\u00edcula \u2013 Cobalto 2023\/1<\/span><\/div>\n<div>\n<div class=\"cobalto-calendario-linha cobalto-calendario-linha-par\"><span class=\"cobalto-calendario-dia\"><strong>05 Segunda <\/strong><\/span><span class=\"cobalto-calendario-descricao\">IN\u00cdCIO: Per\u00edodo de homologa\u00e7\u00e3o das solicita\u00e7\u00f5es de corre\u00e7\u00e3o de matr\u00edcula 2023\/1<\/span><\/div>\n<div><span class=\"cobalto-calendario-dia\"><strong>07 Quarta <\/strong><\/span><span class=\"cobalto-calendario-descricao\">FIM: Per\u00edodo de homologa\u00e7\u00e3o das solicita\u00e7\u00f5es de corre\u00e7\u00e3o de matr\u00edcula 2023\/1<\/span><\/div>\n<div>\n<div class=\"cobalto-calendario-linha cobalto-calendario-linha-par\"><span class=\"cobalto-calendario-dia\"><strong>09 Sexta <\/strong><\/span><span class=\"cobalto-calendario-descricao\">IN\u00cdCIO: Per\u00edodo solicita\u00e7\u00e3o de matr\u00edcula especial 2023\/1 &#8211; Cobalto<\/span><\/div>\n<div class=\"cobalto-calendario-linha cobalto-calendario-linha-impar\"><span class=\"cobalto-calendario-dia\"><strong>12 Segunda <\/strong><\/span><span class=\"cobalto-calendario-descricao\">IN\u00cdCIO: Per\u00edodo de confirma\u00e7\u00e3o de matr\u00edcula para alunos ingressantes.<\/span><\/div>\n<div class=\"cobalto-calendario-linha cobalto-calendario-linha-impar\"><span class=\"cobalto-calendario-descricao\">In\u00edcio do semestre letivo 2023\/1<\/span><\/div>\n<div class=\"cobalto-calendario-linha cobalto-calendario-linha-impar\"><span class=\"cobalto-calendario-descricao\">FIM: Per\u00edodo solicita\u00e7\u00e3o de matr\u00edcula especial 2023\/1 &#8211; Cobalto<\/span><\/div>\n<div class=\"cobalto-calendario-linha cobalto-calendario-linha-par\"><span class=\"cobalto-calendario-dia\"><strong>13 Ter\u00e7a <\/strong><\/span><span class=\"cobalto-calendario-descricao\">Homologa\u00e7\u00e3o das solicita\u00e7\u00f5es de matr\u00edcula especial \u2013 2023\/1 curso de origem<\/span><\/div>\n<div><span class=\"cobalto-calendario-dia\"><strong>14 Quarta <\/strong><\/span><span class=\"cobalto-calendario-descricao\">Homologa\u00e7\u00e3o das solicita\u00e7\u00f5es de matr\u00edcula especial \u2013 2023\/1 curso de destino<\/span><\/div>\n<div>\n<div class=\"cobalto-calendario-linha cobalto-calendario-linha-impar\"><span class=\"cobalto-calendario-dia\"><strong>16 Sexta\u00a0 <\/strong><\/span><span class=\"cobalto-calendario-descricao\">FIM: Per\u00edodo de confirma\u00e7\u00e3o de matr\u00edcula para alunos ingressantes.<\/span><\/div>\n<div><\/div>\n<\/div>\n<\/div>\n<\/div>\n<\/div>\n<div>\n<div class=\"cobalto-calendario-mes\"><strong>JULHO \/ 2023<\/strong><\/div>\n<div><\/div>\n<div class=\"cobalto-calendario-linha cobalto-calendario-linha-impar\"><span class=\"cobalto-calendario-dia\"><strong>05 Quarta <\/strong><\/span><span class=\"cobalto-calendario-descricao\">Fim do per\u00edodo de solicita\u00e7\u00e3o de trancamento geral de matr\u00edcula para os alunos que n\u00e3o solicitaram matr\u00edcula para 2023-1<\/span><\/div>\n<\/div>\n","protected":false},"excerpt":{"rendered":"<p>MAIO \/ 2023 29 Segunda IN\u00cdCIO: Per\u00edodo de solicita\u00e7\u00e3o de matr\u00edcula on-line 2023\/1 31 Quarta FIM: Per\u00edodo de solicita\u00e7\u00e3o de matr\u00edcula on-line 2023\/1 JUNHO \/ 2023 01 Quinta Processamento das solicita\u00e7\u00f5es de matr\u00edcula on-line 2023\/1 In\u00edcio do per\u00edodo para os alunos consultarem a matr\u00edcula on-line 2023\/1 02 Sexta IN\u00cdCIO: Per\u00edodo de matr\u00edculas 2023\/1 para ingressantes [&hellip;]<\/p>\n","protected":false},"author":688,"featured_media":0,"comment_status":"closed","ping_status":"closed","sticky":false,"template":"","format":"standard","meta":{"footnotes":""},"categories":[1],"tags":[],"class_list":["post-1428","post","type-post","status-publish","format-standard","hentry","category-noticias"],"jetpack_featured_media_url":"","_links":{"self":[{"href":"https:\/\/wp.ufpel.edu.br\/bachareladoemquimica\/wp-json\/wp\/v2\/posts\/1428","targetHints":{"allow":["GET"]}}],"collection":[{"href":"https:\/\/wp.ufpel.edu.br\/bachareladoemquimica\/wp-json\/wp\/v2\/posts"}],"about":[{"href":"https:\/\/wp.ufpel.edu.br\/bachareladoemquimica\/wp-json\/wp\/v2\/types\/post"}],"author":[{"embeddable":true,"href":"https:\/\/wp.ufpel.edu.br\/bachareladoemquimica\/wp-json\/wp\/v2\/users\/688"}],"replies":[{"embeddable":true,"href":"https:\/\/wp.ufpel.edu.br\/bachareladoemquimica\/wp-json\/wp\/v2\/comments?post=1428"}],"version-history":[{"count":1,"href":"https:\/\/wp.ufpel.edu.br\/bachareladoemquimica\/wp-json\/wp\/v2\/posts\/1428\/revisions"}],"predecessor-version":[{"id":1430,"href":"https:\/\/wp.ufpel.edu.br\/bachareladoemquimica\/wp-json\/wp\/v2\/posts\/1428\/revisions\/1430"}],"wp:attachment":[{"href":"https:\/\/wp.ufpel.edu.br\/bachareladoemquimica\/wp-json\/wp\/v2\/media?parent=1428"}],"wp:term":[{"taxonomy":"category","embeddable":true,"href":"https:\/\/wp.ufpel.edu.br\/bachareladoemquimica\/wp-json\/wp\/v2\/categories?post=1428"},{"taxonomy":"post_tag","embeddable":true,"href":"https:\/\/wp.ufpel.edu.br\/bachareladoemquimica\/wp-json\/wp\/v2\/tags?post=1428"}],"curies":[{"name":"wp","href":"https:\/\/api.w.org\/{rel}","templated":true}]}}