{"id":249,"date":"2024-03-12T18:27:47","date_gmt":"2024-03-12T21:27:47","guid":{"rendered":"https:\/\/wp.ufpel.edu.br\/avozdoporto\/?p=249"},"modified":"2024-03-12T18:28:41","modified_gmt":"2024-03-12T21:28:41","slug":"desafios-a-luta-por-qualidade-de-vida-nas-comunidades-ribeirinhas-do-porto-de-pelotas","status":"publish","type":"post","link":"https:\/\/wp.ufpel.edu.br\/avozdoporto\/2024\/03\/12\/desafios-a-luta-por-qualidade-de-vida-nas-comunidades-ribeirinhas-do-porto-de-pelotas\/","title":{"rendered":"Desafios: a luta por qualidade de vida nas comunidades ribeirinhas do Porto de Pelotas"},"content":{"rendered":"<p style=\"text-align: right;\">Por Lu\u00edsa Brito e Yasmin Arroyo<!--more--><\/p>\n<div id=\"attachment_253\" style=\"width: 710px\" class=\"wp-caption aligncenter\"><img loading=\"lazy\" decoding=\"async\" aria-describedby=\"caption-attachment-253\" class=\"size-large wp-image-253\" src=\"https:\/\/wp.ufpel.edu.br\/avozdoporto\/files\/2024\/03\/Captura-de-tela-2024-03-12-182144-1024x681.png\" alt=\"\" width=\"700\" height=\"466\" srcset=\"https:\/\/wp.ufpel.edu.br\/avozdoporto\/files\/2024\/03\/Captura-de-tela-2024-03-12-182144-1024x681.png 1024w, https:\/\/wp.ufpel.edu.br\/avozdoporto\/files\/2024\/03\/Captura-de-tela-2024-03-12-182144-400x266.png 400w, https:\/\/wp.ufpel.edu.br\/avozdoporto\/files\/2024\/03\/Captura-de-tela-2024-03-12-182144-768x511.png 768w, https:\/\/wp.ufpel.edu.br\/avozdoporto\/files\/2024\/03\/Captura-de-tela-2024-03-12-182144.png 1179w\" sizes=\"auto, (max-width: 700px) 100vw, 700px\" \/><p id=\"caption-attachment-253\" class=\"wp-caption-text\">Foto: Lorenzo Bonone<\/p><\/div>\n<p style=\"text-align: justify;\">Habitar com qualidade \u00e9 um direito humano b\u00e1sico, fundamental para o bem-estar e o desenvolvimento das comunidades. No entanto, com o r\u00e1pido crescimento das cidades, muitas regi\u00f5es acabam negligenciadas, privadas do acesso \u00e0 infraestrutura b\u00e1sica e de qualidade de vida, deixando parcelas da popula\u00e7\u00e3o vivendo em condi\u00e7\u00f5es prec\u00e1rias, desprovidas dos servi\u00e7os e recursos essenciais para uma vida digna.<\/p>\n<p style=\"text-align: justify;\">Na regi\u00e3o do Porto de Pelotas, observa-se um cen\u00e1rio onde todos os recortes se estreitam \u00e0 comunidade e ao comunit\u00e1rio, com destaque para a comunidade ribeirinha localizada no bairro. Estes grupos s\u00e3o caracterizados por um estilo de vida e um modelo de trabalho com peculiaridades pr\u00f3prias, baseados principalmente na pesca como atividade primordial de sobreviv\u00eancia, al\u00e9m de pr\u00e1ticas extrativistas e de subsist\u00eancia.<\/p>\n<div id=\"attachment_254\" style=\"width: 710px\" class=\"wp-caption aligncenter\"><img loading=\"lazy\" decoding=\"async\" aria-describedby=\"caption-attachment-254\" class=\"size-large wp-image-254\" src=\"https:\/\/wp.ufpel.edu.br\/avozdoporto\/files\/2024\/03\/Captura-de-tela-2024-03-12-182249-1024x688.png\" alt=\"\" width=\"700\" height=\"470\" srcset=\"https:\/\/wp.ufpel.edu.br\/avozdoporto\/files\/2024\/03\/Captura-de-tela-2024-03-12-182249-1024x688.png 1024w, https:\/\/wp.ufpel.edu.br\/avozdoporto\/files\/2024\/03\/Captura-de-tela-2024-03-12-182249-400x269.png 400w, https:\/\/wp.ufpel.edu.br\/avozdoporto\/files\/2024\/03\/Captura-de-tela-2024-03-12-182249-768x516.png 768w, https:\/\/wp.ufpel.edu.br\/avozdoporto\/files\/2024\/03\/Captura-de-tela-2024-03-12-182249.png 1131w\" sizes=\"auto, (max-width: 700px) 100vw, 700px\" \/><p id=\"caption-attachment-254\" class=\"wp-caption-text\">Foto: Lu\u00edsa Brito<\/p><\/div>\n<p style=\"text-align: justify;\">A neglig\u00eancia das autoridades p\u00fablicas em rela\u00e7\u00e3o a essas comunidades resulta em consequ\u00eancias adversas, como o aumento da criminalidade e o aprofundamento da desigualdade social. A situa\u00e7\u00e3o \u00e9 agravada pela invisibilidade dessas comunidades, como \u00e9 o caso daquela pr\u00f3xima ao Campus Anglo da UFPel, situada em uma \u00e1rea altamente movimentada por estudantes, mas muitas vezes ignorada pela sociedade em geral.<\/p>\n<p style=\"text-align: justify;\">A hist\u00f3ria da regi\u00e3o, marcada por transforma\u00e7\u00f5es socioecon\u00f4micas, \u00e9 crucial para entender os desafios enfrentados pela comunidade circundante ao Campus Porto da UFPel. Antes abrigando atividades industriais como a Charqueada de Brutus Almeida e a Companhia Frigor\u00edfica Rio Grande, o local foi posteriormente convertido no Frigor\u00edfico Anglo e, mais tarde, doado \u00e0 UFPel pela Funda\u00e7\u00e3o Simon Bol\u00edvar.<\/p>\n<p style=\"text-align: justify;\">Nesse contexto, a universidade tem um papel crucial a desempenhar. Como institui\u00e7\u00e3o p\u00fablica comprometida com o desenvolvimento social, possui um dever \u00e9tico e moral de auxiliar as popula\u00e7\u00f5es locais atrav\u00e9s de suas atividades de extens\u00e3o universit\u00e1ria. Essas iniciativas visam n\u00e3o s\u00f3 atender \u00e0s demandas e necessidades da comunidade, mas tamb\u00e9m promover o desenvolvimento socioecon\u00f4mico, cultural e educacional das regi\u00f5es circunvizinhas.<\/p>\n<p style=\"text-align: justify;\">Ao se envolver ativamente com as comunidades ribeirinhas e outras popula\u00e7\u00f5es locais, a UFPel n\u00e3o s\u00f3 cumpre seu papel como agente de transforma\u00e7\u00e3o social, mas tamb\u00e9m fortalece os la\u00e7os de coopera\u00e7\u00e3o e solidariedade entre a academia e a comunidade. Assim, a colabora\u00e7\u00e3o entre a universidade e essas comunidades n\u00e3o \u00e9 apenas uma quest\u00e3o de dever institucional, mas tamb\u00e9m uma forma de promover uma rela\u00e7\u00e3o de parceria e co-responsabilidade na busca por solu\u00e7\u00f5es que beneficiem a todos os envolvidos.<\/p>\n","protected":false},"excerpt":{"rendered":"<p>Por Lu\u00edsa Brito e Yasmin Arroyo<\/p>\n","protected":false},"author":1346,"featured_media":253,"comment_status":"closed","ping_status":"closed","sticky":false,"template":"","format":"standard","meta":{"footnotes":""},"categories":[1],"tags":[4],"class_list":["post-249","post","type-post","status-publish","format-standard","has-post-thumbnail","hentry","category-noticias","tag-featured"],"jetpack_featured_media_url":"https:\/\/wp.ufpel.edu.br\/avozdoporto\/files\/2024\/03\/Captura-de-tela-2024-03-12-182144.png","_links":{"self":[{"href":"https:\/\/wp.ufpel.edu.br\/avozdoporto\/wp-json\/wp\/v2\/posts\/249","targetHints":{"allow":["GET"]}}],"collection":[{"href":"https:\/\/wp.ufpel.edu.br\/avozdoporto\/wp-json\/wp\/v2\/posts"}],"about":[{"href":"https:\/\/wp.ufpel.edu.br\/avozdoporto\/wp-json\/wp\/v2\/types\/post"}],"author":[{"embeddable":true,"href":"https:\/\/wp.ufpel.edu.br\/avozdoporto\/wp-json\/wp\/v2\/users\/1346"}],"replies":[{"embeddable":true,"href":"https:\/\/wp.ufpel.edu.br\/avozdoporto\/wp-json\/wp\/v2\/comments?post=249"}],"version-history":[{"count":1,"href":"https:\/\/wp.ufpel.edu.br\/avozdoporto\/wp-json\/wp\/v2\/posts\/249\/revisions"}],"predecessor-version":[{"id":255,"href":"https:\/\/wp.ufpel.edu.br\/avozdoporto\/wp-json\/wp\/v2\/posts\/249\/revisions\/255"}],"wp:featuredmedia":[{"embeddable":true,"href":"https:\/\/wp.ufpel.edu.br\/avozdoporto\/wp-json\/wp\/v2\/media\/253"}],"wp:attachment":[{"href":"https:\/\/wp.ufpel.edu.br\/avozdoporto\/wp-json\/wp\/v2\/media?parent=249"}],"wp:term":[{"taxonomy":"category","embeddable":true,"href":"https:\/\/wp.ufpel.edu.br\/avozdoporto\/wp-json\/wp\/v2\/categories?post=249"},{"taxonomy":"post_tag","embeddable":true,"href":"https:\/\/wp.ufpel.edu.br\/avozdoporto\/wp-json\/wp\/v2\/tags?post=249"}],"curies":[{"name":"wp","href":"https:\/\/api.w.org\/{rel}","templated":true}]}}