{"id":236,"date":"2024-03-08T16:52:54","date_gmt":"2024-03-08T19:52:54","guid":{"rendered":"https:\/\/wp.ufpel.edu.br\/avozdoporto\/?p=236"},"modified":"2024-03-08T16:54:02","modified_gmt":"2024-03-08T19:54:02","slug":"kilombo-urbano-canto-de-conexao-seis-anos-de-historia-ocupacao-e-resistencia","status":"publish","type":"post","link":"https:\/\/wp.ufpel.edu.br\/avozdoporto\/2024\/03\/08\/kilombo-urbano-canto-de-conexao-seis-anos-de-historia-ocupacao-e-resistencia\/","title":{"rendered":"Kilombo Urbano Canto de Conex\u00e3o: seis anos de hist\u00f3ria, ocupa\u00e7\u00e3o e resist\u00eancia"},"content":{"rendered":"<p style=\"text-align: right;\">Por Murilo Schurt Alves<\/p>\n<p style=\"text-align: justify;\"><!--more--><\/p>\n<p><img loading=\"lazy\" decoding=\"async\" class=\"aligncenter size-large wp-image-238\" src=\"https:\/\/wp.ufpel.edu.br\/avozdoporto\/files\/2024\/03\/PHOTO-2024-02-15-17-56-48-1024x768.jpg\" alt=\"\" width=\"700\" height=\"525\" srcset=\"https:\/\/wp.ufpel.edu.br\/avozdoporto\/files\/2024\/03\/PHOTO-2024-02-15-17-56-48-1024x768.jpg 1024w, https:\/\/wp.ufpel.edu.br\/avozdoporto\/files\/2024\/03\/PHOTO-2024-02-15-17-56-48-400x300.jpg 400w, https:\/\/wp.ufpel.edu.br\/avozdoporto\/files\/2024\/03\/PHOTO-2024-02-15-17-56-48-768x576.jpg 768w, https:\/\/wp.ufpel.edu.br\/avozdoporto\/files\/2024\/03\/PHOTO-2024-02-15-17-56-48.jpg 1280w\" sizes=\"auto, (max-width: 700px) 100vw, 700px\" \/><\/p>\n<blockquote>\n<p style=\"text-align: justify;\"><span style=\"font-weight: 400;\">Arroz, feij\u00e3o, ovo cozido, refogado com batata e couve, e tomate. Card\u00e1pio do almo\u00e7o de domingo, oferecido pelo Kilombo Urbano Canto de Conex\u00e3o \u2014 rua Benjamin Constant, 1327. Trata-se da campanha \u201cSem fome e sem dor\u201d, que semanalmente distribui entre oitenta e cem refei\u00e7\u00f5es gratuitas. A partir das doa\u00e7\u00f5es recebidas durante a semana, s\u00e3o elaboradas marmitas que, a partir do meio-dia de domingo, podem ser retiradas.<\/span><\/p>\n<\/blockquote>\n<p style=\"text-align: justify;\"><span style=\"font-weight: 400;\">O texto que voc\u00ea acabou de ler \u00e9 um trecho da mat\u00e9ria \u201cKilombo Urbano oferece refei\u00e7\u00f5es e acolhimento\u201d. Escrito pelo jornalista Carlos Cogoy e publicado em abril de 2022 no jornal Di\u00e1rio da Manh\u00e3 de Pelotas, ele sintetiza brevemente o trabalho comunit\u00e1rio realizado pelo quilombo na zona portu\u00e1ria de Pelotas. Inicialmente, o coletivo se constituiu por um grupo de alunos da Universidade Federal de Pelotas que militava em prol da legaliza\u00e7\u00e3o da maconha, al\u00e9m de protestar contra os cortes or\u00e7ament\u00e1rios na \u00e1rea da educa\u00e7\u00e3o em 2016, \u00e9poca do processo de <\/span><i><span style=\"font-weight: 400;\">impeachment <\/span><\/i><span style=\"font-weight: 400;\">contra a ex-presidenta Dilma Rousseff.\u00a0<\/span><\/p>\n<p style=\"text-align: justify;\"><span style=\"font-weight: 400;\">Atrav\u00e9s desses objetivos em comum e sofrendo com o cen\u00e1rio de viol\u00eancia que se alastrava pelo Porto, este grupo procurou ocupar e ressignificar um dos pr\u00e9dios abandonados da regi\u00e3o. \u201cA gente queria mudar uma regi\u00e3o da cidade, transformar uma zona de conflito em um territ\u00f3rio de paz\u201d, comenta Giovane Lessa, um dos moradores mais antigos do local.\u00a0<\/span><\/p>\n<p style=\"text-align: justify;\"><span style=\"font-weight: 400;\">Inicialmente, o processo de ocupa\u00e7\u00e3o acontece com a limpeza e manuten\u00e7\u00e3o do espa\u00e7o, desentupindo esgotos, arrumando telhados e construindo um espa\u00e7o digno para que os estudantes pudessem ter direito \u00e0 moradia. \u201cO pr\u00e9dio estava totalmente degradado e bagun\u00e7ado. A gente tirou, aproximadamente, 7 toneladas de lixo de dentro do pr\u00e9dio\u201d, evidencia Giovane. Logo ap\u00f3s, come\u00e7a a se discutir iniciativas culturais e sociais em prol da popula\u00e7\u00e3o, como a distribui\u00e7\u00e3o de refei\u00e7\u00f5es gratuitas que viraram mat\u00e9rias de jornais.\u00a0<\/span><\/p>\n<p style=\"text-align: justify;\"><span style=\"font-weight: 400;\">Atualmente, o t\u00e9rreo do pr\u00e9dio conta com uma biblioteca, uma sala de m\u00fasica com uma vasta aparelhagem musical e um ateli\u00ea para empr\u00e9stimos de motosserras, furadeiras e outros materiais de constru\u00e7\u00e3o. Al\u00e9m disso, h\u00e1 um espa\u00e7o para a realiza\u00e7\u00e3o de eventos culturais, uma cozinha comunit\u00e1ria e uma horta que garante diversos alimentos para as refei\u00e7\u00f5es de seus moradores. A parte de cima, por sua vez, re\u00fane espa\u00e7os para moradia e \u00e1reas de interesse social. \u201cS\u00e3o duas pessoas que moram em cada quarto. S\u00e3o pessoas que procuram acolhimento, pessoas que brigam com a fam\u00edlia e n\u00e3o tem onde ficar, pessoas de fora da cidade e mochileiros\u201d, complementa.<\/span><\/p>\n<p style=\"text-align: justify;\"><span style=\"font-weight: 400;\">Al\u00e9m disso, percebe que esse conjunto de iniciativas ajuda a desmistificar o preconceito e os estere\u00f3tipos racistas que, lamentavelmente, ainda pairam sobre a regi\u00e3o portu\u00e1ria. \u201cQuando eu estou sentado aqui na frente e passa um pessoal de carro olhando para n\u00f3s, eu me sinto parte de um povo escravizado e enjaulado \u2018para ingl\u00eas ver\u2019. Eu tenho essa impress\u00e3o, mas a gente conseguiu reverter muito isso com o trabalho que a gente desenvolve aqui\u201d, finaliza Giovane.<\/span><\/p>\n","protected":false},"excerpt":{"rendered":"<p>Por Murilo Schurt Alves<\/p>\n","protected":false},"author":1346,"featured_media":238,"comment_status":"closed","ping_status":"closed","sticky":false,"template":"","format":"standard","meta":{"footnotes":""},"categories":[7],"tags":[4],"class_list":["post-236","post","type-post","status-publish","format-standard","has-post-thumbnail","hentry","category-historia","tag-featured"],"jetpack_featured_media_url":"https:\/\/wp.ufpel.edu.br\/avozdoporto\/files\/2024\/03\/PHOTO-2024-02-15-17-56-48.jpg","_links":{"self":[{"href":"https:\/\/wp.ufpel.edu.br\/avozdoporto\/wp-json\/wp\/v2\/posts\/236","targetHints":{"allow":["GET"]}}],"collection":[{"href":"https:\/\/wp.ufpel.edu.br\/avozdoporto\/wp-json\/wp\/v2\/posts"}],"about":[{"href":"https:\/\/wp.ufpel.edu.br\/avozdoporto\/wp-json\/wp\/v2\/types\/post"}],"author":[{"embeddable":true,"href":"https:\/\/wp.ufpel.edu.br\/avozdoporto\/wp-json\/wp\/v2\/users\/1346"}],"replies":[{"embeddable":true,"href":"https:\/\/wp.ufpel.edu.br\/avozdoporto\/wp-json\/wp\/v2\/comments?post=236"}],"version-history":[{"count":2,"href":"https:\/\/wp.ufpel.edu.br\/avozdoporto\/wp-json\/wp\/v2\/posts\/236\/revisions"}],"predecessor-version":[{"id":240,"href":"https:\/\/wp.ufpel.edu.br\/avozdoporto\/wp-json\/wp\/v2\/posts\/236\/revisions\/240"}],"wp:featuredmedia":[{"embeddable":true,"href":"https:\/\/wp.ufpel.edu.br\/avozdoporto\/wp-json\/wp\/v2\/media\/238"}],"wp:attachment":[{"href":"https:\/\/wp.ufpel.edu.br\/avozdoporto\/wp-json\/wp\/v2\/media?parent=236"}],"wp:term":[{"taxonomy":"category","embeddable":true,"href":"https:\/\/wp.ufpel.edu.br\/avozdoporto\/wp-json\/wp\/v2\/categories?post=236"},{"taxonomy":"post_tag","embeddable":true,"href":"https:\/\/wp.ufpel.edu.br\/avozdoporto\/wp-json\/wp\/v2\/tags?post=236"}],"curies":[{"name":"wp","href":"https:\/\/api.w.org\/{rel}","templated":true}]}}