{"id":220,"date":"2024-03-07T17:22:17","date_gmt":"2024-03-07T20:22:17","guid":{"rendered":"https:\/\/wp.ufpel.edu.br\/avozdoporto\/?p=220"},"modified":"2024-03-07T17:22:17","modified_gmt":"2024-03-07T20:22:17","slug":"kilombo-urbano-e-o-domingo-contra-a-fome","status":"publish","type":"post","link":"https:\/\/wp.ufpel.edu.br\/avozdoporto\/2024\/03\/07\/kilombo-urbano-e-o-domingo-contra-a-fome\/","title":{"rendered":"Kilombo Urbano e o domingo contra a fome"},"content":{"rendered":"<p style=\"text-align: right;\">Por Caio Nogueira, Carolina Farias Tapia e Pedro Bittencourt<!--more--><\/p>\n<p style=\"text-align: justify;\">A ocupa\u00e7\u00e3o Kilombo Urbano Canto de Conex\u00e3o \u00e9 a casa de diversas pessoas sem moradia na cidade de Pelotas e realiza aos domingos uma cozinha solid\u00e1ria que visa alimentar as pessoas em situa\u00e7\u00e3o de rua. Entre \u00e0s 12h e 14h ocorre a distribui\u00e7\u00e3o de marmitas, a cozinha \u00e9 organizada em um modelo de produ\u00e7\u00e3o em que cada pessoa envolvida faz um pouco e \u00e9 comandada por Claudete Lessa.<\/p>\n<p style=\"text-align: justify;\">Claudete Lessa al\u00e9m de dirigir e coordenar a cozinha da a\u00e7\u00e3o, luta pelos direitos das pessoas, \u201co importante pra mim \u00e9 fazer comida, que \u00e9 o que eu gosto, minha profiss\u00e3o \u00e9 fazer comida, isso aqui pra mim caiu de m\u00e3o aberta, fazer comida pro povo\u201d, ela comenta. Sua maior motiva\u00e7\u00e3o \u00e9 alimentar quem precisa e estar perto de seu filho, Giovani, que faz parte da organiza\u00e7\u00e3o do quilombo e tamb\u00e9m \u00e9 morador.<\/p>\n\n\t\t<style type=\"text\/css\">\n\t\t\t#gallery-1 {\n\t\t\t\tmargin: auto;\n\t\t\t}\n\t\t\t#gallery-1 .gallery-item {\n\t\t\t\tfloat: left;\n\t\t\t\tmargin-top: 10px;\n\t\t\t\ttext-align: center;\n\t\t\t\twidth: 50%;\n\t\t\t}\n\t\t\t#gallery-1 img {\n\t\t\t\tborder: 2px solid #cfcfcf;\n\t\t\t}\n\t\t\t#gallery-1 .gallery-caption {\n\t\t\t\tmargin-left: 0;\n\t\t\t}\n\t\t\t\/* see gallery_shortcode() in wp-includes\/media.php *\/\n\t\t<\/style>\n\t\t<div id='gallery-1' class='gallery galleryid-220 gallery-columns-2 gallery-size-full'><dl class='gallery-item'>\n\t\t\t<dt class='gallery-icon landscape'>\n\t\t\t\t<a href='https:\/\/wp.ufpel.edu.br\/avozdoporto\/2024\/03\/07\/kilombo-urbano-e-o-domingo-contra-a-fome\/imagem5\/#main'><img loading=\"lazy\" decoding=\"async\" width=\"756\" height=\"567\" src=\"https:\/\/wp.ufpel.edu.br\/avozdoporto\/files\/2024\/03\/Imagem5.jpg\" class=\"attachment-full size-full\" alt=\"\" srcset=\"https:\/\/wp.ufpel.edu.br\/avozdoporto\/files\/2024\/03\/Imagem5.jpg 756w, https:\/\/wp.ufpel.edu.br\/avozdoporto\/files\/2024\/03\/Imagem5-400x300.jpg 400w\" sizes=\"auto, (max-width: 756px) 100vw, 756px\" \/><\/a>\n\t\t\t<\/dt><\/dl><dl class='gallery-item'>\n\t\t\t<dt class='gallery-icon landscape'>\n\t\t\t\t<a href='https:\/\/wp.ufpel.edu.br\/avozdoporto\/2024\/03\/07\/kilombo-urbano-e-o-domingo-contra-a-fome\/imagem6\/#main'><img loading=\"lazy\" decoding=\"async\" width=\"757\" height=\"567\" src=\"https:\/\/wp.ufpel.edu.br\/avozdoporto\/files\/2024\/03\/Imagem6.jpg\" class=\"attachment-full size-full\" alt=\"\" srcset=\"https:\/\/wp.ufpel.edu.br\/avozdoporto\/files\/2024\/03\/Imagem6.jpg 757w, https:\/\/wp.ufpel.edu.br\/avozdoporto\/files\/2024\/03\/Imagem6-400x300.jpg 400w\" sizes=\"auto, (max-width: 757px) 100vw, 757px\" \/><\/a>\n\t\t\t<\/dt><\/dl><br style=\"clear: both\" \/>\n\t\t<\/div>\n\n<p style=\"text-align: justify;\">O assessor jur\u00eddico do quilombo \u00e9 Glauco Manjourany, ele complementa que a cozinha solid\u00e1ria organizada pelo Kilombo Urbano teve in\u00edcio ap\u00f3s um projeto que existia estar com problemas devido a falta de um lugar f\u00edsico para a produ\u00e7\u00e3o dos alimentos. Ap\u00f3s o quilombo se envolver nessa iniciativa, a cozinha solid\u00e1ria que antes distribu\u00eda 100 marmitas por domingo, hoje distribui mais de 200 refei\u00e7\u00f5es. Em seu in\u00edcio elas eram distribu\u00eddas pela cidade por volunt\u00e1rios, que buscavam as marmitas na ocupa\u00e7\u00e3o e as levavam para diversos bairros de Pelotas, isso ainda acontece, mas atualmente todas as pessoas que precisarem do almo\u00e7o podem retirar por conta pr\u00f3pria na sede do quilombo.<\/p>\n<p><img loading=\"lazy\" decoding=\"async\" class=\"aligncenter size-full wp-image-226\" src=\"https:\/\/wp.ufpel.edu.br\/avozdoporto\/files\/2024\/03\/Imagem7.jpg\" alt=\"\" width=\"849\" height=\"567\" srcset=\"https:\/\/wp.ufpel.edu.br\/avozdoporto\/files\/2024\/03\/Imagem7.jpg 849w, https:\/\/wp.ufpel.edu.br\/avozdoporto\/files\/2024\/03\/Imagem7-400x267.jpg 400w, https:\/\/wp.ufpel.edu.br\/avozdoporto\/files\/2024\/03\/Imagem7-768x513.jpg 768w\" sizes=\"auto, (max-width: 849px) 100vw, 849px\" \/><\/p>\n<p style=\"text-align: justify;\">O Kilombo Urbano Canto de Conex\u00e3o \u00e9 movido pela solidariedade e vontade de fazer o bem, tanto de seus moradores e apoiadores, quanto de pessoas que doam suprimentos ao espa\u00e7o. A ocupa\u00e7\u00e3o n\u00e3o recebe nenhuma verba municipal ou do estado para seu mantimento, \u201cO coletivo \u00e9 movido por tr\u00eas pressupostos b\u00e1sicos, a\u00e7\u00e3o direta, autodetermina\u00e7\u00e3o e autogest\u00e3o\u201d, comenta Glauco.<\/p>\n<p style=\"text-align: justify;\">O pr\u00e9dio \u00e9 localizado na rua Benjamin Constant 1327, e quando perguntado sobre a cozinha solid\u00e1ria, Glauco enfatizou a import\u00e2ncia da ocupa\u00e7\u00e3o desse pr\u00e9dio que antes era motivo de medo e hoje se tornou um ponto de resist\u00eancia e combate \u00e0 fome. Glauco \u00e9 morador da atual \u201cRua Benjamin Constant\u201d a mais de 40 anos, contou que antigamente a rua se chamava \u201cRua da Indigena\u201d e acredita no enorme significado que esse lugar tem para o Porto e para a cidade. Ele acrescenta que sem as a\u00e7\u00f5es vindas dos pr\u00f3prios moradores em ocupar e revitalizar o lugar, n\u00e3o haveria movimenta\u00e7\u00e3o nenhuma do poder p\u00fablico para ressignificar o atual quilombo, \u201cse n\u00e3o fosse a autodetermina\u00e7\u00e3o de entrarmos aqui, a a\u00e7\u00e3o direta de n\u00f3s catar telha, catar porta e janela, e n\u00f3s mesmos resolvermos o problema desse im\u00f3vel que estava abandonado, isso nunca ia acontecer, o Estado nunca ia fazer isso, o Estado inclusive foi quem deixou o im\u00f3vel em situa\u00e7\u00e3o de abandono\u201d.<\/p>\n<p><img loading=\"lazy\" decoding=\"async\" class=\"aligncenter size-full wp-image-227\" src=\"https:\/\/wp.ufpel.edu.br\/avozdoporto\/files\/2024\/03\/Imagem8.jpg\" alt=\"\" width=\"848\" height=\"567\" srcset=\"https:\/\/wp.ufpel.edu.br\/avozdoporto\/files\/2024\/03\/Imagem8.jpg 848w, https:\/\/wp.ufpel.edu.br\/avozdoporto\/files\/2024\/03\/Imagem8-400x267.jpg 400w, https:\/\/wp.ufpel.edu.br\/avozdoporto\/files\/2024\/03\/Imagem8-768x514.jpg 768w\" sizes=\"auto, (max-width: 848px) 100vw, 848px\" \/><\/p>\n<p style=\"text-align: justify;\">O Kilombo Urbano se denomina um coletivo ou movimento anarquista, ou seja, tudo que \u00e9 produzido pelo quilombo \u00e9 gerido pelas pessoas que fazem parte e convivem ali. Para colaborar basta entrar em contato pelo Instagram: <a href=\"https:\/\/www.instagram.com\/ocupacantodeconexaoo\">@ocupacantodeconexaoo<\/a>; ou ir at\u00e9 a sede, toda ajuda \u00e9 bem-vinda.<\/p>\n","protected":false},"excerpt":{"rendered":"<p>Por Caio Nogueira, Carolina Farias Tapia e Pedro Bittencourt<\/p>\n","protected":false},"author":1346,"featured_media":224,"comment_status":"closed","ping_status":"closed","sticky":false,"template":"","format":"standard","meta":{"footnotes":""},"categories":[1],"tags":[4],"class_list":["post-220","post","type-post","status-publish","format-standard","has-post-thumbnail","hentry","category-noticias","tag-featured"],"jetpack_featured_media_url":"https:\/\/wp.ufpel.edu.br\/avozdoporto\/files\/2024\/03\/Imagem5.jpg","_links":{"self":[{"href":"https:\/\/wp.ufpel.edu.br\/avozdoporto\/wp-json\/wp\/v2\/posts\/220","targetHints":{"allow":["GET"]}}],"collection":[{"href":"https:\/\/wp.ufpel.edu.br\/avozdoporto\/wp-json\/wp\/v2\/posts"}],"about":[{"href":"https:\/\/wp.ufpel.edu.br\/avozdoporto\/wp-json\/wp\/v2\/types\/post"}],"author":[{"embeddable":true,"href":"https:\/\/wp.ufpel.edu.br\/avozdoporto\/wp-json\/wp\/v2\/users\/1346"}],"replies":[{"embeddable":true,"href":"https:\/\/wp.ufpel.edu.br\/avozdoporto\/wp-json\/wp\/v2\/comments?post=220"}],"version-history":[{"count":1,"href":"https:\/\/wp.ufpel.edu.br\/avozdoporto\/wp-json\/wp\/v2\/posts\/220\/revisions"}],"predecessor-version":[{"id":228,"href":"https:\/\/wp.ufpel.edu.br\/avozdoporto\/wp-json\/wp\/v2\/posts\/220\/revisions\/228"}],"wp:featuredmedia":[{"embeddable":true,"href":"https:\/\/wp.ufpel.edu.br\/avozdoporto\/wp-json\/wp\/v2\/media\/224"}],"wp:attachment":[{"href":"https:\/\/wp.ufpel.edu.br\/avozdoporto\/wp-json\/wp\/v2\/media?parent=220"}],"wp:term":[{"taxonomy":"category","embeddable":true,"href":"https:\/\/wp.ufpel.edu.br\/avozdoporto\/wp-json\/wp\/v2\/categories?post=220"},{"taxonomy":"post_tag","embeddable":true,"href":"https:\/\/wp.ufpel.edu.br\/avozdoporto\/wp-json\/wp\/v2\/tags?post=220"}],"curies":[{"name":"wp","href":"https:\/\/api.w.org\/{rel}","templated":true}]}}