{"id":194,"date":"2024-02-08T16:57:03","date_gmt":"2024-02-08T19:57:03","guid":{"rendered":"https:\/\/wp.ufpel.edu.br\/avozdoporto\/?p=194"},"modified":"2024-02-08T17:05:34","modified_gmt":"2024-02-08T20:05:34","slug":"armazem-do-porto-em-uma-missao-de-natal","status":"publish","type":"post","link":"https:\/\/wp.ufpel.edu.br\/avozdoporto\/2024\/02\/08\/armazem-do-porto-em-uma-missao-de-natal\/","title":{"rendered":"Armaz\u00e9m do Porto em uma miss\u00e3o de Natal"},"content":{"rendered":"<p style=\"text-align: right;\"><strong style=\"font-size: 13px;\">Por Caio Nogueira, Carolina Farias Tapia e Pedro Bittencourt<\/strong><!--more--><\/p>\n<p style=\"text-align: justify;\">No cora\u00e7\u00e3o do Porto, uma a\u00e7\u00e3o solid\u00e1ria traz sorrisos e alegria para crian\u00e7as da regi\u00e3o durante o Natal. Desde 2022, organizada pelos amigos Marcel Figueiredo e Andrez Azevedo, a iniciativa busca proporcionar momentos \u00fanicos durante essa \u00e9poca festiva, atrav\u00e9s da arrecada\u00e7\u00e3o e distribui\u00e7\u00e3o de brinquedos, presentes e doces, conduzida pelo pr\u00f3prio Papai Noel.<\/p>\n<p style=\"text-align: justify;\">&#8220;Para n\u00f3s, mais do que simplesmente doar presentes, \u00e9 sobre transmitir carinho e receber afeto em troca&#8221;, disse Andrez. Os respons\u00e1veis ainda destacam como \u00e9 recompensador um trabalho volunt\u00e1rio que vem dando vida a esse importante feriado: &#8220;O carinho das crian\u00e7as e de seus respons\u00e1veis \u00e9 o que verdadeiramente nos motiva e recompensa&#8221;.<\/p>\n<p style=\"text-align: justify;\">Al\u00e9m de trazer alegria individualmente, a a\u00e7\u00e3o solid\u00e1ria tamb\u00e9m desempenha um papel crucial na comunidade. &#8220;Nossa inten\u00e7\u00e3o \u00e9 levar um pouco de esperan\u00e7a e felicidade para as fam\u00edlias nesta data t\u00e3o significativa&#8221;, acrescenta Andrez. &#8220;Queremos mostrar que estamos juntos, especialmente em momentos importantes como este\u201d.<\/p>\n<p style=\"text-align: justify;\">Quando questionados sobre a possibilidade de estender a iniciativa para outras datas, os organizadores expressam o desejo, mas reconhecem os desafios envolvidos. &#8220;Embora tenhamos vontade, precisamos considerar diversos fatores. Por enquanto, nosso foco \u00e9 manter e aprimorar a a\u00e7\u00e3o de Natal&#8221;, explicam.<\/p>\n<p style=\"text-align: justify;\">Em rela\u00e7\u00e3o ao alcance da a\u00e7\u00e3o, estimam ter atendido aproximadamente 500 crian\u00e7as no \u00faltimo Natal, atrav\u00e9s da generosidade da comunidade e de parceiros envolvidos.<\/p>\n<p style=\"text-align: justify;\">Sobre a necessidade de mais a\u00e7\u00f5es como essa, a opini\u00e3o \u00e9 un\u00e2nime: todas as regi\u00f5es da cidade poderiam se beneficiar de iniciativas semelhantes. &#8220;N\u00f3s realizamos essa a\u00e7\u00e3o no Porto porque somos cria daqui e como costumamos dizer: &#8220;\u00c9 o Porto e sua gente!&#8221;, enfatizam os organizadores.<\/p>\n<p style=\"text-align: justify;\">Assim, atrav\u00e9s de gestos de solidariedade e uni\u00e3o, a a\u00e7\u00e3o solid\u00e1ria no Porto ilumina n\u00e3o apenas o Natal, mas tamb\u00e9m os cora\u00e7\u00f5es de todos aqueles envolvidos, reafirmando o poder transformador do amor e da compaix\u00e3o na constru\u00e7\u00e3o de uma comunidade mais forte e unida.<\/p>\n\n\t\t<style type=\"text\/css\">\n\t\t\t#gallery-1 {\n\t\t\t\tmargin: auto;\n\t\t\t}\n\t\t\t#gallery-1 .gallery-item {\n\t\t\t\tfloat: left;\n\t\t\t\tmargin-top: 10px;\n\t\t\t\ttext-align: center;\n\t\t\t\twidth: 50%;\n\t\t\t}\n\t\t\t#gallery-1 img {\n\t\t\t\tborder: 2px solid #cfcfcf;\n\t\t\t}\n\t\t\t#gallery-1 .gallery-caption {\n\t\t\t\tmargin-left: 0;\n\t\t\t}\n\t\t\t\/* see gallery_shortcode() in wp-includes\/media.php *\/\n\t\t<\/style>\n\t\t<div id='gallery-1' class='gallery galleryid-194 gallery-columns-2 gallery-size-full'><dl class='gallery-item'>\n\t\t\t<dt class='gallery-icon portrait'>\n\t\t\t\t<a href='https:\/\/wp.ufpel.edu.br\/avozdoporto\/2024\/02\/08\/armazem-do-porto-em-uma-missao-de-natal\/whatsapp-image-2024-02-08-at-16-59-34-1\/#main'><img loading=\"lazy\" decoding=\"async\" width=\"1200\" height=\"1600\" src=\"https:\/\/wp.ufpel.edu.br\/avozdoporto\/files\/2024\/02\/WhatsApp-Image-2024-02-08-at-16.59.34-1.jpeg\" class=\"attachment-full size-full\" alt=\"\" srcset=\"https:\/\/wp.ufpel.edu.br\/avozdoporto\/files\/2024\/02\/WhatsApp-Image-2024-02-08-at-16.59.34-1.jpeg 1200w, https:\/\/wp.ufpel.edu.br\/avozdoporto\/files\/2024\/02\/WhatsApp-Image-2024-02-08-at-16.59.34-1-300x400.jpeg 300w, https:\/\/wp.ufpel.edu.br\/avozdoporto\/files\/2024\/02\/WhatsApp-Image-2024-02-08-at-16.59.34-1-768x1024.jpeg 768w, https:\/\/wp.ufpel.edu.br\/avozdoporto\/files\/2024\/02\/WhatsApp-Image-2024-02-08-at-16.59.34-1-1152x1536.jpeg 1152w\" sizes=\"auto, (max-width: 1200px) 100vw, 1200px\" \/><\/a>\n\t\t\t<\/dt><\/dl><dl class='gallery-item'>\n\t\t\t<dt class='gallery-icon portrait'>\n\t\t\t\t<a href='https:\/\/wp.ufpel.edu.br\/avozdoporto\/2024\/02\/08\/armazem-do-porto-em-uma-missao-de-natal\/whatsapp-image-2024-02-08-at-16-59-34\/#main'><img loading=\"lazy\" decoding=\"async\" width=\"768\" height=\"1024\" src=\"https:\/\/wp.ufpel.edu.br\/avozdoporto\/files\/2024\/02\/WhatsApp-Image-2024-02-08-at-16.59.34.jpeg\" class=\"attachment-full size-full\" alt=\"\" srcset=\"https:\/\/wp.ufpel.edu.br\/avozdoporto\/files\/2024\/02\/WhatsApp-Image-2024-02-08-at-16.59.34.jpeg 768w, https:\/\/wp.ufpel.edu.br\/avozdoporto\/files\/2024\/02\/WhatsApp-Image-2024-02-08-at-16.59.34-300x400.jpeg 300w\" sizes=\"auto, (max-width: 768px) 100vw, 768px\" \/><\/a>\n\t\t\t<\/dt><\/dl><br style=\"clear: both\" \/>\n\t\t<\/div>\n\n<p style=\"text-align: center;\">(Fotos: Arquivo pessoal)<\/p>\n<p>&nbsp;<\/p>\n","protected":false},"excerpt":{"rendered":"<p>Por Caio Nogueira, Carolina Farias Tapia e Pedro Bittencourt<\/p>\n","protected":false},"author":1346,"featured_media":201,"comment_status":"closed","ping_status":"closed","sticky":false,"template":"","format":"standard","meta":{"footnotes":""},"categories":[1],"tags":[4],"class_list":["post-194","post","type-post","status-publish","format-standard","has-post-thumbnail","hentry","category-noticias","tag-featured"],"jetpack_featured_media_url":"https:\/\/wp.ufpel.edu.br\/avozdoporto\/files\/2024\/02\/WhatsApp-Image-2024-02-08-at-16.59.34-1.jpeg","_links":{"self":[{"href":"https:\/\/wp.ufpel.edu.br\/avozdoporto\/wp-json\/wp\/v2\/posts\/194","targetHints":{"allow":["GET"]}}],"collection":[{"href":"https:\/\/wp.ufpel.edu.br\/avozdoporto\/wp-json\/wp\/v2\/posts"}],"about":[{"href":"https:\/\/wp.ufpel.edu.br\/avozdoporto\/wp-json\/wp\/v2\/types\/post"}],"author":[{"embeddable":true,"href":"https:\/\/wp.ufpel.edu.br\/avozdoporto\/wp-json\/wp\/v2\/users\/1346"}],"replies":[{"embeddable":true,"href":"https:\/\/wp.ufpel.edu.br\/avozdoporto\/wp-json\/wp\/v2\/comments?post=194"}],"version-history":[{"count":3,"href":"https:\/\/wp.ufpel.edu.br\/avozdoporto\/wp-json\/wp\/v2\/posts\/194\/revisions"}],"predecessor-version":[{"id":204,"href":"https:\/\/wp.ufpel.edu.br\/avozdoporto\/wp-json\/wp\/v2\/posts\/194\/revisions\/204"}],"wp:featuredmedia":[{"embeddable":true,"href":"https:\/\/wp.ufpel.edu.br\/avozdoporto\/wp-json\/wp\/v2\/media\/201"}],"wp:attachment":[{"href":"https:\/\/wp.ufpel.edu.br\/avozdoporto\/wp-json\/wp\/v2\/media?parent=194"}],"wp:term":[{"taxonomy":"category","embeddable":true,"href":"https:\/\/wp.ufpel.edu.br\/avozdoporto\/wp-json\/wp\/v2\/categories?post=194"},{"taxonomy":"post_tag","embeddable":true,"href":"https:\/\/wp.ufpel.edu.br\/avozdoporto\/wp-json\/wp\/v2\/tags?post=194"}],"curies":[{"name":"wp","href":"https:\/\/api.w.org\/{rel}","templated":true}]}}