{"id":953,"date":"2018-05-06T08:53:20","date_gmt":"2018-05-06T11:53:20","guid":{"rendered":"https:\/\/wp.ufpel.edu.br\/aulusmm\/?p=953"},"modified":"2018-06-10T19:47:23","modified_gmt":"2018-06-10T22:47:23","slug":"fala-orides-fontela","status":"publish","type":"post","link":"https:\/\/wp.ufpel.edu.br\/aulusmm\/2018\/05\/06\/fala-orides-fontela\/","title":{"rendered":"Fala [Orides Fontela]"},"content":{"rendered":"<p>Tudo<br \/>\nser\u00e1 dif\u00edcil de dizer:<br \/>\na palavra real<br \/>\nnunca \u00e9 suave.<\/p>\n<p>Tudo ser\u00e1 duro:<br \/>\nluz impiedosa<br \/>\nexcessiva viv\u00eancia<br \/>\nconsci\u00eancia demais do ser.<\/p>\n<p>Tudo ser\u00e1<br \/>\ncapaz de ferir. Ser\u00e1<br \/>\nagressivamente real.<br \/>\nT\u00e3o real que nos despeda\u00e7a.<\/p>\n<p>N\u00e3o h\u00e1 piedade nos signos<br \/>\ne nem o amor: o ser<br \/>\n\u00e9 excessivamente l\u00facido<br \/>\ne a palavra \u00e9 densa e nos fere.<\/p>\n<p>(Toda palavra \u00e9 crueldade.)<\/p>\n<p>[<em>Transposi\u00e7\u00e3o<\/em>, 1969]<\/p>\n<p>&nbsp;<\/p>\n","protected":false},"excerpt":{"rendered":"<p>Tudo ser\u00e1 dif\u00edcil de dizer: a palavra real nunca \u00e9 suave. Tudo ser\u00e1 duro: luz impiedosa excessiva viv\u00eancia consci\u00eancia demais do ser. Tudo ser\u00e1 capaz de ferir. Ser\u00e1 agressivamente real. T\u00e3o real que nos despeda\u00e7a. N\u00e3o h\u00e1 piedade nos signos e nem o amor: o ser \u00e9 excessivamente l\u00facido e a palavra \u00e9 densa e &hellip; <\/p>\n<p class=\"link-more\"><a href=\"https:\/\/wp.ufpel.edu.br\/aulusmm\/2018\/05\/06\/fala-orides-fontela\/\" class=\"more-link\">Continue lendo<span class=\"screen-reader-text\"> &#8220;Fala [Orides Fontela]&#8221;<\/span><\/a><\/p>\n","protected":false},"author":594,"featured_media":0,"comment_status":"closed","ping_status":"closed","sticky":false,"template":"","format":"standard","meta":{"jetpack_post_was_ever_published":false,"_jetpack_newsletter_access":"","_jetpack_dont_email_post_to_subs":false,"_jetpack_newsletter_tier_id":0,"_jetpack_memberships_contains_paywalled_content":false,"_jetpack_memberships_contains_paid_content":false,"footnotes":"","jetpack_publicize_message":"","jetpack_publicize_feature_enabled":true,"jetpack_social_post_already_shared":true,"jetpack_social_options":{"image_generator_settings":{"template":"highway","default_image_id":0,"font":"","enabled":false},"version":2}},"categories":[1],"tags":[7,4,9,20],"class_list":["post-953","post","type-post","status-publish","format-standard","hentry","category-noticias","tag-fala","tag-orides-fontela","tag-poesia-brasileira","tag-transposicao"],"jetpack_publicize_connections":[],"jetpack_featured_media_url":"","jetpack_sharing_enabled":true,"jetpack_shortlink":"https:\/\/wp.me\/p6XyNv-fn","jetpack-related-posts":[],"jetpack_likes_enabled":true,"_links":{"self":[{"href":"https:\/\/wp.ufpel.edu.br\/aulusmm\/wp-json\/wp\/v2\/posts\/953","targetHints":{"allow":["GET"]}}],"collection":[{"href":"https:\/\/wp.ufpel.edu.br\/aulusmm\/wp-json\/wp\/v2\/posts"}],"about":[{"href":"https:\/\/wp.ufpel.edu.br\/aulusmm\/wp-json\/wp\/v2\/types\/post"}],"author":[{"embeddable":true,"href":"https:\/\/wp.ufpel.edu.br\/aulusmm\/wp-json\/wp\/v2\/users\/594"}],"replies":[{"embeddable":true,"href":"https:\/\/wp.ufpel.edu.br\/aulusmm\/wp-json\/wp\/v2\/comments?post=953"}],"version-history":[{"count":2,"href":"https:\/\/wp.ufpel.edu.br\/aulusmm\/wp-json\/wp\/v2\/posts\/953\/revisions"}],"predecessor-version":[{"id":956,"href":"https:\/\/wp.ufpel.edu.br\/aulusmm\/wp-json\/wp\/v2\/posts\/953\/revisions\/956"}],"wp:attachment":[{"href":"https:\/\/wp.ufpel.edu.br\/aulusmm\/wp-json\/wp\/v2\/media?parent=953"}],"wp:term":[{"taxonomy":"category","embeddable":true,"href":"https:\/\/wp.ufpel.edu.br\/aulusmm\/wp-json\/wp\/v2\/categories?post=953"},{"taxonomy":"post_tag","embeddable":true,"href":"https:\/\/wp.ufpel.edu.br\/aulusmm\/wp-json\/wp\/v2\/tags?post=953"}],"curies":[{"name":"wp","href":"https:\/\/api.w.org\/{rel}","templated":true}]}}