{"id":573,"date":"2017-05-14T21:11:37","date_gmt":"2017-05-15T00:11:37","guid":{"rendered":"https:\/\/wp.ufpel.edu.br\/aulusmm\/?p=573"},"modified":"2021-09-09T16:45:14","modified_gmt":"2021-09-09T19:45:14","slug":"vou-me-embora-pra-pasargada-manuel-bandeira","status":"publish","type":"post","link":"https:\/\/wp.ufpel.edu.br\/aulusmm\/2017\/05\/14\/vou-me-embora-pra-pasargada-manuel-bandeira\/","title":{"rendered":"Vou-me embora pra Pas\u00e1rgada [Manuel Bandeira]"},"content":{"rendered":"<p>Vou-me embora pra Pas\u00e1rgada<br \/>\nL\u00e1 sou amigo do rei<br \/>\nL\u00e1 tenho a mulher que eu quero<br \/>\nNa cama que escolherei<\/p>\n<p>Vou-me embora pra Pas\u00e1rgada<br \/>\nAqui eu n\u00e3o sou feliz<br \/>\nL\u00e1 a exist\u00eancia \u00e9 uma aventura<br \/>\nDe tal modo inconsequente<br \/>\nQue Joana a Louca de Espanha<br \/>\nRainha e falsa demente<br \/>\nVem a ser contraparente<br \/>\nDa nora que nunca tive<\/p>\n<p>E como farei gin\u00e1stica<br \/>\nAndarei de bicicleta<br \/>\nMontarei em burro brabo<br \/>\nSubirei no pau-de-sebo<br \/>\nTomarei banhos de mar!<br \/>\nE quando estiver cansado<br \/>\nDeito na beira do rio<br \/>\nMando chamar a m\u00e3e-d\u2019\u00e1gua<br \/>\nPra me contar as hist\u00f3rias<br \/>\nQue no tempo de eu menino<br \/>\nRosa vinha me contar<br \/>\nVou-me embora pra Pas\u00e1rgada<\/p>\n<p>Em Pas\u00e1rgada tem tudo<br \/>\n\u00c9 outra civiliza\u00e7\u00e3o<br \/>\nTem um processo seguro<br \/>\nDe impedir a concep\u00e7\u00e3o<br \/>\nTem telefone autom\u00e1tico<br \/>\nTem alcaloide \u00e0 vontade<br \/>\nTem prostitutas bonitas<br \/>\nPara a gente namorar<\/p>\n<p>E quando eu estiver mais triste<br \/>\nMas triste de n\u00e3o ter jeito<br \/>\nQuando de noite me der<br \/>\nVontade de me matar<br \/>\n\u2014 L\u00e1 sou amigo do rei \u2014<br \/>\nTerei a mulher que eu quero<br \/>\nNa cama que escolherei<br \/>\nVou-me embora pra Pas\u00e1rgada.<\/p>\n<p>&nbsp;<\/p>\n<p>Libertinagem (1930)<\/p>\n","protected":false},"excerpt":{"rendered":"<p>Vou-me embora pra Pas\u00e1rgada L\u00e1 sou amigo do rei L\u00e1 tenho a mulher que eu quero Na cama que escolherei Vou-me embora pra Pas\u00e1rgada Aqui eu n\u00e3o sou feliz L\u00e1 a exist\u00eancia \u00e9 uma aventura De tal modo inconsequente Que Joana a Louca de Espanha Rainha e falsa demente Vem a ser contraparente Da nora &hellip; <\/p>\n<p class=\"link-more\"><a href=\"https:\/\/wp.ufpel.edu.br\/aulusmm\/2017\/05\/14\/vou-me-embora-pra-pasargada-manuel-bandeira\/\" class=\"more-link\">Continue lendo<span class=\"screen-reader-text\"> &#8220;Vou-me embora pra Pas\u00e1rgada [Manuel Bandeira]&#8221;<\/span><\/a><\/p>\n","protected":false},"author":594,"featured_media":0,"comment_status":"closed","ping_status":"closed","sticky":false,"template":"","format":"standard","meta":{"jetpack_post_was_ever_published":false,"_jetpack_newsletter_access":"","_jetpack_dont_email_post_to_subs":false,"_jetpack_newsletter_tier_id":0,"_jetpack_memberships_contains_paywalled_content":false,"_jetpack_memberships_contains_paid_content":false,"footnotes":"","jetpack_publicize_message":"","jetpack_publicize_feature_enabled":true,"jetpack_social_post_already_shared":true,"jetpack_social_options":{"image_generator_settings":{"template":"highway","default_image_id":0,"font":"","enabled":false},"version":2}},"categories":[1],"tags":[116,58,9,28,59],"class_list":["post-573","post","type-post","status-publish","format-standard","hentry","category-noticias","tag-libertinagem","tag-manuel-bandeira","tag-poesia-brasileira","tag-poesia-brasileira-moderna","tag-vou-me-embora-pra-pasargada"],"jetpack_publicize_connections":[],"jetpack_featured_media_url":"","jetpack_sharing_enabled":true,"jetpack_shortlink":"https:\/\/wp.me\/p6XyNv-9f","jetpack-related-posts":[],"jetpack_likes_enabled":true,"_links":{"self":[{"href":"https:\/\/wp.ufpel.edu.br\/aulusmm\/wp-json\/wp\/v2\/posts\/573","targetHints":{"allow":["GET"]}}],"collection":[{"href":"https:\/\/wp.ufpel.edu.br\/aulusmm\/wp-json\/wp\/v2\/posts"}],"about":[{"href":"https:\/\/wp.ufpel.edu.br\/aulusmm\/wp-json\/wp\/v2\/types\/post"}],"author":[{"embeddable":true,"href":"https:\/\/wp.ufpel.edu.br\/aulusmm\/wp-json\/wp\/v2\/users\/594"}],"replies":[{"embeddable":true,"href":"https:\/\/wp.ufpel.edu.br\/aulusmm\/wp-json\/wp\/v2\/comments?post=573"}],"version-history":[{"count":2,"href":"https:\/\/wp.ufpel.edu.br\/aulusmm\/wp-json\/wp\/v2\/posts\/573\/revisions"}],"predecessor-version":[{"id":1340,"href":"https:\/\/wp.ufpel.edu.br\/aulusmm\/wp-json\/wp\/v2\/posts\/573\/revisions\/1340"}],"wp:attachment":[{"href":"https:\/\/wp.ufpel.edu.br\/aulusmm\/wp-json\/wp\/v2\/media?parent=573"}],"wp:term":[{"taxonomy":"category","embeddable":true,"href":"https:\/\/wp.ufpel.edu.br\/aulusmm\/wp-json\/wp\/v2\/categories?post=573"},{"taxonomy":"post_tag","embeddable":true,"href":"https:\/\/wp.ufpel.edu.br\/aulusmm\/wp-json\/wp\/v2\/tags?post=573"}],"curies":[{"name":"wp","href":"https:\/\/api.w.org\/{rel}","templated":true}]}}