{"id":413,"date":"2016-08-21T15:35:24","date_gmt":"2016-08-21T18:35:24","guid":{"rendered":"https:\/\/wp.ufpel.edu.br\/aulusmm\/?p=413"},"modified":"2019-02-08T08:19:09","modified_gmt":"2019-02-08T10:19:09","slug":"maos-dadas-carlos-drummond-de-andrade","status":"publish","type":"post","link":"https:\/\/wp.ufpel.edu.br\/aulusmm\/2016\/08\/21\/maos-dadas-carlos-drummond-de-andrade\/","title":{"rendered":"M\u00e3os dadas [Carlos Drummond de Andrade]"},"content":{"rendered":"<p>N\u00e3o serei o poeta de um mundo caduco.<br \/>\nTamb\u00e9m n\u00e3o cantarei o mundo futuro.<br \/>\nEstou preso \u00e0 vida e olho meus companheiros.<br \/>\nEst\u00e3o taciturnos mas nutrem grandes esperan\u00e7as.<br \/>\nEntre eles, considero a enorme realidade.<br \/>\nO presente \u00e9 t\u00e3o grande, n\u00e3o nos afastemos.<br \/>\nN\u00e3o nos afastemos muito, vamos de m\u00e3os dadas.<\/p>\n<p>N\u00e3o serei o cantor de uma mulher, de uma hist\u00f3ria,<br \/>\nn\u00e3o direi os suspiros ao anoitecer, a paisagem vista da janela,<br \/>\nn\u00e3o distribuirei entorpecentes ou cartas de suicida,<br \/>\nn\u00e3o fugirei para as ilhas nem serei raptado por serafins.<br \/>\nO tempo \u00e9 a minha mat\u00e9ria, do tempo presente, os homens presentes,<br \/>\na vida presente.<\/p>\n<p>[S<em>entimento do mundo<\/em>]<\/p>\n","protected":false},"excerpt":{"rendered":"<p>N\u00e3o serei o poeta de um mundo caduco. Tamb\u00e9m n\u00e3o cantarei o mundo futuro. Estou preso \u00e0 vida e olho meus companheiros. Est\u00e3o taciturnos mas nutrem grandes esperan\u00e7as. Entre eles, considero a enorme realidade. O presente \u00e9 t\u00e3o grande, n\u00e3o nos afastemos. N\u00e3o nos afastemos muito, vamos de m\u00e3os dadas. N\u00e3o serei o cantor de &hellip; <\/p>\n<p class=\"link-more\"><a href=\"https:\/\/wp.ufpel.edu.br\/aulusmm\/2016\/08\/21\/maos-dadas-carlos-drummond-de-andrade\/\" class=\"more-link\">Continue lendo<span class=\"screen-reader-text\"> &#8220;M\u00e3os dadas [Carlos Drummond de Andrade]&#8221;<\/span><\/a><\/p>\n","protected":false},"author":594,"featured_media":0,"comment_status":"closed","ping_status":"closed","sticky":false,"template":"","format":"standard","meta":{"jetpack_post_was_ever_published":false,"_jetpack_newsletter_access":"","_jetpack_dont_email_post_to_subs":false,"_jetpack_newsletter_tier_id":0,"_jetpack_memberships_contains_paywalled_content":false,"_jetpack_memberships_contains_paid_content":false,"footnotes":"","jetpack_publicize_message":"","jetpack_publicize_feature_enabled":true,"jetpack_social_post_already_shared":true,"jetpack_social_options":{"image_generator_settings":{"template":"highway","default_image_id":0,"font":"","enabled":false},"version":2}},"categories":[1],"tags":[22,18,73,9,28,46],"class_list":["post-413","post","type-post","status-publish","format-standard","hentry","category-noticias","tag-carlos-drummond-de-andrade","tag-drummond","tag-maos-dadas","tag-poesia-brasileira","tag-poesia-brasileira-moderna","tag-sentimento-do-mundo"],"jetpack_publicize_connections":[],"jetpack_featured_media_url":"","jetpack_sharing_enabled":true,"jetpack_shortlink":"https:\/\/wp.me\/p6XyNv-6F","jetpack-related-posts":[],"jetpack_likes_enabled":true,"_links":{"self":[{"href":"https:\/\/wp.ufpel.edu.br\/aulusmm\/wp-json\/wp\/v2\/posts\/413","targetHints":{"allow":["GET"]}}],"collection":[{"href":"https:\/\/wp.ufpel.edu.br\/aulusmm\/wp-json\/wp\/v2\/posts"}],"about":[{"href":"https:\/\/wp.ufpel.edu.br\/aulusmm\/wp-json\/wp\/v2\/types\/post"}],"author":[{"embeddable":true,"href":"https:\/\/wp.ufpel.edu.br\/aulusmm\/wp-json\/wp\/v2\/users\/594"}],"replies":[{"embeddable":true,"href":"https:\/\/wp.ufpel.edu.br\/aulusmm\/wp-json\/wp\/v2\/comments?post=413"}],"version-history":[{"count":2,"href":"https:\/\/wp.ufpel.edu.br\/aulusmm\/wp-json\/wp\/v2\/posts\/413\/revisions"}],"predecessor-version":[{"id":1010,"href":"https:\/\/wp.ufpel.edu.br\/aulusmm\/wp-json\/wp\/v2\/posts\/413\/revisions\/1010"}],"wp:attachment":[{"href":"https:\/\/wp.ufpel.edu.br\/aulusmm\/wp-json\/wp\/v2\/media?parent=413"}],"wp:term":[{"taxonomy":"category","embeddable":true,"href":"https:\/\/wp.ufpel.edu.br\/aulusmm\/wp-json\/wp\/v2\/categories?post=413"},{"taxonomy":"post_tag","embeddable":true,"href":"https:\/\/wp.ufpel.edu.br\/aulusmm\/wp-json\/wp\/v2\/tags?post=413"}],"curies":[{"name":"wp","href":"https:\/\/api.w.org\/{rel}","templated":true}]}}