{"id":1281,"date":"2020-11-11T15:09:43","date_gmt":"2020-11-11T18:09:43","guid":{"rendered":"https:\/\/wp.ufpel.edu.br\/aulusmm\/?p=1281"},"modified":"2020-11-11T15:09:43","modified_gmt":"2020-11-11T18:09:43","slug":"com-licenca-poetica-adelia-prado","status":"publish","type":"post","link":"https:\/\/wp.ufpel.edu.br\/aulusmm\/2020\/11\/11\/com-licenca-poetica-adelia-prado\/","title":{"rendered":"Com licen\u00e7a po\u00e9tica\u00a0[Ad\u00e9lia Prado] \u00a0"},"content":{"rendered":"<div data-pm-slice=\"1 1 []\" data-en-clipboard=\"true\">Quando nasci um anjo esbelto,<\/div>\n<div>desses que tocam trombeta, anunciou:<\/div>\n<div>vai carregar bandeira.<\/div>\n<div>Cargo muito pesado pra mulher,<\/div>\n<div>esta esp\u00e9cie ainda envergonhada.<\/div>\n<div>Aceito os subterf\u00fagios que me cabem,<\/div>\n<div>sem precisar mentir.<\/div>\n<div>N\u00e3o sou feia que n\u00e3o possa\u00a0casar,<\/div>\n<div>acho o Rio de Janeiro uma beleza e<\/div>\n<div>ora sim, ora n\u00e3o, creio em parto sem dor.<\/div>\n<div>Mas o que sinto escrevo. Cumpro a sina.<\/div>\n<div>Inauguro linhagens, fundo reinos<\/div>\n<div><span style=\"font-weight: 400\">\u2014 <\/span>dor n\u00e3o \u00e9 amargura.<\/div>\n<div>Minha tristeza n\u00e3o tem pedigree,<\/div>\n<div>j\u00e1 a minha vontade de alegria,<\/div>\n<div>sua raiz vai ao meu mil av\u00f4.<\/div>\n<div>Vai ser coxo na vida \u00e9 maldi\u00e7\u00e3o pra homem.<\/div>\n<div>Mulher \u00e9 desdobr\u00e1vel. Eu sou.<\/p>\n<p><i>Bagagem <\/i>(1976)<\/div>\n","protected":false},"excerpt":{"rendered":"<p>Quando nasci um anjo esbelto, desses que tocam trombeta, anunciou: vai carregar bandeira. Cargo muito pesado pra mulher, esta esp\u00e9cie ainda envergonhada. Aceito os subterf\u00fagios que me cabem, sem precisar mentir. N\u00e3o sou feia que n\u00e3o possa\u00a0casar, acho o Rio de Janeiro uma beleza e ora sim, ora n\u00e3o, creio em parto sem dor. Mas &hellip; <\/p>\n<p class=\"link-more\"><a href=\"https:\/\/wp.ufpel.edu.br\/aulusmm\/2020\/11\/11\/com-licenca-poetica-adelia-prado\/\" class=\"more-link\">Continue lendo<span class=\"screen-reader-text\"> &#8220;Com licen\u00e7a po\u00e9tica\u00a0[Ad\u00e9lia Prado] \u00a0&#8220;<\/span><\/a><\/p>\n","protected":false},"author":594,"featured_media":0,"comment_status":"closed","ping_status":"closed","sticky":false,"template":"","format":"standard","meta":{"jetpack_post_was_ever_published":false,"_jetpack_newsletter_access":"","_jetpack_dont_email_post_to_subs":false,"_jetpack_newsletter_tier_id":0,"_jetpack_memberships_contains_paywalled_content":false,"_jetpack_memberships_contains_paid_content":false,"footnotes":"","jetpack_publicize_message":"","jetpack_publicize_feature_enabled":true,"jetpack_social_post_already_shared":true,"jetpack_social_options":{"image_generator_settings":{"template":"highway","default_image_id":0,"font":"","enabled":false},"version":2}},"categories":[1],"tags":[52,68,9,160],"class_list":["post-1281","post","type-post","status-publish","format-standard","hentry","category-noticias","tag-adelia-prado","tag-bagagem","tag-poesia-brasileira","tag-poesia-de-autoria-feminina"],"jetpack_publicize_connections":[],"jetpack_featured_media_url":"","jetpack_sharing_enabled":true,"jetpack_shortlink":"https:\/\/wp.me\/p6XyNv-kF","jetpack-related-posts":[],"jetpack_likes_enabled":true,"_links":{"self":[{"href":"https:\/\/wp.ufpel.edu.br\/aulusmm\/wp-json\/wp\/v2\/posts\/1281","targetHints":{"allow":["GET"]}}],"collection":[{"href":"https:\/\/wp.ufpel.edu.br\/aulusmm\/wp-json\/wp\/v2\/posts"}],"about":[{"href":"https:\/\/wp.ufpel.edu.br\/aulusmm\/wp-json\/wp\/v2\/types\/post"}],"author":[{"embeddable":true,"href":"https:\/\/wp.ufpel.edu.br\/aulusmm\/wp-json\/wp\/v2\/users\/594"}],"replies":[{"embeddable":true,"href":"https:\/\/wp.ufpel.edu.br\/aulusmm\/wp-json\/wp\/v2\/comments?post=1281"}],"version-history":[{"count":2,"href":"https:\/\/wp.ufpel.edu.br\/aulusmm\/wp-json\/wp\/v2\/posts\/1281\/revisions"}],"predecessor-version":[{"id":1284,"href":"https:\/\/wp.ufpel.edu.br\/aulusmm\/wp-json\/wp\/v2\/posts\/1281\/revisions\/1284"}],"wp:attachment":[{"href":"https:\/\/wp.ufpel.edu.br\/aulusmm\/wp-json\/wp\/v2\/media?parent=1281"}],"wp:term":[{"taxonomy":"category","embeddable":true,"href":"https:\/\/wp.ufpel.edu.br\/aulusmm\/wp-json\/wp\/v2\/categories?post=1281"},{"taxonomy":"post_tag","embeddable":true,"href":"https:\/\/wp.ufpel.edu.br\/aulusmm\/wp-json\/wp\/v2\/tags?post=1281"}],"curies":[{"name":"wp","href":"https:\/\/api.w.org\/{rel}","templated":true}]}}