{"id":1150,"date":"2020-03-25T14:17:28","date_gmt":"2020-03-25T17:17:28","guid":{"rendered":"https:\/\/wp.ufpel.edu.br\/aulusmm\/?p=1150"},"modified":"2020-03-25T14:17:28","modified_gmt":"2020-03-25T17:17:28","slug":"encomenda-cecilia-meireles","status":"publish","type":"post","link":"https:\/\/wp.ufpel.edu.br\/aulusmm\/2020\/03\/25\/encomenda-cecilia-meireles\/","title":{"rendered":"Encomenda [Cec\u00edlia Meireles]"},"content":{"rendered":"<p>Desejo uma fotografia<br \/>\ncomo esta \u2014 o senhor v\u00ea? \u2014 como esta:<br \/>\nem que para sempre me ria<br \/>\ncomo um vestido de eterna festa.<\/p>\n<p>Como tenho a testa sombria,<br \/>\nderrame luz na minha testa.<br \/>\nDeixe esta ruga, que me empresta<br \/>\num certo ar de sabedoria.<\/p>\n<p>N\u00e3o meta fundos de floresta<br \/>\nnem de arbitr\u00e1ria fantasia&#8230;<br \/>\nN\u00e3o&#8230; Neste espa\u00e7o que ainda resta,<br \/>\nponha uma cadeira vazia.<\/p>\n<p><em>Vaga m\u00fasica<\/em> (1942)<\/p>\n","protected":false},"excerpt":{"rendered":"<p>Desejo uma fotografia como esta \u2014 o senhor v\u00ea? \u2014 como esta: em que para sempre me ria como um vestido de eterna festa. Como tenho a testa sombria, derrame luz na minha testa. Deixe esta ruga, que me empresta um certo ar de sabedoria. N\u00e3o meta fundos de floresta nem de arbitr\u00e1ria fantasia&#8230; N\u00e3o&#8230; &hellip; <\/p>\n<p class=\"link-more\"><a href=\"https:\/\/wp.ufpel.edu.br\/aulusmm\/2020\/03\/25\/encomenda-cecilia-meireles\/\" class=\"more-link\">Continue lendo<span class=\"screen-reader-text\"> &#8220;Encomenda [Cec\u00edlia Meireles]&#8221;<\/span><\/a><\/p>\n","protected":false},"author":594,"featured_media":0,"comment_status":"closed","ping_status":"closed","sticky":false,"template":"","format":"standard","meta":{"jetpack_post_was_ever_published":false,"_jetpack_newsletter_access":"","_jetpack_dont_email_post_to_subs":false,"_jetpack_newsletter_tier_id":0,"_jetpack_memberships_contains_paywalled_content":false,"_jetpack_memberships_contains_paid_content":false,"footnotes":"","jetpack_publicize_message":"","jetpack_publicize_feature_enabled":true,"jetpack_social_post_already_shared":true,"jetpack_social_options":{"image_generator_settings":{"template":"highway","default_image_id":0,"font":"","enabled":false},"version":2}},"categories":[1],"tags":[158,159,9,28,160,163],"class_list":["post-1150","post","type-post","status-publish","format-standard","hentry","category-noticias","tag-autoria-feminina","tag-cecilia-meireles","tag-poesia-brasileira","tag-poesia-brasileira-moderna","tag-poesia-de-autoria-feminina","tag-vaga-musica-1942"],"jetpack_publicize_connections":[],"jetpack_featured_media_url":"","jetpack_sharing_enabled":true,"jetpack_shortlink":"https:\/\/wp.me\/p6XyNv-iy","jetpack-related-posts":[],"jetpack_likes_enabled":true,"_links":{"self":[{"href":"https:\/\/wp.ufpel.edu.br\/aulusmm\/wp-json\/wp\/v2\/posts\/1150","targetHints":{"allow":["GET"]}}],"collection":[{"href":"https:\/\/wp.ufpel.edu.br\/aulusmm\/wp-json\/wp\/v2\/posts"}],"about":[{"href":"https:\/\/wp.ufpel.edu.br\/aulusmm\/wp-json\/wp\/v2\/types\/post"}],"author":[{"embeddable":true,"href":"https:\/\/wp.ufpel.edu.br\/aulusmm\/wp-json\/wp\/v2\/users\/594"}],"replies":[{"embeddable":true,"href":"https:\/\/wp.ufpel.edu.br\/aulusmm\/wp-json\/wp\/v2\/comments?post=1150"}],"version-history":[{"count":1,"href":"https:\/\/wp.ufpel.edu.br\/aulusmm\/wp-json\/wp\/v2\/posts\/1150\/revisions"}],"predecessor-version":[{"id":1152,"href":"https:\/\/wp.ufpel.edu.br\/aulusmm\/wp-json\/wp\/v2\/posts\/1150\/revisions\/1152"}],"wp:attachment":[{"href":"https:\/\/wp.ufpel.edu.br\/aulusmm\/wp-json\/wp\/v2\/media?parent=1150"}],"wp:term":[{"taxonomy":"category","embeddable":true,"href":"https:\/\/wp.ufpel.edu.br\/aulusmm\/wp-json\/wp\/v2\/categories?post=1150"},{"taxonomy":"post_tag","embeddable":true,"href":"https:\/\/wp.ufpel.edu.br\/aulusmm\/wp-json\/wp\/v2\/tags?post=1150"}],"curies":[{"name":"wp","href":"https:\/\/api.w.org\/{rel}","templated":true}]}}