{"id":266,"date":"2021-05-24T20:50:50","date_gmt":"2021-05-24T23:50:50","guid":{"rendered":"https:\/\/wp.ufpel.edu.br\/asphe25anos\/?p=266"},"modified":"2021-10-09T17:16:41","modified_gmt":"2021-10-09T20:16:41","slug":"conheca","status":"publish","type":"post","link":"https:\/\/wp.ufpel.edu.br\/asphe25anos\/2021\/05\/24\/conheca\/","title":{"rendered":"Palestrantes e debatedores do encontro"},"content":{"rendered":"<p><strong>Saiba mais sobre os convidados do 26\u00ba Encontro da Asphe, que participar\u00e3o como palestrantes, debatedores e mediadores:<\/strong><\/p>\n<p>&nbsp;<\/p>\n<hr \/>\n<p><span style=\"color: #c82026;\"><b><a href=\"https:\/\/wp.ufpel.edu.br\/asphe25anos\/2021\/05\/24\/conheca\/x-alessandro-bica\/#main\" rel=\"attachment wp-att-543\"><img data-recalc-dims=\"1\" loading=\"lazy\" decoding=\"async\" data-attachment-id=\"543\" data-permalink=\"https:\/\/wp.ufpel.edu.br\/asphe25anos\/2021\/05\/24\/conheca\/x-alessandro-bica\/#main\" data-orig-file=\"https:\/\/i0.wp.com\/wp.ufpel.edu.br\/asphe25anos\/files\/2021\/05\/X-Alessandro-Bica.png?fit=300%2C300&amp;ssl=1\" data-orig-size=\"300,300\" data-comments-opened=\"0\" data-image-meta=\"{&quot;aperture&quot;:&quot;0&quot;,&quot;credit&quot;:&quot;&quot;,&quot;camera&quot;:&quot;&quot;,&quot;caption&quot;:&quot;&quot;,&quot;created_timestamp&quot;:&quot;0&quot;,&quot;copyright&quot;:&quot;&quot;,&quot;focal_length&quot;:&quot;0&quot;,&quot;iso&quot;:&quot;0&quot;,&quot;shutter_speed&quot;:&quot;0&quot;,&quot;title&quot;:&quot;&quot;,&quot;orientation&quot;:&quot;0&quot;}\" data-image-title=\"Alessandro Bica\" data-image-description=\"\" data-image-caption=\"\" data-medium-file=\"https:\/\/i0.wp.com\/wp.ufpel.edu.br\/asphe25anos\/files\/2021\/05\/X-Alessandro-Bica.png?fit=300%2C300&amp;ssl=1\" data-large-file=\"https:\/\/i0.wp.com\/wp.ufpel.edu.br\/asphe25anos\/files\/2021\/05\/X-Alessandro-Bica.png?fit=300%2C300&amp;ssl=1\" class=\"alignleft wp-image-543\" src=\"https:\/\/i0.wp.com\/wp.ufpel.edu.br\/asphe25anos\/files\/2021\/05\/X-Alessandro-Bica.png?resize=194%2C194&#038;ssl=1\" alt=\"\" width=\"194\" height=\"194\" \/><\/a>ALESSANDRO CARVALHO BICA (Unipampa)<\/b><\/span><br \/>\nAtualmente \u00e9 Diretor da Unipampa, Campus Bag\u00e9. \u00c9 Doutor em Educa\u00e7\u00e3o pela Universidade do Vale do Rio dos Sinos, Mestre em Educa\u00e7\u00e3o pela Universidade Federal de Pelotas e Licenciado em Hist\u00f3ria pela Universidade Federal de Pelotas; Presidente da Associa\u00e7\u00e3o Sul-Rio-Grandense de Pesquisadores em Hist\u00f3ria da Educa\u00e7\u00e3o (Asphe) &#8211; Gest\u00e3o 2019-2021; Professor da Universidade Federal do Pampa (Unipampa) na \u00e1rea de Educa\u00e7\u00e3o; Docente Permanente nos Programas de Mestrado Acad\u00eamico em Ensino (PPGMAE\/Unipampa\/Bag\u00e9) e Mestrado Profissional em Educa\u00e7\u00e3o (PPGE\/Unipampa\/Jaguar\u00e3o); L\u00edder do Phera &#8211; Grupo de Pesquisa em Hist\u00f3ria da Educa\u00e7\u00e3o, Reposit\u00f3rios Digitais e Acervos Hist\u00f3ricos da Unipampa, Campus Bag\u00e9 e Coordenador do Projeto de Pesquisa-Extens\u00e3o: &#8220;Reposit\u00f3rio Digital Tatu&#8221; (http:\/\/sistemas.bage.unipampa.edu.br\/tatu): espa\u00e7o que tem como objetivo inventariar fontes de pesquisa e compor um acervo digital acess\u00edvel para pesquisadores interessados na \u00e1rea de Hist\u00f3ria da Educa\u00e7\u00e3o. Colaborador e Vice-Coordenador do GT Gest\u00e3o, Governo e Rela\u00e7\u00f5es Institucionais do Portal do Bicenten\u00e1rio (200 Anos da Independ\u00eancia do Brasil).<br \/>\n<strong>Na programa\u00e7\u00e3o do encontro:<\/strong> 05\/11\/21 (sexta-feira) &#8211; 14:00 &#8211; Mesa Redonda 2 (mediador)<\/p>\n<p>&nbsp;<\/p>\n<hr \/>\n<p><span style=\"color: #c82026;\"><strong><a href=\"https:\/\/wp.ufpel.edu.br\/asphe25anos\/2021\/05\/24\/conheca\/x-beatriz-fischer\/#main\" rel=\"attachment wp-att-544\"><img data-recalc-dims=\"1\" loading=\"lazy\" decoding=\"async\" data-attachment-id=\"544\" data-permalink=\"https:\/\/wp.ufpel.edu.br\/asphe25anos\/2021\/05\/24\/conheca\/x-beatriz-fischer\/#main\" data-orig-file=\"https:\/\/i0.wp.com\/wp.ufpel.edu.br\/asphe25anos\/files\/2021\/05\/X-Beatriz-Fischer.png?fit=300%2C300&amp;ssl=1\" data-orig-size=\"300,300\" data-comments-opened=\"0\" data-image-meta=\"{&quot;aperture&quot;:&quot;0&quot;,&quot;credit&quot;:&quot;&quot;,&quot;camera&quot;:&quot;&quot;,&quot;caption&quot;:&quot;&quot;,&quot;created_timestamp&quot;:&quot;0&quot;,&quot;copyright&quot;:&quot;&quot;,&quot;focal_length&quot;:&quot;0&quot;,&quot;iso&quot;:&quot;0&quot;,&quot;shutter_speed&quot;:&quot;0&quot;,&quot;title&quot;:&quot;&quot;,&quot;orientation&quot;:&quot;0&quot;}\" data-image-title=\"Beatriz Fischer\" data-image-description=\"\" data-image-caption=\"\" data-medium-file=\"https:\/\/i0.wp.com\/wp.ufpel.edu.br\/asphe25anos\/files\/2021\/05\/X-Beatriz-Fischer.png?fit=300%2C300&amp;ssl=1\" data-large-file=\"https:\/\/i0.wp.com\/wp.ufpel.edu.br\/asphe25anos\/files\/2021\/05\/X-Beatriz-Fischer.png?fit=300%2C300&amp;ssl=1\" class=\"alignleft wp-image-544\" src=\"https:\/\/i0.wp.com\/wp.ufpel.edu.br\/asphe25anos\/files\/2021\/05\/X-Beatriz-Fischer.png?resize=195%2C195&#038;ssl=1\" alt=\"\" width=\"195\" height=\"195\" \/><\/a>BEATRIZ T. DAUDT FISCHER (Unisinos)<\/strong><\/span><br \/>\nGradua\u00e7\u00e3o em Pedagogia pela Universidade do Vale do Rio dos Sinos (1971), mestrado em Social Foundation of Education, Stanford University (1980) e doutorado em Educa\u00e7\u00e3o pela Universidade Federal do Rio Grande do Sul (1999). Professora aposentada da UFRGS e professora titular jubilada da Universidade do Vale do Rio dos Sinos, docente colaboradora do Programa de P\u00f3s-gradua\u00e7\u00e3o em Gest\u00e3o Educacional &#8211; Mestrado Profissional na mesma institui\u00e7\u00e3o. Experi\u00eancia na \u00e1rea de Educa\u00e7\u00e3o como pesquisadora, docente e gestora. Livros e artigos publicados com foco em avalia\u00e7\u00e3o, metodologia do ensino superior, hist\u00f3ria da educa\u00e7\u00e3o, hist\u00f3ria de vida, mem\u00f3rias e trajet\u00f3rias docentes, mem\u00f3rias discentes. Membro associado \u00e0s seguintes entidades: Associa\u00e7\u00e3o Nacional de Pesquisa e P\u00f3s-gradua\u00e7\u00e3o &#8211; Anped; Sociedade Brasileira de Hist\u00f3ria da Educa\u00e7\u00e3o &#8211; SBHE; Associa\u00e7\u00e3o Sul-Rio-grandense de Pesquisadores em Hist\u00f3ria da Educa\u00e7\u00e3o &#8211; ASPHE.<br \/>\n<strong>Na programa\u00e7\u00e3o do encontro:<\/strong> 05\/11\/21 (sexta-feira) &#8211; 14:00 &#8211; Mesa Redonda 2 (debatedora)<\/p>\n<p>&nbsp;<\/p>\n<hr \/>\n<p><span style=\"color: #c82026;\"><b><a href=\"https:\/\/wp.ufpel.edu.br\/asphe25anos\/2021\/05\/24\/conheca\/x-diana-vidal\/#main\" rel=\"attachment wp-att-545\"><img data-recalc-dims=\"1\" loading=\"lazy\" decoding=\"async\" data-attachment-id=\"545\" data-permalink=\"https:\/\/wp.ufpel.edu.br\/asphe25anos\/2021\/05\/24\/conheca\/x-diana-vidal\/#main\" data-orig-file=\"https:\/\/i0.wp.com\/wp.ufpel.edu.br\/asphe25anos\/files\/2021\/05\/X-Diana-Vidal.png?fit=300%2C300&amp;ssl=1\" data-orig-size=\"300,300\" data-comments-opened=\"0\" data-image-meta=\"{&quot;aperture&quot;:&quot;0&quot;,&quot;credit&quot;:&quot;&quot;,&quot;camera&quot;:&quot;&quot;,&quot;caption&quot;:&quot;&quot;,&quot;created_timestamp&quot;:&quot;0&quot;,&quot;copyright&quot;:&quot;&quot;,&quot;focal_length&quot;:&quot;0&quot;,&quot;iso&quot;:&quot;0&quot;,&quot;shutter_speed&quot;:&quot;0&quot;,&quot;title&quot;:&quot;&quot;,&quot;orientation&quot;:&quot;0&quot;}\" data-image-title=\"Diana Vidal\" data-image-description=\"\" data-image-caption=\"\" data-medium-file=\"https:\/\/i0.wp.com\/wp.ufpel.edu.br\/asphe25anos\/files\/2021\/05\/X-Diana-Vidal.png?fit=300%2C300&amp;ssl=1\" data-large-file=\"https:\/\/i0.wp.com\/wp.ufpel.edu.br\/asphe25anos\/files\/2021\/05\/X-Diana-Vidal.png?fit=300%2C300&amp;ssl=1\" class=\"alignleft wp-image-545\" src=\"https:\/\/i0.wp.com\/wp.ufpel.edu.br\/asphe25anos\/files\/2021\/05\/X-Diana-Vidal.png?resize=195%2C195&#038;ssl=1\" alt=\"\" width=\"195\" height=\"195\" \/><\/a>DIANA GON\u00c7ALVES VIDAL (USP)<\/b><\/span><br \/>\n\u00c9 professora titular em Hist\u00f3ria da Educa\u00e7\u00e3o na Faculdade de Educa\u00e7\u00e3o (USP) (2010), diretora do Instituto de Estudos Brasileiros (USP) (2018-2022), bolsista Produtividade em Pesquisa do CNPq n\u00edvel 1A, membro do Comit\u00ea Executivo da ISCHE (<i>International Standing Conference for the History of Education<\/i>) (2014-2020); membro do comit\u00ea editorial da <i>Global Histories of Education<\/i>, cole\u00e7\u00e3o criada pela ISCHE em colabora\u00e7\u00e3o com a <i>Palgrave Macmillan<\/i>, da qual foi editora-chefe entre 2016 a 2020, e, a partir de 2018, \u00e9 l\u00edder do Projeto Tem\u00e1tico Fapesp \u201cSaberes e pr\u00e1ticas em fronteiras: por uma hist\u00f3ria transnacional da educa\u00e7\u00e3o (1810-&#8230;)\u201d (processo nr. 2018\/26699-4). Possui gradua\u00e7\u00e3o em Hist\u00f3ria pela Universidade do Vale do Para\u00edba (1985), mestrado em Hist\u00f3ria pela Universidade Estadual de Campinas (1990), doutorado em Educa\u00e7\u00e3o pela Universidade de S\u00e3o Paulo (1995) e p\u00f3s-doutorado em Educa\u00e7\u00e3o no INRP-Fran\u00e7a (2001) e na Universidade de Santiago de Compostela (2007). Desde 1996, exerce a coordenadoria do N\u00facleo Interdisciplinar de Estudos e Pesquisas em Hist\u00f3ria da Educa\u00e7\u00e3o (Niephe). Tem experi\u00eancia na \u00e1rea de Educa\u00e7\u00e3o, com \u00eanfase em Hist\u00f3ria da Educa\u00e7\u00e3o, atuando principalmente com os seguintes temas: hist\u00f3ria transnacional da educa\u00e7\u00e3o, cultura escolar, escola nova, pr\u00e1ticas escolares de leitura e escrita, historiografia e circula\u00e7\u00e3o internacional de modelos e pr\u00e1ticas pedag\u00f3gicas. Publicou em 2013 seu primeiro livro infantil, intitulado \u201cFlora\u201d. Em 2015, saiu o segundo, \u201cMemel\u201d.<br \/>\n<strong>Na programa\u00e7\u00e3o do encontro:<\/strong> 03\/11\/21 (quarta-feira) &#8211; 19:30 &#8211; Palestra de abertura (palestrante)<\/p>\n<p>&nbsp;<\/p>\n<hr \/>\n<p><span style=\"color: #c82026;\"><strong><a href=\"https:\/\/wp.ufpel.edu.br\/asphe25anos\/2021\/05\/24\/conheca\/x-elomar-tambara\/#main\" rel=\"attachment wp-att-546\"><img data-recalc-dims=\"1\" loading=\"lazy\" decoding=\"async\" data-attachment-id=\"546\" data-permalink=\"https:\/\/wp.ufpel.edu.br\/asphe25anos\/2021\/05\/24\/conheca\/x-elomar-tambara\/#main\" data-orig-file=\"https:\/\/i0.wp.com\/wp.ufpel.edu.br\/asphe25anos\/files\/2021\/05\/X-Elomar-Tambara.png?fit=300%2C300&amp;ssl=1\" data-orig-size=\"300,300\" data-comments-opened=\"0\" data-image-meta=\"{&quot;aperture&quot;:&quot;0&quot;,&quot;credit&quot;:&quot;&quot;,&quot;camera&quot;:&quot;&quot;,&quot;caption&quot;:&quot;&quot;,&quot;created_timestamp&quot;:&quot;0&quot;,&quot;copyright&quot;:&quot;&quot;,&quot;focal_length&quot;:&quot;0&quot;,&quot;iso&quot;:&quot;0&quot;,&quot;shutter_speed&quot;:&quot;0&quot;,&quot;title&quot;:&quot;&quot;,&quot;orientation&quot;:&quot;0&quot;}\" data-image-title=\"Elomar Tambara\" data-image-description=\"\" data-image-caption=\"\" data-medium-file=\"https:\/\/i0.wp.com\/wp.ufpel.edu.br\/asphe25anos\/files\/2021\/05\/X-Elomar-Tambara.png?fit=300%2C300&amp;ssl=1\" data-large-file=\"https:\/\/i0.wp.com\/wp.ufpel.edu.br\/asphe25anos\/files\/2021\/05\/X-Elomar-Tambara.png?fit=300%2C300&amp;ssl=1\" class=\"alignleft wp-image-546\" src=\"https:\/\/i0.wp.com\/wp.ufpel.edu.br\/asphe25anos\/files\/2021\/05\/X-Elomar-Tambara.png?resize=195%2C195&#038;ssl=1\" alt=\"\" width=\"195\" height=\"195\" \/><\/a>ELOMAR TAMBARA (UFPel)<\/strong><\/span><br \/>\nPossui gradua\u00e7\u00e3o em Ci\u00eancias Sociais pela Universidade Federal do Rio Grande do Sul (1978), mestrado em Sociologia pela Universidade Federal do Rio Grande do Sul (1981) e doutorado em Educa\u00e7\u00e3o pela Universidade Federal do Rio Grande do Sul (1991). Atualmente \u00e9 professor titular da Universidade Federal de Pelotas. Tem experi\u00eancia na \u00e1rea de Educa\u00e7\u00e3o, com \u00eanfase em Hist\u00f3ria da Educa\u00e7\u00e3o, atuando principalmente nos seguintes temas: hist\u00f3ria da educa\u00e7\u00e3o, educa\u00e7\u00e3o no Rio Grande do Sul e educa\u00e7\u00e3o em Pelotas.<br \/>\n<strong>Na programa\u00e7\u00e3o do encontro:<\/strong> 05\/11\/21 (sexta-feira) &#8211; 14:00 &#8211; Mesa Redonda 2 (debatedor)<\/p>\n<p>&nbsp;<\/p>\n<p>&nbsp;<\/p>\n<hr \/>\n<p><span style=\"color: #c82026;\"><strong><a href=\"https:\/\/wp.ufpel.edu.br\/asphe25anos\/2021\/05\/24\/conheca\/x-flavia-werle\/#main\" rel=\"attachment wp-att-547\"><img data-recalc-dims=\"1\" loading=\"lazy\" decoding=\"async\" data-attachment-id=\"547\" data-permalink=\"https:\/\/wp.ufpel.edu.br\/asphe25anos\/2021\/05\/24\/conheca\/x-flavia-werle\/#main\" data-orig-file=\"https:\/\/i0.wp.com\/wp.ufpel.edu.br\/asphe25anos\/files\/2021\/05\/X-Flavia-Werle.png?fit=300%2C300&amp;ssl=1\" data-orig-size=\"300,300\" data-comments-opened=\"0\" data-image-meta=\"{&quot;aperture&quot;:&quot;0&quot;,&quot;credit&quot;:&quot;&quot;,&quot;camera&quot;:&quot;&quot;,&quot;caption&quot;:&quot;&quot;,&quot;created_timestamp&quot;:&quot;0&quot;,&quot;copyright&quot;:&quot;&quot;,&quot;focal_length&quot;:&quot;0&quot;,&quot;iso&quot;:&quot;0&quot;,&quot;shutter_speed&quot;:&quot;0&quot;,&quot;title&quot;:&quot;&quot;,&quot;orientation&quot;:&quot;0&quot;}\" data-image-title=\"Flavia Werle\" data-image-description=\"\" data-image-caption=\"\" data-medium-file=\"https:\/\/i0.wp.com\/wp.ufpel.edu.br\/asphe25anos\/files\/2021\/05\/X-Flavia-Werle.png?fit=300%2C300&amp;ssl=1\" data-large-file=\"https:\/\/i0.wp.com\/wp.ufpel.edu.br\/asphe25anos\/files\/2021\/05\/X-Flavia-Werle.png?fit=300%2C300&amp;ssl=1\" class=\"alignleft wp-image-547\" src=\"https:\/\/i0.wp.com\/wp.ufpel.edu.br\/asphe25anos\/files\/2021\/05\/X-Flavia-Werle.png?resize=195%2C195&#038;ssl=1\" alt=\"\" width=\"195\" height=\"195\" \/><\/a>FL\u00c1VIA OBINO CORR\u00caA WERLE (Unisinos)<\/strong><\/span><br \/>\nPossui gradua\u00e7\u00e3o em Pedagogia pela Universidade Federal do Rio Grande do Sul (1969), mestrado em Administra\u00e7\u00e3o de Sistemas Educacionais pela Pontif\u00edcia Universidade Cat\u00f3lica do Rio Grande do Sul (1976), doutorado em Educa\u00e7\u00e3o pela Pontif\u00edcia Universidade Cat\u00f3lica do Rio Grande do Sul (1993), p\u00f3s-doutorado pela Universidade do Minho, Portugal (2003). Atuou como Professora titular da Universidade do Vale do Rio dos Sinos, com v\u00ednculo empregat\u00edcio at\u00e9 o final de 2020. Exerceu doc\u00eancia e orienta\u00e7\u00e3o no Mestrado Profissional em Gest\u00e3o Educacional de 2012 a 2019. \u00c9 vice-presidente da Sociedade Brasileira de Educa\u00e7\u00e3o Comparada, bolsista produtividade 1A do CNPq, CA ED &#8211; Educa\u00e7\u00e3o. \u00c9 membro efetivo da Sociedade Brasileira de Hist\u00f3ria da Educa\u00e7\u00e3o e da Associa\u00e7\u00e3o Nacional de Pol\u00edtica e Administra\u00e7\u00e3o da Educa\u00e7\u00e3o. Coordenou o Comit\u00ea de Educa\u00e7\u00e3o e Psicologia da Fapergs (08\/2017 a 07\/2019), tendo participado desse mesmo Comit\u00ea Assessor da \u00c1rea de Educa\u00e7\u00e3o e Psicologia da Fapergs como coordenadora substituta no per\u00edodo 07\/2015 a 07\/2017. Tem experi\u00eancia na \u00e1rea de Educa\u00e7\u00e3o, atuando principalmente nos seguintes temas: administra\u00e7\u00e3o e gest\u00e3o educacional, hist\u00f3ria da educa\u00e7\u00e3o, hist\u00f3ria das institui\u00e7\u00f5es escolares, pol\u00edtica e avalia\u00e7\u00e3o educacional, educa\u00e7\u00e3o rural, vulnerabilidade social e escola p\u00fablica.<br \/>\n<strong>Na programa\u00e7\u00e3o do encontro:<\/strong> 04\/11\/21 (quinta-feira) &#8211; 14:00 &#8211; Mesa Redonda 1 (debatedora)<\/p>\n<p>&nbsp;<\/p>\n<hr \/>\n<p><span style=\"color: #c82026;\"><strong><a href=\"https:\/\/wp.ufpel.edu.br\/asphe25anos\/2021\/05\/24\/conheca\/x-jorge-cunha\/#main\" rel=\"attachment wp-att-548\"><img data-recalc-dims=\"1\" loading=\"lazy\" decoding=\"async\" data-attachment-id=\"548\" data-permalink=\"https:\/\/wp.ufpel.edu.br\/asphe25anos\/2021\/05\/24\/conheca\/x-jorge-cunha\/#main\" data-orig-file=\"https:\/\/i0.wp.com\/wp.ufpel.edu.br\/asphe25anos\/files\/2021\/05\/X-Jorge-Cunha.png?fit=300%2C300&amp;ssl=1\" data-orig-size=\"300,300\" data-comments-opened=\"0\" data-image-meta=\"{&quot;aperture&quot;:&quot;0&quot;,&quot;credit&quot;:&quot;&quot;,&quot;camera&quot;:&quot;&quot;,&quot;caption&quot;:&quot;&quot;,&quot;created_timestamp&quot;:&quot;0&quot;,&quot;copyright&quot;:&quot;&quot;,&quot;focal_length&quot;:&quot;0&quot;,&quot;iso&quot;:&quot;0&quot;,&quot;shutter_speed&quot;:&quot;0&quot;,&quot;title&quot;:&quot;&quot;,&quot;orientation&quot;:&quot;0&quot;}\" data-image-title=\"Jorge Cunha\" data-image-description=\"\" data-image-caption=\"\" data-medium-file=\"https:\/\/i0.wp.com\/wp.ufpel.edu.br\/asphe25anos\/files\/2021\/05\/X-Jorge-Cunha.png?fit=300%2C300&amp;ssl=1\" data-large-file=\"https:\/\/i0.wp.com\/wp.ufpel.edu.br\/asphe25anos\/files\/2021\/05\/X-Jorge-Cunha.png?fit=300%2C300&amp;ssl=1\" class=\"alignleft wp-image-548\" src=\"https:\/\/i0.wp.com\/wp.ufpel.edu.br\/asphe25anos\/files\/2021\/05\/X-Jorge-Cunha.png?resize=195%2C195&#038;ssl=1\" alt=\"\" width=\"195\" height=\"195\" \/><\/a>JORGE LU\u00cdS DA CUNHA (UFSM)<\/strong><\/span><br \/>\nProfessor Titular da Universidade Federal de Santa Maria &#8211; UFSM. Integra o quadro docente permanente do Programa de P\u00f3s-Gradua\u00e7\u00e3o em Educa\u00e7\u00e3o &#8211; PPGE\/UFSM, mestrado e doutorado; Programa de P\u00f3s-Gradua\u00e7\u00e3o em Hist\u00f3ria &#8211; PPGH\/UFSM, mestrado e doutorado; tamb\u00e9m \u00e9 docente do Mestrado Profissional em Ensino de Hist\u00f3ria &#8211; ProfHist\u00f3ria \/UFSM (UFRJ). \u00c9 coordenador do N\u00facleo de Estudos sobre Mem\u00f3ria e Educa\u00e7\u00e3o &#8211; Clio, criado em 1996, e registrado no Diret\u00f3rio de Grupos de Pesquisa do CNPq. No campo da pesquisa dedica-se a temas relacionados com a Hist\u00f3ria da Educa\u00e7\u00e3o, Ensino da Hist\u00f3ria\/Educa\u00e7\u00e3o Hist\u00f3rica, Hist\u00f3ria das Migra\u00e7\u00f5es, Hist\u00f3ria Oral e Narrativas (Auto)Biogr\u00e1ficas. Possui Gradua\u00e7\u00e3o &#8211; Licenciatura Curta e Licenciatura Plena em Estudos Sociais, Hist\u00f3ria e Geografia pelas Faculdades Integradas de Santa Cruz do Sul &#8211; FISC (1982), Mestrado em Hist\u00f3ria Social do Brasil pela Universidade Federal do Paran\u00e1 &#8211; UFPR (1988) e Doutorado (Dr. phil) em Hist\u00f3ria Medieval e Moderna Contempor\u00e2nea pela Universit\u00e4t Hamburg, Alemanha (1994). \u00c9 tamb\u00e9m Professor Pesquisador e membro do Comit\u00ea Hist\u00f3ria, Regi\u00e3o e Fronteira da Associa\u00e7\u00e3o das Universidades do Grupo Montevid\u00e9u-AUGM. Vice-Presidente do Instituto Hist\u00f3rico S\u00e3o Leopoldo &#8211; IHSL, de 2018 a 2022. Desde dezembro de 2016 \u00e9 presidente da Associa\u00e7\u00e3o Brasileira de Pesquisa (Auto)Biogr\u00e1fica &#8211; Biograph.<br \/>\n<strong>Na programa\u00e7\u00e3o do encontro:<\/strong> 04\/11\/21 (quinta-feira) &#8211; 14:00 &#8211; Mesa Redonda 1 (debatedor)<\/p>\n<p>&nbsp;<\/p>\n<hr \/>\n<p><span style=\"color: #c82026;\"><strong><a href=\"https:\/\/wp.ufpel.edu.br\/asphe25anos\/2021\/05\/24\/conheca\/x-lucio-kreutz\/#main\" rel=\"attachment wp-att-549\"><img data-recalc-dims=\"1\" loading=\"lazy\" decoding=\"async\" data-attachment-id=\"549\" data-permalink=\"https:\/\/wp.ufpel.edu.br\/asphe25anos\/2021\/05\/24\/conheca\/x-lucio-kreutz\/#main\" data-orig-file=\"https:\/\/i0.wp.com\/wp.ufpel.edu.br\/asphe25anos\/files\/2021\/05\/X-Lucio-Kreutz.png?fit=300%2C300&amp;ssl=1\" data-orig-size=\"300,300\" data-comments-opened=\"0\" data-image-meta=\"{&quot;aperture&quot;:&quot;0&quot;,&quot;credit&quot;:&quot;&quot;,&quot;camera&quot;:&quot;&quot;,&quot;caption&quot;:&quot;&quot;,&quot;created_timestamp&quot;:&quot;0&quot;,&quot;copyright&quot;:&quot;&quot;,&quot;focal_length&quot;:&quot;0&quot;,&quot;iso&quot;:&quot;0&quot;,&quot;shutter_speed&quot;:&quot;0&quot;,&quot;title&quot;:&quot;&quot;,&quot;orientation&quot;:&quot;0&quot;}\" data-image-title=\"Lucio Kreutz\" data-image-description=\"\" data-image-caption=\"\" data-medium-file=\"https:\/\/i0.wp.com\/wp.ufpel.edu.br\/asphe25anos\/files\/2021\/05\/X-Lucio-Kreutz.png?fit=300%2C300&amp;ssl=1\" data-large-file=\"https:\/\/i0.wp.com\/wp.ufpel.edu.br\/asphe25anos\/files\/2021\/05\/X-Lucio-Kreutz.png?fit=300%2C300&amp;ssl=1\" class=\"alignleft wp-image-549\" src=\"https:\/\/i0.wp.com\/wp.ufpel.edu.br\/asphe25anos\/files\/2021\/05\/X-Lucio-Kreutz.png?resize=195%2C195&#038;ssl=1\" alt=\"\" width=\"195\" height=\"195\" \/><\/a>L\u00daCIO KREUTZ (UCS)<\/strong><\/span><br \/>\nPossui gradua\u00e7\u00e3o em Filosofia pela Faculdade de Filosofia Imaculada Concei\u00e7\u00e3o de Viam\u00e3o (1966), gradua\u00e7\u00e3o em Pedagogia pela Faculdade de Filosofia Imaculada Concei\u00e7\u00e3o de Viam\u00e3o (1967), Mestrado em Educa\u00e7\u00e3o pelo Instituto de Estudos Avan\u00e7ados em Educa\u00e7\u00e3o da Funda\u00e7\u00e3o Get\u00falio Vargas do Rio de Janeiro (1979) e doutorado em Educa\u00e7\u00e3o pela Pontif\u00edcia Universidade Cat\u00f3lica de S\u00e3o Paulo (1985). Professor aposentado. Foi professor e pesquisador da Universidade de Caxias do Sul (UCS), de mar\u00e7o de 2007 a fevereiro de 2016. Pesquisador com bolsa PQ, e consultor ad-hoc em educa\u00e7\u00e3o no Conselho Nacional de Desenvolvimento Cient\u00edfico e Tecnol\u00f3gico (CNPq),(1986-fevereiro de 2016). Membro da Associa\u00e7\u00e3o Sul-Rio-Grandense de Pesquisadores em Hist\u00f3ria da Educa\u00e7\u00e3o (ASPHE) (1995-atual). Tem experi\u00eancia na \u00e1rea de Educa\u00e7\u00e3o, com \u00eanfase em Hist\u00f3ria da Educa\u00e7\u00e3o, desenvolvendo pesquisas nos seguintes temas: Processo Escolar na Imigra\u00e7\u00e3o alem\u00e3 e italiana e polonesa, Etnia e Educa\u00e7\u00e3o, Diversidade Cultural e Educa\u00e7\u00e3o.<br \/>\n<strong>Na programa\u00e7\u00e3o do encontro:<\/strong> 05\/11\/21 (sexta-feira) &#8211; 14:00 &#8211; Mesa Redonda 2 (debatedor)<\/p>\n<p>&nbsp;<\/p>\n<hr \/>\n<p><span style=\"color: #c82026;\"><strong><a href=\"https:\/\/wp.ufpel.edu.br\/asphe25anos\/2021\/05\/24\/conheca\/x-maria-augusta-2\/#main\" rel=\"attachment wp-att-550\"><img data-recalc-dims=\"1\" loading=\"lazy\" decoding=\"async\" data-attachment-id=\"550\" data-permalink=\"https:\/\/wp.ufpel.edu.br\/asphe25anos\/2021\/05\/24\/conheca\/x-maria-augusta-2\/#main\" data-orig-file=\"https:\/\/i0.wp.com\/wp.ufpel.edu.br\/asphe25anos\/files\/2021\/05\/X-Maria-Augusta-2.jpg?fit=225%2C225&amp;ssl=1\" data-orig-size=\"225,225\" data-comments-opened=\"0\" data-image-meta=\"{&quot;aperture&quot;:&quot;0&quot;,&quot;credit&quot;:&quot;&quot;,&quot;camera&quot;:&quot;&quot;,&quot;caption&quot;:&quot;&quot;,&quot;created_timestamp&quot;:&quot;1626045207&quot;,&quot;copyright&quot;:&quot;&quot;,&quot;focal_length&quot;:&quot;0&quot;,&quot;iso&quot;:&quot;0&quot;,&quot;shutter_speed&quot;:&quot;0&quot;,&quot;title&quot;:&quot;&quot;,&quot;orientation&quot;:&quot;1&quot;}\" data-image-title=\"Maria Augusta Martiarena\" data-image-description=\"\" data-image-caption=\"\" data-medium-file=\"https:\/\/i0.wp.com\/wp.ufpel.edu.br\/asphe25anos\/files\/2021\/05\/X-Maria-Augusta-2.jpg?fit=225%2C225&amp;ssl=1\" data-large-file=\"https:\/\/i0.wp.com\/wp.ufpel.edu.br\/asphe25anos\/files\/2021\/05\/X-Maria-Augusta-2.jpg?fit=225%2C225&amp;ssl=1\" class=\"alignleft wp-image-550\" src=\"https:\/\/i0.wp.com\/wp.ufpel.edu.br\/asphe25anos\/files\/2021\/05\/X-Maria-Augusta-2.jpg?resize=195%2C195&#038;ssl=1\" alt=\"\" width=\"195\" height=\"195\" \/><\/a>MARIA AUGUSTA MARTIARENA DE OLIVEIRA (IFRS)<\/strong><\/span><br \/>\nPossui gradua\u00e7\u00e3o em Licenciatura Plena em Hist\u00f3ria pela Universidade Federal de Pelotas (2001), Mestrado (2005) e Doutorado (2012) em Educa\u00e7\u00e3o &#8211; linha de pesquisa \u201cFilosofia e Hist\u00f3ria da Educa\u00e7\u00e3o\u201d pela Universidade Federal de Pelotas e P\u00f3s-doutorado pelo Programa de P\u00f3s-Gradua\u00e7\u00e3o em Educa\u00e7\u00e3o da Universidade do Vale do Rio dos Sinos &#8211; Unisinos. Atualmente \u00e9 professora do Instituto Federal de Educa\u00e7\u00e3o, Ci\u00eancia e Tecnologia do Rio Grande do Sul e p\u00f3s-doutoranda junto ao Programa de P\u00f3s-Gradua\u00e7\u00e3o em Educa\u00e7\u00e3o da Universidade Federal Fluminense &#8211; UFF. Tem experi\u00eancia na \u00e1rea de Educa\u00e7\u00e3o e de Hist\u00f3ria, com \u00eanfase em Hist\u00f3ria da Educa\u00e7\u00e3o, atuando principalmente nos seguintes temas: Hist\u00f3ria da Educa\u00e7\u00e3o, Hist\u00f3ria da EPT, Fotografia, Educa\u00e7\u00e3o na Primeira Rep\u00fablica, Hist\u00f3ria do Rio Grande do Sul, Hist\u00f3ria do Brasil e da Am\u00e9rica Latina. Al\u00e9m disso, coordenou o GT de Hist\u00f3ria da Educa\u00e7\u00e3o da Anpuh-RS, gest\u00e3o 2018-2020 e \u00e9 Vice-presidente da Associa\u00e7\u00e3o Sul-Rio-Grandense de Pesquisadores de Hist\u00f3ria da Educa\u00e7\u00e3o (ASPHE), pelo bi\u00eanio 2019-2021.<br \/>\n<strong>Na programa\u00e7\u00e3o do encontro:<\/strong> 04\/11\/21 (quinta-feira) &#8211; 14:00 &#8211; Mesa Redonda 1 (mediadora)<\/p>\n<p>&nbsp;<\/p>\n<hr \/>\n<p><span style=\"color: #c82026;\"><strong><a href=\"https:\/\/wp.ufpel.edu.br\/asphe25anos\/2021\/05\/24\/conheca\/x-maria-helena\/#main\" rel=\"attachment wp-att-551\"><img data-recalc-dims=\"1\" loading=\"lazy\" decoding=\"async\" data-attachment-id=\"551\" data-permalink=\"https:\/\/wp.ufpel.edu.br\/asphe25anos\/2021\/05\/24\/conheca\/x-maria-helena\/#main\" data-orig-file=\"https:\/\/i0.wp.com\/wp.ufpel.edu.br\/asphe25anos\/files\/2021\/05\/X-Maria-Helena.jpg?fit=300%2C300&amp;ssl=1\" data-orig-size=\"300,300\" data-comments-opened=\"0\" data-image-meta=\"{&quot;aperture&quot;:&quot;0&quot;,&quot;credit&quot;:&quot;&quot;,&quot;camera&quot;:&quot;&quot;,&quot;caption&quot;:&quot;&quot;,&quot;created_timestamp&quot;:&quot;0&quot;,&quot;copyright&quot;:&quot;&quot;,&quot;focal_length&quot;:&quot;0&quot;,&quot;iso&quot;:&quot;0&quot;,&quot;shutter_speed&quot;:&quot;0&quot;,&quot;title&quot;:&quot;&quot;,&quot;orientation&quot;:&quot;1&quot;}\" data-image-title=\"Maria Helena Camara Bastos\" data-image-description=\"\" data-image-caption=\"\" data-medium-file=\"https:\/\/i0.wp.com\/wp.ufpel.edu.br\/asphe25anos\/files\/2021\/05\/X-Maria-Helena.jpg?fit=300%2C300&amp;ssl=1\" data-large-file=\"https:\/\/i0.wp.com\/wp.ufpel.edu.br\/asphe25anos\/files\/2021\/05\/X-Maria-Helena.jpg?fit=300%2C300&amp;ssl=1\" class=\"alignleft wp-image-551\" src=\"https:\/\/i0.wp.com\/wp.ufpel.edu.br\/asphe25anos\/files\/2021\/05\/X-Maria-Helena.jpg?resize=195%2C195&#038;ssl=1\" alt=\"\" width=\"195\" height=\"195\" \/><\/a>MARIA HELENA CAMARA BASTOS<\/strong><\/span><br \/>\nTem experi\u00eancia na \u00e1rea de Educa\u00e7\u00e3o, com \u00eanfase em Hist\u00f3ria da Educa\u00e7\u00e3o, atuando principalmente nos seguintes temas: hist\u00f3ria da educa\u00e7\u00e3o, cultura escolar, pesquisa, educa\u00e7\u00e3o e s\u00e9culo XIX. Possui gradua\u00e7\u00e3o em Hist\u00f3ria (UFRGS, 1972); mestrado em Educa\u00e7\u00e3o &#8211; Planejamento da Educa\u00e7\u00e3o (UFRGS, 1984); doutorado em Educa\u00e7\u00e3o &#8211; Hist\u00f3ria e Filosofia da Educa\u00e7\u00e3o (USP, 1994); p\u00f3s-doutorado no Service d&#8217;histoire de l&#8217;\u00e9ducation\/SHE-INRP (2000, 2010). Professora Titular em Hist\u00f3ria da Educa\u00e7\u00e3o &#8211; UFRGS (1995). Professora visitante do Institut National de Recherche P\u00e9dagogique\/Fran\u00e7a (1996 e 2005); e na Universit\u00e0 di Macerata\/It\u00e1lia (2016). Professora do Programa de P\u00f3s-Gradua\u00e7\u00e3o em Educa\u00e7\u00e3o e em Hist\u00f3ria da Escola de Humanidades da Pontif\u00edcia Universidade Cat\u00f3lica do Rio Grande do Sul\/PUCRS (2002-2019). Editora da revista Hist\u00f3ria da Educa\u00e7\u00e3o\/ASPHE. Coordenadora do GT Hist\u00f3ria da Educa\u00e7\u00e3o da ANPEd (2013-2015). Tem experi\u00eancia na \u00e1rea de Educa\u00e7\u00e3o, com \u00eanfase em Hist\u00f3ria da Educa\u00e7\u00e3o, atuando principalmente nos seguintes temas: disciplina de hist\u00f3ria da educa\u00e7\u00e3o, cultura escolar, impressos, imprensa peri\u00f3dica, imprensa de educa\u00e7\u00e3o e ensino, s\u00e9culo XIX. Coordena o Connecting History of Education Working Group. Participa do grupo \u201cTransfopress Brasil &#8211; Imprensa em l\u00edngua estrangeira entre identidade e alteridade\u201d.<br \/>\n<strong>Na programa\u00e7\u00e3o do encontro:<\/strong> 04\/11\/21 (quinta-feira) &#8211; 14:00 &#8211; Mesa Redonda 1 (debatedora)<\/p>\n<p>&nbsp;<\/p>\n<hr \/>\n<p><span style=\"color: #c82026;\"><strong><a href=\"https:\/\/wp.ufpel.edu.br\/asphe25anos\/2021\/05\/24\/conheca\/x-patricia-weiduschadt\/#main\" rel=\"attachment wp-att-552\"><img data-recalc-dims=\"1\" loading=\"lazy\" decoding=\"async\" data-attachment-id=\"552\" data-permalink=\"https:\/\/wp.ufpel.edu.br\/asphe25anos\/2021\/05\/24\/conheca\/x-patricia-weiduschadt\/#main\" data-orig-file=\"https:\/\/i0.wp.com\/wp.ufpel.edu.br\/asphe25anos\/files\/2021\/05\/X-Patricia-Weiduschadt.png?fit=300%2C300&amp;ssl=1\" data-orig-size=\"300,300\" data-comments-opened=\"0\" data-image-meta=\"{&quot;aperture&quot;:&quot;0&quot;,&quot;credit&quot;:&quot;&quot;,&quot;camera&quot;:&quot;&quot;,&quot;caption&quot;:&quot;&quot;,&quot;created_timestamp&quot;:&quot;0&quot;,&quot;copyright&quot;:&quot;&quot;,&quot;focal_length&quot;:&quot;0&quot;,&quot;iso&quot;:&quot;0&quot;,&quot;shutter_speed&quot;:&quot;0&quot;,&quot;title&quot;:&quot;&quot;,&quot;orientation&quot;:&quot;0&quot;}\" data-image-title=\"Patricia Weiduschadt\" data-image-description=\"\" data-image-caption=\"\" data-medium-file=\"https:\/\/i0.wp.com\/wp.ufpel.edu.br\/asphe25anos\/files\/2021\/05\/X-Patricia-Weiduschadt.png?fit=300%2C300&amp;ssl=1\" data-large-file=\"https:\/\/i0.wp.com\/wp.ufpel.edu.br\/asphe25anos\/files\/2021\/05\/X-Patricia-Weiduschadt.png?fit=300%2C300&amp;ssl=1\" class=\"alignleft wp-image-552\" src=\"https:\/\/i0.wp.com\/wp.ufpel.edu.br\/asphe25anos\/files\/2021\/05\/X-Patricia-Weiduschadt.png?resize=195%2C195&#038;ssl=1\" alt=\"\" width=\"195\" height=\"195\" \/><\/a>PATR\u00cdCIA WEIDUSCHADT (UFPel)<\/strong><\/span><br \/>\nPossui doutorado em Educa\u00e7\u00e3o, \u00eanfase em Hist\u00f3ria da Educa\u00e7\u00e3o pela Unisinos (2012) e mestrado em Educa\u00e7\u00e3o pela Universidade Federal de Pelotas (2007) na mesma linha. Atualmente atua profissionalmente como Professora Efetiva da Universidade Federal de Pelotas, lotada no Departamento de Fundamentos da Educa\u00e7\u00e3o &#8211; Faculdade de Educa\u00e7\u00e3o e como pesquisadora no Programa de P\u00f3s-Gradua\u00e7\u00e3o em Educa\u00e7\u00e3o da mesma unidade, coordenando a Linha de Pesquisa 1 &#8211; Filosofia e Hist\u00f3ria da Educa\u00e7\u00e3o. \u00c9 coordenadora do Ceihe (Centro de Estudos e Investiga\u00e7\u00f5es em Hist\u00f3ria da Educa\u00e7\u00e3o) e l\u00edder do grupo Ceihe\/CNPQ\/UFPel. Realizou p\u00f3s-doutorado em Educa\u00e7\u00e3o na Puc\/RS (2018).\u00c9 membro da SBHE e da Asphe, Vice- presidente dessa associa\u00e7\u00e3o gest\u00e3o (2015-2016). Presidente da ASPHE (2017-2019). Vice diretora da Faculdade de Educa\u00e7\u00e3o da Universidade Federal de Pelotas (2019-2020). \u00c9 parecerista ad-hoc de v\u00e1rias revistas no campo da hist\u00f3ria da educa\u00e7\u00e3o, da hist\u00f3ria e da religi\u00e3o. Tem experi\u00eancia na \u00e1rea de Educa\u00e7\u00e3o, com \u00eanfase em Hist\u00f3ria da Educa\u00e7\u00e3o, atuando principalmente nos seguintes temas: fundamentos da educa\u00e7\u00e3o, pomeranos, luteranismo, identidade, mem\u00f3ria, S\u00ednodo de Missouri, escolariza\u00e7\u00e3o \u00e9tnica alem\u00e3 e italiana, escola, educa\u00e7\u00e3o e acervos e institui\u00e7\u00f5es escolares.<br \/>\n<strong>Na programa\u00e7\u00e3o do encontro:<\/strong> 03\/11\/21 (quarta-feira) &#8211; 19:30 &#8211; Palestra de abertura (mediadora)<\/p>\n","protected":false},"excerpt":{"rendered":"<p> [&hellip;]<\/p>\n","protected":false},"author":928,"featured_media":278,"comment_status":"closed","ping_status":"closed","sticky":false,"template":"","format":"standard","meta":{"_jetpack_memberships_contains_paid_content":false,"footnotes":""},"categories":[1,3],"tags":[],"class_list":{"0":"post-266","1":"post","2":"type-post","3":"status-publish","4":"format-standard","5":"has-post-thumbnail","6":"hentry","7":"category-geral","8":"category-noticias","10":"post-with-thumbnail","11":"post-with-thumbnail-large"},"jetpack_featured_media_url":"https:\/\/i0.wp.com\/wp.ufpel.edu.br\/asphe25anos\/files\/2021\/05\/mic.png?fit=1050%2C600&ssl=1","jetpack_sharing_enabled":true,"_links":{"self":[{"href":"https:\/\/wp.ufpel.edu.br\/asphe25anos\/wp-json\/wp\/v2\/posts\/266","targetHints":{"allow":["GET"]}}],"collection":[{"href":"https:\/\/wp.ufpel.edu.br\/asphe25anos\/wp-json\/wp\/v2\/posts"}],"about":[{"href":"https:\/\/wp.ufpel.edu.br\/asphe25anos\/wp-json\/wp\/v2\/types\/post"}],"author":[{"embeddable":true,"href":"https:\/\/wp.ufpel.edu.br\/asphe25anos\/wp-json\/wp\/v2\/users\/928"}],"replies":[{"embeddable":true,"href":"https:\/\/wp.ufpel.edu.br\/asphe25anos\/wp-json\/wp\/v2\/comments?post=266"}],"version-history":[{"count":13,"href":"https:\/\/wp.ufpel.edu.br\/asphe25anos\/wp-json\/wp\/v2\/posts\/266\/revisions"}],"predecessor-version":[{"id":636,"href":"https:\/\/wp.ufpel.edu.br\/asphe25anos\/wp-json\/wp\/v2\/posts\/266\/revisions\/636"}],"wp:featuredmedia":[{"embeddable":true,"href":"https:\/\/wp.ufpel.edu.br\/asphe25anos\/wp-json\/wp\/v2\/media\/278"}],"wp:attachment":[{"href":"https:\/\/wp.ufpel.edu.br\/asphe25anos\/wp-json\/wp\/v2\/media?parent=266"}],"wp:term":[{"taxonomy":"category","embeddable":true,"href":"https:\/\/wp.ufpel.edu.br\/asphe25anos\/wp-json\/wp\/v2\/categories?post=266"},{"taxonomy":"post_tag","embeddable":true,"href":"https:\/\/wp.ufpel.edu.br\/asphe25anos\/wp-json\/wp\/v2\/tags?post=266"}],"curies":[{"name":"wp","href":"https:\/\/api.w.org\/{rel}","templated":true}]}}