{"id":816,"date":"2020-11-10T13:11:57","date_gmt":"2020-11-10T16:11:57","guid":{"rendered":"https:\/\/wp.ufpel.edu.br\/asala\/?p=816"},"modified":"2020-11-10T13:11:57","modified_gmt":"2020-11-10T16:11:57","slug":"mostra-555","status":"publish","type":"post","link":"https:\/\/wp.ufpel.edu.br\/asala\/2020\/11\/10\/mostra-555\/","title":{"rendered":"MOSTRA 555"},"content":{"rendered":"<p><strong>\u25b2 MOSTRA 555 \u25b2 13\/11 \u00e0 11\/12 \u25b2 v\u00eddeos todos os dias \u00e0s 12h \u25b2<\/strong><\/p>\n<p>&nbsp;<\/p>\n<p><span style=\"font-weight: 400\">Convidados <\/span><span style=\"font-weight: 400\">\u25b2<\/span><span style=\"font-weight: 400\"> Dione Veiga Vieira, Duo Strangloscope, Kalin Serapionov, Keila Serruya Sankofa e Let\u00edcia Ramos.\u00a0<\/span><\/p>\n<p><span style=\"font-weight: 400\">\u00a0<\/span><span style=\"font-weight: 400\">Participantes <\/span><span style=\"font-weight: 400\">\u25b2<\/span><span style=\"font-weight: 400\"> Andressa Boel, Arlen Costa, Calixto Bento, Caroline Sant&#039;Anna, Ceila Bitencourt, Dara Blois, Elias Maroso, Fernanda G\u00f6rski, Gabriela Costa \/ Gabriela Cunha \/ Stela,\u00a0 Kubiaki, Guilherme Leon \/ Gustavo Poester, Il\u00ea Sartuzi, James Zort\u00e9a, Jessica Porciuncula, Jessica Vesz, Jesus Quintero, Juliana Lellis, Kahena Sartore, Luiza Beraldo, Manausmir, Marina Avello, Matheus Brant, Pedro Parente e Vilmar Martins.\u00a0<\/span><\/p>\n<p><span style=\"font-weight: 400\">Curadoria <\/span><span style=\"font-weight: 400\">\u25b2<\/span><span style=\"font-weight: 400\"> Cl\u00f3vis Martins Costa (UFPEL), Elaine Tedesco (UFRGS), Liz\u00e2ngela Torres (UFPEL), Lucia Koch (USP), Marina Polidoro (UFRGS), Nikoleta Kerinska (UFU) e Renilda Minuzzi (UFSM).\u00a0<\/span><\/p>\n<p><span style=\"font-weight: 400\">A Galeria A SALA, do Centro de Artes da Ufpel em parceria com o grupo de pesquisa Audiovisual sem destino AVSD convida para a mostra de v\u00eddeos\u00a0 555, que acontecer\u00e1 nas m\u00eddias sociais da Galeria\u00a0 A Sala, Instagram e Youtube, de 13 de novembro a 11 de dezembro de 2020. A curadoria estruturou-se numa rede, com os n\u00f3s desenhados\u00a0 por professores de 5 cursos de Artes Visuais (UFU, UFRGS, ECA\/USP, UFSM, UFPEL). Foram convidados cinco artistas com produ\u00e7\u00e3o consolidada na \u00e1rea e discentes (da gradua\u00e7\u00e3o, mestrado e doutorado). Est\u00e3o previstas conversas com artistas e pesquisadores do campo audiovisual, a serem divulgadas no decorrer do evento. O primeiro encontro est\u00e1 confirmado para o dia 22 de novembro, com a dupla Duo Strangloscope, e media\u00e7\u00e3o de James Zort\u00e9a.<\/span><\/p>\n<p><span style=\"font-weight: 400\">\u25b2 Acesse nosso Youtube \u25b2<\/span><\/p>\n<p><a href=\"https:\/\/www.youtube.com\/channel\/UClbSBENbL7fWRghol72-gHQ?view_as=subscriber\" target=\"_blank\" rel=\"noopener noreferrer\">Canal no Youtube<\/a><\/p>\n<p><span style=\"font-weight: 400\">#mostra555 #mostraaudiovisual #galeriaasala #audiovisual #exposi\u00e7\u00e3o #galeriadearte #ufpel #ufrgs #usp #ufu #ufsm #artecontemporanea #contemporanyart #movie #centrodeartes\u00a0<\/span><\/p>\n<p><img loading=\"lazy\" decoding=\"async\" class=\"alignnone  wp-image-823\" src=\"https:\/\/wp.ufpel.edu.br\/asala\/files\/2020\/11\/Design-sem-nome-3-400x225.png\" alt=\"\" width=\"754\" height=\"426\" srcset=\"https:\/\/wp.ufpel.edu.br\/asala\/files\/2020\/11\/Design-sem-nome-3-400x225.png 400w, https:\/\/wp.ufpel.edu.br\/asala\/files\/2020\/11\/Design-sem-nome-3-600x338.png 600w\" sizes=\"auto, (max-width: 754px) 100vw, 754px\" \/><\/p>\n<p><a href=\"https:\/\/www.facebook.com\/events\/3374974945933577\/?acontext=%7B%22event_action_history%22%3A[%7B%22mechanism%22%3A%22surface%22%2C%22surface%22%3A%22create_dialog%22%7D]%7D\" target=\"_blank\" rel=\"noopener noreferrer\">Evento do facebook <\/a><\/p>\n<p>&nbsp;<\/p>\n","protected":false},"excerpt":{"rendered":"<p>\u25b2 MOSTRA 555 \u25b2 13\/11 \u00e0 11\/12 \u25b2 v\u00eddeos todos os dias \u00e0s 12h \u25b2 &nbsp; Convidados \u25b2 Dione Veiga Vieira, Duo Strangloscope, Kalin Serapionov, Keila Serruya Sankofa e Let\u00edcia Ramos.\u00a0 \u00a0Participantes \u25b2 Andressa Boel, Arlen Costa, Calixto Bento, Caroline&#8230; <a class=\"more-link\" href=\"https:\/\/wp.ufpel.edu.br\/asala\/2020\/11\/10\/mostra-555\/\">Continue lendo &rarr;<\/a><\/p>\n","protected":false},"author":892,"featured_media":0,"comment_status":"closed","ping_status":"closed","sticky":false,"template":"","format":"standard","meta":{"footnotes":""},"categories":[1],"tags":[],"class_list":["post-816","post","type-post","status-publish","format-standard","hentry","category-expo"],"jetpack_featured_media_url":"","_links":{"self":[{"href":"https:\/\/wp.ufpel.edu.br\/asala\/wp-json\/wp\/v2\/posts\/816","targetHints":{"allow":["GET"]}}],"collection":[{"href":"https:\/\/wp.ufpel.edu.br\/asala\/wp-json\/wp\/v2\/posts"}],"about":[{"href":"https:\/\/wp.ufpel.edu.br\/asala\/wp-json\/wp\/v2\/types\/post"}],"author":[{"embeddable":true,"href":"https:\/\/wp.ufpel.edu.br\/asala\/wp-json\/wp\/v2\/users\/892"}],"replies":[{"embeddable":true,"href":"https:\/\/wp.ufpel.edu.br\/asala\/wp-json\/wp\/v2\/comments?post=816"}],"version-history":[{"count":1,"href":"https:\/\/wp.ufpel.edu.br\/asala\/wp-json\/wp\/v2\/posts\/816\/revisions"}],"predecessor-version":[{"id":824,"href":"https:\/\/wp.ufpel.edu.br\/asala\/wp-json\/wp\/v2\/posts\/816\/revisions\/824"}],"wp:attachment":[{"href":"https:\/\/wp.ufpel.edu.br\/asala\/wp-json\/wp\/v2\/media?parent=816"}],"wp:term":[{"taxonomy":"category","embeddable":true,"href":"https:\/\/wp.ufpel.edu.br\/asala\/wp-json\/wp\/v2\/categories?post=816"},{"taxonomy":"post_tag","embeddable":true,"href":"https:\/\/wp.ufpel.edu.br\/asala\/wp-json\/wp\/v2\/tags?post=816"}],"curies":[{"name":"wp","href":"https:\/\/api.w.org\/{rel}","templated":true}]}}