{"id":19,"date":"2019-06-06T11:10:24","date_gmt":"2019-06-06T14:10:24","guid":{"rendered":"https:\/\/wp.ufpel.edu.br\/asala\/?p=19"},"modified":"2020-06-30T12:42:35","modified_gmt":"2020-06-30T15:42:35","slug":"exposicao-campo-minado","status":"publish","type":"post","link":"https:\/\/wp.ufpel.edu.br\/asala\/2019\/06\/06\/exposicao-campo-minado\/","title":{"rendered":"Exposi\u00e7\u00e3o Campo Minado"},"content":{"rendered":"<p><img loading=\"lazy\" decoding=\"async\" class=\"size-medium wp-image-532 aligncenter\" src=\"https:\/\/wp.ufpel.edu.br\/asala\/files\/2019\/06\/campo-minado-283x400.jpg\" alt=\"\" width=\"283\" height=\"400\" srcset=\"https:\/\/wp.ufpel.edu.br\/asala\/files\/2019\/06\/campo-minado-283x400.jpg 283w, https:\/\/wp.ufpel.edu.br\/asala\/files\/2019\/06\/campo-minado-724x1024.jpg 724w, https:\/\/wp.ufpel.edu.br\/asala\/files\/2019\/06\/campo-minado-768x1086.jpg 768w, https:\/\/wp.ufpel.edu.br\/asala\/files\/2019\/06\/campo-minado-1086x1536.jpg 1086w, https:\/\/wp.ufpel.edu.br\/asala\/files\/2019\/06\/campo-minado-1448x2048.jpg 1448w, https:\/\/wp.ufpel.edu.br\/asala\/files\/2019\/06\/campo-minado-600x849.jpg 600w, https:\/\/wp.ufpel.edu.br\/asala\/files\/2019\/06\/campo-minado-945x1337.jpg 945w, https:\/\/wp.ufpel.edu.br\/asala\/files\/2019\/06\/campo-minado-scaled.jpg 1810w\" sizes=\"auto, (max-width: 283px) 100vw, 283px\" \/><\/p>\n<p style=\"text-align: right\"><strong>Campo Minado<\/strong><br \/>\nAlice Porto e Bruna Silva<\/p>\n<p style=\"text-align: justify\">Pelotas \u00e9 uma cidade que, por sua planaridade, possibilita maneiras \u00fanicas de estar junto. Seus fluxos facilitam encontros. Ruas planas e largas convidam a caminhadas, e o ritmo da cidade incentiva pausas para conversas nas esquinas e caf\u00e9s. Nos \u00faltimos anos, por essas ruas lentas, come\u00e7aram a circular cada vez mais artistas que incorporam em seu trabalho, sozinhas ou em colabora\u00e7\u00f5es, as reverbera\u00e7\u00f5es daquela que vem sendo chamada de primavera feminista no Brasil.<br \/>\nE por que falar daqui, e n\u00e3o de outro lugar? A presen\u00e7a ostensiva de artistas feministas (ou feministas artistas) nesse territ\u00f3rio sinaliza a constru\u00e7\u00e3o de um lugar coletivo que abarca tens\u00f5es e utopias. Da participa\u00e7\u00e3o nas manifesta\u00e7\u00f5es combativas internacionais no espa\u00e7o urbano (as Marchas das Vadias) at\u00e9 as performances cat\u00e1rticas no Instituto de Ci\u00eancias Humanas da UFPel ou no centro hist\u00f3rico, desde a publica\u00e7\u00e3o do livro Um \u00datero \u00e9 do Tamanho de Um Punho, de Ang\u00e9lica Freitas (que j\u00e1 \u00e9 um marco na poesia feminista nacional), at\u00e9 as in\u00fameras zines que circulam nos circuitos de publica\u00e7\u00f5es independentes, Pelotas demarca um espa\u00e7o firme de resist\u00eancia coletiva das mulheres contra o peso naturalizado e invis\u00edvel da tradi\u00e7\u00e3o.<br \/>\nCampo Minado \u00e9 um recorte da produ\u00e7\u00e3o art\u00edstica latente nestas ruas, no interior das constru\u00e7\u00f5es e do campo cultural. Tendo em vista aquelas que circulam e portanto constroem a paisagem pelotense, minas que minam este espa\u00e7o, a exposi\u00e7\u00e3o visa manifestar que ainda \u00e9 preciso \u2013 e, talvez, nesse momento mais do que nunca \u2013 reinventar o cotidiano, o espa\u00e7o da mulher na cidade, as redes de cuidado e afeto, mas tamb\u00e9m as de combate.<br \/>\nAs artistas participantes estabelecem rela\u00e7\u00f5es com o ativismo feminista \u2013 que se manifestam diversamente \u2013 e abarcam, de modo geral, possibilidades de articular as trocas interpessoais e com o lugar. Quer seja pela abordagem da afetividade e sexualidade entre mulheres, pelo questionamento dos limites do espa\u00e7o p\u00fablico ou do lar a partir do corpo da mulher, pela arquitetura da cidade como met\u00e1fora da constru\u00e7\u00e3o de uma linguagem, pelo corpo que opera ou \u00e9 impactado pela imposi\u00e7\u00e3o da feminilidade, e que tamb\u00e9m surge como paisagem ou abstra\u00e7\u00e3o.<br \/>\nA produ\u00e7\u00e3o de arte aqui se d\u00e1 a partir da percep\u00e7\u00e3o de que n\u00e3o existe neutralidade no corpo que a produz. Pontua de modo cr\u00edtico a cidade, o espa\u00e7o e suas especificidades.<\/p>\n<p><strong>Artistas participantes<\/strong>:<\/p>\n<p>Amanda de Abreu<br \/>\nBruna Silva<br \/>\nCamila Cuqui<br \/>\nFabiana Faleiros<br \/>\nJessica Porciuncula<br \/>\nJulia Pema<br \/>\nLua Miranda<br \/>\nMariane Sim\u00f5es<br \/>\nMartha Gofre<br \/>\nRafa<br \/>\nRafaela In\u00e1cio<br \/>\nStela Kubiaki<\/p>\n<p><strong>Conversa<\/strong>: 17 de maio \u00e0s 17h<br \/>\n<strong>Vernissage<\/strong>: 17 de maio \u00e0s 19h<\/p>\n<p>Evento do Facebook: <a href=\"https:\/\/www.facebook.com\/events\/2167840363253026\/\">https:\/\/www.facebook.com\/events\/2167840363253026\/<\/a><\/p>\n","protected":false},"excerpt":{"rendered":"<p>Campo Minado Alice Porto e Bruna Silva Pelotas \u00e9 uma cidade que, por sua planaridade, possibilita maneiras \u00fanicas de estar junto. Seus fluxos facilitam encontros. Ruas planas e largas convidam a caminhadas, e o ritmo da cidade incentiva pausas para&#8230; <a class=\"more-link\" href=\"https:\/\/wp.ufpel.edu.br\/asala\/2019\/06\/06\/exposicao-campo-minado\/\">Continue lendo &rarr;<\/a><\/p>\n","protected":false},"author":892,"featured_media":21,"comment_status":"closed","ping_status":"closed","sticky":false,"template":"","format":"standard","meta":{"footnotes":""},"categories":[1],"tags":[],"class_list":["post-19","post","type-post","status-publish","format-standard","has-post-thumbnail","hentry","category-expo"],"jetpack_featured_media_url":"https:\/\/wp.ufpel.edu.br\/asala\/files\/2019\/06\/60190665_2773160409422666_9124550714889076736_n.jpg","_links":{"self":[{"href":"https:\/\/wp.ufpel.edu.br\/asala\/wp-json\/wp\/v2\/posts\/19","targetHints":{"allow":["GET"]}}],"collection":[{"href":"https:\/\/wp.ufpel.edu.br\/asala\/wp-json\/wp\/v2\/posts"}],"about":[{"href":"https:\/\/wp.ufpel.edu.br\/asala\/wp-json\/wp\/v2\/types\/post"}],"author":[{"embeddable":true,"href":"https:\/\/wp.ufpel.edu.br\/asala\/wp-json\/wp\/v2\/users\/892"}],"replies":[{"embeddable":true,"href":"https:\/\/wp.ufpel.edu.br\/asala\/wp-json\/wp\/v2\/comments?post=19"}],"version-history":[{"count":7,"href":"https:\/\/wp.ufpel.edu.br\/asala\/wp-json\/wp\/v2\/posts\/19\/revisions"}],"predecessor-version":[{"id":754,"href":"https:\/\/wp.ufpel.edu.br\/asala\/wp-json\/wp\/v2\/posts\/19\/revisions\/754"}],"wp:featuredmedia":[{"embeddable":true,"href":"https:\/\/wp.ufpel.edu.br\/asala\/wp-json\/wp\/v2\/media\/21"}],"wp:attachment":[{"href":"https:\/\/wp.ufpel.edu.br\/asala\/wp-json\/wp\/v2\/media?parent=19"}],"wp:term":[{"taxonomy":"category","embeddable":true,"href":"https:\/\/wp.ufpel.edu.br\/asala\/wp-json\/wp\/v2\/categories?post=19"},{"taxonomy":"post_tag","embeddable":true,"href":"https:\/\/wp.ufpel.edu.br\/asala\/wp-json\/wp\/v2\/tags?post=19"}],"curies":[{"name":"wp","href":"https:\/\/api.w.org\/{rel}","templated":true}]}}