{"id":990,"date":"2024-08-01T13:18:31","date_gmt":"2024-08-01T16:18:31","guid":{"rendered":"https:\/\/wp.ufpel.edu.br\/artesvisuaislic\/?p=990"},"modified":"2024-08-01T13:18:31","modified_gmt":"2024-08-01T16:18:31","slug":"divulgacao-convite-oficina-de-roteiro-para-curta-metragem-com-exibicao","status":"publish","type":"post","link":"https:\/\/wp.ufpel.edu.br\/artesvisuaislic\/2024\/08\/01\/divulgacao-convite-oficina-de-roteiro-para-curta-metragem-com-exibicao\/","title":{"rendered":"[Divulga\u00e7\u00e3o] CONVITE: Oficina de Roteiro para Curta-Metragem com exibi\u00e7\u00e3o"},"content":{"rendered":"<p><img data-recalc-dims=\"1\" class=\"alignnone size-full wp-image-992\" src=\"https:\/\/i0.wp.com\/wp.ufpel.edu.br\/artesvisuaislic\/files\/2024\/08\/oficina.png?resize=1080%2C1080&#038;ssl=1\" alt=\"\" width=\"1080\" height=\"1080\" srcset=\"https:\/\/i0.wp.com\/wp.ufpel.edu.br\/artesvisuaislic\/files\/2024\/08\/oficina.png?w=1080&amp;ssl=1 1080w, https:\/\/i0.wp.com\/wp.ufpel.edu.br\/artesvisuaislic\/files\/2024\/08\/oficina.png?resize=400%2C400&amp;ssl=1 400w, https:\/\/i0.wp.com\/wp.ufpel.edu.br\/artesvisuaislic\/files\/2024\/08\/oficina.png?resize=1024%2C1024&amp;ssl=1 1024w, https:\/\/i0.wp.com\/wp.ufpel.edu.br\/artesvisuaislic\/files\/2024\/08\/oficina.png?resize=200%2C200&amp;ssl=1 200w, https:\/\/i0.wp.com\/wp.ufpel.edu.br\/artesvisuaislic\/files\/2024\/08\/oficina.png?resize=768%2C768&amp;ssl=1 768w\" sizes=\"(max-width: 1000px) 100vw, 1000px\" \/><\/p>\n<p>&#8220;\u00c9 com imenso prazer que alunos egressos do curso de Cinema e mestrandos em artes no PPGAV UFPel convidam toda a comunidade acad\u00eamica para a Oficina de Roteiro para Curta-Metragem ministrada por Pedro Tavares Filho e produzida por Mateus Armas, na pr\u00f3xima\u00a0<b>ter\u00e7a-feira, 6 de agosto, \u00e0s 15h<\/b>\u00a0no espa\u00e7o\u00a0<b>OTROPORTO<\/b>\u00a0(endere\u00e7o\u00a0R. Benjamin Constant, 701a &#8211; Porto, Pelotas &#8211; RS, 96010-020).<\/p>\n<div><\/div>\n<div>A oficina tem foco nos estudantes e artistas futuros poss\u00edveis realizadores audiovisuais, juntamente \u00e0 oficina tamb\u00e9m ter\u00e1 uma exibi\u00e7\u00e3o de curta-metragem com espa\u00e7o para discuss\u00f5es acerca do filme e da produ\u00e7\u00e3o audiovisual ga\u00facha para curta-metragem.&#8221;<\/div>\n","protected":false},"excerpt":{"rendered":"<p>&#8220;\u00c9 com imenso prazer que alunos egressos do curso de Cinema e mestrandos em artes no PPGAV UFPel convidam toda a comunidade acad\u00eamica para a Oficina de Roteiro para Curta-Metragem ministrada por Pedro Tavares Filho e produzida por Mateus Armas, na pr\u00f3xima\u00a0ter\u00e7a-feira, 6 de agosto, \u00e0s 15h\u00a0no espa\u00e7o\u00a0OTROPORTO\u00a0(endere\u00e7o\u00a0R. Benjamin Constant, 701a &#8211; Porto, Pelotas &#8211; [&hellip;]<\/p>\n","protected":false},"author":977,"featured_media":0,"comment_status":"closed","ping_status":"closed","sticky":false,"template":"","format":"standard","meta":{"jetpack_post_was_ever_published":false,"_jetpack_newsletter_access":"","_jetpack_dont_email_post_to_subs":false,"_jetpack_newsletter_tier_id":0,"_jetpack_memberships_contains_paywalled_content":false,"_jetpack_memberships_contains_paid_content":false,"footnotes":""},"categories":[1],"tags":[],"class_list":["post-990","post","type-post","status-publish","format-standard","hentry","category-noticias"],"jetpack_featured_media_url":"","jetpack_sharing_enabled":true,"_links":{"self":[{"href":"https:\/\/wp.ufpel.edu.br\/artesvisuaislic\/wp-json\/wp\/v2\/posts\/990","targetHints":{"allow":["GET"]}}],"collection":[{"href":"https:\/\/wp.ufpel.edu.br\/artesvisuaislic\/wp-json\/wp\/v2\/posts"}],"about":[{"href":"https:\/\/wp.ufpel.edu.br\/artesvisuaislic\/wp-json\/wp\/v2\/types\/post"}],"author":[{"embeddable":true,"href":"https:\/\/wp.ufpel.edu.br\/artesvisuaislic\/wp-json\/wp\/v2\/users\/977"}],"replies":[{"embeddable":true,"href":"https:\/\/wp.ufpel.edu.br\/artesvisuaislic\/wp-json\/wp\/v2\/comments?post=990"}],"version-history":[{"count":3,"href":"https:\/\/wp.ufpel.edu.br\/artesvisuaislic\/wp-json\/wp\/v2\/posts\/990\/revisions"}],"predecessor-version":[{"id":995,"href":"https:\/\/wp.ufpel.edu.br\/artesvisuaislic\/wp-json\/wp\/v2\/posts\/990\/revisions\/995"}],"wp:attachment":[{"href":"https:\/\/wp.ufpel.edu.br\/artesvisuaislic\/wp-json\/wp\/v2\/media?parent=990"}],"wp:term":[{"taxonomy":"category","embeddable":true,"href":"https:\/\/wp.ufpel.edu.br\/artesvisuaislic\/wp-json\/wp\/v2\/categories?post=990"},{"taxonomy":"post_tag","embeddable":true,"href":"https:\/\/wp.ufpel.edu.br\/artesvisuaislic\/wp-json\/wp\/v2\/tags?post=990"}],"curies":[{"name":"wp","href":"https:\/\/api.w.org\/{rel}","templated":true}]}}