{"id":225,"date":"2020-08-17T09:52:50","date_gmt":"2020-08-17T12:52:50","guid":{"rendered":"https:\/\/wp.ufpel.edu.br\/artesvisuaislic\/?p=225"},"modified":"2020-08-17T10:05:24","modified_gmt":"2020-08-17T13:05:24","slug":"participe-da-semana-do-folclore","status":"publish","type":"post","link":"https:\/\/wp.ufpel.edu.br\/artesvisuaislic\/2020\/08\/17\/participe-da-semana-do-folclore\/","title":{"rendered":"Participe da Semana do Folclore!"},"content":{"rendered":"<h4 style=\"text-align: justify\">Realizada na Universidade Federal de Pelotas- UFPel desde o ano de 2012, inicia nesta segunda-feira, dia 17 de agosto de 2020, mais uma edi\u00e7\u00e3o da Semana do Folclore, desta vez em Edi\u00e7\u00e3o Online.<\/h4>\n<p><img data-recalc-dims=\"1\" class=\"alignleft wp-image-227\" src=\"https:\/\/i0.wp.com\/wp.ufpel.edu.br\/artesvisuaislic\/files\/2020\/08\/Programa%C3%A7%C3%A3o-da-Semana-do-Folclore.jpeg?resize=720%2C1078&#038;ssl=1\" alt=\"\" width=\"720\" height=\"1078\" \/><\/p>\n<p>&nbsp;<\/p>\n<p>&nbsp;<\/p>\n<p>&nbsp;<\/p>\n<p>&nbsp;<\/p>\n<p>&nbsp;<\/p>\n<p>&nbsp;<\/p>\n<p>&nbsp;<\/p>\n<p>&nbsp;<\/p>\n<p>&nbsp;<\/p>\n<p>&nbsp;<\/p>\n<p>&nbsp;<\/p>\n<p>&nbsp;<\/p>\n<p>&nbsp;<\/p>\n<p>&nbsp;<\/p>\n<p>&nbsp;<\/p>\n<p>&nbsp;<\/p>\n<p>&nbsp;<\/p>\n<p>&nbsp;<\/p>\n<p>&nbsp;<\/p>\n<p>&nbsp;<\/p>\n<p>&nbsp;<\/p>\n<p>&nbsp;<\/p>\n<p>&nbsp;<\/p>\n<p>&nbsp;<\/p>\n<p>&nbsp;<\/p>\n<p>&nbsp;<\/p>\n<p style=\"text-align: justify\">Com a promo\u00e7\u00e3o e realiza\u00e7\u00e3o do N\u00facleo de Folclore da UFPel \u2013 NUFOLK e do Laborat\u00f3rio de Decolonialidade em A\u00e7\u00f5es e Investiga\u00e7\u00f5es Art\u00edsticas \u2013 LADAIA, o evento deste ano traz como tema-gerador \u201cCULTURAS NEGRAS E PENSAMENTO<br \/>\nDECOLONIAL\u201d. Devido \u00e0 pandemia do COVID-19, o evento ser\u00e1 totalmente em formato virtual e acontecer\u00e1 de 17 a 22 de Agosto de, tendo ainda como parceiros desta edi\u00e7\u00e3o: OMEGA \u2013 Observat\u00f3rio de Mem\u00f3ria, Educa\u00e7\u00e3o, Gesto e Arte (UFPel\/CNPq), Curso de Dan\u00e7a \u2013<br \/>\nLicenciatura, Projeto de Extens\u00e3o Folclore e Educa\u00e7\u00e3o, Projeto de Pesquisa Aspectos Hist\u00f3ricos da Dan\u00e7a no RS, Projeto de Pesquisa Po\u00e9ticas Populares na Contemporaneidade, Curso de Dan\u00e7a da UCS, Abrasoffa \u2013 Associa\u00e7\u00e3o Brasileira dos Organizadores de Festivais de Folclore e Artes Populares, Grupo Afro-Sul de M\u00fasica e Dan\u00e7a e Abamba\u00e9 Companhia de Dan\u00e7as Brasileiras.<\/p>\n<p style=\"text-align: justify\">Integram a Comiss\u00e3o Organizadora do evento os professores Thiago Amorim (Curso de Dan\u00e7a), Manoel Gildo (Curso de Dan\u00e7a), Carmen Hoffmann (Curso de Dan\u00e7a) e Rose Miranda (Faculdade de Educa\u00e7\u00e3o) e os alunos Ederson Vergara, Felipi Corr\u00eaa, Natiele Meirelles (Curso de Dan\u00e7a) e Beliza Gonzales (Programa de P\u00f3s- Gradua\u00e7\u00e3o em Artes Visuais).<br \/>\nA Plataforma na qual acontecer\u00e1 a Semana do Folclore 2020 \u00e9 o TeamLink, com acesso gratuito e possibilidade de uso tanto no computador e notebook quanto em dispositivos m\u00f3veis como smartphones e tablets.<\/p>\n<p style=\"text-align: justify\">Se voc\u00ea ainda n\u00e3o tem o TeamLink, pode instal\u00e1-lo gratuitamente.<br \/>\nPara download do app no celular (android):<br \/>\nhttps:\/\/play.google.com\/store\/apps\/details?id=app.cybrook.teamlink<br \/>\nPara download no computador:<br \/>\nhttps:\/\/www.teamlink.co\/download.html<br \/>\nO link para a sala de acesso a Semana do Folclore 2020 \u00e9 \u00fanico para todas as atividades do evento, no seguinte endere\u00e7o virtual:<br \/>\nhttps:\/\/m.teamlink.co\/2663276581<\/p>\n<p style=\"text-align: justify\"><strong>As inscri\u00e7\u00f5es para a Semana do Folclore da UFPel 2020 (evento gratuito) podem ser realizadas a partir do preenchimento do formul\u00e1rio: https:\/\/forms.gle\/s3N1EkdbAEt9zVzx6<\/strong><\/p>\n<p>Atrav\u00e9s do preenchimento e envio deste formul\u00e1rio, voc\u00ea est\u00e1 solicitando a inscri\u00e7\u00e3o para participa\u00e7\u00e3o em todas as atividades do evento e, com a frequ\u00eancia m\u00ednima comprovada de 75% das atividades virtuais do evento, receber\u00e1 seu atestado por e-mail. Todavia, a participa\u00e7\u00e3o em atividades isoladas tamb\u00e9m ser\u00e1 poss\u00edvel, mas n\u00e3o oferecer\u00e1 esta comprova\u00e7\u00e3o.<\/p>\n","protected":false},"excerpt":{"rendered":"<p>Realizada na Universidade Federal de Pelotas- UFPel desde o ano de 2012, inicia nesta segunda-feira, dia 17 de agosto de 2020, mais uma edi\u00e7\u00e3o da Semana do Folclore, desta vez em Edi\u00e7\u00e3o Online. &nbsp; &nbsp; &nbsp; &nbsp; &nbsp; &nbsp; &nbsp; &nbsp; &nbsp; &nbsp; &nbsp; &nbsp; &nbsp; &nbsp; &nbsp; &nbsp; &nbsp; &nbsp; &nbsp; &nbsp; &nbsp; &nbsp; [&hellip;]<\/p>\n","protected":false},"author":977,"featured_media":0,"comment_status":"closed","ping_status":"closed","sticky":false,"template":"","format":"standard","meta":{"jetpack_post_was_ever_published":false,"_jetpack_newsletter_access":"","_jetpack_dont_email_post_to_subs":false,"_jetpack_newsletter_tier_id":0,"_jetpack_memberships_contains_paywalled_content":false,"_jetpack_memberships_contains_paid_content":false,"footnotes":""},"categories":[1],"tags":[],"class_list":["post-225","post","type-post","status-publish","format-standard","hentry","category-noticias"],"jetpack_featured_media_url":"","jetpack_sharing_enabled":true,"_links":{"self":[{"href":"https:\/\/wp.ufpel.edu.br\/artesvisuaislic\/wp-json\/wp\/v2\/posts\/225","targetHints":{"allow":["GET"]}}],"collection":[{"href":"https:\/\/wp.ufpel.edu.br\/artesvisuaislic\/wp-json\/wp\/v2\/posts"}],"about":[{"href":"https:\/\/wp.ufpel.edu.br\/artesvisuaislic\/wp-json\/wp\/v2\/types\/post"}],"author":[{"embeddable":true,"href":"https:\/\/wp.ufpel.edu.br\/artesvisuaislic\/wp-json\/wp\/v2\/users\/977"}],"replies":[{"embeddable":true,"href":"https:\/\/wp.ufpel.edu.br\/artesvisuaislic\/wp-json\/wp\/v2\/comments?post=225"}],"version-history":[{"count":5,"href":"https:\/\/wp.ufpel.edu.br\/artesvisuaislic\/wp-json\/wp\/v2\/posts\/225\/revisions"}],"predecessor-version":[{"id":239,"href":"https:\/\/wp.ufpel.edu.br\/artesvisuaislic\/wp-json\/wp\/v2\/posts\/225\/revisions\/239"}],"wp:attachment":[{"href":"https:\/\/wp.ufpel.edu.br\/artesvisuaislic\/wp-json\/wp\/v2\/media?parent=225"}],"wp:term":[{"taxonomy":"category","embeddable":true,"href":"https:\/\/wp.ufpel.edu.br\/artesvisuaislic\/wp-json\/wp\/v2\/categories?post=225"},{"taxonomy":"post_tag","embeddable":true,"href":"https:\/\/wp.ufpel.edu.br\/artesvisuaislic\/wp-json\/wp\/v2\/tags?post=225"}],"curies":[{"name":"wp","href":"https:\/\/api.w.org\/{rel}","templated":true}]}}