{"id":1267,"date":"2025-07-28T15:21:35","date_gmt":"2025-07-28T18:21:35","guid":{"rendered":"https:\/\/wp.ufpel.edu.br\/artesvisuaislic\/?p=1267"},"modified":"2025-07-28T15:21:44","modified_gmt":"2025-07-28T18:21:44","slug":"plano-de-acao-da-coordenacao-de-curso","status":"publish","type":"post","link":"https:\/\/wp.ufpel.edu.br\/artesvisuaislic\/2025\/07\/28\/plano-de-acao-da-coordenacao-de-curso\/","title":{"rendered":"Plano de A\u00e7\u00e3o da Coordena\u00e7\u00e3o de Curso 2025-2027"},"content":{"rendered":"<p><a href=\"https:\/\/wp.ufpel.edu.br\/artesvisuaislic\/files\/2025\/07\/Plano-de-acao-Coordenacao-Artes-Visuais-2025-2027.pdf\">Plano de a\u00e7\u00e3o &#8211; Coordena\u00e7\u00e3o Artes Visuais 2025 2027<\/a><\/p>\n<p>Prezados (as),<\/p>\n<p>Tornamos p\u00fablico o plano de a\u00e7\u00e3o da coordena\u00e7\u00e3o de curso com vig\u00eancia de 2025 a 2027.<\/p>\n<p>At.te,<\/p>\n<p>Coordena\u00e7\u00e3o<\/p>\n","protected":false},"excerpt":{"rendered":"<p>Plano de a\u00e7\u00e3o &#8211; Coordena\u00e7\u00e3o Artes Visuais 2025 2027 Prezados (as), Tornamos p\u00fablico o plano de a\u00e7\u00e3o da coordena\u00e7\u00e3o de curso com vig\u00eancia de 2025 a 2027. At.te, Coordena\u00e7\u00e3o<\/p>\n","protected":false},"author":977,"featured_media":0,"comment_status":"closed","ping_status":"closed","sticky":false,"template":"","format":"standard","meta":{"jetpack_post_was_ever_published":false,"_jetpack_newsletter_access":"","_jetpack_dont_email_post_to_subs":false,"_jetpack_newsletter_tier_id":0,"_jetpack_memberships_contains_paywalled_content":false,"_jetpack_memberships_contains_paid_content":false,"footnotes":""},"categories":[1],"tags":[],"class_list":["post-1267","post","type-post","status-publish","format-standard","hentry","category-noticias"],"jetpack_featured_media_url":"","jetpack_sharing_enabled":true,"_links":{"self":[{"href":"https:\/\/wp.ufpel.edu.br\/artesvisuaislic\/wp-json\/wp\/v2\/posts\/1267","targetHints":{"allow":["GET"]}}],"collection":[{"href":"https:\/\/wp.ufpel.edu.br\/artesvisuaislic\/wp-json\/wp\/v2\/posts"}],"about":[{"href":"https:\/\/wp.ufpel.edu.br\/artesvisuaislic\/wp-json\/wp\/v2\/types\/post"}],"author":[{"embeddable":true,"href":"https:\/\/wp.ufpel.edu.br\/artesvisuaislic\/wp-json\/wp\/v2\/users\/977"}],"replies":[{"embeddable":true,"href":"https:\/\/wp.ufpel.edu.br\/artesvisuaislic\/wp-json\/wp\/v2\/comments?post=1267"}],"version-history":[{"count":2,"href":"https:\/\/wp.ufpel.edu.br\/artesvisuaislic\/wp-json\/wp\/v2\/posts\/1267\/revisions"}],"predecessor-version":[{"id":1270,"href":"https:\/\/wp.ufpel.edu.br\/artesvisuaislic\/wp-json\/wp\/v2\/posts\/1267\/revisions\/1270"}],"wp:attachment":[{"href":"https:\/\/wp.ufpel.edu.br\/artesvisuaislic\/wp-json\/wp\/v2\/media?parent=1267"}],"wp:term":[{"taxonomy":"category","embeddable":true,"href":"https:\/\/wp.ufpel.edu.br\/artesvisuaislic\/wp-json\/wp\/v2\/categories?post=1267"},{"taxonomy":"post_tag","embeddable":true,"href":"https:\/\/wp.ufpel.edu.br\/artesvisuaislic\/wp-json\/wp\/v2\/tags?post=1267"}],"curies":[{"name":"wp","href":"https:\/\/api.w.org\/{rel}","templated":true}]}}