{"id":1021,"date":"2024-08-19T12:44:32","date_gmt":"2024-08-19T15:44:32","guid":{"rendered":"https:\/\/wp.ufpel.edu.br\/artesvisuaislic\/?p=1021"},"modified":"2024-08-19T12:44:32","modified_gmt":"2024-08-19T15:44:32","slug":"nepsi-disponibiliza-duas-bolsas-para-iniciacao-cientifica-2024-2025","status":"publish","type":"post","link":"https:\/\/wp.ufpel.edu.br\/artesvisuaislic\/2024\/08\/19\/nepsi-disponibiliza-duas-bolsas-para-iniciacao-cientifica-2024-2025\/","title":{"rendered":"NEPSI disponibiliza DUAS bolsas para Inicia\u00e7\u00e3o Cient\u00edfica (2024-2025)"},"content":{"rendered":"<p><img data-recalc-dims=\"1\" class=\"alignnone size-full wp-image-1023\" src=\"https:\/\/i0.wp.com\/wp.ufpel.edu.br\/artesvisuaislic\/files\/2024\/08\/2024_IC_NEPSI_card.png?resize=1080%2C1080&#038;ssl=1\" alt=\"\" width=\"1080\" height=\"1080\" srcset=\"https:\/\/i0.wp.com\/wp.ufpel.edu.br\/artesvisuaislic\/files\/2024\/08\/2024_IC_NEPSI_card.png?w=1080&amp;ssl=1 1080w, https:\/\/i0.wp.com\/wp.ufpel.edu.br\/artesvisuaislic\/files\/2024\/08\/2024_IC_NEPSI_card.png?resize=400%2C400&amp;ssl=1 400w, https:\/\/i0.wp.com\/wp.ufpel.edu.br\/artesvisuaislic\/files\/2024\/08\/2024_IC_NEPSI_card.png?resize=1024%2C1024&amp;ssl=1 1024w, https:\/\/i0.wp.com\/wp.ufpel.edu.br\/artesvisuaislic\/files\/2024\/08\/2024_IC_NEPSI_card.png?resize=200%2C200&amp;ssl=1 200w, https:\/\/i0.wp.com\/wp.ufpel.edu.br\/artesvisuaislic\/files\/2024\/08\/2024_IC_NEPSI_card.png?resize=768%2C768&amp;ssl=1 768w\" sizes=\"(max-width: 1000px) 100vw, 1000px\" \/><\/p>\n<p>O NEPSI-UFPel (N\u00facleo de Sa\u00fade Mental, Cogni\u00e7\u00e3o e Comportamento) seleciona duas pessoas para bolsa de Inicia\u00e7\u00e3o Cient\u00edfica para trabalhar em projetos relacionados a sa\u00fade mental, cogni\u00e7\u00e3o e comportamento humano.<\/p>\n<p>&nbsp;<\/p>\n<p>Estudantes de diversas \u00e1reas podem se inscrever. Atividades incluem comunica\u00e7\u00e3o em sa\u00fade, pesquisa bibliogr\u00e1fica, elabora\u00e7\u00e3o de resumos expandidos e participa\u00e7\u00e3o em reuni\u00f5es e atividades do NEPSI.<\/p>\n<p>&nbsp;<\/p>\n<p>As bolsas s\u00e3o financiadas pelo CNPq (PIBIC\/CNPq \u2013 Programa Institucional de Bolsas de Inicia\u00e7\u00e3o Cient\u00edfica \u2013 EDITAL N\u00ba. 002\/2024 \u2013 ampla concorr\u00eancia) e pela UFPel (PBIP-AF\/UFPel \u2013 Programa de Bolsas de Inicia\u00e7\u00e3o \u00e0 Pesquisa \u2013 A\u00e7\u00f5es Afirmativas \u2013 EDITAL N\u00ba. 002\/2024 \u2013 a\u00e7\u00f5es afirmativas).<\/p>\n<p>&nbsp;<\/p>\n<p><b>Inscri\u00e7\u00f5es at\u00e9 21\/08\u00a0<\/b><u>e informa\u00e7\u00f5es detalhadas no Edital em<\/u>\u00a0\u00a0<a id=\"m_-572233188970766552OWA155372a2-4766-1353-0191-8ef14ec90280\" href=\"https:\/\/wp.ufpel.edu.br\/nepsi\/editais\/2024-2\/iniciacao-cientifica\/\" target=\"_blank\" rel=\"noopener\" data-saferedirecturl=\"https:\/\/www.google.com\/url?q=https:\/\/wp.ufpel.edu.br\/nepsi\/editais\/2024-2\/iniciacao-cientifica\/&amp;source=gmail&amp;ust=1724161112943000&amp;usg=AOvVaw3gJf6h9VnoY2JJCt6Rl2F2\">https:\/\/wp.ufpel.edu.br\/nepsi\/<wbr \/>editais\/2024-2\/iniciacao-<wbr \/>cientifica\/<\/a><\/p>\n","protected":false},"excerpt":{"rendered":"<p>O NEPSI-UFPel (N\u00facleo de Sa\u00fade Mental, Cogni\u00e7\u00e3o e Comportamento) seleciona duas pessoas para bolsa de Inicia\u00e7\u00e3o Cient\u00edfica para trabalhar em projetos relacionados a sa\u00fade mental, cogni\u00e7\u00e3o e comportamento humano. &nbsp; Estudantes de diversas \u00e1reas podem se inscrever. Atividades incluem comunica\u00e7\u00e3o em sa\u00fade, pesquisa bibliogr\u00e1fica, elabora\u00e7\u00e3o de resumos expandidos e participa\u00e7\u00e3o em reuni\u00f5es e atividades do [&hellip;]<\/p>\n","protected":false},"author":977,"featured_media":0,"comment_status":"closed","ping_status":"closed","sticky":false,"template":"","format":"standard","meta":{"jetpack_post_was_ever_published":false,"_jetpack_newsletter_access":"","_jetpack_dont_email_post_to_subs":false,"_jetpack_newsletter_tier_id":0,"_jetpack_memberships_contains_paywalled_content":false,"_jetpack_memberships_contains_paid_content":false,"footnotes":""},"categories":[1],"tags":[],"class_list":["post-1021","post","type-post","status-publish","format-standard","hentry","category-noticias"],"jetpack_featured_media_url":"","jetpack_sharing_enabled":true,"_links":{"self":[{"href":"https:\/\/wp.ufpel.edu.br\/artesvisuaislic\/wp-json\/wp\/v2\/posts\/1021","targetHints":{"allow":["GET"]}}],"collection":[{"href":"https:\/\/wp.ufpel.edu.br\/artesvisuaislic\/wp-json\/wp\/v2\/posts"}],"about":[{"href":"https:\/\/wp.ufpel.edu.br\/artesvisuaislic\/wp-json\/wp\/v2\/types\/post"}],"author":[{"embeddable":true,"href":"https:\/\/wp.ufpel.edu.br\/artesvisuaislic\/wp-json\/wp\/v2\/users\/977"}],"replies":[{"embeddable":true,"href":"https:\/\/wp.ufpel.edu.br\/artesvisuaislic\/wp-json\/wp\/v2\/comments?post=1021"}],"version-history":[{"count":1,"href":"https:\/\/wp.ufpel.edu.br\/artesvisuaislic\/wp-json\/wp\/v2\/posts\/1021\/revisions"}],"predecessor-version":[{"id":1024,"href":"https:\/\/wp.ufpel.edu.br\/artesvisuaislic\/wp-json\/wp\/v2\/posts\/1021\/revisions\/1024"}],"wp:attachment":[{"href":"https:\/\/wp.ufpel.edu.br\/artesvisuaislic\/wp-json\/wp\/v2\/media?parent=1021"}],"wp:term":[{"taxonomy":"category","embeddable":true,"href":"https:\/\/wp.ufpel.edu.br\/artesvisuaislic\/wp-json\/wp\/v2\/categories?post=1021"},{"taxonomy":"post_tag","embeddable":true,"href":"https:\/\/wp.ufpel.edu.br\/artesvisuaislic\/wp-json\/wp\/v2\/tags?post=1021"}],"curies":[{"name":"wp","href":"https:\/\/api.w.org\/{rel}","templated":true}]}}