{"id":931,"date":"2024-02-26T20:49:05","date_gmt":"2024-02-26T23:49:05","guid":{"rendered":"https:\/\/wp.ufpel.edu.br\/artesead\/?p=931"},"modified":"2024-02-26T20:52:39","modified_gmt":"2024-02-26T23:52:39","slug":"edital-de-tutoria-a-distancia-curso-de-especializacao-em-artes-modalidade-ead","status":"publish","type":"post","link":"https:\/\/wp.ufpel.edu.br\/artesead\/2024\/02\/26\/edital-de-tutoria-a-distancia-curso-de-especializacao-em-artes-modalidade-ead\/","title":{"rendered":"Edital de Tutoria a Dist\u00e2ncia &#8211; Curso de Especializa\u00e7\u00e3o em Artes modalidade EAD"},"content":{"rendered":"<p><a href=\"https:\/\/i0.wp.com\/wp.ufpel.edu.br\/artesead\/files\/2024\/02\/Captura-de-tela-2024-02-26-204019.jpg?ssl=1\"><img data-recalc-dims=\"1\" loading=\"lazy\" decoding=\"async\" data-attachment-id=\"933\" data-permalink=\"https:\/\/wp.ufpel.edu.br\/artesead\/2024\/02\/26\/edital-de-tutoria-a-distancia-curso-de-especializacao-em-artes-modalidade-ead\/captura-de-tela-2024-02-26-204019\/\" data-orig-file=\"https:\/\/i0.wp.com\/wp.ufpel.edu.br\/artesead\/files\/2024\/02\/Captura-de-tela-2024-02-26-204019.jpg?fit=861%2C866&amp;ssl=1\" data-orig-size=\"861,866\" data-comments-opened=\"0\" data-image-meta=\"{&quot;aperture&quot;:&quot;0&quot;,&quot;credit&quot;:&quot;&quot;,&quot;camera&quot;:&quot;&quot;,&quot;caption&quot;:&quot;&quot;,&quot;created_timestamp&quot;:&quot;0&quot;,&quot;copyright&quot;:&quot;&quot;,&quot;focal_length&quot;:&quot;0&quot;,&quot;iso&quot;:&quot;0&quot;,&quot;shutter_speed&quot;:&quot;0&quot;,&quot;title&quot;:&quot;&quot;,&quot;orientation&quot;:&quot;0&quot;}\" data-image-title=\"Captura de tela 2024-02-26 204019\" data-image-description=\"\" data-image-caption=\"\" data-medium-file=\"https:\/\/i0.wp.com\/wp.ufpel.edu.br\/artesead\/files\/2024\/02\/Captura-de-tela-2024-02-26-204019.jpg?fit=398%2C400&amp;ssl=1\" data-large-file=\"https:\/\/i0.wp.com\/wp.ufpel.edu.br\/artesead\/files\/2024\/02\/Captura-de-tela-2024-02-26-204019.jpg?fit=810%2C815&amp;ssl=1\" class=\" wp-image-933 alignleft\" src=\"https:\/\/i0.wp.com\/wp.ufpel.edu.br\/artesead\/files\/2024\/02\/Captura-de-tela-2024-02-26-204019.jpg?resize=526%2C529&#038;ssl=1\" alt=\"\" width=\"526\" height=\"529\" srcset=\"https:\/\/i0.wp.com\/wp.ufpel.edu.br\/artesead\/files\/2024\/02\/Captura-de-tela-2024-02-26-204019.jpg?w=861&amp;ssl=1 861w, https:\/\/i0.wp.com\/wp.ufpel.edu.br\/artesead\/files\/2024\/02\/Captura-de-tela-2024-02-26-204019.jpg?resize=398%2C400&amp;ssl=1 398w, https:\/\/i0.wp.com\/wp.ufpel.edu.br\/artesead\/files\/2024\/02\/Captura-de-tela-2024-02-26-204019.jpg?resize=200%2C200&amp;ssl=1 200w, https:\/\/i0.wp.com\/wp.ufpel.edu.br\/artesead\/files\/2024\/02\/Captura-de-tela-2024-02-26-204019.jpg?resize=768%2C772&amp;ssl=1 768w, https:\/\/i0.wp.com\/wp.ufpel.edu.br\/artesead\/files\/2024\/02\/Captura-de-tela-2024-02-26-204019.jpg?resize=150%2C150&amp;ssl=1 150w\" sizes=\"auto, (max-width: 526px) 100vw, 526px\" \/><\/a><\/p>\n<p>&nbsp;<\/p>\n<p>O Curso de Especializa\u00e7\u00e3o em Artes na modalidade EAD anuncia a abertura do edital 002\/2024 para a sele\u00e7\u00e3o de Tutores a Dist\u00e2ncia. As inscri\u00e7\u00f5es estar\u00e3o dispon\u00edveis no per\u00edodo de 26 de fevereiro de 2024 a 26 de mar\u00e7o de 2024.<\/p>\n<p>\u00c9 fundamental que os interessados observem rigorosamente os crit\u00e9rios estabelecidos no edital para realizarem suas inscri\u00e7\u00f5es.<\/p>\n<p><a href=\"https:\/\/wp.ufpel.edu.br\/artesead\/files\/2024\/02\/SEI_UFPel-2531705-PRPPG-Minuta-Edital-de-Selecao.pdf\" target=\"_blank\" rel=\"noopener\">Edital tutoria a dist\u00e2ncia<\/a><\/p>\n<p><a href=\"https:\/\/wp.ufpel.edu.br\/artesead\/files\/2024\/02\/ANEXO-I-Formulario-Tutor-a-distancia.docx\">ANEXO-I-Formul\u00e1rio &#8211; Tutor-a-distancia<\/a><\/p>\n<p><a href=\"https:\/\/wp.ufpel.edu.br\/artesead\/files\/2024\/02\/ANEXO-II-1.docx\">ANEXO-II Formul\u00e1rio de Recurso <\/a><\/p>\n<p>&nbsp;<\/p>\n","protected":false},"excerpt":{"rendered":"<p>&nbsp; O Curso de Especializa\u00e7\u00e3o em Artes na modalidade EAD anuncia a abertura do edital 002\/2024 para a sele\u00e7\u00e3o de Tutores a Dist\u00e2ncia. As inscri\u00e7\u00f5es estar\u00e3o dispon\u00edveis no per\u00edodo de 26 de fevereiro de 2024 a 26 de mar\u00e7o de 2024. \u00c9 fundamental que os interessados observem rigorosamente os crit\u00e9rios estabelecidos no edital para realizarem [&hellip;]<\/p>\n","protected":false},"author":578,"featured_media":933,"comment_status":"closed","ping_status":"closed","sticky":false,"template":"","format":"standard","meta":{"jetpack_post_was_ever_published":false,"_jetpack_newsletter_access":"","_jetpack_dont_email_post_to_subs":false,"_jetpack_newsletter_tier_id":0,"_jetpack_memberships_contains_paywalled_content":false,"_jetpack_memberships_contains_paid_content":false,"footnotes":"","jetpack_publicize_message":"","jetpack_publicize_feature_enabled":true,"jetpack_social_post_already_shared":true,"jetpack_social_options":{"image_generator_settings":{"template":"highway","default_image_id":0,"font":"","enabled":false},"version":2}},"categories":[1],"tags":[17,18,15],"class_list":["post-931","post","type-post","status-publish","format-standard","has-post-thumbnail","hentry","category-noticias","tag-tutor","tag-tutoria","tag-ufpel"],"jetpack_publicize_connections":[],"jetpack_featured_media_url":"https:\/\/i0.wp.com\/wp.ufpel.edu.br\/artesead\/files\/2024\/02\/Captura-de-tela-2024-02-26-204019.jpg?fit=861%2C866&ssl=1","jetpack_sharing_enabled":true,"jetpack_shortlink":"https:\/\/wp.me\/pawIux-f1","jetpack-related-posts":[],"_links":{"self":[{"href":"https:\/\/wp.ufpel.edu.br\/artesead\/wp-json\/wp\/v2\/posts\/931","targetHints":{"allow":["GET"]}}],"collection":[{"href":"https:\/\/wp.ufpel.edu.br\/artesead\/wp-json\/wp\/v2\/posts"}],"about":[{"href":"https:\/\/wp.ufpel.edu.br\/artesead\/wp-json\/wp\/v2\/types\/post"}],"author":[{"embeddable":true,"href":"https:\/\/wp.ufpel.edu.br\/artesead\/wp-json\/wp\/v2\/users\/578"}],"replies":[{"embeddable":true,"href":"https:\/\/wp.ufpel.edu.br\/artesead\/wp-json\/wp\/v2\/comments?post=931"}],"version-history":[{"count":4,"href":"https:\/\/wp.ufpel.edu.br\/artesead\/wp-json\/wp\/v2\/posts\/931\/revisions"}],"predecessor-version":[{"id":940,"href":"https:\/\/wp.ufpel.edu.br\/artesead\/wp-json\/wp\/v2\/posts\/931\/revisions\/940"}],"wp:featuredmedia":[{"embeddable":true,"href":"https:\/\/wp.ufpel.edu.br\/artesead\/wp-json\/wp\/v2\/media\/933"}],"wp:attachment":[{"href":"https:\/\/wp.ufpel.edu.br\/artesead\/wp-json\/wp\/v2\/media?parent=931"}],"wp:term":[{"taxonomy":"category","embeddable":true,"href":"https:\/\/wp.ufpel.edu.br\/artesead\/wp-json\/wp\/v2\/categories?post=931"},{"taxonomy":"post_tag","embeddable":true,"href":"https:\/\/wp.ufpel.edu.br\/artesead\/wp-json\/wp\/v2\/tags?post=931"}],"curies":[{"name":"wp","href":"https:\/\/api.w.org\/{rel}","templated":true}]}}