{"id":873,"date":"2023-02-09T08:21:18","date_gmt":"2023-02-09T11:21:18","guid":{"rendered":"https:\/\/wp.ufpel.edu.br\/artesead\/?p=873"},"modified":"2023-02-09T08:21:18","modified_gmt":"2023-02-09T11:21:18","slug":"inicio-das-aulas","status":"publish","type":"post","link":"https:\/\/wp.ufpel.edu.br\/artesead\/2023\/02\/09\/inicio-das-aulas\/","title":{"rendered":"In\u00edcio das Aulas"},"content":{"rendered":"<p>Informamos que as aulas do curso dar\u00e3o in\u00edcio em 03 de mar\u00e7o.<br \/>\nSegue a listagem de disciplinas ofertadas:<br \/>\n&#8211; Arte e Cultura na Am\u00e9rica<br \/>\n&#8211; Filosofia, Arte e Educa\u00e7\u00e3o<br \/>\n&#8211; Metodologia da Pesquisa voltada para as \u00e1reas art\u00edsticas ou culturais (obrigat\u00f3ria)<br \/>\n&#8211; Novas Tecnologias e M\u00eddias Contempor\u00e2neas<br \/>\n&#8211; Semi\u00f3tica, Comunica\u00e7\u00e3o e Arte<\/p>\n<p>Caso voc\u00ea tenha perdido o prazo ou constate algum erro na sua matr\u00edcula, entre em contato com a secretaria pelo e-mail artesead@ufpel.edu.br<br \/>\nA confer\u00eancia pode ser feita a partir do Menu \u00e0 esquerda no Cobalto em Aluno &gt; Consulta &gt; Matr\u00edcula<\/p>\n<p>Desejamos um bom retorno a todos.<\/p>\n","protected":false},"excerpt":{"rendered":"<p>Informamos que as aulas do curso dar\u00e3o in\u00edcio em 03 de mar\u00e7o. Segue a listagem de disciplinas ofertadas: &#8211; Arte e Cultura na Am\u00e9rica &#8211; Filosofia, Arte e Educa\u00e7\u00e3o &#8211; Metodologia da Pesquisa voltada para as \u00e1reas art\u00edsticas ou culturais (obrigat\u00f3ria) &#8211; Novas Tecnologias e M\u00eddias Contempor\u00e2neas &#8211; Semi\u00f3tica, Comunica\u00e7\u00e3o e Arte Caso voc\u00ea tenha [&hellip;]<\/p>\n","protected":false},"author":1244,"featured_media":0,"comment_status":"closed","ping_status":"closed","sticky":false,"template":"","format":"standard","meta":{"jetpack_post_was_ever_published":false,"_jetpack_newsletter_access":"","_jetpack_dont_email_post_to_subs":false,"_jetpack_newsletter_tier_id":0,"_jetpack_memberships_contains_paywalled_content":false,"_jetpack_memberships_contains_paid_content":false,"footnotes":"","jetpack_publicize_message":"","jetpack_publicize_feature_enabled":true,"jetpack_social_post_already_shared":true,"jetpack_social_options":{"image_generator_settings":{"template":"highway","default_image_id":0,"font":"","enabled":false},"version":2}},"categories":[1],"tags":[],"class_list":["post-873","post","type-post","status-publish","format-standard","hentry","category-noticias"],"jetpack_publicize_connections":[],"jetpack_featured_media_url":"","jetpack_sharing_enabled":true,"jetpack_shortlink":"https:\/\/wp.me\/pawIux-e5","jetpack-related-posts":[],"_links":{"self":[{"href":"https:\/\/wp.ufpel.edu.br\/artesead\/wp-json\/wp\/v2\/posts\/873","targetHints":{"allow":["GET"]}}],"collection":[{"href":"https:\/\/wp.ufpel.edu.br\/artesead\/wp-json\/wp\/v2\/posts"}],"about":[{"href":"https:\/\/wp.ufpel.edu.br\/artesead\/wp-json\/wp\/v2\/types\/post"}],"author":[{"embeddable":true,"href":"https:\/\/wp.ufpel.edu.br\/artesead\/wp-json\/wp\/v2\/users\/1244"}],"replies":[{"embeddable":true,"href":"https:\/\/wp.ufpel.edu.br\/artesead\/wp-json\/wp\/v2\/comments?post=873"}],"version-history":[{"count":1,"href":"https:\/\/wp.ufpel.edu.br\/artesead\/wp-json\/wp\/v2\/posts\/873\/revisions"}],"predecessor-version":[{"id":875,"href":"https:\/\/wp.ufpel.edu.br\/artesead\/wp-json\/wp\/v2\/posts\/873\/revisions\/875"}],"wp:attachment":[{"href":"https:\/\/wp.ufpel.edu.br\/artesead\/wp-json\/wp\/v2\/media?parent=873"}],"wp:term":[{"taxonomy":"category","embeddable":true,"href":"https:\/\/wp.ufpel.edu.br\/artesead\/wp-json\/wp\/v2\/categories?post=873"},{"taxonomy":"post_tag","embeddable":true,"href":"https:\/\/wp.ufpel.edu.br\/artesead\/wp-json\/wp\/v2\/tags?post=873"}],"curies":[{"name":"wp","href":"https:\/\/api.w.org\/{rel}","templated":true}]}}