{"id":1028,"date":"2024-08-07T09:24:01","date_gmt":"2024-08-07T12:24:01","guid":{"rendered":"https:\/\/wp.ufpel.edu.br\/artesead\/?p=1028"},"modified":"2024-08-07T09:24:01","modified_gmt":"2024-08-07T12:24:01","slug":"evento-ufpel-sem-distancia","status":"publish","type":"post","link":"https:\/\/wp.ufpel.edu.br\/artesead\/2024\/08\/07\/evento-ufpel-sem-distancia\/","title":{"rendered":"Evento &#8216;UFPel sem Dist\u00e2ncia&#8217;"},"content":{"rendered":"<p><img data-recalc-dims=\"1\" loading=\"lazy\" decoding=\"async\" data-attachment-id=\"1030\" data-permalink=\"https:\/\/wp.ufpel.edu.br\/artesead\/2024\/08\/07\/evento-ufpel-sem-distancia\/ufpel-sem-distancia-2024\/\" data-orig-file=\"https:\/\/i0.wp.com\/wp.ufpel.edu.br\/artesead\/files\/2024\/08\/UFPel-Sem-Distancia-2024.jpeg?fit=1080%2C1080&amp;ssl=1\" data-orig-size=\"1080,1080\" data-comments-opened=\"0\" data-image-meta=\"{&quot;aperture&quot;:&quot;0&quot;,&quot;credit&quot;:&quot;&quot;,&quot;camera&quot;:&quot;&quot;,&quot;caption&quot;:&quot;&quot;,&quot;created_timestamp&quot;:&quot;0&quot;,&quot;copyright&quot;:&quot;&quot;,&quot;focal_length&quot;:&quot;0&quot;,&quot;iso&quot;:&quot;0&quot;,&quot;shutter_speed&quot;:&quot;0&quot;,&quot;title&quot;:&quot;&quot;,&quot;orientation&quot;:&quot;0&quot;}\" data-image-title=\"UFPel Sem Dist\u00e2ncia 2024\" data-image-description=\"\" data-image-caption=\"\" data-medium-file=\"https:\/\/i0.wp.com\/wp.ufpel.edu.br\/artesead\/files\/2024\/08\/UFPel-Sem-Distancia-2024.jpeg?fit=400%2C400&amp;ssl=1\" data-large-file=\"https:\/\/i0.wp.com\/wp.ufpel.edu.br\/artesead\/files\/2024\/08\/UFPel-Sem-Distancia-2024.jpeg?fit=810%2C810&amp;ssl=1\" class=\" wp-image-1030 alignleft\" src=\"https:\/\/i0.wp.com\/wp.ufpel.edu.br\/artesead\/files\/2024\/08\/UFPel-Sem-Distancia-2024.jpeg?resize=461%2C461&#038;ssl=1\" alt=\"\" width=\"461\" height=\"461\" srcset=\"https:\/\/i0.wp.com\/wp.ufpel.edu.br\/artesead\/files\/2024\/08\/UFPel-Sem-Distancia-2024.jpeg?resize=400%2C400&amp;ssl=1 400w, https:\/\/i0.wp.com\/wp.ufpel.edu.br\/artesead\/files\/2024\/08\/UFPel-Sem-Distancia-2024.jpeg?resize=1024%2C1024&amp;ssl=1 1024w, https:\/\/i0.wp.com\/wp.ufpel.edu.br\/artesead\/files\/2024\/08\/UFPel-Sem-Distancia-2024.jpeg?resize=200%2C200&amp;ssl=1 200w, https:\/\/i0.wp.com\/wp.ufpel.edu.br\/artesead\/files\/2024\/08\/UFPel-Sem-Distancia-2024.jpeg?resize=768%2C768&amp;ssl=1 768w, https:\/\/i0.wp.com\/wp.ufpel.edu.br\/artesead\/files\/2024\/08\/UFPel-Sem-Distancia-2024.jpeg?resize=600%2C600&amp;ssl=1 600w, https:\/\/i0.wp.com\/wp.ufpel.edu.br\/artesead\/files\/2024\/08\/UFPel-Sem-Distancia-2024.jpeg?resize=150%2C150&amp;ssl=1 150w, https:\/\/i0.wp.com\/wp.ufpel.edu.br\/artesead\/files\/2024\/08\/UFPel-Sem-Distancia-2024.jpeg?w=1080&amp;ssl=1 1080w\" sizes=\"auto, (max-width: 461px) 100vw, 461px\" \/>A Universidade Aberta do Brasil (UAB), o N\u00facleo de Pol\u00edticas de Educa\u00e7\u00e3o a Dist\u00e2ncia (NUPED) e a Pr\u00f3-Reitoria de Ensino (PRE) gostaria de convid\u00e1-los a participar da 2\u00aa edi\u00e7\u00e3o do evento UFPel sem Dist\u00e2ncia, com o tema &#8220;Perman\u00eancia e Acessibilidade na Educa\u00e7\u00e3o Online&#8221;. O evento ser\u00e1 realizado em formato h\u00edbrido e contar\u00e1 com palestras, mesa redonda, oficinas, mesacasts, visita ao campi da UFPel e apresenta\u00e7\u00e3o de artigos.<\/p>\n<p>Informa\u00e7\u00f5es importantes:<\/p>\n<p>\ud83d\udcc6 O evento acontecer\u00e1 nos dias 12, 13 e 14 de setembro.<\/p>\n<p>\ud83d\udcb5 Evento gratuito.<\/p>\n<p>\ud83d\udccd A submiss\u00e3o de resumos expandidos deve ocorrer at\u00e9 1 de setembro.<\/p>\n<p>\ud83d\udcdd \u00a0Para se inscrever-se:\u00a0<a href=\"https:\/\/l.ufpel.edu.br\/UFPelsemDistancia2\" target=\"_blank\" rel=\"noopener noreferrer\">https:\/\/l.ufpel.edu.br\/UFPelsemDistancia2<\/a><\/p>\n<p>\ud83d\udcc4 \u00a0 Link para o template de submiss\u00e3o do resumo expandido:\u00a0<a href=\"https:\/\/l.ufpel.edu.br\/TemplateUFPelsemDistancia\" target=\"_blank\" rel=\"noopener noreferrer\">https:\/\/l.ufpel.edu.br\/TemplateUFPelsemDistancia<\/a><\/p>\n<p>\ud83d\udcbb \u00a0 Inscri\u00e7\u00e3o para o Curso de confec\u00e7\u00e3o de resumos expandidos: \u00a0<a href=\"https:\/\/l.ufpel.edu.br\/Oficinaderesumosexpandidos\" target=\"_blank\" rel=\"noopener noreferrer\">https:\/\/l.ufpel.edu.br\/Oficinaderesumosexpandidos<\/a><\/p>\n<p>\u2139 \u00a0 Mais informa\u00e7\u00f5es:\u00a0<a href=\"https:\/\/wp.ufpel.edu.br\/nuped\/\" target=\"_blank\" rel=\"noopener noreferrer\">https:\/\/wp.ufpel.edu.br\/nuped\/<\/a><\/p>\n<p>\ud83d\udcdc \u00a0 Certificado de 20 horas.<\/p>\n<p>\ud83c\udf92 \u00a0 Logo lan\u00e7aremos edital para ajuda de custos aos alunos.<\/p>\n","protected":false},"excerpt":{"rendered":"<p>A Universidade Aberta do Brasil (UAB), o N\u00facleo de Pol\u00edticas de Educa\u00e7\u00e3o a Dist\u00e2ncia (NUPED) e a Pr\u00f3-Reitoria de Ensino (PRE) gostaria de convid\u00e1-los a participar da 2\u00aa edi\u00e7\u00e3o do evento UFPel sem Dist\u00e2ncia, com o tema &#8220;Perman\u00eancia e Acessibilidade na Educa\u00e7\u00e3o Online&#8221;. O evento ser\u00e1 realizado em formato h\u00edbrido e contar\u00e1 com palestras, mesa [&hellip;]<\/p>\n","protected":false},"author":1244,"featured_media":0,"comment_status":"closed","ping_status":"closed","sticky":false,"template":"","format":"standard","meta":{"jetpack_post_was_ever_published":false,"_jetpack_newsletter_access":"","_jetpack_dont_email_post_to_subs":false,"_jetpack_newsletter_tier_id":0,"_jetpack_memberships_contains_paywalled_content":false,"_jetpack_memberships_contains_paid_content":false,"footnotes":"","jetpack_publicize_message":"","jetpack_publicize_feature_enabled":true,"jetpack_social_post_already_shared":true,"jetpack_social_options":{"image_generator_settings":{"template":"highway","default_image_id":0,"font":"","enabled":false},"version":2}},"categories":[1],"tags":[],"class_list":["post-1028","post","type-post","status-publish","format-standard","hentry","category-noticias"],"jetpack_publicize_connections":[],"jetpack_featured_media_url":"","jetpack_sharing_enabled":true,"jetpack_shortlink":"https:\/\/wp.me\/pawIux-gA","jetpack-related-posts":[],"_links":{"self":[{"href":"https:\/\/wp.ufpel.edu.br\/artesead\/wp-json\/wp\/v2\/posts\/1028","targetHints":{"allow":["GET"]}}],"collection":[{"href":"https:\/\/wp.ufpel.edu.br\/artesead\/wp-json\/wp\/v2\/posts"}],"about":[{"href":"https:\/\/wp.ufpel.edu.br\/artesead\/wp-json\/wp\/v2\/types\/post"}],"author":[{"embeddable":true,"href":"https:\/\/wp.ufpel.edu.br\/artesead\/wp-json\/wp\/v2\/users\/1244"}],"replies":[{"embeddable":true,"href":"https:\/\/wp.ufpel.edu.br\/artesead\/wp-json\/wp\/v2\/comments?post=1028"}],"version-history":[{"count":1,"href":"https:\/\/wp.ufpel.edu.br\/artesead\/wp-json\/wp\/v2\/posts\/1028\/revisions"}],"predecessor-version":[{"id":1031,"href":"https:\/\/wp.ufpel.edu.br\/artesead\/wp-json\/wp\/v2\/posts\/1028\/revisions\/1031"}],"wp:attachment":[{"href":"https:\/\/wp.ufpel.edu.br\/artesead\/wp-json\/wp\/v2\/media?parent=1028"}],"wp:term":[{"taxonomy":"category","embeddable":true,"href":"https:\/\/wp.ufpel.edu.br\/artesead\/wp-json\/wp\/v2\/categories?post=1028"},{"taxonomy":"post_tag","embeddable":true,"href":"https:\/\/wp.ufpel.edu.br\/artesead\/wp-json\/wp\/v2\/tags?post=1028"}],"curies":[{"name":"wp","href":"https:\/\/api.w.org\/{rel}","templated":true}]}}