{"id":1021,"date":"2024-06-07T12:15:35","date_gmt":"2024-06-07T15:15:35","guid":{"rendered":"https:\/\/wp.ufpel.edu.br\/artesead\/?p=1021"},"modified":"2024-06-07T12:15:35","modified_gmt":"2024-06-07T15:15:35","slug":"retorno-das-atividades","status":"publish","type":"post","link":"https:\/\/wp.ufpel.edu.br\/artesead\/2024\/06\/07\/retorno-das-atividades\/","title":{"rendered":"Retorno das atividades"},"content":{"rendered":"<div>Informamos que na <strong>segunda-feira, dia 10 de junho<\/strong>, retomamos as aulas da Especializa\u00e7\u00e3o em Artes EaD.\u00a0As disciplinas do primeiro bloco continuar\u00e3o de onde pararam, e as do segundo bloco iniciar\u00e3o seus trabalhos.<\/div>\n<div><\/div>\n<div><strong>Primeiro Bloco do 1\u00ba semestre<\/strong><\/div>\n<div>Trabalho Docente e Tend\u00eancias Contempor\u00e2neas no Ensino das Artes &#8211; Prof. Ricardo<\/div>\n<div>Fotografia e Design\u00a0 &#8211; Prof.\u00aa Paula<\/div>\n<div>Design e Sociedade\u00a0 &#8211; Prof.\u00aa Roberta<\/div>\n<div><\/div>\n<div><strong>Segundo Bloco do 1\u00ba semestre<\/strong><\/div>\n<div>Percursos Po\u00e9ticos &#8211; Prof.\u00aa Kelly<\/div>\n<div>Audiovisual contempor\u00e2neo e Tecnologias digitais &#8211; Prof.\u00aa Rebeca<\/div>\n<div>Filosofia, Arte e Educa\u00e7\u00e3o Prof.\u00aa Daniela<\/div>\n<div><\/div>\n<div>A tabela com os <strong>links atualizados\u00a0<\/strong>para os encontros s\u00edncronos foi enviado por e-mail; aqueles que n\u00e3o receberam, podem entrar em contato pelo e-mail artesead@ufpel.edu.br . Destacamos que na <strong>segunda-feira, dia 10\/06<\/strong>, 19h, a Coordena\u00e7\u00e3o do curso ir\u00e1 realizar um encontro s\u00edncrono explicando a retomada.<\/p>\n<p>Bom retorno a todos!<\/p><\/div>\n","protected":false},"excerpt":{"rendered":"<p>Informamos que na segunda-feira, dia 10 de junho, retomamos as aulas da Especializa\u00e7\u00e3o em Artes EaD.\u00a0As disciplinas do primeiro bloco continuar\u00e3o de onde pararam, e as do segundo bloco iniciar\u00e3o seus trabalhos. Primeiro Bloco do 1\u00ba semestre Trabalho Docente e Tend\u00eancias Contempor\u00e2neas no Ensino das Artes &#8211; Prof. Ricardo Fotografia e Design\u00a0 &#8211; Prof.\u00aa Paula [&hellip;]<\/p>\n","protected":false},"author":1244,"featured_media":0,"comment_status":"closed","ping_status":"closed","sticky":false,"template":"","format":"standard","meta":{"jetpack_post_was_ever_published":false,"_jetpack_newsletter_access":"","_jetpack_dont_email_post_to_subs":false,"_jetpack_newsletter_tier_id":0,"_jetpack_memberships_contains_paywalled_content":false,"_jetpack_memberships_contains_paid_content":false,"footnotes":"","jetpack_publicize_message":"","jetpack_publicize_feature_enabled":true,"jetpack_social_post_already_shared":true,"jetpack_social_options":{"image_generator_settings":{"template":"highway","default_image_id":0,"font":"","enabled":false},"version":2}},"categories":[1],"tags":[],"class_list":["post-1021","post","type-post","status-publish","format-standard","hentry","category-noticias"],"jetpack_publicize_connections":[],"jetpack_featured_media_url":"","jetpack_sharing_enabled":true,"jetpack_shortlink":"https:\/\/wp.me\/pawIux-gt","jetpack-related-posts":[],"_links":{"self":[{"href":"https:\/\/wp.ufpel.edu.br\/artesead\/wp-json\/wp\/v2\/posts\/1021","targetHints":{"allow":["GET"]}}],"collection":[{"href":"https:\/\/wp.ufpel.edu.br\/artesead\/wp-json\/wp\/v2\/posts"}],"about":[{"href":"https:\/\/wp.ufpel.edu.br\/artesead\/wp-json\/wp\/v2\/types\/post"}],"author":[{"embeddable":true,"href":"https:\/\/wp.ufpel.edu.br\/artesead\/wp-json\/wp\/v2\/users\/1244"}],"replies":[{"embeddable":true,"href":"https:\/\/wp.ufpel.edu.br\/artesead\/wp-json\/wp\/v2\/comments?post=1021"}],"version-history":[{"count":1,"href":"https:\/\/wp.ufpel.edu.br\/artesead\/wp-json\/wp\/v2\/posts\/1021\/revisions"}],"predecessor-version":[{"id":1023,"href":"https:\/\/wp.ufpel.edu.br\/artesead\/wp-json\/wp\/v2\/posts\/1021\/revisions\/1023"}],"wp:attachment":[{"href":"https:\/\/wp.ufpel.edu.br\/artesead\/wp-json\/wp\/v2\/media?parent=1021"}],"wp:term":[{"taxonomy":"category","embeddable":true,"href":"https:\/\/wp.ufpel.edu.br\/artesead\/wp-json\/wp\/v2\/categories?post=1021"},{"taxonomy":"post_tag","embeddable":true,"href":"https:\/\/wp.ufpel.edu.br\/artesead\/wp-json\/wp\/v2\/tags?post=1021"}],"curies":[{"name":"wp","href":"https:\/\/api.w.org\/{rel}","templated":true}]}}