{"id":1,"date":"2018-11-13T09:37:42","date_gmt":"2018-11-13T11:37:42","guid":{"rendered":"https:\/\/wp.ufpel.edu.br\/artesead\/?p=1"},"modified":"2019-03-12T11:07:53","modified_gmt":"2019-03-12T14:07:53","slug":"ola-mundo","status":"publish","type":"post","link":"https:\/\/wp.ufpel.edu.br\/artesead\/2018\/11\/13\/ola-mundo\/","title":{"rendered":"Centro de Artes e a Educa\u00e7\u00e3o a Dist\u00e2ncia"},"content":{"rendered":"<p style=\"text-align: justify\">A <strong>EAD<\/strong> \u00e9 uma realidade dentro do processo educacional brasileiro. V\u00e1rios polos foram criados para suprir a demanda local, principalmente em cidades fora do eixo das capitais. No final de 2017 recebemos pedido de algumas cidades do Rio Grande do Sul informando a demanda e a necessidade de um curso \u00e0 dist\u00e2ncia em Artes.<\/p>\n<p>Professora \u00darsula explica a import\u00e2ncia do curso de especializa\u00e7\u00e3o na modalidade EAD<\/p>\n<p><iframe loading=\"lazy\" title=\"Professora  Ursula\" width=\"810\" height=\"456\" src=\"https:\/\/www.youtube.com\/embed\/NYEZ3fj4rGs?feature=oembed\" frameborder=\"0\" allow=\"accelerometer; autoplay; clipboard-write; encrypted-media; gyroscope; picture-in-picture; web-share\" referrerpolicy=\"strict-origin-when-cross-origin\" allowfullscreen><\/iframe><\/p>\n<p>&nbsp;<\/p>\n<p style=\"text-align: justify\">Compreendendo e atendendo as necessidades criamos este curso de especializa\u00e7\u00e3o \u00e0 dist\u00e2ncia para contribuir com a capacita\u00e7\u00e3o docente como forma\u00e7\u00e3o continuada. Os polos existentes interessados s\u00e3o das cidades de:<\/p>\n<ul>\n<li style=\"text-align: justify\">Gramado;<\/li>\n<li style=\"text-align: justify\">S\u00e3o Leopoldo;<\/li>\n<li style=\"text-align: justify\">S\u00e3o Louren\u00e7o do Sul;<\/li>\n<li style=\"text-align: justify\">Cachoeirinha do Sul;<\/li>\n<li style=\"text-align: justify\">Jacuizinho;<\/li>\n<li style=\"text-align: justify\">Serafina Correia<\/li>\n<li>Cruz Alta<\/li>\n<\/ul>\n","protected":false},"excerpt":{"rendered":"<p>A EAD \u00e9 uma realidade dentro do processo educacional brasileiro. V\u00e1rios polos foram criados para suprir a demanda local, principalmente em cidades fora do eixo das capitais. No final de 2017 recebemos pedido de algumas cidades do Rio Grande do Sul informando a demanda e a necessidade de um curso \u00e0 dist\u00e2ncia em Artes. Professora [&hellip;]<\/p>\n","protected":false},"author":891,"featured_media":75,"comment_status":"closed","ping_status":"closed","sticky":false,"template":"","format":"image","meta":{"jetpack_post_was_ever_published":false,"_jetpack_newsletter_access":"","_jetpack_dont_email_post_to_subs":false,"_jetpack_newsletter_tier_id":0,"_jetpack_memberships_contains_paywalled_content":false,"_jetpack_memberships_contains_paid_content":false,"footnotes":"","jetpack_publicize_message":"","jetpack_publicize_feature_enabled":true,"jetpack_social_post_already_shared":false,"jetpack_social_options":{"image_generator_settings":{"template":"highway","default_image_id":0,"font":"","enabled":false},"version":2}},"categories":[1],"tags":[],"class_list":["post-1","post","type-post","status-publish","format-image","has-post-thumbnail","hentry","category-noticias","post_format-post-format-image"],"jetpack_publicize_connections":[],"jetpack_featured_media_url":"https:\/\/i0.wp.com\/wp.ufpel.edu.br\/artesead\/files\/2018\/11\/ursula.jpg?fit=1920%2C1080&ssl=1","jetpack_sharing_enabled":true,"jetpack_shortlink":"https:\/\/wp.me\/pawIux-1","jetpack-related-posts":[],"_links":{"self":[{"href":"https:\/\/wp.ufpel.edu.br\/artesead\/wp-json\/wp\/v2\/posts\/1","targetHints":{"allow":["GET"]}}],"collection":[{"href":"https:\/\/wp.ufpel.edu.br\/artesead\/wp-json\/wp\/v2\/posts"}],"about":[{"href":"https:\/\/wp.ufpel.edu.br\/artesead\/wp-json\/wp\/v2\/types\/post"}],"author":[{"embeddable":true,"href":"https:\/\/wp.ufpel.edu.br\/artesead\/wp-json\/wp\/v2\/users\/891"}],"replies":[{"embeddable":true,"href":"https:\/\/wp.ufpel.edu.br\/artesead\/wp-json\/wp\/v2\/comments?post=1"}],"version-history":[{"count":4,"href":"https:\/\/wp.ufpel.edu.br\/artesead\/wp-json\/wp\/v2\/posts\/1\/revisions"}],"predecessor-version":[{"id":80,"href":"https:\/\/wp.ufpel.edu.br\/artesead\/wp-json\/wp\/v2\/posts\/1\/revisions\/80"}],"wp:featuredmedia":[{"embeddable":true,"href":"https:\/\/wp.ufpel.edu.br\/artesead\/wp-json\/wp\/v2\/media\/75"}],"wp:attachment":[{"href":"https:\/\/wp.ufpel.edu.br\/artesead\/wp-json\/wp\/v2\/media?parent=1"}],"wp:term":[{"taxonomy":"category","embeddable":true,"href":"https:\/\/wp.ufpel.edu.br\/artesead\/wp-json\/wp\/v2\/categories?post=1"},{"taxonomy":"post_tag","embeddable":true,"href":"https:\/\/wp.ufpel.edu.br\/artesead\/wp-json\/wp\/v2\/tags?post=1"}],"curies":[{"name":"wp","href":"https:\/\/api.w.org\/{rel}","templated":true}]}}