{"id":9810,"date":"2021-09-16T17:12:40","date_gmt":"2021-09-16T20:12:40","guid":{"rendered":"https:\/\/wp.ufpel.edu.br\/artenosul\/?p=9810"},"modified":"2021-09-18T13:01:10","modified_gmt":"2021-09-18T16:01:10","slug":"os-artistas-estao-com-sede-de-palco","status":"publish","type":"post","link":"https:\/\/wp.ufpel.edu.br\/artenosul\/2021\/09\/16\/os-artistas-estao-com-sede-de-palco\/","title":{"rendered":"\u201cOs artistas est\u00e3o com sede de palco\u201d"},"content":{"rendered":"<p style=\"text-align: right\"><span style=\"color: #003366\"><em><strong><span style=\"font-family: arial, helvetica, sans-serif\">Por Sabrina Borges e William Engel\u00a0 \u00a0 \u00a0 \u00a0\u00a0<\/span><\/strong><\/em><\/span><\/p>\n<p style=\"text-align: center\"><span style=\"color: #003366\"><em><strong><span style=\"font-family: arial, helvetica, sans-serif\">Coordenador do teatro de Camaqu\u00e3 Jo\u00e3o Bolesta e secret\u00e1rio Clayton Dworzecki falam sobre a hist\u00f3ria do Cine Teatro Coliseu e o tempo dif\u00edcil da pandemia<\/span><\/strong><\/em><\/span><\/p>\n<p style=\"text-align: justify\"><span style=\"font-family: arial, helvetica, sans-serif\">O Cine Teatro Coliseu \u00e9 um dos pontos tur\u00edsticos de Camaqu\u00e3. Desde 1987 o teatro j\u00e1 foi palco de diversos eventos, mas desde o dia 11 de mar\u00e7o de 2020 parou de receber eventos com p\u00fablico.<\/span><\/p>\n<p style=\"text-align: justify\"><span style=\"font-family: arial, helvetica, sans-serif\">No ano de 2019, o teatro recebeu 403 atividades, entre shows, formaturas, sess\u00f5es da C\u00e2mara de Vereadores, palestras, semin\u00e1rios, formaturas, pe\u00e7as teatrais e musicais variados. No ano de 2020, foram apenas tr\u00eas eventos realizados e os demais foram adiados devido \u00e0 pandemia.<\/span><\/p>\n<p style=\"text-align: justify\"><span style=\"font-family: arial, helvetica, sans-serif\">O coordenador do Cine Teatro Coliseu, Jo\u00e3o Bolesta, falou um pouco mais sobre a hist\u00f3ria do teatro e o efeito Covid-19 na abertura do espa\u00e7o. Bolesta contou que o pr\u00e9dio foi constru\u00eddo em 1914, onde funcionou o antigo Cinema Coliseu.<\/span><\/p>\n<div id=\"attachment_9813\" style=\"width: 572px\" class=\"wp-caption aligncenter\"><img loading=\"lazy\" decoding=\"async\" aria-describedby=\"caption-attachment-9813\" class=\" wp-image-9813\" src=\"https:\/\/wp.ufpel.edu.br\/artenosul\/files\/2021\/09\/Imagem2-3-500x375.jpg\" alt=\"\" width=\"572\" height=\"429\" srcset=\"https:\/\/wp.ufpel.edu.br\/artenosul\/files\/2021\/09\/Imagem2-3-500x375.jpg 500w, https:\/\/wp.ufpel.edu.br\/artenosul\/files\/2021\/09\/Imagem2-3-300x225.jpg 300w, https:\/\/wp.ufpel.edu.br\/artenosul\/files\/2021\/09\/Imagem2-3.jpg 602w\" sizes=\"auto, (max-width: 572px) 100vw, 572px\" \/><p id=\"caption-attachment-9813\" class=\"wp-caption-text\"><span style=\"font-family: arial, helvetica, sans-serif;color: #0000ff\"><strong><span style=\"color: #0000ff\">Artista e coordenador do Cine Teatro Coliseu, Jo\u00e3o Bolesta<\/span><\/strong><\/span><\/p><\/div>\n<p style=\"text-align: justify\"><span style=\"font-family: arial, helvetica, sans-serif\">Com a morte do propriet\u00e1rio do pr\u00e9dio, a Prefeitura de Camaqu\u00e3 adquiriu o espa\u00e7o no dia 22 de outubro de 1987. O local foi restaurado e reinaugurado como Cine Teatro Coliseu.<\/span><\/p>\n<p style=\"text-align: justify\"><span style=\"font-family: arial, helvetica, sans-serif\">Desde ent\u00e3o, o espa\u00e7o sempre recebeu eventos com p\u00fablico e ver o Coliseu de portas fechadas impactou toda a comunidade camaquense. Bolesta lembrou que os ingressos j\u00e1 tinham sido vendidos quando o espa\u00e7o precisou ser fechado e um show foi cancelado.<\/span><\/p>\n<div id=\"attachment_9814\" style=\"width: 699px\" class=\"wp-caption aligncenter\"><img loading=\"lazy\" decoding=\"async\" aria-describedby=\"caption-attachment-9814\" class=\" wp-image-9814\" src=\"https:\/\/wp.ufpel.edu.br\/artenosul\/files\/2021\/09\/Imagem3-1-500x375.jpg\" alt=\"\" width=\"699\" height=\"524\" srcset=\"https:\/\/wp.ufpel.edu.br\/artenosul\/files\/2021\/09\/Imagem3-1-500x375.jpg 500w, https:\/\/wp.ufpel.edu.br\/artenosul\/files\/2021\/09\/Imagem3-1-300x225.jpg 300w, https:\/\/wp.ufpel.edu.br\/artenosul\/files\/2021\/09\/Imagem3-1.jpg 602w\" sizes=\"auto, (max-width: 699px) 100vw, 699px\" \/><p id=\"caption-attachment-9814\" class=\"wp-caption-text\"><span style=\"font-family: arial, helvetica, sans-serif\"><strong><span style=\"color: #0000ff\">O Cine Teatro Coliseu foi palco de 403 eventos no ano de 2019\u00a0 \u00a0 \u00a0 \u00a0 \u00a0 \u00a0 \u00a0Foto: Divulga\u00e7\u00e3o\/Igor Garcia<\/span><\/strong><\/span><\/p><\/div>\n<p style=\"text-align: justify\"><span style=\"font-family: arial, helvetica, sans-serif\">O coordenador precisou fazer plant\u00f5es para atender as pessoas que haviam adquirido ingresso para o evento. Al\u00e9m disso, a manuten\u00e7\u00e3o do teatro seguiu neste per\u00edodo, ent\u00e3o Bolesta precisava ir frequentemente abrir o pr\u00e9dio para um colaborador fazer a limpeza.<\/span><\/p>\n<div id=\"attachment_9812\" style=\"width: 711px\" class=\"wp-caption aligncenter\"><img loading=\"lazy\" decoding=\"async\" aria-describedby=\"caption-attachment-9812\" class=\" wp-image-9812\" src=\"https:\/\/wp.ufpel.edu.br\/artenosul\/files\/2021\/09\/Imagem1-2.jpg\" alt=\"\" width=\"711\" height=\"533\" srcset=\"https:\/\/wp.ufpel.edu.br\/artenosul\/files\/2021\/09\/Imagem1-2.jpg 500w, https:\/\/wp.ufpel.edu.br\/artenosul\/files\/2021\/09\/Imagem1-2-300x225.jpg 300w\" sizes=\"auto, (max-width: 711px) 100vw, 711px\" \/><p id=\"caption-attachment-9812\" class=\"wp-caption-text\"><span style=\"font-family: arial, helvetica, sans-serif\"><strong><span style=\"color: #0000ff\">\u00a0 \u00a0 \u00a0 \u00a0 \u00a0 \u00a0 \u00a0 \u00a0 \u00a0 \u00a0 \u00a0 \u00a0 \u00a0 \u00a0 \u00a0 \u00a0 \u00a0 \u00a0 O Cine Teatro Coliseu est\u00e1 h\u00e1 um ano e meio sem receber espet\u00e1culos\u00a0 \u00a0 \u00a0 \u00a0 \u00a0 \u00a0 \u00a0 \u00a0 \u00a0 \u00a0 \u00a0 \u00a0 \u00a0 \u00a0 \u00a0 \u00a0 \u00a0 \u00a0 \u00a0 \u00a0 \u00a0 \u00a0 \u00a0Foto: Divulga\u00e7\u00e3o\/Prefeitura de Camaqu\u00e3<\/span><\/strong><\/span><\/p><\/div>\n<p style=\"text-align: justify\"><span style=\"font-family: arial, helvetica, sans-serif\">Jo\u00e3o Bolesta\u00a0 lembrou dos dias em que o local estava \u201cabarrotado\u201d de pessoas, da movimenta\u00e7\u00e3o e das risadas que sempre eram tiradas da plateia. A tristeza de organizar um espa\u00e7o que segue sem receber p\u00fablico \u00e9 ampliada quando ele observa com um olhar de artista que \u00e9.<\/span><\/p>\n<p style=\"text-align: justify\"><span style=\"font-family: arial, helvetica, sans-serif\">\u201cPor eu ser ator, me coloco no lugar dos profissionais da \u00e1rea da cultura. N\u00e3o existe cantor, ator sem plateia\u201d, afirmou o coordenador da institui\u00e7\u00e3o. \u201cO teatro do mundo parou. Os artistas est\u00e3o sofrendo mais diante dessa pandemia\u201d, ressaltou o ator, escritor, roteirista e diretor de pe\u00e7as de teatro.<\/span><\/p>\n<div id=\"attachment_9815\" style=\"width: 752px\" class=\"wp-caption aligncenter\"><img loading=\"lazy\" decoding=\"async\" aria-describedby=\"caption-attachment-9815\" class=\" wp-image-9815\" src=\"https:\/\/wp.ufpel.edu.br\/artenosul\/files\/2021\/09\/Imagem4-2-500x375.jpg\" alt=\"\" width=\"752\" height=\"564\" srcset=\"https:\/\/wp.ufpel.edu.br\/artenosul\/files\/2021\/09\/Imagem4-2-500x375.jpg 500w, https:\/\/wp.ufpel.edu.br\/artenosul\/files\/2021\/09\/Imagem4-2-300x225.jpg 300w, https:\/\/wp.ufpel.edu.br\/artenosul\/files\/2021\/09\/Imagem4-2.jpg 602w\" sizes=\"auto, (max-width: 752px) 100vw, 752px\" \/><p id=\"caption-attachment-9815\" class=\"wp-caption-text\"><span style=\"font-family: arial, helvetica, sans-serif\"><strong><span style=\"color: #0000ff\">O teatro tem capacidade para 200 pessoas\u00a0 \u00a0 \u00a0 \u00a0 \u00a0 \u00a0 \u00a0 \u00a0Foto: Divulga\u00e7\u00e3o\/Igor Garcia<\/span><\/strong><\/span><\/p><\/div>\n<p style=\"text-align: justify\"><span style=\"font-family: arial, helvetica, sans-serif\">\u201cEu me coloco no lugar dos demais artistas, eles foram os mais atingidos\u201d, comentou. O coordenador acredita que em breve as atividades culturais ser\u00e3o retomadas e que, aos poucos, todos v\u00e3o poder estar de volta aos palcos, emocionando e alegrando as pessoas.<\/span><\/p>\n<p style=\"text-align: justify\"><span style=\"font-family: arial, helvetica, sans-serif\">\u201cOs artistas est\u00e3o com sede de palco, eles vivem de plateia, de espet\u00e1culo, eles vivem de show\u201d, comentou sobre o desejo dos atores e m\u00fasicos em rela\u00e7\u00e3o \u00e0 retomada dos eventos.<\/span><\/p>\n<p style=\"text-align: justify\"><span style=\"font-family: arial, helvetica, sans-serif\">O secret\u00e1rio do Desenvolvimento, Inova\u00e7\u00e3o, Cultura e Turismo, Clayton Dworzecki, relembrou a hist\u00f3ria do teatro no munic\u00edpio. Ele comentou que foi muito triste assumir a Secretaria e receber a casa em um momento delicado como o que vivemos.<\/span><\/p>\n<p>&nbsp;<\/p>\n<div id=\"attachment_9816\" style=\"width: 600px\" class=\"wp-caption aligncenter\"><img loading=\"lazy\" decoding=\"async\" aria-describedby=\"caption-attachment-9816\" class=\" wp-image-9816\" src=\"https:\/\/wp.ufpel.edu.br\/artenosul\/files\/2021\/09\/Imagem5-1-500x375.jpg\" alt=\"\" width=\"600\" height=\"450\" srcset=\"https:\/\/wp.ufpel.edu.br\/artenosul\/files\/2021\/09\/Imagem5-1-500x375.jpg 500w, https:\/\/wp.ufpel.edu.br\/artenosul\/files\/2021\/09\/Imagem5-1-300x225.jpg 300w, https:\/\/wp.ufpel.edu.br\/artenosul\/files\/2021\/09\/Imagem5-1.jpg 602w\" sizes=\"auto, (max-width: 600px) 100vw, 600px\" \/><p id=\"caption-attachment-9816\" class=\"wp-caption-text\"><span style=\"font-family: arial, helvetica, sans-serif\"><strong><span style=\"color: #0000ff\">\u00a0 \u00a0 \u00a0 \u00a0 \u00a0 \u00a0 \u00a0 \u00a0 Secret\u00e1rio do Desenvolvimento, Inova\u00e7\u00e3o, Cultura e Turismo, Clayton Dworzecki<\/span>\u00a0 \u00a0 \u00a0 \u00a0 \u00a0 \u00a0 \u00a0 \u00a0 \u00a0 \u00a0 \u00a0 \u00a0 \u00a0 \u00a0 \u00a0<span style=\"color: #0000ff\">Foto: Divulga\u00e7\u00e3o\/ Igor Garcia<\/span><\/strong><\/span><\/p><\/div>\n<p style=\"text-align: justify\"><span style=\"font-family: arial, helvetica, sans-serif\">&#8220;Esperamos que assim que poss\u00edvel a gente possa retomar as atividades no teatro\u201d, afirmou o secret\u00e1rio. Dworzecki informou que, assim que as atividades forem retomadas, ele ir\u00e3o tentar priorizar os shows musicais e teatrais para valorizar os artistas de Camaqu\u00e3.<\/span><\/p>\n<p style=\"text-align: justify\"><span style=\"font-family: arial, helvetica, sans-serif\">\u201cA classe art\u00edstica foi a mais afetada nesse per\u00edodo da pandemia. A \u00fanica classe para a qual n\u00e3o foi poss\u00edvel essa retomada gradativa da economia, foi do setor cultural\u201d, afirmou o secret\u00e1rio.<\/span><\/p>\n<p><a href=\"http:\/\/wp.ufpel.edu.br\/artenosul\"><span style=\"color: #0000ff\"><strong><span style=\"font-family: arial, helvetica, sans-serif\">PRIMEIRA P\u00c1GINA<\/span><\/strong><\/span><\/a><\/p>\n<p><span style=\"color: #0000ff\"><strong><span style=\"font-family: arial, helvetica, sans-serif\">COMENT\u00c1RIOS<\/span><\/strong><\/span><\/p>\n<div data-test='contact-form'\n\t\t\tid='contact-form-9810'\n\t\t\tclass='wp-block-jetpack-contact-form-container '\n\t\t\tdata-wp-interactive='jetpack\/form' data-wp-context='{\"formId\":\"9810\",\"formHash\":\"108fd46ab741898cb1df0dd454ef07c9cc29c325\",\"showErrors\":false,\"errors\":[],\"fields\":[],\"isMultiStep\":false,\"useAjax\":true,\"submissionData\":null,\"formattedSubmissionData\":[],\"submissionSuccess\":false,\"submissionError\":null,\"elementId\":\"jp-form-108fd46ab741898cb1df0dd454ef07c9cc29c325\",\"isSingleInputForm\":false}'\n\t\t\tdata-wp-watch--scroll-to-wrapper=\"callbacks.scrollToWrapper\"\n\t\t>\n<div class=\"contact-form-submission contact-form-ajax-submission\" data-wp-class--submission-success=\"context.submissionSuccess\"><p class=\"go-back-message\"><a class=\"link\" role=\"button\" tabindex=\"0\" data-wp-on--click=\"actions.goBack\" href=\"\/artenosul\/wp-json\/wp\/v2\/posts\/9810\">Voltar<\/a><\/p><h4 id=\"contact-form-success-header\">Sua mensagem foi enviada<\/h4>\n\n<template data-wp-each--submission=\"context.formattedSubmissionData\">\n\t\t\t\t\t<div class=\"jetpack_forms_contact-form-success-summary\">\n\t\t\t\t\t\t<div class=\"field-name\" data-wp-text=\"context.submission.label\" data-wp-bind--hidden=\"!context.submission.label\"><\/div>\n\t\t\t\t\t\t<div class=\"field-value\" data-wp-text=\"context.submission.value\"><\/div>\n\t\t\t\t\t\t<div class=\"field-images\" data-wp-bind--hidden=\"!context.submission.images\">\n\t\t\t\t\t\t\t<template data-wp-each--image=\"context.submission.images\">\n\t\t\t\t\t\t\t\t<figure class=\"field-image\" data-wp-class--is-empty=\"!context.image\">\n\t\t\t\t\t\t\t\t\t<img data-wp-bind--src=\"context.image\" data-wp-bind--hidden=\"!context.image\" \/>\n\t\t\t\t\t\t\t\t\t<img decoding=\"async\" src=\"data:image\/gif;base64,R0lGODlhAQABAAD\/ACwAAAAAAQABAAACADs=\" data-wp-bind--hidden=\"context.image\" \/>\n\t\t\t\t\t\t\t\t<\/figure>\n\t\t\t\t\t\t\t<\/template>\n\t\t\t\t\t\t<\/div>\n\t\t\t\t\t<\/div>\n\t\t\t\t<\/template><\/div><form action='https:\/\/wp.ufpel.edu.br\/artenosul\/2021\/09\/16\/os-artistas-estao-com-sede-de-palco\/'\n\t\t\t\tid='jp-form-108fd46ab741898cb1df0dd454ef07c9cc29c325'\n\t\t\t\tmethod='post'\n\t\t\t\tclass='contact-form commentsblock' aria-label=\"\u201cOs artistas est\u00e3o com sede de palco\u201d\"\n\t\t\t\tdata-wp-on--submit=\"actions.onFormSubmit\"\n\t\t\t\tdata-wp-on--reset=\"actions.onFormReset\"\n\t\t\t\tdata-wp-class--submission-success=\"context.submissionSuccess\"\n\t\t\t\tdata-wp-class--is-first-step=\"state.isFirstStep\"\n\t\t\t\tdata-wp-class--is-last-step=\"state.isLastStep\"\n\t\t\t\tdata-wp-class--is-ajax-form=\"context.useAjax\"\n\t\t\t\tnovalidate >\n<input type='hidden' name='jetpack_contact_form_jwt' value='eyJ0eXAiOiJKV1QiLCJhbGciOiJIUzI1NiJ9.eyJlbmNyeXB0ZWRfYXR0cmlidXRlcyI6IkNHOEY1UVRoMDZQdm5zNUJXd21UaFJLdUFIdHd1Wml3SVBEbHA2QjdZbG9lL2VXWGpFQjZuVXlrNEY0eG9UaGxzVEJ3OGt5Mlg3cHlSWFVjeHdoU0VLR1ZTakNLSkN4U3Fmc0I2SmRPRmpnNFBtcmRWdjFoRmREZVNZMmhJU255Z1RScUtGV2E5S00vOFUwTmV1OFloR0FLbUR5dlNHMEZzdksxZkdpRTJWbFhkaWI5ZTFLQVNhTFhuTC9kZlY4QktuaXhDSG5nSkZZc0h3OFJ2ZHhTSkFiNm1nREJhYkhRRXZuSDFZdGFTTVY4a0dXQTc4bFNUdkRBb0pKbjRUUUtjRU9yK0c2Q2FDRkd5eUc0U1BJY0k4bXoyTzEwYmYzVE5XeGJHY292NlVCRjJLTUNDTWFxbS8xMUM0R2p4NGdBT2N1QnJJNU1talZOdlhWeTRISEZGTzl6SVk5V3FzN0w2U1Q2N2c2VjRlUHdpa0dEZEtVSzlmdmtmcVRQdlNrZXdFVWJlZCtvaFdwbjY1LzN1N3ExMHhjR1BIYnJOYzh3Q2pOUThLeDYzbTJuNEQzVE9zS1Z0WDRkajgycVJoMGJhQWRjbEtQUFNWN0dVTGtReXFIdjlFVXhkd1FlQjdUYnRHSDhyM2FrcFFTdmhrQkhjaWdEZ2xyS0xpcDBxQVlodVdxdTl0RU5EbldrRVVBdEovenhzWHlnazk4MzI4ZEhtNEtheXZnb1N1UUsrbzdiL1hJNlVnbmxuRFQ3RzQ3WjRpR2lFQlR6MzFHMWJPa3k3b1BwY2tQMnFOMTlQWUFJdTViRUpvK2d1YXNwNkJaaW9JMWJGMmsvb2QxMEtyVDhBTUtydkxrWlIyaEc1YkdXUzBDQXplR2svdWNjTDdZSTB2dmdiQmxXVmhBQ1doMHJKTm5VUzNsNHVsY3VEQ1hkTmljNXVPeFhtZWoxK2hRTklZeXdtejB4V0pFZGxFYnRGblBOVWdVMDNqYnRxSFZIL2xXYUo4VzRhSTZpbkFQWHB0Y1BlL2J3b1d4OVovcTNibEsrZU0vSTNhbzhraE1XSDBBVndRdDJ1UU1teVJFMzBWNUY5OWI2eFFUdklKVm1HbFdRUjI5VkpHUmhESXJSQ2g3RXdtdTFpNlI1ODc4NGtaeUJlaWRxdWNNenNzeGJRQ3p5NWtOTjJCMjM1SjY0eTUwYmd3VGNheHV2R0s0TTRPek5kYjVvWnlQcWZQUC9TRWlWeXc9PSIsImNvbnRlbnQiOiJbY29udGFjdC1maWVsZCBsYWJlbD1cIk5vbWVcIiB0eXBlPVwibmFtZVwiXVtjb250YWN0LWZpZWxkIGxhYmVsPVwiRS1tYWlsXCIgdHlwZT1cImVtYWlsXCJdW2NvbnRhY3QtZmllbGQgbGFiZWw9XCJNZW5zYWdlbVwiIHR5cGU9XCJ0ZXh0YXJlYVwiXSIsImhhc2giOiIxMDhmZDQ2YWI3NDE4OThjYjFkZjBkZDQ1NGVmMDdjOWNjMjljMzI1Iiwic291cmNlIjp7ImVudHJ5X3RpdGxlIjoiXHUyMDFjT3MgYXJ0aXN0YXMgZXN0XHUwMGUzbyBjb20gc2VkZSBkZSBwYWxjb1x1MjAxZCIsImVudHJ5X3BhZ2UiOjEsInNvdXJjZV9pZCI6OTgxMCwic291cmNlX3R5cGUiOiJzaW5nbGUiLCJyZXF1ZXN0X3VybCI6Imh0dHBzOi8vd3AudWZwZWwuZWR1LmJyL2FydGVub3N1bC93cC1qc29uL3dwL3YyL3Bvc3RzLzk4MTAifSwidmVyc2lvbiI6MiwiY2lwaGVyIjoiYWVzLTI1Ni1nY20ifQ.xmyjHPnTsvtaZR47lFsyfhSPd0hlg1KJ4iE-ZQU8Ti0' \/>\n\n<div style=\"\"  data-wp-interactive=\"jetpack\/form\" data-wp-context='{\"fieldId\":\"g9810-nome\",\"fieldType\":\"name\",\"fieldLabel\":\"Nome\",\"fieldValue\":\"\",\"fieldPlaceholder\":\"\",\"fieldIsRequired\":\"\",\"fieldErrorMessage\":\"\",\"fieldExtra\":[],\"formHash\":\"108fd46ab741898cb1df0dd454ef07c9cc29c325\"}'  class='grunion-field-name-wrap grunion-field-wrap'  data-wp-init='callbacks.initializeField' data-wp-on--jetpack-form-reset='callbacks.initializeField' >\n<label\n\t\t\t\tfor='g9810-nome' class=\"grunion-field-label name\" >Nome<\/label>\n<input\n\t\t\t\t\ttype='text'\n\t\t\t\t\tname='g9810-nome'\n\t\t\t\t\tid='g9810-nome'\n\t\t\t\t\tvalue=''\n\n\t\t\t\t\tdata-wp-bind--aria-invalid='state.fieldHasErrors'\n\t\t\t\t\tdata-wp-bind--value='state.getFieldValue'\n\t\t\t\t\taria-errormessage='g9810-nome-text-error-message'\n\t\t\t\t\tdata-wp-on--input='actions.onFieldChange'\n\t\t\t\t\tdata-wp-on--blur='actions.onFieldBlur'\n\t\t\t\t\tdata-wp-class--has-value='state.hasFieldValue'\n\n\t\t\t\t\tclass='name  grunion-field' \n\t\t\t\t\t \/>\n \n\t\t\t<div id=\"g9810-nome-text-error\" class=\"contact-form__input-error\" data-wp-class--has-errors=\"state.fieldHasErrors\">\n\t\t\t\t<span class=\"contact-form__warning-icon\">\n\t\t\t\t\t<svg width=\"16\" height=\"16\" viewBox=\"0 0 16 16\" fill=\"none\" xmlns=\"http:\/\/www.w3.org\/2000\/svg\">\n\t\t\t\t\t\t<path d=\"M8.50015 11.6402H7.50015V10.6402H8.50015V11.6402Z\" \/>\n\t\t\t\t\t\t<path d=\"M7.50015 9.64018H8.50015V6.30684H7.50015V9.64018Z\" \/>\n\t\t\t\t\t\t<path fill-rule=\"evenodd\" clip-rule=\"evenodd\" d=\"M6.98331 3.0947C7.42933 2.30177 8.57096 2.30177 9.01698 3.09469L13.8771 11.7349C14.3145 12.5126 13.7525 13.4735 12.8602 13.4735H3.14004C2.24774 13.4735 1.68575 12.5126 2.12321 11.7349L6.98331 3.0947ZM8.14541 3.58496C8.08169 3.47168 7.9186 3.47168 7.85488 3.58496L2.99478 12.2251C2.93229 12.3362 3.01257 12.4735 3.14004 12.4735H12.8602C12.9877 12.4735 13.068 12.3362 13.0055 12.2251L8.14541 3.58496Z\" \/>\n\t\t\t\t\t<\/svg>\n\t\t\t\t\t<span class=\"visually-hidden\">Aviso<\/span>\n\t\t\t\t<\/span>\n\t\t\t\t<span data-wp-text=\"state.errorMessage\" id=\"g9810-nome-text-error-message\" role=\"alert\" aria-live=\"assertive\"><\/span>\n\t\t\t<\/div> \n\t<\/div>\n\n<div style=\"\"  data-wp-interactive=\"jetpack\/form\" data-wp-context='{\"fieldId\":\"g9810-email\",\"fieldType\":\"email\",\"fieldLabel\":\"E-mail\",\"fieldValue\":\"\",\"fieldPlaceholder\":\"\",\"fieldIsRequired\":\"\",\"fieldErrorMessage\":\"\",\"fieldExtra\":[],\"formHash\":\"108fd46ab741898cb1df0dd454ef07c9cc29c325\"}'  class='grunion-field-email-wrap grunion-field-wrap'  data-wp-init='callbacks.initializeField' data-wp-on--jetpack-form-reset='callbacks.initializeField' >\n<label\n\t\t\t\tfor='g9810-email' class=\"grunion-field-label email\" >E-mail<\/label>\n<input\n\t\t\t\t\ttype='email'\n\t\t\t\t\tname='g9810-email'\n\t\t\t\t\tid='g9810-email'\n\t\t\t\t\tvalue=''\n\n\t\t\t\t\tdata-wp-bind--aria-invalid='state.fieldHasErrors'\n\t\t\t\t\tdata-wp-bind--value='state.getFieldValue'\n\t\t\t\t\taria-errormessage='g9810-email-email-error-message'\n\t\t\t\t\tdata-wp-on--input='actions.onFieldChange'\n\t\t\t\t\tdata-wp-on--blur='actions.onFieldBlur'\n\t\t\t\t\tdata-wp-class--has-value='state.hasFieldValue'\n\n\t\t\t\t\tclass='email  grunion-field' \n\t\t\t\t\t \/>\n \n\t\t\t<div id=\"g9810-email-email-error\" class=\"contact-form__input-error\" data-wp-class--has-errors=\"state.fieldHasErrors\">\n\t\t\t\t<span class=\"contact-form__warning-icon\">\n\t\t\t\t\t<svg width=\"16\" height=\"16\" viewBox=\"0 0 16 16\" fill=\"none\" xmlns=\"http:\/\/www.w3.org\/2000\/svg\">\n\t\t\t\t\t\t<path d=\"M8.50015 11.6402H7.50015V10.6402H8.50015V11.6402Z\" \/>\n\t\t\t\t\t\t<path d=\"M7.50015 9.64018H8.50015V6.30684H7.50015V9.64018Z\" \/>\n\t\t\t\t\t\t<path fill-rule=\"evenodd\" clip-rule=\"evenodd\" d=\"M6.98331 3.0947C7.42933 2.30177 8.57096 2.30177 9.01698 3.09469L13.8771 11.7349C14.3145 12.5126 13.7525 13.4735 12.8602 13.4735H3.14004C2.24774 13.4735 1.68575 12.5126 2.12321 11.7349L6.98331 3.0947ZM8.14541 3.58496C8.08169 3.47168 7.9186 3.47168 7.85488 3.58496L2.99478 12.2251C2.93229 12.3362 3.01257 12.4735 3.14004 12.4735H12.8602C12.9877 12.4735 13.068 12.3362 13.0055 12.2251L8.14541 3.58496Z\" \/>\n\t\t\t\t\t<\/svg>\n\t\t\t\t\t<span class=\"visually-hidden\">Aviso<\/span>\n\t\t\t\t<\/span>\n\t\t\t\t<span data-wp-text=\"state.errorMessage\" id=\"g9810-email-email-error-message\" role=\"alert\" aria-live=\"assertive\"><\/span>\n\t\t\t<\/div> \n\t<\/div>\n\n<div style=\"\"  data-wp-interactive=\"jetpack\/form\" data-wp-context='{\"fieldId\":\"g9810-mensagem\",\"fieldType\":\"textarea\",\"fieldLabel\":\"Mensagem\",\"fieldValue\":\"\",\"fieldPlaceholder\":\"\",\"fieldIsRequired\":\"\",\"fieldErrorMessage\":\"\",\"fieldExtra\":[],\"formHash\":\"108fd46ab741898cb1df0dd454ef07c9cc29c325\"}'  class='grunion-field-textarea-wrap grunion-field-wrap'  data-wp-init='callbacks.initializeField' data-wp-on--jetpack-form-reset='callbacks.initializeField' >\n<label\n\t\t\t\tfor='contact-form-comment-g9810-mensagem' class=\"grunion-field-label textarea\" >Mensagem<\/label>\n<textarea\n\t\t                style=''\n\t\t                name='g9810-mensagem'\n\t\t                id='contact-form-comment-g9810-mensagem'\n\t\t                rows='20'\n\t\t\t\t\t\tdata-wp-text='state.getFieldValue'\n\t\t\t\t\t\tdata-wp-on--input='actions.onFieldChange'\n\t\t\t\t\t\tdata-wp-on--blur='actions.onFieldBlur'\n\t\t\t\t\t\tdata-wp-class--has-value='state.hasFieldValue'\n\t\t\t\t\t\tdata-wp-bind--aria-invalid='state.fieldHasErrors'\n\t\t\t\t\t\taria-errormessage='g9810-mensagem-textarea-error-message'\n\t\t\t\t\t\tclass='textarea  grunion-field'  ><\/textarea>\n \n\t\t\t<div id=\"g9810-mensagem-textarea-error\" class=\"contact-form__input-error\" data-wp-class--has-errors=\"state.fieldHasErrors\">\n\t\t\t\t<span class=\"contact-form__warning-icon\">\n\t\t\t\t\t<svg width=\"16\" height=\"16\" viewBox=\"0 0 16 16\" fill=\"none\" xmlns=\"http:\/\/www.w3.org\/2000\/svg\">\n\t\t\t\t\t\t<path d=\"M8.50015 11.6402H7.50015V10.6402H8.50015V11.6402Z\" \/>\n\t\t\t\t\t\t<path d=\"M7.50015 9.64018H8.50015V6.30684H7.50015V9.64018Z\" \/>\n\t\t\t\t\t\t<path fill-rule=\"evenodd\" clip-rule=\"evenodd\" d=\"M6.98331 3.0947C7.42933 2.30177 8.57096 2.30177 9.01698 3.09469L13.8771 11.7349C14.3145 12.5126 13.7525 13.4735 12.8602 13.4735H3.14004C2.24774 13.4735 1.68575 12.5126 2.12321 11.7349L6.98331 3.0947ZM8.14541 3.58496C8.08169 3.47168 7.9186 3.47168 7.85488 3.58496L2.99478 12.2251C2.93229 12.3362 3.01257 12.4735 3.14004 12.4735H12.8602C12.9877 12.4735 13.068 12.3362 13.0055 12.2251L8.14541 3.58496Z\" \/>\n\t\t\t\t\t<\/svg>\n\t\t\t\t\t<span class=\"visually-hidden\">Aviso<\/span>\n\t\t\t\t<\/span>\n\t\t\t\t<span data-wp-text=\"state.errorMessage\" id=\"g9810-mensagem-textarea-error-message\" role=\"alert\" aria-live=\"assertive\"><\/span>\n\t\t\t<\/div>\n\t<\/div>\n\t<p class='contact-submit'>\n<div class=\"contact-form__error\" data-wp-class--show-errors=\"state.showFormErrors\"><span class=\"contact-form__warning-icon\"><span class=\"visually-hidden\">Aten\u00e7\u00e3o.<\/span><i aria-hidden=\"true\"><\/i><\/span>\n\t\t\t\t<span data-wp-text=\"state.getFormErrorMessage\"><\/span>\n\t\t\t\t<ul>\n\t\t\t\t<template data-wp-each=\"state.getErrorList\" data-wp-key=\"context.item.id\">\n\t\t\t\t\t<li><a data-wp-bind--href=\"context.item.anchor\" data-wp-on--click=\"actions.scrollIntoView\" data-wp-text=\"context.item.label\"><\/a><\/li>\n\t\t\t\t<\/template>\n\t\t\t\t<\/ul><\/div><div class=\"contact-form__error\" data-wp-class--show-errors=\"state.showSubmissionError\" data-wp-text=\"context.submissionError\"><\/div>\t\t<button type='submit' class='pushbutton-wide'>Enviar<\/button>\t\t<input type='hidden' name='contact-form-id' value='9810' \/>\n\t\t<input type='hidden' name='action' value='grunion-contact-form' \/>\n\t\t<input type='hidden' name='contact-form-hash' value='108fd46ab741898cb1df0dd454ef07c9cc29c325' \/>\n\t<\/p>\n<p style=\"display: none !important;\" class=\"akismet-fields-container\" data-prefix=\"ak_\"><label>&#916;<textarea name=\"ak_hp_textarea\" cols=\"45\" rows=\"8\" maxlength=\"100\"><\/textarea><\/label><input type=\"hidden\" id=\"ak_js_1\" name=\"ak_js\" value=\"142\"\/><script>document.getElementById( \"ak_js_1\" ).setAttribute( \"value\", ( new Date() ).getTime() );<\/script><\/p><\/form>\n<\/div>\n","protected":false},"excerpt":{"rendered":"<p>Por Sabrina Borges e William Engel\u00a0 \u00a0 \u00a0 \u00a0\u00a0 Coordenador do teatro de Camaqu\u00e3 Jo\u00e3o Bolesta e secret\u00e1rio Clayton Dworzecki falam sobre a hist\u00f3ria do Cine Teatro Coliseu e o tempo dif\u00edcil da pandemia O Cine Teatro Coliseu \u00e9 um dos pontos tur\u00edsticos de Camaqu\u00e3. Desde 1987 o teatro j\u00e1 foi palco de diversos eventos, &hellip; <\/p>\n<p><a class=\"more-link btn\" href=\"https:\/\/wp.ufpel.edu.br\/artenosul\/2021\/09\/16\/os-artistas-estao-com-sede-de-palco\/\">Continue lendo<\/a><\/p>\n","protected":false},"author":571,"featured_media":9812,"comment_status":"closed","ping_status":"closed","sticky":false,"template":"","format":"standard","meta":{"jetpack_post_was_ever_published":false,"_jetpack_newsletter_access":"","_jetpack_dont_email_post_to_subs":false,"_jetpack_newsletter_tier_id":0,"_jetpack_memberships_contains_paywalled_content":false,"_jetpack_memberships_contains_paid_content":false,"footnotes":"","jetpack_publicize_message":"","jetpack_publicize_feature_enabled":true,"jetpack_social_post_already_shared":true,"jetpack_social_options":{"image_generator_settings":{"template":"highway","default_image_id":0,"font":"","enabled":false},"version":2}},"categories":[88,1],"tags":[1078,1272,1273,1213],"class_list":["post-9810","post","type-post","status-publish","format-standard","has-post-thumbnail","hentry","category-comunidade","category-noticias","tag-camaqua","tag-cine-teatro-coliseu","tag-sabrina-borges","tag-william-engel","nodate","item-wrap"],"jetpack_publicize_connections":[],"jetpack_featured_media_url":"https:\/\/wp.ufpel.edu.br\/artenosul\/files\/2021\/09\/Imagem1-2.jpg","jetpack_sharing_enabled":true,"jetpack_likes_enabled":true,"jetpack_shortlink":"https:\/\/wp.me\/p6PuxQ-2ye","jetpack-related-posts":[{"id":4813,"url":"https:\/\/wp.ufpel.edu.br\/artenosul\/2017\/03\/14\/teatro-de-rio-grande-reabre-portas\/","url_meta":{"origin":9810,"position":0},"title":"Rio Grande reabre seu Teatro","author":"artenosul","date":"14 de mar\u00e7o de 2017","format":false,"excerpt":"\u00a0 Reportagem de \u00a0Fernanda Cadaval - \u00danico espa\u00e7o espec\u00edfico de apresenta\u00e7\u00f5es art\u00edsticas da cidade reabriu, mas passa novamente por manuten\u00e7\u00e3o- \u00a0 \u00a0 \u00a0 \u00a0 \u00a0Ap\u00f3s dois anos de portas fechadas e gerando diversas manifesta\u00e7\u00f5es da sociedade rio-grandina, principalmente de artistas e ativistas culturais, o Cine Teatro Avenida mais conhecido como\u2026","rel":"","context":"Em &quot;COMUNIDADE&quot;","block_context":{"text":"COMUNIDADE","link":"https:\/\/wp.ufpel.edu.br\/artenosul\/category\/comunidade\/"},"img":{"alt_text":"","src":"https:\/\/i0.wp.com\/wp.ufpel.edu.br\/artenosul\/files\/2017\/03\/FernandaC2b2-e1499698012131.jpg?resize=350%2C200&ssl=1","width":350,"height":200},"classes":[]},{"id":195,"url":"https:\/\/wp.ufpel.edu.br\/artenosul\/2015\/10\/17\/teatro-escola-de-pelotas-existe-desde-1914\/","url_meta":{"origin":9810,"position":1},"title":"Teatro Escola de Pelotas existe desde 1914","author":"artenosul","date":"17 de outubro de 2015","format":false,"excerpt":"Reportagem de William Machado -\u00a0 O Teatro Escola de Pelotas foi criado em 1914, com o nome de Corpo C\u00eanico do Apostolado dos Homens da Catedral, era dirigido por Ant\u00f4nio Alves dos Reis, num tempo em que as mulheres ainda n\u00e3o podiam participar. Somente em 1946, com Davi Jos\u00e9 Zanotta,\u2026","rel":"","context":"Em &quot;NOT\u00cdCIAS&quot;","block_context":{"text":"NOT\u00cdCIAS","link":"https:\/\/wp.ufpel.edu.br\/artenosul\/category\/noticias\/"},"img":{"alt_text":"","src":"https:\/\/i0.wp.com\/wp.ufpel.edu.br\/artenosul\/files\/2015\/10\/WilliamPRIMEIRA-REPORTAGEM.jpg?resize=350%2C200&ssl=1","width":350,"height":200},"classes":[]},{"id":163,"url":"https:\/\/wp.ufpel.edu.br\/artenosul\/2015\/10\/12\/o-teatro-chega-as-ruas-de-pelotas-semana-que-vem\/","url_meta":{"origin":9810,"position":2},"title":"O teatro chega \u00e0s ruas de Pelotas semana que vem","author":"artenosul","date":"12 de outubro de 2015","format":false,"excerpt":"Reportagem de Camila Mascarenhas -\u00a0 Teatrua, uma mistura de teatro e rua. Esse foi o nome escolhido para o primeiro festival de teatro de rua, que ir\u00e1 ocorrer na pr\u00f3xima semana, no Centro Hist\u00f3rico de Pelotas. O projeto foi criado pelos cineastas Francisco Maximila e Thiago Rodeguiero, com a inten\u00e7\u00e3o\u2026","rel":"","context":"Em &quot;NOT\u00cdCIAS&quot;","block_context":{"text":"NOT\u00cdCIAS","link":"https:\/\/wp.ufpel.edu.br\/artenosul\/category\/noticias\/"},"img":{"alt_text":"","src":"https:\/\/i0.wp.com\/wp.ufpel.edu.br\/artenosul\/files\/2015\/10\/2Olha-o-Santo-Fotografia-Andressa-Vasconcelos.jpg?resize=350%2C200&ssl=1","width":350,"height":200,"srcset":"https:\/\/i0.wp.com\/wp.ufpel.edu.br\/artenosul\/files\/2015\/10\/2Olha-o-Santo-Fotografia-Andressa-Vasconcelos.jpg?resize=350%2C200&ssl=1 1x, https:\/\/i0.wp.com\/wp.ufpel.edu.br\/artenosul\/files\/2015\/10\/2Olha-o-Santo-Fotografia-Andressa-Vasconcelos.jpg?resize=525%2C300&ssl=1 1.5x"},"classes":[]},{"id":7873,"url":"https:\/\/wp.ufpel.edu.br\/artenosul\/2017\/12\/18\/cade-o-palco-que-tinha-aqui\/","url_meta":{"origin":9810,"position":3},"title":"Cad\u00ea o palco que tinha aqui?","author":"artenosul","date":"18 de dezembro de 2017","format":false,"excerpt":"\u00a0 \u00a0 \u00a0 Por Cassiane Ribeiro Fonseca \u00a0 \u00a0 \u00a0 Pelotas \u00e9 palco de cultura e diversidade. E isso se explica pelo crescente p\u00fablico que frequenta os diferentes espa\u00e7os de manifesta\u00e7\u00f5es art\u00edsticas, de rua ou n\u00e3o, sejam eles musicais, gastron\u00f4micos, liter\u00e1rios ou teatrais. A Voc\u00ea Sabe Quem CIA de Teatro\u2026","rel":"","context":"Em &quot;TEATRO&quot;","block_context":{"text":"TEATRO","link":"https:\/\/wp.ufpel.edu.br\/artenosul\/category\/teatro\/"},"img":{"alt_text":"","src":"https:\/\/i0.wp.com\/wp.ufpel.edu.br\/artenosul\/files\/2017\/12\/Imagem-divulga%C3%A7%C3%A3o-p%C3%A1gina-VOCE-SABE-QUEM-CIA-TEATRO-e1513599210392.jpg?resize=350%2C200&ssl=1","width":350,"height":200,"srcset":"https:\/\/i0.wp.com\/wp.ufpel.edu.br\/artenosul\/files\/2017\/12\/Imagem-divulga%C3%A7%C3%A3o-p%C3%A1gina-VOCE-SABE-QUEM-CIA-TEATRO-e1513599210392.jpg?resize=350%2C200&ssl=1 1x, https:\/\/i0.wp.com\/wp.ufpel.edu.br\/artenosul\/files\/2017\/12\/Imagem-divulga%C3%A7%C3%A3o-p%C3%A1gina-VOCE-SABE-QUEM-CIA-TEATRO-e1513599210392.jpg?resize=525%2C300&ssl=1 1.5x, https:\/\/i0.wp.com\/wp.ufpel.edu.br\/artenosul\/files\/2017\/12\/Imagem-divulga%C3%A7%C3%A3o-p%C3%A1gina-VOCE-SABE-QUEM-CIA-TEATRO-e1513599210392.jpg?resize=700%2C400&ssl=1 2x"},"classes":[]},{"id":26666,"url":"https:\/\/wp.ufpel.edu.br\/artenosul\/2024\/03\/14\/do-palco-para-o-cinema-teatro-dos-gatos-pelados-participa-de-filme-gravado-em-pelotas\/","url_meta":{"origin":9810,"position":4},"title":"Do palco para o cinema: Teatro dos Gatos Pelados participa de filme gravado em Pelotas","author":"artenosul","date":"14 de mar\u00e7o de 2024","format":false,"excerpt":"\u201cPassaporte Mem\u00f3ria\u201d, uma produ\u00e7\u00e3o da Atama Filmes de Porto Alegre, teve algumas grava\u00e7\u00f5es na cidade e contou com a participa\u00e7\u00e3o de 12 alunos do Col\u00e9gio Pelotense no elenco\u00a0 \u00a0 \u00a0 \u00a0 Por Felipe Boettge\u00a0 \u00a0 \u00a0 \u00a0 \u00a0 \u00a0 Com a passagem da produ\u00e7\u00e3o de \u201cPassaporte Mem\u00f3ria\u201d um filme produzido\u2026","rel":"","context":"Em &quot;CINEMA&quot;","block_context":{"text":"CINEMA","link":"https:\/\/wp.ufpel.edu.br\/artenosul\/category\/cinema\/"},"img":{"alt_text":"","src":"https:\/\/i0.wp.com\/wp.ufpel.edu.br\/artenosul\/files\/2024\/03\/Imagem4-1.jpg?resize=350%2C200&ssl=1","width":350,"height":200},"classes":[]},{"id":26878,"url":"https:\/\/wp.ufpel.edu.br\/artenosul\/2024\/07\/24\/espetaculo-irmas-abutre-invade-o-4-galeria-cafe-nesta-sexta-feira\/","url_meta":{"origin":9810,"position":5},"title":"Espet\u00e1culo &#8220;Irm\u00e3s Abutre&#8221; invade o 4 Galeria Caf\u00e9 nesta sexta-feira","author":"artenosul","date":"24 de julho de 2024","format":false,"excerpt":"Inspirada no esquete \u201cO finado Ivo Joaquim\u201d de Ism\u00e1iler Borges, a pe\u00e7a da Voc\u00ea Sabe Quem Companhia de Teatro retorna para nova apresenta\u00e7\u00e3o Por Bruna Farias e Renata \u00c1vila\u00a0 \u00a0 \u00a0\u00a0 \u00a0 \u00a0 Com muita confus\u00e3o e insanidade, a pe\u00e7a \u2018Irm\u00e3s Abutre\u2019, produzida pela Voc\u00ea Sabe Quem Companhia de Teatro\u2026","rel":"","context":"Em &quot;TEATRO&quot;","block_context":{"text":"TEATRO","link":"https:\/\/wp.ufpel.edu.br\/artenosul\/category\/teatro\/"},"img":{"alt_text":"","src":"https:\/\/i0.wp.com\/wp.ufpel.edu.br\/artenosul\/files\/2024\/07\/foto-1-destaque.jpg?resize=350%2C200&ssl=1","width":350,"height":200,"srcset":"https:\/\/i0.wp.com\/wp.ufpel.edu.br\/artenosul\/files\/2024\/07\/foto-1-destaque.jpg?resize=350%2C200&ssl=1 1x, https:\/\/i0.wp.com\/wp.ufpel.edu.br\/artenosul\/files\/2024\/07\/foto-1-destaque.jpg?resize=525%2C300&ssl=1 1.5x, https:\/\/i0.wp.com\/wp.ufpel.edu.br\/artenosul\/files\/2024\/07\/foto-1-destaque.jpg?resize=700%2C400&ssl=1 2x"},"classes":[]}],"_links":{"self":[{"href":"https:\/\/wp.ufpel.edu.br\/artenosul\/wp-json\/wp\/v2\/posts\/9810","targetHints":{"allow":["GET"]}}],"collection":[{"href":"https:\/\/wp.ufpel.edu.br\/artenosul\/wp-json\/wp\/v2\/posts"}],"about":[{"href":"https:\/\/wp.ufpel.edu.br\/artenosul\/wp-json\/wp\/v2\/types\/post"}],"author":[{"embeddable":true,"href":"https:\/\/wp.ufpel.edu.br\/artenosul\/wp-json\/wp\/v2\/users\/571"}],"replies":[{"embeddable":true,"href":"https:\/\/wp.ufpel.edu.br\/artenosul\/wp-json\/wp\/v2\/comments?post=9810"}],"version-history":[{"count":17,"href":"https:\/\/wp.ufpel.edu.br\/artenosul\/wp-json\/wp\/v2\/posts\/9810\/revisions"}],"predecessor-version":[{"id":9872,"href":"https:\/\/wp.ufpel.edu.br\/artenosul\/wp-json\/wp\/v2\/posts\/9810\/revisions\/9872"}],"wp:featuredmedia":[{"embeddable":true,"href":"https:\/\/wp.ufpel.edu.br\/artenosul\/wp-json\/wp\/v2\/media\/9812"}],"wp:attachment":[{"href":"https:\/\/wp.ufpel.edu.br\/artenosul\/wp-json\/wp\/v2\/media?parent=9810"}],"wp:term":[{"taxonomy":"category","embeddable":true,"href":"https:\/\/wp.ufpel.edu.br\/artenosul\/wp-json\/wp\/v2\/categories?post=9810"},{"taxonomy":"post_tag","embeddable":true,"href":"https:\/\/wp.ufpel.edu.br\/artenosul\/wp-json\/wp\/v2\/tags?post=9810"}],"curies":[{"name":"wp","href":"https:\/\/api.w.org\/{rel}","templated":true}]}}