{"id":9589,"date":"2021-06-17T12:18:32","date_gmt":"2021-06-17T15:18:32","guid":{"rendered":"https:\/\/wp.ufpel.edu.br\/artenosul\/?p=9589"},"modified":"2021-06-17T12:18:32","modified_gmt":"2021-06-17T15:18:32","slug":"projeto-teatromunicipalagora","status":"publish","type":"post","link":"https:\/\/wp.ufpel.edu.br\/artenosul\/2021\/06\/17\/projeto-teatromunicipalagora\/","title":{"rendered":"Projeto #TeatroMunicipalAgora"},"content":{"rendered":"<p style=\"text-align: right\"><span style=\"color: #003366\"><strong><em><span style=\"font-family: arial, helvetica, sans-serif\">Por Thiago Lehn\u00a0 \u00a0 \u00a0<\/span><\/em><\/strong><\/span><\/p>\n<p style=\"text-align: center\"><span style=\"color: #003366\"><strong><em><span style=\"font-family: arial, helvetica, sans-serif\">Munic\u00edpio de Rio Grande promove apresenta\u00e7\u00f5es on-line na sua sala de espet\u00e1culos<\/span><\/em><\/strong><\/span><\/p>\n<p style=\"text-align: justify\"><span style=\"font-family: arial, helvetica, sans-serif\">Durante a pandemia, o Teatro Municipal do Rio Grande est\u00e1 realizando o projeto #TeatroMunicipalAgora, que est\u00e1 chamando a aten\u00e7\u00e3o da popula\u00e7\u00e3o da regi\u00e3o e sendo de suma import\u00e2ncia para fomentar a cena cultural muito presente na cidade.<\/span><\/p>\n<p style=\"text-align: justify\"><span style=\"font-family: arial, helvetica, sans-serif\">A diretora do Teatro, Alzira Paiva, comentou os principais aspectos da cria\u00e7\u00e3o e implementa\u00e7\u00e3o da ideia. O Projeto #TeatroMunicipalAgora foi criado como forma de incentivo aos artistas rio-grandinos. Atrav\u00e9s do espa\u00e7o e da estrutura cedidos pela Secretaria de Munic\u00edpio da Cultura, eles podem apresentar a sua arte no formato de shows on-line disponibilizados para a comunidade, com a renda dos ingressos revertida para os pr\u00f3prios\u00a0\u00a0 artistas dos diferentes segmentos e\/ou formas de express\u00e3o.\u00a0\u00a0 A iniciativa tamb\u00e9m objetiva perpetuar e disseminar a cultura no munic\u00edpio, de modo a valorizar e destacar a import\u00e2ncia do trabalho desenvolvido por estes artistas dentro do contexto hist\u00f3rico da cidade do Rio Grande.<\/span><\/p>\n<p style=\"text-align: justify\"><span style=\"font-family: arial, helvetica, sans-serif\">A diretora relata que os shows do projeto s\u00e3o realizados semanalmente nas quintas-feiras, sempre \u00e0s 20h30min. e transmitidos atrav\u00e9s do aplicativo zoom, cujo link \u00e9 encaminhado aos espectadores por e-mail conforme preenchimento de cadastro, no ato da compra do ingresso adquirido no <a href=\"https:\/\/www.sympla.com.br\/eventos?s=TeatroMunicipalAgora&amp;tab=eventos\" target=\"_blank\" rel=\"noopener\">site Sympla.com.br.<\/a> Eventualmente s\u00e3o inseridos ao longo do m\u00eas datas extras para espet\u00e1culos especiais.<\/span><\/p>\n<p style=\"text-align: justify\"><span style=\"font-family: arial, helvetica, sans-serif\">Quanto aos produtos culturais que o projeto abrange, Alzira diz que o Teatro recebe qualquer express\u00e3o de arte de palco, sejam espet\u00e1culos musicais, teatrais, dan\u00e7a ou poesia. Os espet\u00e1culos s\u00e3o produzidos pelos pr\u00f3prios artistas e o Teatro Municipal entra com a infraestrutura de som, luz, v\u00eddeo, filmagem e apoio que os artistas necessitarem.<\/span><\/p>\n<div id=\"attachment_9591\" style=\"width: 628px\" class=\"wp-caption aligncenter\"><img loading=\"lazy\" decoding=\"async\" aria-describedby=\"caption-attachment-9591\" class=\" wp-image-9591\" src=\"https:\/\/wp.ufpel.edu.br\/artenosul\/files\/2021\/06\/Garotos-da-rua-teatro-municipal-500x331.jpg\" alt=\"\" width=\"628\" height=\"416\" srcset=\"https:\/\/wp.ufpel.edu.br\/artenosul\/files\/2021\/06\/Garotos-da-rua-teatro-municipal-500x331.jpg 500w, https:\/\/wp.ufpel.edu.br\/artenosul\/files\/2021\/06\/Garotos-da-rua-teatro-municipal-300x199.jpg 300w, https:\/\/wp.ufpel.edu.br\/artenosul\/files\/2021\/06\/Garotos-da-rua-teatro-municipal-768x508.jpg 768w, https:\/\/wp.ufpel.edu.br\/artenosul\/files\/2021\/06\/Garotos-da-rua-teatro-municipal-855x566.jpg 855w, https:\/\/wp.ufpel.edu.br\/artenosul\/files\/2021\/06\/Garotos-da-rua-teatro-municipal.jpg 1080w\" sizes=\"auto, (max-width: 628px) 100vw, 628px\" \/><p id=\"caption-attachment-9591\" class=\"wp-caption-text\"><span style=\"color: #0000ff;font-family: arial, helvetica, sans-serif\"><strong><span style=\"color: #0000ff\">A banda Garotos da Rua esteve em uma das apresenta\u00e7\u00f5es\u00a0 \u00a0 \u00a0 \u00a0Foto: Divulga\u00e7\u00e3o<\/span><\/strong><\/span><\/p><\/div>\n<p style=\"text-align: justify\"><span style=\"font-family: arial, helvetica, sans-serif\">O artista que quiser participar pode ir presencialmente ao Teatro Municipal do Rio Grande que fica localizado na Avenida Major Carlos Pinto, 312, ligar atrav\u00e9s do telefone (53) 3233-4339 ou se cadastrar atrav\u00e9s de um formul\u00e1rio que pode ser encontrado na p\u00e1gina do Teatro no Facebook.<\/span><\/p>\n<p style=\"text-align: justify\"><span style=\"font-family: arial, helvetica, sans-serif\">Sobre a participa\u00e7\u00e3o da comunidade ela diz que a ades\u00e3o ao p\u00fablico tem sido satisfat\u00f3ria. \u00c9 uma modalidade nova de se realizar espet\u00e1culos e que est\u00e1 conquistando o p\u00fablico na medida em que o projeto vai se desenvolvendo. Os artistas locais t\u00eam aderido ao projeto e as agendas de junho, julho e parte de agosto j\u00e1 est\u00e3o preenchidas. Segundo os artistas que se apresentam, \u00e9 uma maneira de viabilizarem seus espet\u00e1culos, receberem por seu trabalho e tamb\u00e9m divulgarem suas cria\u00e7\u00f5es pelas <em>lives<\/em> e redes sociais.<\/span><\/p>\n<p style=\"text-align: justify\"><span style=\"font-family: arial, helvetica, sans-serif\">Perguntada sobre a continuidade do projeto, a diretora enfatiza que \u00e9 inten\u00e7\u00e3o da Secretaria do Munic\u00edpio da Cultura e da dire\u00e7\u00e3o do Teatro Municipal \u00e9 dar seguimento a este projeto, pois o Teatro \u00e9 um dos espa\u00e7os culturais que devem ser prestigiados por quem aprecia cultura na cidade do Rio Grande. Esta programa\u00e7\u00e3o de espet\u00e1culos on-line \u00e9 uma forma de oferecer entretenimento e cultura ao p\u00fablico nestes tempos dif\u00edceis da pandemia.<\/span><\/p>\n<p style=\"text-align: justify\"><a href=\"http:\/\/wp.ufpel.edu.br\/artenosul\"><span style=\"color: #0000ff\"><strong><span style=\"font-family: arial, helvetica, sans-serif\">PRIMEIRA P\u00c1GINA<\/span><\/strong><\/span><\/a><\/p>\n<p style=\"text-align: justify\"><span style=\"color: #0000ff\"><strong><span style=\"font-family: arial, helvetica, sans-serif\">COMENT\u00c1RIOS<\/span><\/strong><\/span><\/p>\n<div data-test='contact-form'\n\t\t\tid='contact-form-9589'\n\t\t\tclass='wp-block-jetpack-contact-form-container '\n\t\t\tdata-wp-interactive='jetpack\/form' data-wp-context='{\"formId\":\"9589\",\"formHash\":\"8afd2b602ddabeb5486bf40198bcb6f982a61ae7\",\"showErrors\":false,\"errors\":[],\"fields\":[],\"isMultiStep\":false,\"useAjax\":true,\"submissionData\":null,\"formattedSubmissionData\":[],\"submissionSuccess\":false,\"submissionError\":null,\"elementId\":\"jp-form-8afd2b602ddabeb5486bf40198bcb6f982a61ae7\",\"isSingleInputForm\":false}'\n\t\t\tdata-wp-watch--scroll-to-wrapper=\"callbacks.scrollToWrapper\"\n\t\t>\n<div class=\"contact-form-submission contact-form-ajax-submission\" data-wp-class--submission-success=\"context.submissionSuccess\"><p class=\"go-back-message\"><a class=\"link\" role=\"button\" tabindex=\"0\" data-wp-on--click=\"actions.goBack\" href=\"\/artenosul\/wp-json\/wp\/v2\/posts\/9589\">Voltar<\/a><\/p><h4 id=\"contact-form-success-header\">Sua mensagem foi enviada<\/h4>\n\n<template data-wp-each--submission=\"context.formattedSubmissionData\">\n\t\t\t\t\t<div class=\"jetpack_forms_contact-form-success-summary\">\n\t\t\t\t\t\t<div class=\"field-name\" data-wp-text=\"context.submission.label\" data-wp-bind--hidden=\"!context.submission.label\"><\/div>\n\t\t\t\t\t\t<div class=\"field-value\" data-wp-text=\"context.submission.value\"><\/div>\n\t\t\t\t\t\t<div class=\"field-images\" data-wp-bind--hidden=\"!context.submission.images\">\n\t\t\t\t\t\t\t<template data-wp-each--image=\"context.submission.images\">\n\t\t\t\t\t\t\t\t<figure class=\"field-image\" data-wp-class--is-empty=\"!context.image\">\n\t\t\t\t\t\t\t\t\t<img data-wp-bind--src=\"context.image\" data-wp-bind--hidden=\"!context.image\" \/>\n\t\t\t\t\t\t\t\t\t<img decoding=\"async\" src=\"data:image\/gif;base64,R0lGODlhAQABAAD\/ACwAAAAAAQABAAACADs=\" data-wp-bind--hidden=\"context.image\" \/>\n\t\t\t\t\t\t\t\t<\/figure>\n\t\t\t\t\t\t\t<\/template>\n\t\t\t\t\t\t<\/div>\n\t\t\t\t\t<\/div>\n\t\t\t\t<\/template><\/div><form action='https:\/\/wp.ufpel.edu.br\/artenosul\/2021\/06\/17\/projeto-teatromunicipalagora\/'\n\t\t\t\tid='jp-form-8afd2b602ddabeb5486bf40198bcb6f982a61ae7'\n\t\t\t\tmethod='post'\n\t\t\t\tclass='contact-form commentsblock' aria-label=\"Projeto #TeatroMunicipalAgora\"\n\t\t\t\tdata-wp-on--submit=\"actions.onFormSubmit\"\n\t\t\t\tdata-wp-on--reset=\"actions.onFormReset\"\n\t\t\t\tdata-wp-class--submission-success=\"context.submissionSuccess\"\n\t\t\t\tdata-wp-class--is-first-step=\"state.isFirstStep\"\n\t\t\t\tdata-wp-class--is-last-step=\"state.isLastStep\"\n\t\t\t\tdata-wp-class--is-ajax-form=\"context.useAjax\"\n\t\t\t\tnovalidate >\n<input type='hidden' name='jetpack_contact_form_jwt' value='eyJ0eXAiOiJKV1QiLCJhbGciOiJIUzI1NiJ9.eyJlbmNyeXB0ZWRfYXR0cmlidXRlcyI6IjZQbUgwK3NVOWphTlpsZGhhU3EyaG5EM0Vwdmh2alZRb3ZRUlE0ZERaeXUxYXRsSGNBU1owSDFnNk5EaDJJUzQ0ZGFWVVh2Ty9sNEVzbGdPT2haRVZ6L1dtamZmbXRnd0MrbzAyaEFYR1FEeW9JdzhjelhENHNMZDZjOVRyMVl3a2ZEU3dHMEZUZ25FUnpIaEwzUW42Kytlb3JOZU00alBGbTk0dmJIdHFLK2hmZWduNVV1eUpXWnQ0eWs2QVZ2b0dhTmZqQXJoT3Aza1FLV0J1Ti9qaXpsOVJPcUkzQ1pjUkRHVENCTGhpbmhvbXMvakprYkxkRERGU1o4cjdRVkVVU0VsM2Q1SVVKODZac3ROZ2hJRjdMMFBoWTdhRy9rZlI3OWVjaGNscVFUMndoZE44a2JRTW9nVW9ub3ZPNWZ1WTBEVXVmOG5DZFFGTjhsd1VNcTFvaFNFZVFlQkN2eUF4Z3ljV0x3cnlzSS82N2UyYk5KdyswU3pHRm81Z21mc29samRteUpqNmFldW5xcmhPSFREQWFnUWZvQ0VnMVRxZTljdnJLYm85S3pxS0NGSHVGbDg4YzJyT0NoVDBGWWxPVGlGUXBBSFg5N3lNYnpOL1U1UHRDTk1QVzJlYUJtU1VUbUtSWHpyNE5na3NDdWdhV29HN3VJS3BhS0x1bWR3NmtFemJIOGc5SC9CUW05c3c3N2JZcGg2UzRXa3c1VEJhWFlzMlorRG0xNTdpOHQwVlE5T1BxVGd3MmJMYmk5bGV1Qnd1S05sUWFtUkZCZWUrc3R1dDQzS1BkTldtZ0J1c3lVWk5jWk5FUmE1cDlLeWVCSFAyUEdEVVpwelZhYTg3UGFNb3p3c3p6Ujl2Q2Z6SU5sc01udDFuejBldFk1dTNsVTdUQnY3K0lrbC9kRjhhV3RrUUlBeTlTay8vc3ZWRnNSeSt4bjJMSVFYWmNFcHR4YnlIdnhBUzUxQmFwczQ3VUdPZTlNOXRTeHdzUU81MEhxUmJVTmlBSHFjYXhoWnc5cURWTkl2d1pYb29TUHlOejV5K2NpR2hLQWVCK1h0ZUtaNU92L2lNaVN3WnN4VnVzcnZvMXVxa0h4RmorUmNVMlB1Y3lGakcvUUJGejRONmhOazE3bTJ3eFZTd0hoaFR2L2EwMVVVZzZOV0hKUE83YlloS2JqK2hEcXR5c2NZSGtnV3ZkTT0iLCJjb250ZW50IjoiW2NvbnRhY3QtZmllbGQgbGFiZWw9XCJOb21lXCIgdHlwZT1cIm5hbWVcIl1bY29udGFjdC1maWVsZCBsYWJlbD1cIkUtbWFpbFwiIHR5cGU9XCJlbWFpbFwiXVtjb250YWN0LWZpZWxkIGxhYmVsPVwiTWVuc2FnZW1cIiB0eXBlPVwidGV4dGFyZWFcIl0iLCJoYXNoIjoiOGFmZDJiNjAyZGRhYmViNTQ4NmJmNDAxOThiY2I2Zjk4MmE2MWFlNyIsInNvdXJjZSI6eyJlbnRyeV90aXRsZSI6IlByb2pldG8gI1RlYXRyb011bmljaXBhbEFnb3JhIiwiZW50cnlfcGFnZSI6MSwic291cmNlX2lkIjo5NTg5LCJzb3VyY2VfdHlwZSI6InNpbmdsZSIsInJlcXVlc3RfdXJsIjoiaHR0cHM6Ly93cC51ZnBlbC5lZHUuYnIvYXJ0ZW5vc3VsL3dwLWpzb24vd3AvdjIvcG9zdHMvOTU4OSJ9LCJ2ZXJzaW9uIjoyLCJjaXBoZXIiOiJhZXMtMjU2LWdjbSJ9.RjTVBtlGhhOdyrA05KDQOmemkurlzCxbK756XwZuIf0' \/>\n\n<div style=\"\"  data-wp-interactive=\"jetpack\/form\" data-wp-context='{\"fieldId\":\"g9589-nome\",\"fieldType\":\"name\",\"fieldLabel\":\"Nome\",\"fieldValue\":\"\",\"fieldPlaceholder\":\"\",\"fieldIsRequired\":\"\",\"fieldErrorMessage\":\"\",\"fieldExtra\":[],\"formHash\":\"8afd2b602ddabeb5486bf40198bcb6f982a61ae7\"}'  class='grunion-field-name-wrap grunion-field-wrap'  data-wp-init='callbacks.initializeField' data-wp-on--jetpack-form-reset='callbacks.initializeField' >\n<label\n\t\t\t\tfor='g9589-nome' class=\"grunion-field-label name\" >Nome<\/label>\n<input\n\t\t\t\t\ttype='text'\n\t\t\t\t\tname='g9589-nome'\n\t\t\t\t\tid='g9589-nome'\n\t\t\t\t\tvalue=''\n\n\t\t\t\t\tdata-wp-bind--aria-invalid='state.fieldHasErrors'\n\t\t\t\t\tdata-wp-bind--value='state.getFieldValue'\n\t\t\t\t\taria-errormessage='g9589-nome-text-error-message'\n\t\t\t\t\tdata-wp-on--input='actions.onFieldChange'\n\t\t\t\t\tdata-wp-on--blur='actions.onFieldBlur'\n\t\t\t\t\tdata-wp-class--has-value='state.hasFieldValue'\n\n\t\t\t\t\tclass='name  grunion-field' \n\t\t\t\t\t \/>\n \n\t\t\t<div id=\"g9589-nome-text-error\" class=\"contact-form__input-error\" data-wp-class--has-errors=\"state.fieldHasErrors\">\n\t\t\t\t<span class=\"contact-form__warning-icon\">\n\t\t\t\t\t<svg width=\"16\" height=\"16\" viewBox=\"0 0 16 16\" fill=\"none\" xmlns=\"http:\/\/www.w3.org\/2000\/svg\">\n\t\t\t\t\t\t<path d=\"M8.50015 11.6402H7.50015V10.6402H8.50015V11.6402Z\" \/>\n\t\t\t\t\t\t<path d=\"M7.50015 9.64018H8.50015V6.30684H7.50015V9.64018Z\" \/>\n\t\t\t\t\t\t<path fill-rule=\"evenodd\" clip-rule=\"evenodd\" d=\"M6.98331 3.0947C7.42933 2.30177 8.57096 2.30177 9.01698 3.09469L13.8771 11.7349C14.3145 12.5126 13.7525 13.4735 12.8602 13.4735H3.14004C2.24774 13.4735 1.68575 12.5126 2.12321 11.7349L6.98331 3.0947ZM8.14541 3.58496C8.08169 3.47168 7.9186 3.47168 7.85488 3.58496L2.99478 12.2251C2.93229 12.3362 3.01257 12.4735 3.14004 12.4735H12.8602C12.9877 12.4735 13.068 12.3362 13.0055 12.2251L8.14541 3.58496Z\" \/>\n\t\t\t\t\t<\/svg>\n\t\t\t\t\t<span class=\"visually-hidden\">Aviso<\/span>\n\t\t\t\t<\/span>\n\t\t\t\t<span data-wp-text=\"state.errorMessage\" id=\"g9589-nome-text-error-message\" role=\"alert\" aria-live=\"assertive\"><\/span>\n\t\t\t<\/div> \n\t<\/div>\n\n<div style=\"\"  data-wp-interactive=\"jetpack\/form\" data-wp-context='{\"fieldId\":\"g9589-email\",\"fieldType\":\"email\",\"fieldLabel\":\"E-mail\",\"fieldValue\":\"\",\"fieldPlaceholder\":\"\",\"fieldIsRequired\":\"\",\"fieldErrorMessage\":\"\",\"fieldExtra\":[],\"formHash\":\"8afd2b602ddabeb5486bf40198bcb6f982a61ae7\"}'  class='grunion-field-email-wrap grunion-field-wrap'  data-wp-init='callbacks.initializeField' data-wp-on--jetpack-form-reset='callbacks.initializeField' >\n<label\n\t\t\t\tfor='g9589-email' class=\"grunion-field-label email\" >E-mail<\/label>\n<input\n\t\t\t\t\ttype='email'\n\t\t\t\t\tname='g9589-email'\n\t\t\t\t\tid='g9589-email'\n\t\t\t\t\tvalue=''\n\n\t\t\t\t\tdata-wp-bind--aria-invalid='state.fieldHasErrors'\n\t\t\t\t\tdata-wp-bind--value='state.getFieldValue'\n\t\t\t\t\taria-errormessage='g9589-email-email-error-message'\n\t\t\t\t\tdata-wp-on--input='actions.onFieldChange'\n\t\t\t\t\tdata-wp-on--blur='actions.onFieldBlur'\n\t\t\t\t\tdata-wp-class--has-value='state.hasFieldValue'\n\n\t\t\t\t\tclass='email  grunion-field' \n\t\t\t\t\t \/>\n \n\t\t\t<div id=\"g9589-email-email-error\" class=\"contact-form__input-error\" data-wp-class--has-errors=\"state.fieldHasErrors\">\n\t\t\t\t<span class=\"contact-form__warning-icon\">\n\t\t\t\t\t<svg width=\"16\" height=\"16\" viewBox=\"0 0 16 16\" fill=\"none\" xmlns=\"http:\/\/www.w3.org\/2000\/svg\">\n\t\t\t\t\t\t<path d=\"M8.50015 11.6402H7.50015V10.6402H8.50015V11.6402Z\" \/>\n\t\t\t\t\t\t<path d=\"M7.50015 9.64018H8.50015V6.30684H7.50015V9.64018Z\" \/>\n\t\t\t\t\t\t<path fill-rule=\"evenodd\" clip-rule=\"evenodd\" d=\"M6.98331 3.0947C7.42933 2.30177 8.57096 2.30177 9.01698 3.09469L13.8771 11.7349C14.3145 12.5126 13.7525 13.4735 12.8602 13.4735H3.14004C2.24774 13.4735 1.68575 12.5126 2.12321 11.7349L6.98331 3.0947ZM8.14541 3.58496C8.08169 3.47168 7.9186 3.47168 7.85488 3.58496L2.99478 12.2251C2.93229 12.3362 3.01257 12.4735 3.14004 12.4735H12.8602C12.9877 12.4735 13.068 12.3362 13.0055 12.2251L8.14541 3.58496Z\" \/>\n\t\t\t\t\t<\/svg>\n\t\t\t\t\t<span class=\"visually-hidden\">Aviso<\/span>\n\t\t\t\t<\/span>\n\t\t\t\t<span data-wp-text=\"state.errorMessage\" id=\"g9589-email-email-error-message\" role=\"alert\" aria-live=\"assertive\"><\/span>\n\t\t\t<\/div> \n\t<\/div>\n\n<div style=\"\"  data-wp-interactive=\"jetpack\/form\" data-wp-context='{\"fieldId\":\"g9589-mensagem\",\"fieldType\":\"textarea\",\"fieldLabel\":\"Mensagem\",\"fieldValue\":\"\",\"fieldPlaceholder\":\"\",\"fieldIsRequired\":\"\",\"fieldErrorMessage\":\"\",\"fieldExtra\":[],\"formHash\":\"8afd2b602ddabeb5486bf40198bcb6f982a61ae7\"}'  class='grunion-field-textarea-wrap grunion-field-wrap'  data-wp-init='callbacks.initializeField' data-wp-on--jetpack-form-reset='callbacks.initializeField' >\n<label\n\t\t\t\tfor='contact-form-comment-g9589-mensagem' class=\"grunion-field-label textarea\" >Mensagem<\/label>\n<textarea\n\t\t                style=''\n\t\t                name='g9589-mensagem'\n\t\t                id='contact-form-comment-g9589-mensagem'\n\t\t                rows='20'\n\t\t\t\t\t\tdata-wp-text='state.getFieldValue'\n\t\t\t\t\t\tdata-wp-on--input='actions.onFieldChange'\n\t\t\t\t\t\tdata-wp-on--blur='actions.onFieldBlur'\n\t\t\t\t\t\tdata-wp-class--has-value='state.hasFieldValue'\n\t\t\t\t\t\tdata-wp-bind--aria-invalid='state.fieldHasErrors'\n\t\t\t\t\t\taria-errormessage='g9589-mensagem-textarea-error-message'\n\t\t\t\t\t\tclass='textarea  grunion-field'  ><\/textarea>\n \n\t\t\t<div id=\"g9589-mensagem-textarea-error\" class=\"contact-form__input-error\" data-wp-class--has-errors=\"state.fieldHasErrors\">\n\t\t\t\t<span class=\"contact-form__warning-icon\">\n\t\t\t\t\t<svg width=\"16\" height=\"16\" viewBox=\"0 0 16 16\" fill=\"none\" xmlns=\"http:\/\/www.w3.org\/2000\/svg\">\n\t\t\t\t\t\t<path d=\"M8.50015 11.6402H7.50015V10.6402H8.50015V11.6402Z\" \/>\n\t\t\t\t\t\t<path d=\"M7.50015 9.64018H8.50015V6.30684H7.50015V9.64018Z\" \/>\n\t\t\t\t\t\t<path fill-rule=\"evenodd\" clip-rule=\"evenodd\" d=\"M6.98331 3.0947C7.42933 2.30177 8.57096 2.30177 9.01698 3.09469L13.8771 11.7349C14.3145 12.5126 13.7525 13.4735 12.8602 13.4735H3.14004C2.24774 13.4735 1.68575 12.5126 2.12321 11.7349L6.98331 3.0947ZM8.14541 3.58496C8.08169 3.47168 7.9186 3.47168 7.85488 3.58496L2.99478 12.2251C2.93229 12.3362 3.01257 12.4735 3.14004 12.4735H12.8602C12.9877 12.4735 13.068 12.3362 13.0055 12.2251L8.14541 3.58496Z\" \/>\n\t\t\t\t\t<\/svg>\n\t\t\t\t\t<span class=\"visually-hidden\">Aviso<\/span>\n\t\t\t\t<\/span>\n\t\t\t\t<span data-wp-text=\"state.errorMessage\" id=\"g9589-mensagem-textarea-error-message\" role=\"alert\" aria-live=\"assertive\"><\/span>\n\t\t\t<\/div>\n\t<\/div>\n\t<p class='contact-submit'>\n<div class=\"contact-form__error\" data-wp-class--show-errors=\"state.showFormErrors\"><span class=\"contact-form__warning-icon\"><span class=\"visually-hidden\">Aten\u00e7\u00e3o.<\/span><i aria-hidden=\"true\"><\/i><\/span>\n\t\t\t\t<span data-wp-text=\"state.getFormErrorMessage\"><\/span>\n\t\t\t\t<ul>\n\t\t\t\t<template data-wp-each=\"state.getErrorList\" data-wp-key=\"context.item.id\">\n\t\t\t\t\t<li><a data-wp-bind--href=\"context.item.anchor\" data-wp-on--click=\"actions.scrollIntoView\" data-wp-text=\"context.item.label\"><\/a><\/li>\n\t\t\t\t<\/template>\n\t\t\t\t<\/ul><\/div><div class=\"contact-form__error\" data-wp-class--show-errors=\"state.showSubmissionError\" data-wp-text=\"context.submissionError\"><\/div>\t\t<button type='submit' class='pushbutton-wide'>Enviar<\/button>\t\t<input type='hidden' name='contact-form-id' value='9589' \/>\n\t\t<input type='hidden' name='action' value='grunion-contact-form' \/>\n\t\t<input type='hidden' name='contact-form-hash' value='8afd2b602ddabeb5486bf40198bcb6f982a61ae7' \/>\n\t<\/p>\n<p style=\"display: none !important;\" class=\"akismet-fields-container\" data-prefix=\"ak_\"><label>&#916;<textarea name=\"ak_hp_textarea\" cols=\"45\" rows=\"8\" maxlength=\"100\"><\/textarea><\/label><input type=\"hidden\" id=\"ak_js_1\" name=\"ak_js\" value=\"209\"\/><script>document.getElementById( \"ak_js_1\" ).setAttribute( \"value\", ( new Date() ).getTime() );<\/script><\/p><\/form>\n<\/div>\n","protected":false},"excerpt":{"rendered":"<p>Por Thiago Lehn\u00a0 \u00a0 \u00a0 Munic\u00edpio de Rio Grande promove apresenta\u00e7\u00f5es on-line na sua sala de espet\u00e1culos Durante a pandemia, o Teatro Municipal do Rio Grande est\u00e1 realizando o projeto #TeatroMunicipalAgora, que est\u00e1 chamando a aten\u00e7\u00e3o da popula\u00e7\u00e3o da regi\u00e3o e sendo de suma import\u00e2ncia para fomentar a cena cultural muito presente na cidade. A &hellip; <\/p>\n<p><a class=\"more-link btn\" href=\"https:\/\/wp.ufpel.edu.br\/artenosul\/2021\/06\/17\/projeto-teatromunicipalagora\/\">Continue lendo<\/a><\/p>\n","protected":false},"author":571,"featured_media":9591,"comment_status":"closed","ping_status":"closed","sticky":false,"template":"","format":"standard","meta":{"jetpack_post_was_ever_published":false,"_jetpack_newsletter_access":"","_jetpack_dont_email_post_to_subs":false,"_jetpack_newsletter_tier_id":0,"_jetpack_memberships_contains_paywalled_content":false,"_jetpack_memberships_contains_paid_content":false,"footnotes":"","jetpack_publicize_message":"","jetpack_publicize_feature_enabled":true,"jetpack_social_post_already_shared":true,"jetpack_social_options":{"image_generator_settings":{"template":"highway","default_image_id":0,"font":"","enabled":false},"version":2}},"categories":[88,1],"tags":[1143,1124],"class_list":["post-9589","post","type-post","status-publish","format-standard","has-post-thumbnail","hentry","category-comunidade","category-noticias","tag-teatromunicipalagora","tag-thiago-lehn","nodate","item-wrap"],"jetpack_publicize_connections":[],"jetpack_featured_media_url":"https:\/\/wp.ufpel.edu.br\/artenosul\/files\/2021\/06\/Garotos-da-rua-teatro-municipal.jpg","jetpack_sharing_enabled":true,"jetpack_likes_enabled":true,"jetpack_shortlink":"https:\/\/wp.me\/p6PuxQ-2uF","jetpack-related-posts":[{"id":10579,"url":"https:\/\/wp.ufpel.edu.br\/artenosul\/2022\/04\/19\/peca-medeaimaterial-no-proximo-sabado-em-rio-grande\/","url_meta":{"origin":9589,"position":0},"title":"Pe\u00e7a \u201cMedea(i)material\u201d no pr\u00f3ximo s\u00e1bado em Rio Grande","author":"artenosul","date":"19 de abril de 2022","format":false,"excerpt":"Por Vitor Valente e Thiago Lehn\u00a0 \u00a0 \u00a0 \u00a0\u00a0 Apresenta\u00e7\u00e3o com vis\u00e3o moderna sobre mito da Antiga Gr\u00e9cia acontece no Teatro Municipal Os estudantes de Teatro da Universidade Federal de Pelotas (UFPel) Lucas Furtado e Brenda Castro promovem o espet\u00e1culo \u201cMedea(i)material\u201d no pr\u00f3ximo s\u00e1bado, 23 de abril, \u00e0s 20h. A\u2026","rel":"","context":"Em &quot;NOT\u00cdCIAS&quot;","block_context":{"text":"NOT\u00cdCIAS","link":"https:\/\/wp.ufpel.edu.br\/artenosul\/category\/noticias\/"},"img":{"alt_text":"","src":"https:\/\/i0.wp.com\/wp.ufpel.edu.br\/artenosul\/files\/2022\/04\/Foto-1-Eden-Cieglinskyb-scaled.jpg?resize=350%2C200&ssl=1","width":350,"height":200,"srcset":"https:\/\/i0.wp.com\/wp.ufpel.edu.br\/artenosul\/files\/2022\/04\/Foto-1-Eden-Cieglinskyb-scaled.jpg?resize=350%2C200&ssl=1 1x, https:\/\/i0.wp.com\/wp.ufpel.edu.br\/artenosul\/files\/2022\/04\/Foto-1-Eden-Cieglinskyb-scaled.jpg?resize=525%2C300&ssl=1 1.5x, https:\/\/i0.wp.com\/wp.ufpel.edu.br\/artenosul\/files\/2022\/04\/Foto-1-Eden-Cieglinskyb-scaled.jpg?resize=700%2C400&ssl=1 2x, https:\/\/i0.wp.com\/wp.ufpel.edu.br\/artenosul\/files\/2022\/04\/Foto-1-Eden-Cieglinskyb-scaled.jpg?resize=1050%2C600&ssl=1 3x, https:\/\/i0.wp.com\/wp.ufpel.edu.br\/artenosul\/files\/2022\/04\/Foto-1-Eden-Cieglinskyb-scaled.jpg?resize=1400%2C800&ssl=1 4x"},"classes":[]},{"id":163,"url":"https:\/\/wp.ufpel.edu.br\/artenosul\/2015\/10\/12\/o-teatro-chega-as-ruas-de-pelotas-semana-que-vem\/","url_meta":{"origin":9589,"position":1},"title":"O teatro chega \u00e0s ruas de Pelotas semana que vem","author":"artenosul","date":"12 de outubro de 2015","format":false,"excerpt":"Reportagem de Camila Mascarenhas -\u00a0 Teatrua, uma mistura de teatro e rua. Esse foi o nome escolhido para o primeiro festival de teatro de rua, que ir\u00e1 ocorrer na pr\u00f3xima semana, no Centro Hist\u00f3rico de Pelotas. O projeto foi criado pelos cineastas Francisco Maximila e Thiago Rodeguiero, com a inten\u00e7\u00e3o\u2026","rel":"","context":"Em &quot;NOT\u00cdCIAS&quot;","block_context":{"text":"NOT\u00cdCIAS","link":"https:\/\/wp.ufpel.edu.br\/artenosul\/category\/noticias\/"},"img":{"alt_text":"","src":"https:\/\/i0.wp.com\/wp.ufpel.edu.br\/artenosul\/files\/2015\/10\/2Olha-o-Santo-Fotografia-Andressa-Vasconcelos.jpg?resize=350%2C200&ssl=1","width":350,"height":200,"srcset":"https:\/\/i0.wp.com\/wp.ufpel.edu.br\/artenosul\/files\/2015\/10\/2Olha-o-Santo-Fotografia-Andressa-Vasconcelos.jpg?resize=350%2C200&ssl=1 1x, https:\/\/i0.wp.com\/wp.ufpel.edu.br\/artenosul\/files\/2015\/10\/2Olha-o-Santo-Fotografia-Andressa-Vasconcelos.jpg?resize=525%2C300&ssl=1 1.5x"},"classes":[]},{"id":9175,"url":"https:\/\/wp.ufpel.edu.br\/artenosul\/2021\/04\/20\/projeto-teatromunicipalagora-revitaliza-cultura-de-rio-grande\/","url_meta":{"origin":9589,"position":2},"title":"Projeto #TeatroMunicipalAgora movimenta cultura de Rio Grande","author":"artenosul","date":"20 de abril de 2021","format":false,"excerpt":"\u00a0Por Gabriel Teixeira de Barros \u00a0 Projeto da Secretaria da Cultura em parceria com o Teatro Municipal muda experi\u00eancia teatral com apresenta\u00e7\u00f5es virtuais O projeto #TeatroMunicipalAgora, concebido na colabora\u00e7\u00e3o entre a Secretaria da Cultura de Rio Grande, a diretoria do Teatro Municipal \u00a0e a empresa Vetorial Net, est\u00e1 definindo uma\u2026","rel":"","context":"Em &quot;COMUNIDADE&quot;","block_context":{"text":"COMUNIDADE","link":"https:\/\/wp.ufpel.edu.br\/artenosul\/category\/comunidade\/"},"img":{"alt_text":"","src":"https:\/\/i0.wp.com\/wp.ufpel.edu.br\/artenosul\/files\/2021\/04\/Imagem1-1.jpg?resize=350%2C200&ssl=1","width":350,"height":200,"srcset":"https:\/\/i0.wp.com\/wp.ufpel.edu.br\/artenosul\/files\/2021\/04\/Imagem1-1.jpg?resize=350%2C200&ssl=1 1x, https:\/\/i0.wp.com\/wp.ufpel.edu.br\/artenosul\/files\/2021\/04\/Imagem1-1.jpg?resize=525%2C300&ssl=1 1.5x"},"classes":[]},{"id":9098,"url":"https:\/\/wp.ufpel.edu.br\/artenosul\/2021\/04\/15\/festival-levante-divulga-cinema-independente\/","url_meta":{"origin":9589,"position":3},"title":"Festival Levante divulga cinema independente","author":"artenosul","date":"15 de abril de 2021","format":false,"excerpt":"Por Thiago Lehn Evento teve sua primeira edi\u00e7\u00e3o em mar\u00e7o nas plataformas digitais O Festival Levante foi produzido e dirigido pelos alunos dos cursos universit\u00e1rios de Cinema de Pelotas, Jo\u00e3o Fernando Chagas e Rubens Fabricio Anzolin, atrav\u00e9s da lei Aldir Blanc, com o intuito de trazer ao p\u00fablico filmes ainda\u2026","rel":"","context":"Em &quot;CINEMA&quot;","block_context":{"text":"CINEMA","link":"https:\/\/wp.ufpel.edu.br\/artenosul\/category\/cinema\/"},"img":{"alt_text":"","src":"https:\/\/i0.wp.com\/wp.ufpel.edu.br\/artenosul\/files\/2021\/04\/Foto-2-1B.png?resize=350%2C200&ssl=1","width":350,"height":200,"srcset":"https:\/\/i0.wp.com\/wp.ufpel.edu.br\/artenosul\/files\/2021\/04\/Foto-2-1B.png?resize=350%2C200&ssl=1 1x, https:\/\/i0.wp.com\/wp.ufpel.edu.br\/artenosul\/files\/2021\/04\/Foto-2-1B.png?resize=525%2C300&ssl=1 1.5x"},"classes":[]},{"id":9121,"url":"https:\/\/wp.ufpel.edu.br\/artenosul\/2021\/04\/16\/bastidores-do-festival-levante\/","url_meta":{"origin":9589,"position":4},"title":"Bastidores do Festival Levante","author":"artenosul","date":"16 de abril de 2021","format":false,"excerpt":"Por Thiago Lehn Em entrevista, organizadores contam como foi processo de realiza\u00e7\u00e3o do evento Os estudantes Jo\u00e3o Fernando Chagas e Rubens Fabricio Anzolin viram na sua faculdade de Cinema, na cidade de Pelotas e na pandemia a oportunidade de criar o Festival Levante. O evento on-line no Youtube trouxe a\u2026","rel":"","context":"Em &quot;CINEMA&quot;","block_context":{"text":"CINEMA","link":"https:\/\/wp.ufpel.edu.br\/artenosul\/category\/cinema\/"},"img":{"alt_text":"","src":"https:\/\/i0.wp.com\/wp.ufpel.edu.br\/artenosul\/files\/2021\/04\/Foto-3b.png?resize=350%2C200&ssl=1","width":350,"height":200,"srcset":"https:\/\/i0.wp.com\/wp.ufpel.edu.br\/artenosul\/files\/2021\/04\/Foto-3b.png?resize=350%2C200&ssl=1 1x, https:\/\/i0.wp.com\/wp.ufpel.edu.br\/artenosul\/files\/2021\/04\/Foto-3b.png?resize=525%2C300&ssl=1 1.5x, https:\/\/i0.wp.com\/wp.ufpel.edu.br\/artenosul\/files\/2021\/04\/Foto-3b.png?resize=700%2C400&ssl=1 2x"},"classes":[]},{"id":12666,"url":"https:\/\/wp.ufpel.edu.br\/artenosul\/2022\/09\/25\/album-figurinhas-do-rio-grande-tem-segunda-edicao\/","url_meta":{"origin":9589,"position":5},"title":"\u00c1lbum \u201cFigurinhas do Rio Grande\u201d tem segunda tiragem","author":"artenosul","date":"25 de setembro de 2022","format":false,"excerpt":"Prefeitura lan\u00e7ou projeto em escolas municipais e sucesso levou \u00e0 nova impress\u00e3o vendida para o p\u00fablico em geral\u00a0\u00a0\u00a0\u00a0 Por Guilherme Raj\u00e3o\u00a0\u00a0 O projeto \u201cFigurinhas do Rio Grande\u201d lan\u00e7ou a ideia de um \u00e1lbum de fotografias com imagens da cidade. Foi primeiro direcionado aos estudantes das escolas municipais. A boa receptividade\u2026","rel":"","context":"Em &quot;COMUNIDADE&quot;","block_context":{"text":"COMUNIDADE","link":"https:\/\/wp.ufpel.edu.br\/artenosul\/category\/comunidade\/"},"img":{"alt_text":"","src":"https:\/\/i0.wp.com\/wp.ufpel.edu.br\/artenosul\/files\/2022\/09\/WhatsApp-Image-2022-09-12-at-17.15.19b.jpeg?resize=350%2C200&ssl=1","width":350,"height":200,"srcset":"https:\/\/i0.wp.com\/wp.ufpel.edu.br\/artenosul\/files\/2022\/09\/WhatsApp-Image-2022-09-12-at-17.15.19b.jpeg?resize=350%2C200&ssl=1 1x, https:\/\/i0.wp.com\/wp.ufpel.edu.br\/artenosul\/files\/2022\/09\/WhatsApp-Image-2022-09-12-at-17.15.19b.jpeg?resize=525%2C300&ssl=1 1.5x, https:\/\/i0.wp.com\/wp.ufpel.edu.br\/artenosul\/files\/2022\/09\/WhatsApp-Image-2022-09-12-at-17.15.19b.jpeg?resize=700%2C400&ssl=1 2x, https:\/\/i0.wp.com\/wp.ufpel.edu.br\/artenosul\/files\/2022\/09\/WhatsApp-Image-2022-09-12-at-17.15.19b.jpeg?resize=1050%2C600&ssl=1 3x"},"classes":[]}],"_links":{"self":[{"href":"https:\/\/wp.ufpel.edu.br\/artenosul\/wp-json\/wp\/v2\/posts\/9589","targetHints":{"allow":["GET"]}}],"collection":[{"href":"https:\/\/wp.ufpel.edu.br\/artenosul\/wp-json\/wp\/v2\/posts"}],"about":[{"href":"https:\/\/wp.ufpel.edu.br\/artenosul\/wp-json\/wp\/v2\/types\/post"}],"author":[{"embeddable":true,"href":"https:\/\/wp.ufpel.edu.br\/artenosul\/wp-json\/wp\/v2\/users\/571"}],"replies":[{"embeddable":true,"href":"https:\/\/wp.ufpel.edu.br\/artenosul\/wp-json\/wp\/v2\/comments?post=9589"}],"version-history":[{"count":3,"href":"https:\/\/wp.ufpel.edu.br\/artenosul\/wp-json\/wp\/v2\/posts\/9589\/revisions"}],"predecessor-version":[{"id":9594,"href":"https:\/\/wp.ufpel.edu.br\/artenosul\/wp-json\/wp\/v2\/posts\/9589\/revisions\/9594"}],"wp:featuredmedia":[{"embeddable":true,"href":"https:\/\/wp.ufpel.edu.br\/artenosul\/wp-json\/wp\/v2\/media\/9591"}],"wp:attachment":[{"href":"https:\/\/wp.ufpel.edu.br\/artenosul\/wp-json\/wp\/v2\/media?parent=9589"}],"wp:term":[{"taxonomy":"category","embeddable":true,"href":"https:\/\/wp.ufpel.edu.br\/artenosul\/wp-json\/wp\/v2\/categories?post=9589"},{"taxonomy":"post_tag","embeddable":true,"href":"https:\/\/wp.ufpel.edu.br\/artenosul\/wp-json\/wp\/v2\/tags?post=9589"}],"curies":[{"name":"wp","href":"https:\/\/api.w.org\/{rel}","templated":true}]}}