{"id":9293,"date":"2021-04-28T19:02:13","date_gmt":"2021-04-28T22:02:13","guid":{"rendered":"https:\/\/wp.ufpel.edu.br\/artenosul\/?p=9293"},"modified":"2021-04-30T18:50:31","modified_gmt":"2021-04-30T21:50:31","slug":"instituicao-interage-com-publico-nas-redes-sociais","status":"publish","type":"post","link":"https:\/\/wp.ufpel.edu.br\/artenosul\/2021\/04\/28\/instituicao-interage-com-publico-nas-redes-sociais\/","title":{"rendered":"Institui\u00e7\u00e3o interage com p\u00fablico nas redes sociais"},"content":{"rendered":"<p>&nbsp;<\/p>\n<p style=\"text-align: right\"><span style=\"color: #003366\"><strong><span style=\"font-family: arial, helvetica, sans-serif\">Por Augusto Cabral\u00a0 \u00a0<\/span><\/strong><\/span><\/p>\n<p style=\"text-align: center\"><em><span style=\"color: #003366\"><strong><span style=\"font-family: arial, helvetica, sans-serif\">Museu de Arte Leopoldo Gotuzzo: as dificuldades e readapta\u00e7\u00f5es durante a pandemia<\/span><\/strong><\/span><\/em><\/p>\n<p style=\"text-align: justify\"><span style=\"font-family: arial, helvetica, sans-serif\">Desde mar\u00e7o de 2020, foram in\u00fameras as \u00e1reas afetadas pela pandemia do coronav\u00edrus. Com o aumento dos casos da doen\u00e7a, o isolamento social e os cuidados para n\u00e3o contrair o v\u00edrus se tornaram cada vez mais presentes na rotina das pessoas. Entre os diversos segmentos atingidos, est\u00e1 o Museu de Arte Leopoldo Gotuzzo (MALG), localizado na cidade de Pelotas. Entre as inova\u00e7\u00f5es motivadas pela necessidade de distanciamento est\u00e1 a intera\u00e7\u00e3o da institui\u00e7\u00e3o com o p\u00fablico atrav\u00e9s das redes sociais.<\/span><\/p>\n<p style=\"text-align: justify\"><span style=\"font-family: arial, helvetica, sans-serif\">O MALG foi inaugurado em 1986 e est\u00e1 ligado ao Centro de Artes da Universidade Federal de Pelotas (UFPel). Sua miss\u00e3o est\u00e1 relacionada \u00e0 conserva\u00e7\u00e3o e divulga\u00e7\u00e3o de obras feitas pelo pintor pelotense Leopoldo Gotuzzo (1887-1983), entre outras atividades. Este artista produziu trabalhos representativos da cultura pict\u00f3rica refinada do seu tempo, ao longo de sua vida, tratando de temas como flores, nus, paisagens e retratos.\u00a0<\/span><\/p>\n<p style=\"text-align: justify\"><span style=\"font-family: arial, helvetica, sans-serif\">O acervo possui mais de 3000 obras divididas em sete cole\u00e7\u00f5es: &#8220;Leopoldo Gotuzzo&#8221;, &#8220;Ex-alunos da Escola de Belas Artes&#8221;, &#8220;Dr. Jo\u00e3o Gomes de Mello&#8221;, &#8220;Faustino Tr\u00e1paga&#8221;, &#8220;L. C. Vinholes&#8221;, &#8220;S\u00e9culo XX&#8221; e &#8220;S\u00e9culo XXI&#8221;. O MALG tamb\u00e9m possui a responsabilidade de desenvolver projetos educativos que ampliem o acesso da popula\u00e7\u00e3o brasileira aos bens art\u00edsticos e culturais produzidos no passado e na atualidade.\u00a0<\/span><\/p>\n<div id=\"attachment_9295\" style=\"width: 397px\" class=\"wp-caption aligncenter\"><img loading=\"lazy\" decoding=\"async\" aria-describedby=\"caption-attachment-9295\" class=\"size-full wp-image-9295\" src=\"https:\/\/wp.ufpel.edu.br\/artenosul\/files\/2021\/04\/Imagem1-5.jpg\" alt=\"\" width=\"397\" height=\"276\" srcset=\"https:\/\/wp.ufpel.edu.br\/artenosul\/files\/2021\/04\/Imagem1-5.jpg 397w, https:\/\/wp.ufpel.edu.br\/artenosul\/files\/2021\/04\/Imagem1-5-300x209.jpg 300w\" sizes=\"auto, (max-width: 397px) 100vw, 397px\" \/><p id=\"caption-attachment-9295\" class=\"wp-caption-text\"><span style=\"color: #0000ff\"><strong><span style=\"font-family: arial, helvetica, sans-serif\"><span style=\"color: #0000ff\">Fachada do MALG em frente ao Mercado Central de<\/span> <span style=\"color: #0000ff\">Pelotas<\/span><\/span><\/strong><\/span><\/p><\/div>\n<p style=\"text-align: justify\"><span style=\"font-family: arial, helvetica, sans-serif\">Assim como diversos locais que movimentam a cultura pelotense e que tiveram que fechar as portas durante a pandemia, como teatros, casas de shows e cinemas, o museu tamb\u00e9m enfrentou dificuldades no per\u00edodo de isolamento social. Segundo o diretor do MALG, Lauer dos Santos, o museu j\u00e1 tinha uma programa\u00e7\u00e3o prevista para todo o ano de 2020 com exposi\u00e7\u00f5es marcadas, mas teve que fechar as portas em mar\u00e7o do ano passado. \u201cA primeira grande altera\u00e7\u00e3o que houve foi esse fechamento e n\u00e3o atendimento ao p\u00fablico, que causou uma s\u00e9rie de outras implica\u00e7\u00f5es\u201d, afirma.<\/span><\/p>\n<p style=\"text-align: justify\"><span style=\"font-family: arial, helvetica, sans-serif;color: #0000ff\"><strong>Inova\u00e7\u00f5es no \u00e2mbito tecnol\u00f3gico<\/strong><\/span><\/p>\n<p style=\"text-align: justify\"><span style=\"font-family: arial, helvetica, sans-serif\">Nos dias atuais, com a necessidade do distanciamento social, a tecnologia est\u00e1 ainda mais presente em todos os meios. No museu, pouco tempo antes da pandemia chegar ao Brasil foi criada uma intera\u00e7\u00e3o com o p\u00fablico atrav\u00e9s de uma rede social. Com o t\u00edtulo <a href=\"https:\/\/www.youtube.com\/watch?v=hlT4i1hGRwU\" target=\"_blank\" rel=\"noopener noreferrer\">\u201cO eu: entre o autorretrato e a selfie\u201d<\/a>, a exposi\u00e7\u00e3o tinha por objetivo gerar uma reflex\u00e3o sobre a selfie, uma esp\u00e9cie de sinal contundente da cria\u00e7\u00e3o de relatos, numa euforia coletiva que torna p\u00fablicos os atos da cotidianidade. A ideia era que os visitantes da exposi\u00e7\u00e3o tirassem uma foto no estilo \u201cselfie\u201d e fizessem uma postagem no Instagram com algumas hashtags que estavam na sala da exposi\u00e7\u00e3o, criando assim uma intera\u00e7\u00e3o virtual com o p\u00fablico. \u201cNum primeiro momento n\u00f3s demos sequ\u00eancia nessa atividade em outra plataforma. Antes os visitantes tiravam uma selfie dentro do museu, depois isso foi transformado em uma a\u00e7\u00e3o espec\u00edfica para o per\u00edodo de isolamento, quando as pessoas faziam uma foto para mostrar como estavam vivendo na pandemia\u201d, relata Lauer.\u00a0<\/span><\/p>\n<div id=\"attachment_9296\" style=\"width: 303px\" class=\"wp-caption aligncenter\"><img loading=\"lazy\" decoding=\"async\" aria-describedby=\"caption-attachment-9296\" class=\" wp-image-9296\" src=\"https:\/\/wp.ufpel.edu.br\/artenosul\/files\/2021\/04\/Imagem2-2.jpg\" alt=\"\" width=\"303\" height=\"456\" srcset=\"https:\/\/wp.ufpel.edu.br\/artenosul\/files\/2021\/04\/Imagem2-2.jpg 212w, https:\/\/wp.ufpel.edu.br\/artenosul\/files\/2021\/04\/Imagem2-2-199x300.jpg 199w\" sizes=\"auto, (max-width: 303px) 100vw, 303px\" \/><p id=\"caption-attachment-9296\" class=\"wp-caption-text\"><span style=\"font-family: arial, helvetica, sans-serif\"><span style=\"color: #0000ff\"><strong><span style=\"color: #0000ff\">Publica\u00e7\u00e3o no Instagram chamou a participar<\/span><\/strong><\/span><\/span><\/p><\/div>\n<p style=\"text-align: justify\"><span style=\"font-family: arial, helvetica, sans-serif\">Outro aspecto que preocupa a maioria dos segmentos afetados pela pandemia \u00e9 o tempo que a situa\u00e7\u00e3o ainda vai demorar para<\/span><span style=\"font-family: arial, helvetica, sans-serif\">\u00a0normalizar. Para a dire\u00e7\u00e3o, a expectativa era de retomar as atividades em agosto de 2021, o que j\u00e1 \u00e9 considerado dif\u00edcil tendo em vista a perman\u00eancia dos altos n\u00fameros da covid-19 no Pa\u00eds. Entretanto, o diretor do museu fala sobre a exist\u00eancia de outros projetos para seguir em frente nos tempos de pandemia. \u201cSempre tem um plano B, ent\u00e3o n\u00f3s j\u00e1 temos tr\u00eas a\u00e7\u00f5es que ser\u00e3o desenvolvidas em sistema virtual, chamadas de Malg Contempor\u00e2neo, Malg Cole\u00e7\u00f5es e Malg Educativo\u201d, confirma Lauer. \u00a0<\/span><\/p>\n<p>Visite a p\u00e1gina do MALG no <a href=\"https:\/\/www.facebook.com\/museuleopoldogotuzzo\/\" target=\"_blank\" rel=\"noopener noreferrer\">Facebook.<\/a><\/p>\n<p style=\"text-align: justify\"><a href=\"http:\/\/wp.ufpel.edu.br\/artenosul\"><span style=\"color: #0000ff\"><strong><span style=\"font-family: arial, helvetica, sans-serif\">PRIMEIRA P\u00c1GINA<\/span><\/strong><\/span><\/a><\/p>\n<p style=\"text-align: justify\"><span style=\"color: #0000ff\"><strong><span style=\"font-family: arial, helvetica, sans-serif\">COMENT\u00c1RIOS<\/span><\/strong><\/span><\/p>\n<div data-test='contact-form'\n\t\t\tid='contact-form-9293'\n\t\t\tclass='wp-block-jetpack-contact-form-container '\n\t\t\tdata-wp-interactive='jetpack\/form' data-wp-context='{\"formId\":\"9293\",\"formHash\":\"4d188bc63fd37e1e614208fcaf839ad57f7a391d\",\"showErrors\":false,\"errors\":[],\"fields\":[],\"isMultiStep\":false,\"useAjax\":true,\"submissionData\":null,\"formattedSubmissionData\":[],\"submissionSuccess\":false,\"submissionError\":null,\"elementId\":\"jp-form-4d188bc63fd37e1e614208fcaf839ad57f7a391d\",\"isSingleInputForm\":false}'\n\t\t\tdata-wp-watch--scroll-to-wrapper=\"callbacks.scrollToWrapper\"\n\t\t>\n<div class=\"contact-form-submission contact-form-ajax-submission\" data-wp-class--submission-success=\"context.submissionSuccess\"><p class=\"go-back-message\"><a class=\"link\" role=\"button\" tabindex=\"0\" data-wp-on--click=\"actions.goBack\" href=\"\/artenosul\/wp-json\/wp\/v2\/posts\/9293\">Voltar<\/a><\/p><h4 id=\"contact-form-success-header\">Sua mensagem foi enviada<\/h4>\n\n<template data-wp-each--submission=\"context.formattedSubmissionData\">\n\t\t\t\t\t<div class=\"jetpack_forms_contact-form-success-summary\">\n\t\t\t\t\t\t<div class=\"field-name\" data-wp-text=\"context.submission.label\" data-wp-bind--hidden=\"!context.submission.label\"><\/div>\n\t\t\t\t\t\t<div class=\"field-value\" data-wp-text=\"context.submission.value\"><\/div>\n\t\t\t\t\t\t<div class=\"field-images\" data-wp-bind--hidden=\"!context.submission.images\">\n\t\t\t\t\t\t\t<template data-wp-each--image=\"context.submission.images\">\n\t\t\t\t\t\t\t\t<figure class=\"field-image\" data-wp-class--is-empty=\"!context.image\">\n\t\t\t\t\t\t\t\t\t<img data-wp-bind--src=\"context.image\" data-wp-bind--hidden=\"!context.image\" \/>\n\t\t\t\t\t\t\t\t\t<img decoding=\"async\" src=\"data:image\/gif;base64,R0lGODlhAQABAAD\/ACwAAAAAAQABAAACADs=\" data-wp-bind--hidden=\"context.image\" \/>\n\t\t\t\t\t\t\t\t<\/figure>\n\t\t\t\t\t\t\t<\/template>\n\t\t\t\t\t\t<\/div>\n\t\t\t\t\t<\/div>\n\t\t\t\t<\/template><\/div><form action='https:\/\/wp.ufpel.edu.br\/artenosul\/2021\/04\/28\/instituicao-interage-com-publico-nas-redes-sociais\/'\n\t\t\t\tid='jp-form-4d188bc63fd37e1e614208fcaf839ad57f7a391d'\n\t\t\t\tmethod='post'\n\t\t\t\tclass='contact-form commentsblock' aria-label=\"Institui\u00e7\u00e3o interage com p\u00fablico nas redes sociais\"\n\t\t\t\tdata-wp-on--submit=\"actions.onFormSubmit\"\n\t\t\t\tdata-wp-on--reset=\"actions.onFormReset\"\n\t\t\t\tdata-wp-class--submission-success=\"context.submissionSuccess\"\n\t\t\t\tdata-wp-class--is-first-step=\"state.isFirstStep\"\n\t\t\t\tdata-wp-class--is-last-step=\"state.isLastStep\"\n\t\t\t\tdata-wp-class--is-ajax-form=\"context.useAjax\"\n\t\t\t\tnovalidate >\n<input type='hidden' name='jetpack_contact_form_jwt' value='eyJ0eXAiOiJKV1QiLCJhbGciOiJIUzI1NiJ9.eyJlbmNyeXB0ZWRfYXR0cmlidXRlcyI6InFVVlNEQ1Y1bzRkK2lGSmdneXdpZWVMYWVMVFNqeDVHZjFwTGhBREhpanFlU0ZkelR0TCtxU3hvdS9MeHBHR3dZbFdHRzNwY3VWSWJTdzRmME94TEpiUUtKSWRwZjY4eTYrVDVydGo5bXU3S09DSkcxYWc1WElOTDhCU1RWUUJVZlVSdFV5YWZKcUR1MEROQzIxNnY3ampCNFlKQU5VV2xNa3lMOVZYdUk4K1ZQZnV0UklaL2xKUjlRekgzdHF1bzIrNTB5dDBodVJnTHZtRFp4ZjVFZGRTOFhzTGw0V0hIcUl1UURsK0pXM01QcjVlcUlmSVlING5mQVVvcWgvZFRWWFVzdzc0YnhMSEM2Y1lGUkQzTVp6QTBOMTNadFFqQm9KdjNWY3BXb2tsMElJUzdYSTZONmhXUE9EZVpCRUYxV2Y0cGtqcXUzcXJheUx1NHg1MWxYVUxHRlBlNU9TN2lFVFY0TjhvbkxEYWJ4NHhGR01uZXVKNkZaYW1IeVlCdnlsekNabVRTYmcyeTU1aUZuMXhobUJUYThLVytmeHBuTWZIU2tpWlNGekpVU01BN05Da1h2M0V5RTkwVEtzYU9wZFJkVTZlc2RZMjZ3V2trYWFjNzdHS2E0OFlIRWpsNTdUZllseUtYUmFaRWN5bzJ3UmQ1UzZHZDdqV1FBdnpXQnNGaGl6V3JpWUhoL214TlUxdk54amlLTENXY1d2NlZobU5YTGRndGQzQmRkMGVJeG8vVnBhL3ZneWh1RVNZUUZ3ODhaL1lRWHFhRmhiZmNOWm5PMnZ2WmUwZFFVeWZwS291VHE2RWlkQUpoVE43b2xGcEpsUWVPUFBPMUo5eHVjaWI4OTIxdEQ1em9ETndhMk1JMjRGTVFxT2Uvb1ZFQTRZZFlaTXRQNzV2dzdDWVlGdDU2bldCcktqMkRRZjQyV1ZyNW4va2VCZEhOOHBFMy9yenUrMUcyRSthUHhscklBYU1xZ0NpT1k4WXZVajZFS1k3NlFoWVR6SXZxc2VYcm1hc0FlUEkvSGFVUXVOZXkvcUpQeFhtN1lXS1NuQVRBc3pERlRqYmtpeTVHa0VjenM5SGVYWTdCZnRUTzZwREZTTWVBVHB6N3VhR3gwRTFNZzczVCtVT3JwWVJQQmdmMGl1WE05WjhRUGZSWTllUzZkMTBSZ0RyZm1GL0FtU3hPWWg0T1U3MVNNbEJTT0ZXdWVxbDFqTzhxaVRDVDROQXlrMnRoaVUrcEtDWEhSdXJUeFhTNVl4az0iLCJjb250ZW50IjoiW2NvbnRhY3QtZmllbGQgbGFiZWw9XCJOb21lXCIgdHlwZT1cIm5hbWVcIl1bY29udGFjdC1maWVsZCBsYWJlbD1cIkUtbWFpbFwiIHR5cGU9XCJlbWFpbFwiXVtjb250YWN0LWZpZWxkIGxhYmVsPVwiTWVuc2FnZW1cIiB0eXBlPVwidGV4dGFyZWFcIl0iLCJoYXNoIjoiNGQxODhiYzYzZmQzN2UxZTYxNDIwOGZjYWY4MzlhZDU3ZjdhMzkxZCIsInNvdXJjZSI6eyJlbnRyeV90aXRsZSI6Ikluc3RpdHVpXHUwMGU3XHUwMGUzbyBpbnRlcmFnZSBjb20gcFx1MDBmYWJsaWNvIG5hcyByZWRlcyBzb2NpYWlzIiwiZW50cnlfcGFnZSI6MSwic291cmNlX2lkIjo5MjkzLCJzb3VyY2VfdHlwZSI6InNpbmdsZSIsInJlcXVlc3RfdXJsIjoiaHR0cHM6Ly93cC51ZnBlbC5lZHUuYnIvYXJ0ZW5vc3VsL3dwLWpzb24vd3AvdjIvcG9zdHMvOTI5MyJ9LCJ2ZXJzaW9uIjoyLCJjaXBoZXIiOiJhZXMtMjU2LWdjbSJ9.ls3RrcfyPOIz-0Q7wCdnQ1KBvFFawIr9tddAPHNOBA8' \/>\n\n<div style=\"\"  data-wp-interactive=\"jetpack\/form\" data-wp-context='{\"fieldId\":\"g9293-nome\",\"fieldType\":\"name\",\"fieldLabel\":\"Nome\",\"fieldValue\":\"\",\"fieldPlaceholder\":\"\",\"fieldIsRequired\":\"\",\"fieldErrorMessage\":\"\",\"fieldExtra\":[],\"formHash\":\"4d188bc63fd37e1e614208fcaf839ad57f7a391d\"}'  class='grunion-field-name-wrap grunion-field-wrap'  data-wp-init='callbacks.initializeField' data-wp-on--jetpack-form-reset='callbacks.initializeField' >\n<label\n\t\t\t\tfor='g9293-nome' class=\"grunion-field-label name\" >Nome<\/label>\n<input\n\t\t\t\t\ttype='text'\n\t\t\t\t\tname='g9293-nome'\n\t\t\t\t\tid='g9293-nome'\n\t\t\t\t\tvalue=''\n\n\t\t\t\t\tdata-wp-bind--aria-invalid='state.fieldHasErrors'\n\t\t\t\t\tdata-wp-bind--value='state.getFieldValue'\n\t\t\t\t\taria-errormessage='g9293-nome-text-error-message'\n\t\t\t\t\tdata-wp-on--input='actions.onFieldChange'\n\t\t\t\t\tdata-wp-on--blur='actions.onFieldBlur'\n\t\t\t\t\tdata-wp-class--has-value='state.hasFieldValue'\n\n\t\t\t\t\tclass='name  grunion-field' \n\t\t\t\t\t \/>\n \n\t\t\t<div id=\"g9293-nome-text-error\" class=\"contact-form__input-error\" data-wp-class--has-errors=\"state.fieldHasErrors\">\n\t\t\t\t<span class=\"contact-form__warning-icon\">\n\t\t\t\t\t<svg width=\"16\" height=\"16\" viewBox=\"0 0 16 16\" fill=\"none\" xmlns=\"http:\/\/www.w3.org\/2000\/svg\">\n\t\t\t\t\t\t<path d=\"M8.50015 11.6402H7.50015V10.6402H8.50015V11.6402Z\" \/>\n\t\t\t\t\t\t<path d=\"M7.50015 9.64018H8.50015V6.30684H7.50015V9.64018Z\" \/>\n\t\t\t\t\t\t<path fill-rule=\"evenodd\" clip-rule=\"evenodd\" d=\"M6.98331 3.0947C7.42933 2.30177 8.57096 2.30177 9.01698 3.09469L13.8771 11.7349C14.3145 12.5126 13.7525 13.4735 12.8602 13.4735H3.14004C2.24774 13.4735 1.68575 12.5126 2.12321 11.7349L6.98331 3.0947ZM8.14541 3.58496C8.08169 3.47168 7.9186 3.47168 7.85488 3.58496L2.99478 12.2251C2.93229 12.3362 3.01257 12.4735 3.14004 12.4735H12.8602C12.9877 12.4735 13.068 12.3362 13.0055 12.2251L8.14541 3.58496Z\" \/>\n\t\t\t\t\t<\/svg>\n\t\t\t\t\t<span class=\"visually-hidden\">Aviso<\/span>\n\t\t\t\t<\/span>\n\t\t\t\t<span data-wp-text=\"state.errorMessage\" id=\"g9293-nome-text-error-message\" role=\"alert\" aria-live=\"assertive\"><\/span>\n\t\t\t<\/div> \n\t<\/div>\n\n<div style=\"\"  data-wp-interactive=\"jetpack\/form\" data-wp-context='{\"fieldId\":\"g9293-email\",\"fieldType\":\"email\",\"fieldLabel\":\"E-mail\",\"fieldValue\":\"\",\"fieldPlaceholder\":\"\",\"fieldIsRequired\":\"\",\"fieldErrorMessage\":\"\",\"fieldExtra\":[],\"formHash\":\"4d188bc63fd37e1e614208fcaf839ad57f7a391d\"}'  class='grunion-field-email-wrap grunion-field-wrap'  data-wp-init='callbacks.initializeField' data-wp-on--jetpack-form-reset='callbacks.initializeField' >\n<label\n\t\t\t\tfor='g9293-email' class=\"grunion-field-label email\" >E-mail<\/label>\n<input\n\t\t\t\t\ttype='email'\n\t\t\t\t\tname='g9293-email'\n\t\t\t\t\tid='g9293-email'\n\t\t\t\t\tvalue=''\n\n\t\t\t\t\tdata-wp-bind--aria-invalid='state.fieldHasErrors'\n\t\t\t\t\tdata-wp-bind--value='state.getFieldValue'\n\t\t\t\t\taria-errormessage='g9293-email-email-error-message'\n\t\t\t\t\tdata-wp-on--input='actions.onFieldChange'\n\t\t\t\t\tdata-wp-on--blur='actions.onFieldBlur'\n\t\t\t\t\tdata-wp-class--has-value='state.hasFieldValue'\n\n\t\t\t\t\tclass='email  grunion-field' \n\t\t\t\t\t \/>\n \n\t\t\t<div id=\"g9293-email-email-error\" class=\"contact-form__input-error\" data-wp-class--has-errors=\"state.fieldHasErrors\">\n\t\t\t\t<span class=\"contact-form__warning-icon\">\n\t\t\t\t\t<svg width=\"16\" height=\"16\" viewBox=\"0 0 16 16\" fill=\"none\" xmlns=\"http:\/\/www.w3.org\/2000\/svg\">\n\t\t\t\t\t\t<path d=\"M8.50015 11.6402H7.50015V10.6402H8.50015V11.6402Z\" \/>\n\t\t\t\t\t\t<path d=\"M7.50015 9.64018H8.50015V6.30684H7.50015V9.64018Z\" \/>\n\t\t\t\t\t\t<path fill-rule=\"evenodd\" clip-rule=\"evenodd\" d=\"M6.98331 3.0947C7.42933 2.30177 8.57096 2.30177 9.01698 3.09469L13.8771 11.7349C14.3145 12.5126 13.7525 13.4735 12.8602 13.4735H3.14004C2.24774 13.4735 1.68575 12.5126 2.12321 11.7349L6.98331 3.0947ZM8.14541 3.58496C8.08169 3.47168 7.9186 3.47168 7.85488 3.58496L2.99478 12.2251C2.93229 12.3362 3.01257 12.4735 3.14004 12.4735H12.8602C12.9877 12.4735 13.068 12.3362 13.0055 12.2251L8.14541 3.58496Z\" \/>\n\t\t\t\t\t<\/svg>\n\t\t\t\t\t<span class=\"visually-hidden\">Aviso<\/span>\n\t\t\t\t<\/span>\n\t\t\t\t<span data-wp-text=\"state.errorMessage\" id=\"g9293-email-email-error-message\" role=\"alert\" aria-live=\"assertive\"><\/span>\n\t\t\t<\/div> \n\t<\/div>\n\n<div style=\"\"  data-wp-interactive=\"jetpack\/form\" data-wp-context='{\"fieldId\":\"g9293-mensagem\",\"fieldType\":\"textarea\",\"fieldLabel\":\"Mensagem\",\"fieldValue\":\"\",\"fieldPlaceholder\":\"\",\"fieldIsRequired\":\"\",\"fieldErrorMessage\":\"\",\"fieldExtra\":[],\"formHash\":\"4d188bc63fd37e1e614208fcaf839ad57f7a391d\"}'  class='grunion-field-textarea-wrap grunion-field-wrap'  data-wp-init='callbacks.initializeField' data-wp-on--jetpack-form-reset='callbacks.initializeField' >\n<label\n\t\t\t\tfor='contact-form-comment-g9293-mensagem' class=\"grunion-field-label textarea\" >Mensagem<\/label>\n<textarea\n\t\t                style=''\n\t\t                name='g9293-mensagem'\n\t\t                id='contact-form-comment-g9293-mensagem'\n\t\t                rows='20'\n\t\t\t\t\t\tdata-wp-text='state.getFieldValue'\n\t\t\t\t\t\tdata-wp-on--input='actions.onFieldChange'\n\t\t\t\t\t\tdata-wp-on--blur='actions.onFieldBlur'\n\t\t\t\t\t\tdata-wp-class--has-value='state.hasFieldValue'\n\t\t\t\t\t\tdata-wp-bind--aria-invalid='state.fieldHasErrors'\n\t\t\t\t\t\taria-errormessage='g9293-mensagem-textarea-error-message'\n\t\t\t\t\t\tclass='textarea  grunion-field'  ><\/textarea>\n \n\t\t\t<div id=\"g9293-mensagem-textarea-error\" class=\"contact-form__input-error\" data-wp-class--has-errors=\"state.fieldHasErrors\">\n\t\t\t\t<span class=\"contact-form__warning-icon\">\n\t\t\t\t\t<svg width=\"16\" height=\"16\" viewBox=\"0 0 16 16\" fill=\"none\" xmlns=\"http:\/\/www.w3.org\/2000\/svg\">\n\t\t\t\t\t\t<path d=\"M8.50015 11.6402H7.50015V10.6402H8.50015V11.6402Z\" \/>\n\t\t\t\t\t\t<path d=\"M7.50015 9.64018H8.50015V6.30684H7.50015V9.64018Z\" \/>\n\t\t\t\t\t\t<path fill-rule=\"evenodd\" clip-rule=\"evenodd\" d=\"M6.98331 3.0947C7.42933 2.30177 8.57096 2.30177 9.01698 3.09469L13.8771 11.7349C14.3145 12.5126 13.7525 13.4735 12.8602 13.4735H3.14004C2.24774 13.4735 1.68575 12.5126 2.12321 11.7349L6.98331 3.0947ZM8.14541 3.58496C8.08169 3.47168 7.9186 3.47168 7.85488 3.58496L2.99478 12.2251C2.93229 12.3362 3.01257 12.4735 3.14004 12.4735H12.8602C12.9877 12.4735 13.068 12.3362 13.0055 12.2251L8.14541 3.58496Z\" \/>\n\t\t\t\t\t<\/svg>\n\t\t\t\t\t<span class=\"visually-hidden\">Aviso<\/span>\n\t\t\t\t<\/span>\n\t\t\t\t<span data-wp-text=\"state.errorMessage\" id=\"g9293-mensagem-textarea-error-message\" role=\"alert\" aria-live=\"assertive\"><\/span>\n\t\t\t<\/div>\n\t<\/div>\n\t<p class='contact-submit'>\n<div class=\"contact-form__error\" data-wp-class--show-errors=\"state.showFormErrors\"><span class=\"contact-form__warning-icon\"><span class=\"visually-hidden\">Aten\u00e7\u00e3o.<\/span><i aria-hidden=\"true\"><\/i><\/span>\n\t\t\t\t<span data-wp-text=\"state.getFormErrorMessage\"><\/span>\n\t\t\t\t<ul>\n\t\t\t\t<template data-wp-each=\"state.getErrorList\" data-wp-key=\"context.item.id\">\n\t\t\t\t\t<li><a data-wp-bind--href=\"context.item.anchor\" data-wp-on--click=\"actions.scrollIntoView\" data-wp-text=\"context.item.label\"><\/a><\/li>\n\t\t\t\t<\/template>\n\t\t\t\t<\/ul><\/div><div class=\"contact-form__error\" data-wp-class--show-errors=\"state.showSubmissionError\" data-wp-text=\"context.submissionError\"><\/div>\t\t<button type='submit' class='pushbutton-wide'>Enviar<\/button>\t\t<input type='hidden' name='contact-form-id' value='9293' \/>\n\t\t<input type='hidden' name='action' value='grunion-contact-form' \/>\n\t\t<input type='hidden' name='contact-form-hash' value='4d188bc63fd37e1e614208fcaf839ad57f7a391d' \/>\n\t<\/p>\n<p style=\"display: none !important;\" class=\"akismet-fields-container\" data-prefix=\"ak_\"><label>&#916;<textarea name=\"ak_hp_textarea\" cols=\"45\" rows=\"8\" maxlength=\"100\"><\/textarea><\/label><input type=\"hidden\" id=\"ak_js_1\" name=\"ak_js\" value=\"195\"\/><script>document.getElementById( \"ak_js_1\" ).setAttribute( \"value\", ( new Date() ).getTime() );<\/script><\/p><\/form>\n<\/div>\n","protected":false},"excerpt":{"rendered":"<p>&nbsp; Por Augusto Cabral\u00a0 \u00a0 Museu de Arte Leopoldo Gotuzzo: as dificuldades e readapta\u00e7\u00f5es durante a pandemia Desde mar\u00e7o de 2020, foram in\u00fameras as \u00e1reas afetadas pela pandemia do coronav\u00edrus. Com o aumento dos casos da doen\u00e7a, o isolamento social e os cuidados para n\u00e3o contrair o v\u00edrus se tornaram cada vez mais presentes na &hellip; <\/p>\n<p><a class=\"more-link btn\" href=\"https:\/\/wp.ufpel.edu.br\/artenosul\/2021\/04\/28\/instituicao-interage-com-publico-nas-redes-sociais\/\">Continue lendo<\/a><\/p>\n","protected":false},"author":571,"featured_media":9295,"comment_status":"closed","ping_status":"closed","sticky":false,"template":"","format":"standard","meta":{"jetpack_post_was_ever_published":false,"_jetpack_newsletter_access":"","_jetpack_dont_email_post_to_subs":false,"_jetpack_newsletter_tier_id":0,"_jetpack_memberships_contains_paywalled_content":false,"_jetpack_memberships_contains_paid_content":false,"footnotes":"","jetpack_publicize_message":"","jetpack_publicize_feature_enabled":true,"jetpack_social_post_already_shared":true,"jetpack_social_options":{"image_generator_settings":{"template":"highway","default_image_id":0,"font":"","enabled":false},"version":2}},"categories":[13,1],"tags":[11,1173,1172,922,240],"class_list":["post-9293","post","type-post","status-publish","format-standard","has-post-thumbnail","hentry","category-artes-visuais","category-noticias","tag-artes-visuais","tag-augusto-cabral","tag-lauer-dos-santos","tag-malg","tag-museu-leopoldo-gotuzzo","nodate","item-wrap"],"jetpack_publicize_connections":[],"jetpack_featured_media_url":"https:\/\/wp.ufpel.edu.br\/artenosul\/files\/2021\/04\/Imagem1-5.jpg","jetpack_sharing_enabled":true,"jetpack_likes_enabled":true,"jetpack_shortlink":"https:\/\/wp.me\/p6PuxQ-2pT","jetpack-related-posts":[{"id":27212,"url":"https:\/\/wp.ufpel.edu.br\/artenosul\/2024\/10\/02\/exposicao-do-museu-leopoldo-gotuzzo-traz-olhar-sobre-natureza\/","url_meta":{"origin":9293,"position":0},"title":"Exposi\u00e7\u00e3o do Museu Leopoldo Gotuzzo traz olhar sobre natureza\u00a0","author":"artenosul","date":"2 de outubro de 2024","format":false,"excerpt":"Mostra fez parte da programa\u00e7\u00e3o da Primavera dos Museus e continua aberta \u00e0 visita\u00e7\u00e3o\u00a0 \u00a0 \u00a0\u00a0 Por Vanessa Oliveira\u00a0 \u00a0 \u00a0 \u00a0\u00a0 \u00a0 O Museu de Arte Leopoldo Gotuzzo (MALG), vinculado \u00e0 Universidade Federal de Pelotas (UFPel), inaugurou a exposi\u00e7\u00e3o \u201cOlhar Peregrino: Percursos de Gotuzzo atrav\u00e9s da paisagem\u201d, no dia\u2026","rel":"","context":"Em &quot;ARTES VISUAIS&quot;","block_context":{"text":"ARTES VISUAIS","link":"https:\/\/wp.ufpel.edu.br\/artenosul\/category\/artes-visuais\/"},"img":{"alt_text":"","src":"https:\/\/i0.wp.com\/wp.ufpel.edu.br\/artenosul\/files\/2024\/10\/thumbnail-4b.jpg?resize=350%2C200&ssl=1","width":350,"height":200,"srcset":"https:\/\/i0.wp.com\/wp.ufpel.edu.br\/artenosul\/files\/2024\/10\/thumbnail-4b.jpg?resize=350%2C200&ssl=1 1x, https:\/\/i0.wp.com\/wp.ufpel.edu.br\/artenosul\/files\/2024\/10\/thumbnail-4b.jpg?resize=525%2C300&ssl=1 1.5x, https:\/\/i0.wp.com\/wp.ufpel.edu.br\/artenosul\/files\/2024\/10\/thumbnail-4b.jpg?resize=700%2C400&ssl=1 2x, https:\/\/i0.wp.com\/wp.ufpel.edu.br\/artenosul\/files\/2024\/10\/thumbnail-4b.jpg?resize=1050%2C600&ssl=1 3x"},"classes":[]},{"id":2734,"url":"https:\/\/wp.ufpel.edu.br\/artenosul\/2016\/06\/02\/exposicao-revisita-obra-de-gotuzzo\/","url_meta":{"origin":9293,"position":1},"title":"Mostra revisita obra de Gotuzzo","author":"artenosul","date":"2 de junho de 2016","format":false,"excerpt":"- Reportagem de Carina dos Reis e Lucas Pereira - Museu de Artes \u00a0comemora 30 anos em grande estilo com exposi\u00e7\u00f5es e encontros - Abriram no dia 18 de maio as comemora\u00e7\u00f5es do trig\u00e9simo anivers\u00e1rio do Museu de Artes Leopoldo Gotuzzo (MALG),\u00a0 vinculado \u00e0 Universidade Federal de Pelotas (UFPel). Nas\u2026","rel":"","context":"Em &quot;ARTES VISUAIS&quot;","block_context":{"text":"ARTES VISUAIS","link":"https:\/\/wp.ufpel.edu.br\/artenosul\/category\/artes-visuais\/"},"img":{"alt_text":"","src":"https:\/\/i0.wp.com\/wp.ufpel.edu.br\/artenosul\/files\/2016\/06\/O-Museu-se-enfeitou-para-receber-as-obras-do-artista2.jpg?resize=350%2C200&ssl=1","width":350,"height":200,"srcset":"https:\/\/i0.wp.com\/wp.ufpel.edu.br\/artenosul\/files\/2016\/06\/O-Museu-se-enfeitou-para-receber-as-obras-do-artista2.jpg?resize=350%2C200&ssl=1 1x, https:\/\/i0.wp.com\/wp.ufpel.edu.br\/artenosul\/files\/2016\/06\/O-Museu-se-enfeitou-para-receber-as-obras-do-artista2.jpg?resize=525%2C300&ssl=1 1.5x, https:\/\/i0.wp.com\/wp.ufpel.edu.br\/artenosul\/files\/2016\/06\/O-Museu-se-enfeitou-para-receber-as-obras-do-artista2.jpg?resize=700%2C400&ssl=1 2x"},"classes":[]},{"id":8356,"url":"https:\/\/wp.ufpel.edu.br\/artenosul\/2019\/10\/07\/museu-gotuzzo-conta-historia-do-pintor-pelotense\/","url_meta":{"origin":9293,"position":2},"title":"Museu Gotuzzo conta hist\u00f3ria do pintor pelotense","author":"artenosul","date":"7 de outubro de 2019","format":false,"excerpt":"Por Danieli Schiavon Em homenagem \u00e0 carreira do pintor pelotense Leopoldo Gotuzzo, foi inaugurado na cidade de Pelotas, em 1986, o Museu de Arte Leopoldo Gotuzzo (MALG). Seu acervo conta com objetos pessoais do pintor, bem como obras que marcam toda a sua trajet\u00f3ria. As pe\u00e7as foram deixadas como testamento\u2026","rel":"","context":"Em &quot;ARTES VISUAIS&quot;","block_context":{"text":"ARTES VISUAIS","link":"https:\/\/wp.ufpel.edu.br\/artenosul\/category\/artes-visuais\/"},"img":{"alt_text":"","src":"https:\/\/i0.wp.com\/wp.ufpel.edu.br\/artenosul\/files\/2019\/10\/foto-1-2.jpg?resize=350%2C200&ssl=1","width":350,"height":200,"srcset":"https:\/\/i0.wp.com\/wp.ufpel.edu.br\/artenosul\/files\/2019\/10\/foto-1-2.jpg?resize=350%2C200&ssl=1 1x, https:\/\/i0.wp.com\/wp.ufpel.edu.br\/artenosul\/files\/2019\/10\/foto-1-2.jpg?resize=525%2C300&ssl=1 1.5x, https:\/\/i0.wp.com\/wp.ufpel.edu.br\/artenosul\/files\/2019\/10\/foto-1-2.jpg?resize=700%2C400&ssl=1 2x, https:\/\/i0.wp.com\/wp.ufpel.edu.br\/artenosul\/files\/2019\/10\/foto-1-2.jpg?resize=1050%2C600&ssl=1 3x, https:\/\/i0.wp.com\/wp.ufpel.edu.br\/artenosul\/files\/2019\/10\/foto-1-2.jpg?resize=1400%2C800&ssl=1 4x"},"classes":[]},{"id":4031,"url":"https:\/\/wp.ufpel.edu.br\/artenosul\/2016\/10\/19\/duas-mostras-encerram-domingo\/","url_meta":{"origin":9293,"position":3},"title":"Duas mostras at\u00e9 domingo","author":"artenosul","date":"19 de outubro de 2016","format":false,"excerpt":"Reportagem de Anah\u00ed Silveira e Larissa Patines - Gotuzzo e Vinholes: conhe\u00e7a as duas exposi\u00e7\u00f5es abertas no Malg \u00a0 \u00a0 \u00a0Inaugurado em 1986, o Museu de Arte Leopoldo Gotuzzo (Malg), vinculado ao Centro de Artes (CA) da Universidade Federal de Pelotas (UFPel), comemora seus 30 anos de funda\u00e7\u00e3o com duas\u2026","rel":"","context":"Em &quot;ARTES VISUAIS&quot;","block_context":{"text":"ARTES VISUAIS","link":"https:\/\/wp.ufpel.edu.br\/artenosul\/category\/artes-visuais\/"},"img":{"alt_text":"Obras de Gotuzzo foram reunidas atrav\u00e9s da colabora\u00e7\u00e3o de diversas fam\u00edlias pelotenses","src":"https:\/\/i0.wp.com\/wp.ufpel.edu.br\/artenosul\/files\/2016\/10\/FOTO-1-1-2B-424x205.jpg?resize=350%2C200&ssl=1","width":350,"height":200,"srcset":"https:\/\/i0.wp.com\/wp.ufpel.edu.br\/artenosul\/files\/2016\/10\/FOTO-1-1-2B-424x205.jpg?resize=350%2C200&ssl=1 1x, https:\/\/i0.wp.com\/wp.ufpel.edu.br\/artenosul\/files\/2016\/10\/FOTO-1-1-2B-424x205.jpg?resize=525%2C300&ssl=1 1.5x"},"classes":[]},{"id":21642,"url":"https:\/\/wp.ufpel.edu.br\/artenosul\/2023\/09\/18\/confira-a-programacao-da-17a-primavera-dos-museus-em-pelotas\/","url_meta":{"origin":9293,"position":4},"title":"Confira a programa\u00e7\u00e3o da 17\u00aa Primavera dos Museus em Pelotas","author":"artenosul","date":"18 de setembro de 2023","format":false,"excerpt":"Evento anual acontece de hoje a 24 de setembro e trar\u00e1 semana com atividades especiais em busca de fortalecer la\u00e7os entre museus e sociedade\u00a0 \u00a0\u00a0 Por Beatriz Gomes\u00a0 \u00a0 \u00a0 \u00a0 O munic\u00edpio de Pelotas receber\u00e1 a 17\u00aa edi\u00e7\u00e3o da \u201cPrimavera dos Museus\u201d, iniciativa anual que \u00e9 coordenada pelo Instituto\u2026","rel":"","context":"Em &quot;COMUNIDADE&quot;","block_context":{"text":"COMUNIDADE","link":"https:\/\/wp.ufpel.edu.br\/artenosul\/category\/comunidade\/"},"img":{"alt_text":"","src":"https:\/\/i0.wp.com\/wp.ufpel.edu.br\/artenosul\/files\/2023\/09\/museu-de-arte-leopoldo.jpg?resize=350%2C200&ssl=1","width":350,"height":200,"srcset":"https:\/\/i0.wp.com\/wp.ufpel.edu.br\/artenosul\/files\/2023\/09\/museu-de-arte-leopoldo.jpg?resize=350%2C200&ssl=1 1x, https:\/\/i0.wp.com\/wp.ufpel.edu.br\/artenosul\/files\/2023\/09\/museu-de-arte-leopoldo.jpg?resize=525%2C300&ssl=1 1.5x, https:\/\/i0.wp.com\/wp.ufpel.edu.br\/artenosul\/files\/2023\/09\/museu-de-arte-leopoldo.jpg?resize=700%2C400&ssl=1 2x, https:\/\/i0.wp.com\/wp.ufpel.edu.br\/artenosul\/files\/2023\/09\/museu-de-arte-leopoldo.jpg?resize=1050%2C600&ssl=1 3x"},"classes":[]},{"id":29,"url":"https:\/\/wp.ufpel.edu.br\/artenosul\/2015\/10\/08\/exposicao-pensa-os-novos-tempos\/","url_meta":{"origin":9293,"position":5},"title":"Exposi\u00e7\u00e3o pensa os novos tempos","author":"artenosul","date":"8 de outubro de 2015","format":false,"excerpt":"Reportagem de Brunna Vitoria e Manoela Duarte\u00a0\u00a0\u00a0 - \u00a0\u00a0\u00a0\u00a0\u00a0\u00a0\u00a0\u00a0\u00a0\u00a0\u00a0\u00a0\u00a0\u00a0\u00a0\u00a0 Como ser\u00e1 o tempo que h\u00e1 de vir? Provavelmente voc\u00ea j\u00e1 se fez essa pergunta. A exposi\u00e7\u00e3o Future Perfect: a arte contempor\u00e2nea da Alemanha, que est\u00e1 ocorrendo simultaneamente no Museu de Arte Leopoldo Gottuzzo (MALG) e na Secretaria Municipal de Cultura\u2026","rel":"","context":"Em &quot;ARTES VISUAIS&quot;","block_context":{"text":"ARTES VISUAIS","link":"https:\/\/wp.ufpel.edu.br\/artenosul\/category\/artes-visuais\/"},"img":{"alt_text":"","src":"https:\/\/i0.wp.com\/wp.ufpel.edu.br\/artenosul\/files\/2015\/10\/Expo.jpg?resize=350%2C200&ssl=1","width":350,"height":200},"classes":[]}],"_links":{"self":[{"href":"https:\/\/wp.ufpel.edu.br\/artenosul\/wp-json\/wp\/v2\/posts\/9293","targetHints":{"allow":["GET"]}}],"collection":[{"href":"https:\/\/wp.ufpel.edu.br\/artenosul\/wp-json\/wp\/v2\/posts"}],"about":[{"href":"https:\/\/wp.ufpel.edu.br\/artenosul\/wp-json\/wp\/v2\/types\/post"}],"author":[{"embeddable":true,"href":"https:\/\/wp.ufpel.edu.br\/artenosul\/wp-json\/wp\/v2\/users\/571"}],"replies":[{"embeddable":true,"href":"https:\/\/wp.ufpel.edu.br\/artenosul\/wp-json\/wp\/v2\/comments?post=9293"}],"version-history":[{"count":2,"href":"https:\/\/wp.ufpel.edu.br\/artenosul\/wp-json\/wp\/v2\/posts\/9293\/revisions"}],"predecessor-version":[{"id":9311,"href":"https:\/\/wp.ufpel.edu.br\/artenosul\/wp-json\/wp\/v2\/posts\/9293\/revisions\/9311"}],"wp:featuredmedia":[{"embeddable":true,"href":"https:\/\/wp.ufpel.edu.br\/artenosul\/wp-json\/wp\/v2\/media\/9295"}],"wp:attachment":[{"href":"https:\/\/wp.ufpel.edu.br\/artenosul\/wp-json\/wp\/v2\/media?parent=9293"}],"wp:term":[{"taxonomy":"category","embeddable":true,"href":"https:\/\/wp.ufpel.edu.br\/artenosul\/wp-json\/wp\/v2\/categories?post=9293"},{"taxonomy":"post_tag","embeddable":true,"href":"https:\/\/wp.ufpel.edu.br\/artenosul\/wp-json\/wp\/v2\/tags?post=9293"}],"curies":[{"name":"wp","href":"https:\/\/api.w.org\/{rel}","templated":true}]}}