{"id":8939,"date":"2020-12-02T09:14:19","date_gmt":"2020-12-02T12:14:19","guid":{"rendered":"https:\/\/wp.ufpel.edu.br\/artenosul\/?p=8939"},"modified":"2020-12-02T11:57:17","modified_gmt":"2020-12-02T14:57:17","slug":"especial-de-natal-da-fenadoce","status":"publish","type":"post","link":"https:\/\/wp.ufpel.edu.br\/artenosul\/2020\/12\/02\/especial-de-natal-da-fenadoce\/","title":{"rendered":"Especial de Natal da Fenadoce"},"content":{"rendered":"<p style=\"text-align: right\"><strong><span style=\"font-family: arial, helvetica, sans-serif\">Por Anarelli Martinez<\/span><\/strong><\/p>\n<p style=\"text-align: justify\"><em><span style=\"font-family: arial, helvetica, sans-serif\">A Feira Nacional do Doce ter\u00e1 programa\u00e7\u00e3o de 5 a 31 de dezembro<\/span><\/em><\/p>\n<p style=\"text-align: justify\"><span style=\"font-family: arial, helvetica, sans-serif\">Com o objetivo de fomentar a tradi\u00e7\u00e3o doceira de Pelotas, valorizar a arte e cultura local, promover <\/span><span style=\"font-family: arial, helvetica, sans-serif\">a\u00e7\u00f5es sociais e estimular o com\u00e9rcio local, a C\u00e2mara de Dirigentes Lojistas (CDL) de Pelotas ir\u00e1 <\/span><span style=\"font-family: arial, helvetica, sans-serif\">promover a Fenadoce &#8211; Especial de Natal 2020, entre os dias 5 e 31 de dezembro, com patroc\u00ednio de <\/span><span style=\"font-family: arial, helvetica, sans-serif\">Orsinet e Banrisul.<\/span><\/p>\n<p style=\"text-align: justify\"><span style=\"font-family: arial, helvetica, sans-serif\">A programa\u00e7\u00e3o estar\u00e1 alocada em diferentes pontos, como o Cal\u00e7ad\u00e3o Central, Mercado Central, Praia <\/span><span style=\"font-family: arial, helvetica, sans-serif\">do Laranjal, Ch\u00e1cara da Baronesa e Shopping Pelotas, contando com a\u00e7\u00f5es como o Quiosque de Doces <\/span><span style=\"font-family: arial, helvetica, sans-serif\">da Associa\u00e7\u00e3o das Doceiras de Pelotas, Espa\u00e7o Fenadoce Cultural, com apresenta\u00e7\u00f5es art\u00edsticas <\/span><span style=\"font-family: arial, helvetica, sans-serif\">veiculadas no Facebook e canal do Youtube da Feira.<\/span><\/p>\n<p style=\"text-align: justify\"><span style=\"font-family: arial, helvetica, sans-serif\">Al\u00e9m disso, o Especial de Natal homenagear\u00e1 a dupla Kleiton e Kledir, com a campanha \u201cPelotas <\/span><span style=\"font-family: arial, helvetica, sans-serif\">sempre volto pra ti\u201d a fim de valorizar os espa\u00e7os citados por estes m\u00fasicos em letras das suas <\/span><span style=\"font-family: arial, helvetica, sans-serif\">composi\u00e7\u00f5es. Outra forma de prestigiar o evento \u00e9 participar do projeto &#8220;Quem cresce aqui n\u00e3o <\/span><span style=\"font-family: arial, helvetica, sans-serif\">esquece, quem ajuda tamb\u00e9m!&#8221;, doando artigos infantis, novos e usados que ser\u00e3o destinados \u00e0 <\/span><span style=\"font-family: arial, helvetica, sans-serif\">Secretaria de Assist\u00eancia Social para serem distribu\u00eddos para institui\u00e7\u00f5es. As doa\u00e7\u00f5es dever\u00e3o ser <\/span><span style=\"font-family: arial, helvetica, sans-serif\">entregues no Quiosque de Doces no Cal\u00e7ad\u00e3o Central; Vitrine de Natal no Mercado Central; Loja de <\/span><span style=\"font-family: arial, helvetica, sans-serif\">Doces no Shopping Pelotas e Quiosque Laranjal.<\/span><\/p>\n<p style=\"text-align: justify\"><span style=\"font-family: arial, helvetica, sans-serif\">Na campanha \u201cDoce Vantagem&#8221;, as notas fiscais de compras acima de R$ 100 realizadas no com\u00e9rcio <\/span><span style=\"font-family: arial, helvetica, sans-serif\">local poder\u00e3o ser trocadas por cupom da Fenadoce e concorrer a Cestas de Doces para o Natal e Ano <\/span><span style=\"font-family: arial, helvetica, sans-serif\">Novo. A a\u00e7\u00e3o ter\u00e1 um Selo da Formiga, que ser\u00e1 adesivado nas vitrines dos empreendimentos\/lojas <\/span><span style=\"font-family: arial, helvetica, sans-serif\">associados \u00e0 CDL que aderirem. O ponto de troca das notas ser\u00e1 no Quiosque de Doces no Cal\u00e7ad\u00e3o <\/span><span style=\"font-family: arial, helvetica, sans-serif\">Central e Loja de Doces no Shopping Pelotas. Acompanhe as novidades pelo <strong><a href=\"https:\/\/fenadoce.com.br\/\" target=\"_blank\" rel=\"noopener noreferrer\">site da Fenadoce<\/a><\/strong>.<\/span><\/p>\n<p>&nbsp;<\/p>\n<div id=\"attachment_8941\" style=\"width: 500px\" class=\"wp-caption aligncenter\"><img loading=\"lazy\" decoding=\"async\" aria-describedby=\"caption-attachment-8941\" class=\"wp-image-8941 size-medium\" src=\"https:\/\/wp.ufpel.edu.br\/artenosul\/files\/2020\/12\/1-1-500x375.jpg\" alt=\"\" width=\"500\" height=\"375\" srcset=\"https:\/\/wp.ufpel.edu.br\/artenosul\/files\/2020\/12\/1-1-500x375.jpg 500w, https:\/\/wp.ufpel.edu.br\/artenosul\/files\/2020\/12\/1-1-300x225.jpg 300w, https:\/\/wp.ufpel.edu.br\/artenosul\/files\/2020\/12\/1-1-768x576.jpg 768w, https:\/\/wp.ufpel.edu.br\/artenosul\/files\/2020\/12\/1-1.jpg 800w\" sizes=\"auto, (max-width: 500px) 100vw, 500px\" \/><p id=\"caption-attachment-8941\" class=\"wp-caption-text\"><strong><span style=\"font-family: arial, helvetica, sans-serif;color: #0000ff\">Baronesas da Fenadoce 2020: Taila Xavier, Dri\u00e9lli Lacerda e Julia de Mello\u00a0 \u00a0 \u00a0 \u00a0 \u00a0 \u00a0(Foto: Rafael Takaki)<\/span><\/strong><\/p><\/div>\n<p><a href=\"https:\/\/wp.ufpel.edu.br\/artenosul\"><strong><span style=\"font-family: arial, helvetica, sans-serif;color: #0000ff\">PRIMEIRA P\u00c1GINA<\/span><\/strong><\/a><\/p>\n<p><strong><span style=\"font-family: arial, helvetica, sans-serif;color: #0000ff\">COMENT\u00c1RIOS<\/span><\/strong><\/p>\n<div data-test='contact-form'\n\t\t\tid='contact-form-8939'\n\t\t\tclass='wp-block-jetpack-contact-form-container '\n\t\t\tdata-wp-interactive='jetpack\/form' data-wp-context='{\"formId\":\"8939\",\"formHash\":\"1ab2447856d6dca41d28084956caecb104009569\",\"showErrors\":false,\"errors\":[],\"fields\":[],\"isMultiStep\":false,\"useAjax\":true,\"submissionData\":null,\"formattedSubmissionData\":[],\"submissionSuccess\":false,\"submissionError\":null,\"elementId\":\"jp-form-1ab2447856d6dca41d28084956caecb104009569\",\"isSingleInputForm\":false}'\n\t\t\tdata-wp-watch--scroll-to-wrapper=\"callbacks.scrollToWrapper\"\n\t\t>\n<div class=\"contact-form-submission contact-form-ajax-submission\" data-wp-class--submission-success=\"context.submissionSuccess\"><p class=\"go-back-message\"><a class=\"link\" role=\"button\" tabindex=\"0\" data-wp-on--click=\"actions.goBack\" href=\"\/artenosul\/wp-json\/wp\/v2\/posts\/8939\">Voltar<\/a><\/p><h4 id=\"contact-form-success-header\">Sua mensagem foi enviada<\/h4>\n\n<template data-wp-each--submission=\"context.formattedSubmissionData\">\n\t\t\t\t\t<div class=\"jetpack_forms_contact-form-success-summary\">\n\t\t\t\t\t\t<div class=\"field-name\" data-wp-text=\"context.submission.label\" data-wp-bind--hidden=\"!context.submission.label\"><\/div>\n\t\t\t\t\t\t<div class=\"field-value\" data-wp-text=\"context.submission.value\"><\/div>\n\t\t\t\t\t\t<div class=\"field-images\" data-wp-bind--hidden=\"!context.submission.images\">\n\t\t\t\t\t\t\t<template data-wp-each--image=\"context.submission.images\">\n\t\t\t\t\t\t\t\t<figure class=\"field-image\" data-wp-class--is-empty=\"!context.image\">\n\t\t\t\t\t\t\t\t\t<img data-wp-bind--src=\"context.image\" data-wp-bind--hidden=\"!context.image\" \/>\n\t\t\t\t\t\t\t\t\t<img decoding=\"async\" src=\"data:image\/gif;base64,R0lGODlhAQABAAD\/ACwAAAAAAQABAAACADs=\" data-wp-bind--hidden=\"context.image\" \/>\n\t\t\t\t\t\t\t\t<\/figure>\n\t\t\t\t\t\t\t<\/template>\n\t\t\t\t\t\t<\/div>\n\t\t\t\t\t<\/div>\n\t\t\t\t<\/template><\/div><form action='https:\/\/wp.ufpel.edu.br\/artenosul\/2020\/12\/02\/especial-de-natal-da-fenadoce\/'\n\t\t\t\tid='jp-form-1ab2447856d6dca41d28084956caecb104009569'\n\t\t\t\tmethod='post'\n\t\t\t\tclass='contact-form commentsblock' aria-label=\"Especial de Natal da Fenadoce\"\n\t\t\t\tdata-wp-on--submit=\"actions.onFormSubmit\"\n\t\t\t\tdata-wp-on--reset=\"actions.onFormReset\"\n\t\t\t\tdata-wp-class--submission-success=\"context.submissionSuccess\"\n\t\t\t\tdata-wp-class--is-first-step=\"state.isFirstStep\"\n\t\t\t\tdata-wp-class--is-last-step=\"state.isLastStep\"\n\t\t\t\tdata-wp-class--is-ajax-form=\"context.useAjax\"\n\t\t\t\tnovalidate >\n<input type='hidden' name='jetpack_contact_form_jwt' value='eyJ0eXAiOiJKV1QiLCJhbGciOiJIUzI1NiJ9.eyJlbmNyeXB0ZWRfYXR0cmlidXRlcyI6Ik1RVVVaMVpHZmJqQUZETlFoQXJyR09YQ2t1SGFqRVEzbTI1cDZOWFo3cklCWllQUFdKM2RTcTdyVWZaRitHRzRUaFhxNzRLN3RDdkd4ZHhOdFZTV2RVbHMyeHhQOWxuMjRJYjlDVHBUdFQ2bDdlSzNEamxFQXpGS2F3bHJYdDFIeDJ1d0htWG9kRHZRVmtJdkJ4dDVTamltK3FrUUozZXVHTVpyVkdscVVvWitsc29NR0toZ0hVcWk1LzFGekliU1FJdWtHRkxWMXNZMlFraGc1QlpFVlhNY1E4QnJNYmkvRTZwTWJGMHNLRGtucG44ZXVFZVpQTFZKci83bzU0R0hYVW96NytXbmhGNUQ3RTkyN3R2MVEwNGc3d0tmSlMyTUJkWkRoMm9VdzI3Nm5jYXFEYTJKYUVDVjg4RjN2cjZ5bW43ZGlTNVYzSGZTVVIzMlA4VFc2eEdWVWlwdFpDbjMycHdyUGxYRTJ5R0RualI5QzRxYXVGM0pvQVIwazNJK0VLWXJMOTQ4VGUwR1VxQjJBYXRHbUh6anFHWFhhMVZtbW4rckprUXFSZGxTWlQzWlV2cDVKRXdpN3dxNzg3Ymg1eXVjakNQbkRMN1RiWlRhS29pL0YvWHNTOXZOcjVLRThwekVoMWhzeXVGajUxNUUwaktCdFRNR2FtVEZmUTFLTnJIWWI3NjVIMVZ0TGRvbjdXb1Nia2ZhUG4rRjVOT3lhcHlRTEJ1eC9Sa3FtNVAvVzRYa2U2MlFEaUo2MExnU2REWDAyYzQ0QjdXN0ZoR0YxUWJHbTh1ajlZZ2lleEY2NnY0QXdjUlNRVUZBRXRQK005MTkvcjdMVFgrWW81N0xNeVNhZi83MnBrSHdmbCtrczhTMUFlRFZLZUd2V2Jzd3M4dW5jOWR0aVZ6bkx0K0NlRlk4YTJBNXNGbi9yOTRqMWNEdXJGQkhIOWdHTWR5by9sQ1NwbXRZak9XL096cjN2NGhSRGhWRVZCUGMvKzFhQ0NGZzFYYTNSWi9sY2pPWEVmcUFWVkN4MjZEdjg2T2NHeEFyRTY4MHRpczdYVVJiUGRrWmVCdW1LWDlDdDBXTkJmYXExSTRWb1hQcG1lTDB5NTdCa0d3SkpnQkw2c2pJcC9wQ0tJalJjQ1M4dGdoTVdCZXdmZ0NGdU05dFAvbjVqS1VXT1FRcStvQlBIRTU1QklUNkJ0RT0iLCJjb250ZW50IjoiW2NvbnRhY3QtZmllbGQgbGFiZWw9XCJOb21lXCIgdHlwZT1cIm5hbWVcIl1bY29udGFjdC1maWVsZCBsYWJlbD1cIkUtbWFpbFwiIHR5cGU9XCJlbWFpbFwiXVtjb250YWN0LWZpZWxkIGxhYmVsPVwiTWVuc2FnZW1cIiB0eXBlPVwidGV4dGFyZWFcIl0iLCJoYXNoIjoiMWFiMjQ0Nzg1NmQ2ZGNhNDFkMjgwODQ5NTZjYWVjYjEwNDAwOTU2OSIsInNvdXJjZSI6eyJlbnRyeV90aXRsZSI6IkVzcGVjaWFsIGRlIE5hdGFsIGRhIEZlbmFkb2NlIiwiZW50cnlfcGFnZSI6MSwic291cmNlX2lkIjo4OTM5LCJzb3VyY2VfdHlwZSI6InNpbmdsZSIsInJlcXVlc3RfdXJsIjoiaHR0cHM6Ly93cC51ZnBlbC5lZHUuYnIvYXJ0ZW5vc3VsL3dwLWpzb24vd3AvdjIvcG9zdHMvODkzOSJ9LCJ2ZXJzaW9uIjoyLCJjaXBoZXIiOiJhZXMtMjU2LWdjbSJ9.4o5YQU3BvD2lWJ0eZM9QO1dgz436HtziuvXhfJf4ifI' \/>\n\n<div style=\"\"  data-wp-interactive=\"jetpack\/form\" data-wp-context='{\"fieldId\":\"g8939-nome\",\"fieldType\":\"name\",\"fieldLabel\":\"Nome\",\"fieldValue\":\"\",\"fieldPlaceholder\":\"\",\"fieldIsRequired\":\"\",\"fieldErrorMessage\":\"\",\"fieldExtra\":[],\"formHash\":\"1ab2447856d6dca41d28084956caecb104009569\"}'  class='grunion-field-name-wrap grunion-field-wrap'  data-wp-init='callbacks.initializeField' data-wp-on--jetpack-form-reset='callbacks.initializeField' >\n<label\n\t\t\t\tfor='g8939-nome' class=\"grunion-field-label name\" >Nome<\/label>\n<input\n\t\t\t\t\ttype='text'\n\t\t\t\t\tname='g8939-nome'\n\t\t\t\t\tid='g8939-nome'\n\t\t\t\t\tvalue=''\n\n\t\t\t\t\tdata-wp-bind--aria-invalid='state.fieldHasErrors'\n\t\t\t\t\tdata-wp-bind--value='state.getFieldValue'\n\t\t\t\t\taria-errormessage='g8939-nome-text-error-message'\n\t\t\t\t\tdata-wp-on--input='actions.onFieldChange'\n\t\t\t\t\tdata-wp-on--blur='actions.onFieldBlur'\n\t\t\t\t\tdata-wp-class--has-value='state.hasFieldValue'\n\n\t\t\t\t\tclass='name  grunion-field' \n\t\t\t\t\t \/>\n \n\t\t\t<div id=\"g8939-nome-text-error\" class=\"contact-form__input-error\" data-wp-class--has-errors=\"state.fieldHasErrors\">\n\t\t\t\t<span class=\"contact-form__warning-icon\">\n\t\t\t\t\t<svg width=\"16\" height=\"16\" viewBox=\"0 0 16 16\" fill=\"none\" xmlns=\"http:\/\/www.w3.org\/2000\/svg\">\n\t\t\t\t\t\t<path d=\"M8.50015 11.6402H7.50015V10.6402H8.50015V11.6402Z\" \/>\n\t\t\t\t\t\t<path d=\"M7.50015 9.64018H8.50015V6.30684H7.50015V9.64018Z\" \/>\n\t\t\t\t\t\t<path fill-rule=\"evenodd\" clip-rule=\"evenodd\" d=\"M6.98331 3.0947C7.42933 2.30177 8.57096 2.30177 9.01698 3.09469L13.8771 11.7349C14.3145 12.5126 13.7525 13.4735 12.8602 13.4735H3.14004C2.24774 13.4735 1.68575 12.5126 2.12321 11.7349L6.98331 3.0947ZM8.14541 3.58496C8.08169 3.47168 7.9186 3.47168 7.85488 3.58496L2.99478 12.2251C2.93229 12.3362 3.01257 12.4735 3.14004 12.4735H12.8602C12.9877 12.4735 13.068 12.3362 13.0055 12.2251L8.14541 3.58496Z\" \/>\n\t\t\t\t\t<\/svg>\n\t\t\t\t\t<span class=\"visually-hidden\">Aviso<\/span>\n\t\t\t\t<\/span>\n\t\t\t\t<span data-wp-text=\"state.errorMessage\" id=\"g8939-nome-text-error-message\" role=\"alert\" aria-live=\"assertive\"><\/span>\n\t\t\t<\/div> \n\t<\/div>\n\n<div style=\"\"  data-wp-interactive=\"jetpack\/form\" data-wp-context='{\"fieldId\":\"g8939-email\",\"fieldType\":\"email\",\"fieldLabel\":\"E-mail\",\"fieldValue\":\"\",\"fieldPlaceholder\":\"\",\"fieldIsRequired\":\"\",\"fieldErrorMessage\":\"\",\"fieldExtra\":[],\"formHash\":\"1ab2447856d6dca41d28084956caecb104009569\"}'  class='grunion-field-email-wrap grunion-field-wrap'  data-wp-init='callbacks.initializeField' data-wp-on--jetpack-form-reset='callbacks.initializeField' >\n<label\n\t\t\t\tfor='g8939-email' class=\"grunion-field-label email\" >E-mail<\/label>\n<input\n\t\t\t\t\ttype='email'\n\t\t\t\t\tname='g8939-email'\n\t\t\t\t\tid='g8939-email'\n\t\t\t\t\tvalue=''\n\n\t\t\t\t\tdata-wp-bind--aria-invalid='state.fieldHasErrors'\n\t\t\t\t\tdata-wp-bind--value='state.getFieldValue'\n\t\t\t\t\taria-errormessage='g8939-email-email-error-message'\n\t\t\t\t\tdata-wp-on--input='actions.onFieldChange'\n\t\t\t\t\tdata-wp-on--blur='actions.onFieldBlur'\n\t\t\t\t\tdata-wp-class--has-value='state.hasFieldValue'\n\n\t\t\t\t\tclass='email  grunion-field' \n\t\t\t\t\t \/>\n \n\t\t\t<div id=\"g8939-email-email-error\" class=\"contact-form__input-error\" data-wp-class--has-errors=\"state.fieldHasErrors\">\n\t\t\t\t<span class=\"contact-form__warning-icon\">\n\t\t\t\t\t<svg width=\"16\" height=\"16\" viewBox=\"0 0 16 16\" fill=\"none\" xmlns=\"http:\/\/www.w3.org\/2000\/svg\">\n\t\t\t\t\t\t<path d=\"M8.50015 11.6402H7.50015V10.6402H8.50015V11.6402Z\" \/>\n\t\t\t\t\t\t<path d=\"M7.50015 9.64018H8.50015V6.30684H7.50015V9.64018Z\" \/>\n\t\t\t\t\t\t<path fill-rule=\"evenodd\" clip-rule=\"evenodd\" d=\"M6.98331 3.0947C7.42933 2.30177 8.57096 2.30177 9.01698 3.09469L13.8771 11.7349C14.3145 12.5126 13.7525 13.4735 12.8602 13.4735H3.14004C2.24774 13.4735 1.68575 12.5126 2.12321 11.7349L6.98331 3.0947ZM8.14541 3.58496C8.08169 3.47168 7.9186 3.47168 7.85488 3.58496L2.99478 12.2251C2.93229 12.3362 3.01257 12.4735 3.14004 12.4735H12.8602C12.9877 12.4735 13.068 12.3362 13.0055 12.2251L8.14541 3.58496Z\" \/>\n\t\t\t\t\t<\/svg>\n\t\t\t\t\t<span class=\"visually-hidden\">Aviso<\/span>\n\t\t\t\t<\/span>\n\t\t\t\t<span data-wp-text=\"state.errorMessage\" id=\"g8939-email-email-error-message\" role=\"alert\" aria-live=\"assertive\"><\/span>\n\t\t\t<\/div> \n\t<\/div>\n\n<div style=\"\"  data-wp-interactive=\"jetpack\/form\" data-wp-context='{\"fieldId\":\"g8939-mensagem\",\"fieldType\":\"textarea\",\"fieldLabel\":\"Mensagem\",\"fieldValue\":\"\",\"fieldPlaceholder\":\"\",\"fieldIsRequired\":\"\",\"fieldErrorMessage\":\"\",\"fieldExtra\":[],\"formHash\":\"1ab2447856d6dca41d28084956caecb104009569\"}'  class='grunion-field-textarea-wrap grunion-field-wrap'  data-wp-init='callbacks.initializeField' data-wp-on--jetpack-form-reset='callbacks.initializeField' >\n<label\n\t\t\t\tfor='contact-form-comment-g8939-mensagem' class=\"grunion-field-label textarea\" >Mensagem<\/label>\n<textarea\n\t\t                style=''\n\t\t                name='g8939-mensagem'\n\t\t                id='contact-form-comment-g8939-mensagem'\n\t\t                rows='20'\n\t\t\t\t\t\tdata-wp-text='state.getFieldValue'\n\t\t\t\t\t\tdata-wp-on--input='actions.onFieldChange'\n\t\t\t\t\t\tdata-wp-on--blur='actions.onFieldBlur'\n\t\t\t\t\t\tdata-wp-class--has-value='state.hasFieldValue'\n\t\t\t\t\t\tdata-wp-bind--aria-invalid='state.fieldHasErrors'\n\t\t\t\t\t\taria-errormessage='g8939-mensagem-textarea-error-message'\n\t\t\t\t\t\tclass='textarea  grunion-field'  ><\/textarea>\n \n\t\t\t<div id=\"g8939-mensagem-textarea-error\" class=\"contact-form__input-error\" data-wp-class--has-errors=\"state.fieldHasErrors\">\n\t\t\t\t<span class=\"contact-form__warning-icon\">\n\t\t\t\t\t<svg width=\"16\" height=\"16\" viewBox=\"0 0 16 16\" fill=\"none\" xmlns=\"http:\/\/www.w3.org\/2000\/svg\">\n\t\t\t\t\t\t<path d=\"M8.50015 11.6402H7.50015V10.6402H8.50015V11.6402Z\" \/>\n\t\t\t\t\t\t<path d=\"M7.50015 9.64018H8.50015V6.30684H7.50015V9.64018Z\" \/>\n\t\t\t\t\t\t<path fill-rule=\"evenodd\" clip-rule=\"evenodd\" d=\"M6.98331 3.0947C7.42933 2.30177 8.57096 2.30177 9.01698 3.09469L13.8771 11.7349C14.3145 12.5126 13.7525 13.4735 12.8602 13.4735H3.14004C2.24774 13.4735 1.68575 12.5126 2.12321 11.7349L6.98331 3.0947ZM8.14541 3.58496C8.08169 3.47168 7.9186 3.47168 7.85488 3.58496L2.99478 12.2251C2.93229 12.3362 3.01257 12.4735 3.14004 12.4735H12.8602C12.9877 12.4735 13.068 12.3362 13.0055 12.2251L8.14541 3.58496Z\" \/>\n\t\t\t\t\t<\/svg>\n\t\t\t\t\t<span class=\"visually-hidden\">Aviso<\/span>\n\t\t\t\t<\/span>\n\t\t\t\t<span data-wp-text=\"state.errorMessage\" id=\"g8939-mensagem-textarea-error-message\" role=\"alert\" aria-live=\"assertive\"><\/span>\n\t\t\t<\/div>\n\t<\/div>\n\t<p class='contact-submit'>\n<div class=\"contact-form__error\" data-wp-class--show-errors=\"state.showFormErrors\"><span class=\"contact-form__warning-icon\"><span class=\"visually-hidden\">Aten\u00e7\u00e3o.<\/span><i aria-hidden=\"true\"><\/i><\/span>\n\t\t\t\t<span data-wp-text=\"state.getFormErrorMessage\"><\/span>\n\t\t\t\t<ul>\n\t\t\t\t<template data-wp-each=\"state.getErrorList\" data-wp-key=\"context.item.id\">\n\t\t\t\t\t<li><a data-wp-bind--href=\"context.item.anchor\" data-wp-on--click=\"actions.scrollIntoView\" data-wp-text=\"context.item.label\"><\/a><\/li>\n\t\t\t\t<\/template>\n\t\t\t\t<\/ul><\/div><div class=\"contact-form__error\" data-wp-class--show-errors=\"state.showSubmissionError\" data-wp-text=\"context.submissionError\"><\/div>\t\t<button type='submit' class='pushbutton-wide'>Enviar<\/button>\t\t<input type='hidden' name='contact-form-id' value='8939' \/>\n\t\t<input type='hidden' name='action' value='grunion-contact-form' \/>\n\t\t<input type='hidden' name='contact-form-hash' value='1ab2447856d6dca41d28084956caecb104009569' \/>\n\t<\/p>\n<p style=\"display: none !important;\" class=\"akismet-fields-container\" data-prefix=\"ak_\"><label>&#916;<textarea name=\"ak_hp_textarea\" cols=\"45\" rows=\"8\" maxlength=\"100\"><\/textarea><\/label><input type=\"hidden\" id=\"ak_js_1\" name=\"ak_js\" value=\"51\"\/><script>document.getElementById( \"ak_js_1\" ).setAttribute( \"value\", ( new Date() ).getTime() );<\/script><\/p><\/form>\n<\/div>\n","protected":false},"excerpt":{"rendered":"<p>Por Anarelli Martinez A Feira Nacional do Doce ter\u00e1 programa\u00e7\u00e3o de 5 a 31 de dezembro Com o objetivo de fomentar a tradi\u00e7\u00e3o doceira de Pelotas, valorizar a arte e cultura local, promover a\u00e7\u00f5es sociais e estimular o com\u00e9rcio local, a C\u00e2mara de Dirigentes Lojistas (CDL) de Pelotas ir\u00e1 promover a Fenadoce &#8211; Especial de &hellip; <\/p>\n<p><a class=\"more-link btn\" href=\"https:\/\/wp.ufpel.edu.br\/artenosul\/2020\/12\/02\/especial-de-natal-da-fenadoce\/\">Continue lendo<\/a><\/p>\n","protected":false},"author":571,"featured_media":8941,"comment_status":"closed","ping_status":"closed","sticky":false,"template":"","format":"standard","meta":{"jetpack_post_was_ever_published":false,"_jetpack_newsletter_access":"","_jetpack_dont_email_post_to_subs":false,"_jetpack_newsletter_tier_id":0,"_jetpack_memberships_contains_paywalled_content":false,"_jetpack_memberships_contains_paid_content":false,"footnotes":"","jetpack_publicize_message":"","jetpack_publicize_feature_enabled":true,"jetpack_social_post_already_shared":true,"jetpack_social_options":{"image_generator_settings":{"template":"highway","default_image_id":0,"font":"","enabled":false},"version":2}},"categories":[88,1],"tags":[1046,231,131],"class_list":["post-8939","post","type-post","status-publish","format-standard","has-post-thumbnail","hentry","category-comunidade","category-noticias","tag-anarelli-martinez","tag-fenadoce","tag-pelotas","nodate","item-wrap"],"jetpack_publicize_connections":[],"jetpack_featured_media_url":"https:\/\/wp.ufpel.edu.br\/artenosul\/files\/2020\/12\/1-1.jpg","jetpack_sharing_enabled":true,"jetpack_likes_enabled":true,"jetpack_shortlink":"https:\/\/wp.me\/p6PuxQ-2kb","jetpack-related-posts":[{"id":8961,"url":"https:\/\/wp.ufpel.edu.br\/artenosul\/2020\/12\/04\/fenadoce-especial-de-fim-de-ano-ate-dia-31-de-dezembro\/","url_meta":{"origin":8939,"position":0},"title":"Fenadoce Especial de Fim de Ano at\u00e9 dia 31 de dezembro","author":"artenosul","date":"4 de dezembro de 2020","format":false,"excerpt":"Por Danieli Schiavon Feira h\u00edbrida e fora de \u00e9poca viabiliza a realiza\u00e7\u00e3o do evento em 2020 A tradicional Feira do Doce de Pelotas n\u00e3o p\u00f4de acontecer em maio deste ano, m\u00eas em que o evento ocorre tradicionalmente e re\u00fane as principais docerias da cidade, shows, apresenta\u00e7\u00f5es art\u00edsticas, parque de divers\u00f5es\u2026","rel":"","context":"Em &quot;COMUNIDADE&quot;","block_context":{"text":"COMUNIDADE","link":"https:\/\/wp.ufpel.edu.br\/artenosul\/category\/comunidade\/"},"img":{"alt_text":"","src":"https:\/\/i0.wp.com\/wp.ufpel.edu.br\/artenosul\/files\/2020\/12\/Doces-finos-tradicionais-de-Pelotas-estarao-a-venda-em-diversos-pontos-da-cidade-Foto-Rafael-Takaki-Reproducao.jpg?resize=350%2C200&ssl=1","width":350,"height":200,"srcset":"https:\/\/i0.wp.com\/wp.ufpel.edu.br\/artenosul\/files\/2020\/12\/Doces-finos-tradicionais-de-Pelotas-estarao-a-venda-em-diversos-pontos-da-cidade-Foto-Rafael-Takaki-Reproducao.jpg?resize=350%2C200&ssl=1 1x, https:\/\/i0.wp.com\/wp.ufpel.edu.br\/artenosul\/files\/2020\/12\/Doces-finos-tradicionais-de-Pelotas-estarao-a-venda-em-diversos-pontos-da-cidade-Foto-Rafael-Takaki-Reproducao.jpg?resize=525%2C300&ssl=1 1.5x, https:\/\/i0.wp.com\/wp.ufpel.edu.br\/artenosul\/files\/2020\/12\/Doces-finos-tradicionais-de-Pelotas-estarao-a-venda-em-diversos-pontos-da-cidade-Foto-Rafael-Takaki-Reproducao.jpg?resize=700%2C400&ssl=1 2x, https:\/\/i0.wp.com\/wp.ufpel.edu.br\/artenosul\/files\/2020\/12\/Doces-finos-tradicionais-de-Pelotas-estarao-a-venda-em-diversos-pontos-da-cidade-Foto-Rafael-Takaki-Reproducao.jpg?resize=1050%2C600&ssl=1 3x, https:\/\/i0.wp.com\/wp.ufpel.edu.br\/artenosul\/files\/2020\/12\/Doces-finos-tradicionais-de-Pelotas-estarao-a-venda-em-diversos-pontos-da-cidade-Foto-Rafael-Takaki-Reproducao.jpg?resize=1400%2C800&ssl=1 4x"},"classes":[]},{"id":29261,"url":"https:\/\/wp.ufpel.edu.br\/artenosul\/2025\/07\/15\/fenadoce-saiba-como-evento-comecou-e-origem-dos-doces-de-pelotas\/","url_meta":{"origin":8939,"position":1},"title":"Fenadoce: saiba como evento come\u00e7ou e origem dos doces de Pelotas","author":"artenosul","date":"15 de julho de 2025","format":false,"excerpt":"Com quase 40 anos de hist\u00f3ria, a Feira Nacional do Doce movimenta a gastronomia, cultura e arte de Pelotas\u00a0 \u00a0 \u00a0 \u00a0 \u00a0\u00a0 Por Bruna Farias\u00a0 \u00a0 \u00a0\u00a0 \u00a0 \u00a0\u00a0\u00a0\u00a0\u00a0\u00a0\u00a0\u00a0\u00a0 Realizada anualmente na cidade de Pelotas, no Rio Grande do Sul, a Fenadoce \u00e9 uma viagem pela identidade gastron\u00f4mica, cultural\u2026","rel":"","context":"Em &quot;COMUNIDADE&quot;","block_context":{"text":"COMUNIDADE","link":"https:\/\/wp.ufpel.edu.br\/artenosul\/category\/comunidade\/"},"img":{"alt_text":"","src":"https:\/\/i0.wp.com\/wp.ufpel.edu.br\/artenosul\/files\/2025\/07\/foto-1-capa.jpg?resize=350%2C200&ssl=1","width":350,"height":200,"srcset":"https:\/\/i0.wp.com\/wp.ufpel.edu.br\/artenosul\/files\/2025\/07\/foto-1-capa.jpg?resize=350%2C200&ssl=1 1x, https:\/\/i0.wp.com\/wp.ufpel.edu.br\/artenosul\/files\/2025\/07\/foto-1-capa.jpg?resize=525%2C300&ssl=1 1.5x, https:\/\/i0.wp.com\/wp.ufpel.edu.br\/artenosul\/files\/2025\/07\/foto-1-capa.jpg?resize=700%2C400&ssl=1 2x, https:\/\/i0.wp.com\/wp.ufpel.edu.br\/artenosul\/files\/2025\/07\/foto-1-capa.jpg?resize=1050%2C600&ssl=1 3x, https:\/\/i0.wp.com\/wp.ufpel.edu.br\/artenosul\/files\/2025\/07\/foto-1-capa.jpg?resize=1400%2C800&ssl=1 4x"},"classes":[]},{"id":10717,"url":"https:\/\/wp.ufpel.edu.br\/artenosul\/2022\/05\/10\/fenadoce-2022-o-retorno-perspectivas-e-programacao\/","url_meta":{"origin":8939,"position":2},"title":"\u201cFenadoce\u00a0 2022, o retorno\u201d: perspectivas e programa\u00e7\u00e3o","author":"artenosul","date":"10 de maio de 2022","format":false,"excerpt":"Por Ronaldo Luis\u00a0\u00a0\u00a0\u00a0 \u201cDoces (re)encontros\u201d \u00e9 o tema da 28\u00aa edi\u00e7\u00e3o da Feira Nacional que ocorre de 3 a 19 de junho \u00a0 Ap\u00f3s adiamento por dois anos consecutivos, em raz\u00e3o da pandemia, a Feira Nacional do Doce (Fenadoce), ter\u00e1 sua 28\u00aa edi\u00e7\u00e3o entre os dias 3 e 19 de\u2026","rel":"","context":"Em &quot;COMUNIDADE&quot;","block_context":{"text":"COMUNIDADE","link":"https:\/\/wp.ufpel.edu.br\/artenosul\/category\/comunidade\/"},"img":{"alt_text":"","src":"https:\/\/i0.wp.com\/wp.ufpel.edu.br\/artenosul\/files\/2022\/05\/Imagem13.jpg?resize=350%2C200&ssl=1","width":350,"height":200},"classes":[]},{"id":13156,"url":"https:\/\/wp.ufpel.edu.br\/artenosul\/2022\/12\/02\/fenadoce-escolhe-nova-corte-para-2023\/","url_meta":{"origin":8939,"position":3},"title":"Fenadoce escolhe nova corte para 2023","author":"artenosul","date":"2 de dezembro de 2022","format":false,"excerpt":"Cerim\u00f4nia elegeu as tr\u00eas novas Baronesas que ir\u00e3o representar a Feira no pr\u00f3ximo ano\u00a0 \u00a0 Por Micael Carvalho\u00a0 \u00a0 \u00a0\u00a0 \u00a0 Na noite do dia 30 de novembro, foi realizada a cerim\u00f4nia de escolha da nova corte da Feira Nacional do Doce, no Centro de Eventos de Pelotas. O evento,\u2026","rel":"","context":"Em &quot;COMUNIDADE&quot;","block_context":{"text":"COMUNIDADE","link":"https:\/\/wp.ufpel.edu.br\/artenosul\/category\/comunidade\/"},"img":{"alt_text":"","src":"https:\/\/i0.wp.com\/wp.ufpel.edu.br\/artenosul\/files\/2022\/12\/Micael-1.jpg?resize=350%2C200&ssl=1","width":350,"height":200,"srcset":"https:\/\/i0.wp.com\/wp.ufpel.edu.br\/artenosul\/files\/2022\/12\/Micael-1.jpg?resize=350%2C200&ssl=1 1x, https:\/\/i0.wp.com\/wp.ufpel.edu.br\/artenosul\/files\/2022\/12\/Micael-1.jpg?resize=525%2C300&ssl=1 1.5x"},"classes":[]},{"id":2709,"url":"https:\/\/wp.ufpel.edu.br\/artenosul\/2016\/06\/02\/fenadoce-celebra-30-anos-em-pelotas\/","url_meta":{"origin":8939,"position":4},"title":"Fenadoce celebra 30 anos","author":"artenosul","date":"2 de junho de 2016","format":false,"excerpt":"- Reportagem de\u00a0Michel Corvello Martins -\u00a0 O evento \u00a0recebe em Pelotas centenas de milhares de pessoas de v\u00e1rias regi\u00f5es - \u00a0 \u00a0 At\u00e9 o dia 12 de junho acontece a Feira Nacional do Doce, a Fenadoce, que teve in\u00edcio no dia 25 de maio em Pelotas. O evento simboliza um\u2026","rel":"","context":"Em &quot;COMUNIDADE&quot;","block_context":{"text":"COMUNIDADE","link":"https:\/\/wp.ufpel.edu.br\/artenosul\/category\/comunidade\/"},"img":{"alt_text":"","src":"https:\/\/i0.wp.com\/wp.ufpel.edu.br\/artenosul\/files\/2016\/06\/29807d7812c1839629234ac377e1c10c-2.jpg?resize=350%2C200&ssl=1","width":350,"height":200,"srcset":"https:\/\/i0.wp.com\/wp.ufpel.edu.br\/artenosul\/files\/2016\/06\/29807d7812c1839629234ac377e1c10c-2.jpg?resize=350%2C200&ssl=1 1x, https:\/\/i0.wp.com\/wp.ufpel.edu.br\/artenosul\/files\/2016\/06\/29807d7812c1839629234ac377e1c10c-2.jpg?resize=525%2C300&ssl=1 1.5x, https:\/\/i0.wp.com\/wp.ufpel.edu.br\/artenosul\/files\/2016\/06\/29807d7812c1839629234ac377e1c10c-2.jpg?resize=700%2C400&ssl=1 2x"},"classes":[]},{"id":11952,"url":"https:\/\/wp.ufpel.edu.br\/artenosul\/2022\/06\/25\/28a-edicao-da-fenadoce-encerra-com-sucesso\/","url_meta":{"origin":8939,"position":5},"title":"28\u00aa edi\u00e7\u00e3o da Fenadoce encerra com sucesso","author":"artenosul","date":"25 de junho de 2022","format":false,"excerpt":"Por Elena Santos\u00a0 \u00a0 \u00a0\u00a0 Evento favorece atividades econ\u00f4micas e art\u00edsticas da regi\u00e3o Ap\u00f3s dois anos de restri\u00e7\u00f5es por conta da pandemia do coronav\u00edrus, houve a retomada da tradicional festa de Pelotas, a Fenadoce, em sua 28\u00aa edi\u00e7\u00e3o, que se estendeu at\u00e9 o \u00faltimo domingo, dia 19 de junho. Contou\u2026","rel":"","context":"Em &quot;COMUNIDADE&quot;","block_context":{"text":"COMUNIDADE","link":"https:\/\/wp.ufpel.edu.br\/artenosul\/category\/comunidade\/"},"img":{"alt_text":"","src":"https:\/\/i0.wp.com\/wp.ufpel.edu.br\/artenosul\/files\/2022\/06\/Rafael-Takaki-9316.jpg?resize=350%2C200&ssl=1","width":350,"height":200,"srcset":"https:\/\/i0.wp.com\/wp.ufpel.edu.br\/artenosul\/files\/2022\/06\/Rafael-Takaki-9316.jpg?resize=350%2C200&ssl=1 1x, https:\/\/i0.wp.com\/wp.ufpel.edu.br\/artenosul\/files\/2022\/06\/Rafael-Takaki-9316.jpg?resize=525%2C300&ssl=1 1.5x, https:\/\/i0.wp.com\/wp.ufpel.edu.br\/artenosul\/files\/2022\/06\/Rafael-Takaki-9316.jpg?resize=700%2C400&ssl=1 2x, https:\/\/i0.wp.com\/wp.ufpel.edu.br\/artenosul\/files\/2022\/06\/Rafael-Takaki-9316.jpg?resize=1050%2C600&ssl=1 3x, https:\/\/i0.wp.com\/wp.ufpel.edu.br\/artenosul\/files\/2022\/06\/Rafael-Takaki-9316.jpg?resize=1400%2C800&ssl=1 4x"},"classes":[]}],"_links":{"self":[{"href":"https:\/\/wp.ufpel.edu.br\/artenosul\/wp-json\/wp\/v2\/posts\/8939","targetHints":{"allow":["GET"]}}],"collection":[{"href":"https:\/\/wp.ufpel.edu.br\/artenosul\/wp-json\/wp\/v2\/posts"}],"about":[{"href":"https:\/\/wp.ufpel.edu.br\/artenosul\/wp-json\/wp\/v2\/types\/post"}],"author":[{"embeddable":true,"href":"https:\/\/wp.ufpel.edu.br\/artenosul\/wp-json\/wp\/v2\/users\/571"}],"replies":[{"embeddable":true,"href":"https:\/\/wp.ufpel.edu.br\/artenosul\/wp-json\/wp\/v2\/comments?post=8939"}],"version-history":[{"count":3,"href":"https:\/\/wp.ufpel.edu.br\/artenosul\/wp-json\/wp\/v2\/posts\/8939\/revisions"}],"predecessor-version":[{"id":8944,"href":"https:\/\/wp.ufpel.edu.br\/artenosul\/wp-json\/wp\/v2\/posts\/8939\/revisions\/8944"}],"wp:featuredmedia":[{"embeddable":true,"href":"https:\/\/wp.ufpel.edu.br\/artenosul\/wp-json\/wp\/v2\/media\/8941"}],"wp:attachment":[{"href":"https:\/\/wp.ufpel.edu.br\/artenosul\/wp-json\/wp\/v2\/media?parent=8939"}],"wp:term":[{"taxonomy":"category","embeddable":true,"href":"https:\/\/wp.ufpel.edu.br\/artenosul\/wp-json\/wp\/v2\/categories?post=8939"},{"taxonomy":"post_tag","embeddable":true,"href":"https:\/\/wp.ufpel.edu.br\/artenosul\/wp-json\/wp\/v2\/tags?post=8939"}],"curies":[{"name":"wp","href":"https:\/\/api.w.org\/{rel}","templated":true}]}}