{"id":8811,"date":"2020-11-06T15:49:31","date_gmt":"2020-11-06T18:49:31","guid":{"rendered":"https:\/\/wp.ufpel.edu.br\/artenosul\/?p=8811"},"modified":"2020-11-06T17:23:56","modified_gmt":"2020-11-06T20:23:56","slug":"estacao-ferrea-e-palco-para-o-moda-pelotas","status":"publish","type":"post","link":"https:\/\/wp.ufpel.edu.br\/artenosul\/2020\/11\/06\/estacao-ferrea-e-palco-para-o-moda-pelotas\/","title":{"rendered":"Esta\u00e7\u00e3o F\u00e9rrea \u00e9 palco para o Moda Pelotas"},"content":{"rendered":"<p style=\"text-align: right\"><strong><span style=\"font-family: arial, helvetica, sans-serif\">Por Anarelli Martinez<\/span><\/strong><\/p>\n<p><em><span style=\"font-family: arial, helvetica, sans-serif\">Desfile gravado em outubro ser\u00e1 exibido na internet nos dias 12 e 13 de novembro<\/span><\/em><\/p>\n<div id=\"attachment_8814\" style=\"width: 500px\" class=\"wp-caption aligncenter\"><img loading=\"lazy\" decoding=\"async\" aria-describedby=\"caption-attachment-8814\" class=\"wp-image-8814 size-medium\" src=\"https:\/\/wp.ufpel.edu.br\/artenosul\/files\/2020\/11\/Moda-Pelotas-1-500x375.jpg\" alt=\"\" width=\"500\" height=\"375\" srcset=\"https:\/\/wp.ufpel.edu.br\/artenosul\/files\/2020\/11\/Moda-Pelotas-1-500x375.jpg 500w, https:\/\/wp.ufpel.edu.br\/artenosul\/files\/2020\/11\/Moda-Pelotas-1-300x225.jpg 300w, https:\/\/wp.ufpel.edu.br\/artenosul\/files\/2020\/11\/Moda-Pelotas-1-768x576.jpg 768w, https:\/\/wp.ufpel.edu.br\/artenosul\/files\/2020\/11\/Moda-Pelotas-1.jpg 800w\" sizes=\"auto, (max-width: 500px) 100vw, 500px\" \/><p id=\"caption-attachment-8814\" class=\"wp-caption-text\"><strong><span style=\"font-family: arial, helvetica, sans-serif;color: #0000ff\">Evento conta com cole\u00e7\u00f5es de 17 institui\u00e7\u00f5es (Foto: Anarelli Martinez)<\/span><\/strong><\/p><\/div>\n<p><span style=\"font-family: arial, helvetica, sans-serif\">O tradicional evento de moda da Regi\u00e3o Sul, o Moda Pelotas, precisou se adaptar ao momento de<br \/>\npandemia e, portanto, apostou no meio virtual. O desfile foi gravado no dia 28 de outubro na Esta\u00e7\u00e3o<br \/>\nF\u00e9rrea de Pelotas e ser\u00e1 veiculado no site www.modapelotas.com.br nos dias 12 e 13 de novembro, a<br \/>\npartir das 21h.<\/span><\/p>\n<p style=\"text-align: justify\"><span style=\"font-family: arial, helvetica, sans-serif\">Segundo o produtor Andre Guerra, o desfile foi baseado nos formatos mundiais de apresenta\u00e7\u00e3o de<br \/>\nnovas cole\u00e7\u00f5es de moda e est\u00e1 sendo um \u201cevento \u00fanico\u201d, com muito trabalho frente aos desafios do<br \/>\nnovo formato e aceita\u00e7\u00e3o do p\u00fablico.<\/span><\/p>\n<p style=\"text-align: justify\"><span style=\"font-family: arial, helvetica, sans-serif\">O Moda Pelotas, que conta com 16 edi\u00e7\u00f5es, neste ano buscou inovar, ressaltando a aceita\u00e7\u00e3o de todos<br \/>\nos biotipos, das diferen\u00e7as e individualidades de cada um. S\u00e3o 17 institui\u00e7\u00f5es, entre marcas, lojas e<br \/>\nestilistas que apresentam as cole\u00e7\u00f5es a serem adquiridas.<\/span><\/p>\n<p style=\"text-align: justify\"><span style=\"font-family: arial, helvetica, sans-serif\">A designer Alexia Kaufmann, propriet\u00e1ria da marca Ak All Sizes, participa do evento pela segunda vez<br \/>\ne apresenta este ano a cole\u00e7\u00e3o Ver\u00e3o 21, em que lan\u00e7a, tamb\u00e9m, o segmento all size, buscando<br \/>\ncontemplar todos os tamanhos de manequins. Para ela, a cole\u00e7\u00e3o tem como objetivo representar corpos<br \/>\nreais fomentando o com\u00e9rcio local e a diversidade. \u201cVestir pessoas de todos os tamanhos \u00e9 algo<br \/>\ngratificante pra mim\u201d.<\/span><\/p>\n<div id=\"attachment_8813\" style=\"width: 500px\" class=\"wp-caption aligncenter\"><img loading=\"lazy\" decoding=\"async\" aria-describedby=\"caption-attachment-8813\" class=\"wp-image-8813 size-medium\" src=\"https:\/\/wp.ufpel.edu.br\/artenosul\/files\/2020\/11\/Moda-Pelotas-2-1-500x375.jpg\" alt=\"\" width=\"500\" height=\"375\" srcset=\"https:\/\/wp.ufpel.edu.br\/artenosul\/files\/2020\/11\/Moda-Pelotas-2-1-500x375.jpg 500w, https:\/\/wp.ufpel.edu.br\/artenosul\/files\/2020\/11\/Moda-Pelotas-2-1-300x225.jpg 300w, https:\/\/wp.ufpel.edu.br\/artenosul\/files\/2020\/11\/Moda-Pelotas-2-1-768x576.jpg 768w, https:\/\/wp.ufpel.edu.br\/artenosul\/files\/2020\/11\/Moda-Pelotas-2-1.jpg 800w\" sizes=\"auto, (max-width: 500px) 100vw, 500px\" \/><p id=\"caption-attachment-8813\" class=\"wp-caption-text\"><strong><span style=\"font-family: arial, helvetica, sans-serif;color: #0000ff\">A marca Al All Sizes lan\u00e7a a cole\u00e7\u00e3o Ver\u00e3o 21 focada na diversidade dos corpos reais (Foto: Anarelli Martinez)<\/span><\/strong><\/p><\/div>\n<p><span style=\"font-family: arial, helvetica, sans-serif\">Para prestigiar o evento no dia 12 de novembro \u00e9 necess\u00e1rio que o p\u00fablico se inscreva com<br \/>\nanteced\u00eancia para ter acesso exclusivo \u00e0s cole\u00e7\u00f5es apresentadas. J\u00e1 no dia 13, o evento ser\u00e1 aberto ao<br \/>\np\u00fablico em geral.<\/span><\/p>\n<p><span style=\"font-family: arial, helvetica, sans-serif\">Os interessados poder\u00e3o adquirir as pe\u00e7as a partir de um <em>lookbook<\/em>, uma esp\u00e9cie de cat\u00e1logo, que estar\u00e1<br \/>\ndispon\u00edvel durante a transmiss\u00e3o.<\/span><\/p>\n<p><a href=\"https:\/\/wp.ufpel.edu.br\/artenosul\"><strong><span style=\"font-family: arial, helvetica, sans-serif;color: #0000ff\">PRIMEIRA P\u00c1GINA <\/span><\/strong><\/a><\/p>\n<p><strong><span style=\"font-family: arial, helvetica, sans-serif;color: #0000ff\">COMENT\u00c1RIOS:\u00a0<\/span><\/strong><\/p>\n<div data-test='contact-form'\n\t\t\tid='contact-form-8811'\n\t\t\tclass='wp-block-jetpack-contact-form-container '\n\t\t\tdata-wp-interactive='jetpack\/form' data-wp-context='{\"formId\":\"8811\",\"formHash\":\"85e721f55ed223b4081882e8e02dd54f409ebca0\",\"showErrors\":false,\"errors\":[],\"fields\":[],\"isMultiStep\":false,\"useAjax\":true,\"submissionData\":null,\"formattedSubmissionData\":[],\"submissionSuccess\":false,\"submissionError\":null,\"elementId\":\"jp-form-85e721f55ed223b4081882e8e02dd54f409ebca0\",\"isSingleInputForm\":false}'\n\t\t\tdata-wp-watch--scroll-to-wrapper=\"callbacks.scrollToWrapper\"\n\t\t>\n<div class=\"contact-form-submission contact-form-ajax-submission\" data-wp-class--submission-success=\"context.submissionSuccess\"><p class=\"go-back-message\"><a class=\"link\" role=\"button\" tabindex=\"0\" data-wp-on--click=\"actions.goBack\" href=\"\/artenosul\/wp-json\/wp\/v2\/posts\/8811\">Voltar<\/a><\/p><h4 id=\"contact-form-success-header\">Sua mensagem foi enviada<\/h4>\n\n<template data-wp-each--submission=\"context.formattedSubmissionData\">\n\t\t\t\t\t<div class=\"jetpack_forms_contact-form-success-summary\">\n\t\t\t\t\t\t<div class=\"field-name\" data-wp-text=\"context.submission.label\" data-wp-bind--hidden=\"!context.submission.label\"><\/div>\n\t\t\t\t\t\t<div class=\"field-value\" data-wp-text=\"context.submission.value\"><\/div>\n\t\t\t\t\t\t<div class=\"field-images\" data-wp-bind--hidden=\"!context.submission.images\">\n\t\t\t\t\t\t\t<template data-wp-each--image=\"context.submission.images\">\n\t\t\t\t\t\t\t\t<figure class=\"field-image\" data-wp-class--is-empty=\"!context.image\">\n\t\t\t\t\t\t\t\t\t<img data-wp-bind--src=\"context.image\" data-wp-bind--hidden=\"!context.image\" \/>\n\t\t\t\t\t\t\t\t\t<img decoding=\"async\" src=\"data:image\/gif;base64,R0lGODlhAQABAAD\/ACwAAAAAAQABAAACADs=\" data-wp-bind--hidden=\"context.image\" \/>\n\t\t\t\t\t\t\t\t<\/figure>\n\t\t\t\t\t\t\t<\/template>\n\t\t\t\t\t\t<\/div>\n\t\t\t\t\t<\/div>\n\t\t\t\t<\/template><\/div><form action='https:\/\/wp.ufpel.edu.br\/artenosul\/2020\/11\/06\/estacao-ferrea-e-palco-para-o-moda-pelotas\/'\n\t\t\t\tid='jp-form-85e721f55ed223b4081882e8e02dd54f409ebca0'\n\t\t\t\tmethod='post'\n\t\t\t\tclass='contact-form commentsblock' aria-label=\"Esta\u00e7\u00e3o F\u00e9rrea \u00e9 palco para o Moda Pelotas\"\n\t\t\t\tdata-wp-on--submit=\"actions.onFormSubmit\"\n\t\t\t\tdata-wp-on--reset=\"actions.onFormReset\"\n\t\t\t\tdata-wp-class--submission-success=\"context.submissionSuccess\"\n\t\t\t\tdata-wp-class--is-first-step=\"state.isFirstStep\"\n\t\t\t\tdata-wp-class--is-last-step=\"state.isLastStep\"\n\t\t\t\tdata-wp-class--is-ajax-form=\"context.useAjax\"\n\t\t\t\tnovalidate >\n<input type='hidden' name='jetpack_contact_form_jwt' value='eyJ0eXAiOiJKV1QiLCJhbGciOiJIUzI1NiJ9.eyJlbmNyeXB0ZWRfYXR0cmlidXRlcyI6InRkRWpZZy9jd1Jubit0a0w2UW1wM3htQXNaU1FZcEIzcjlDK3RlbXlrUlYxUXUxRkJhVFl1dTc0aVp2TzBSQjdZWjBuZTIrQVhaTWg4Q05PWDlaTTY2VnVQdC9hbStJcjdIZWN5Vk9hT2xGVDh4QWFjU3p3UjNKZ0s3NVFGa0hoZE1HZExubW1hTC9aeDNaN3VnNGdtTFVQYWZNYmQ5TENRZUZYTElsc2s2cnY5TVN3aHJLcE5JTWZHOHB0L2I2MjFiZ2p6QXg2UDNod1ZLRUdjbEZhdU4rWkRxVmRJci9tN0FjRWRtQzkzQ29rWkU4RHMyWWFBMWs0aUl3a0RLRk9hNWhzS0JQSTZpSzdQOWZNT3lNL0M0MmN6bm1PTUdlbzY4UzZsZVVIdEtZcnZWMUszWFVvTng2am5ZU3BvTHJTMzNzTnM4OGlOcml5M3R2dWRUclVlQytUNEFRaUE4aUs3d1RNbXdRK2FtdGpadDhKaXN3QWVCaVEvY3YvY1VWZUs3YWxEUmJnRTJERDBIRWo5REdTdUUxdEt6Y0ViY25sa2FGcnZYMzZBdklKUTlBNXgwbllWeVUvMVJQcXBJVk5SN2p3ZE1CemVTdmJQQUJJam9nRzN4Mzg1VFV5SVpIbWdxZElkNXNVVVU4cjRsTXJLZm5pWWNNOTlJUlpSTkpRK3kxbmNUUkNlUGJ2T3R1bC9VRHF3NitkM2QxNEh4UENXL0NPamV3UWFBUFlXRnBVWWhqSXU0VW5Wb2Y0UnVUSFZRaXh5cEFYOWRPMXdpdzFWOHRmYkVjbDVXblZzWk0vTFZwN2JQOXppcVNpMHhGT2k5bWpXOXVMYkxEZDMrMEg3VXBDc2dGcU5TOVpKU1BYWGE0cE5xZ0IrN0lGam15TURiYW1TaGV1THdZaFhxN1RTN3pWZ0pHRWVVQWF2UE9UV0RRRndHQWljT0JnZ2NVWGFvbmVGdkFMbVhuVUFVQ2ttSWM2eFUzSUxUeEUxdUlCWGlwTzdtNE5XK1piNW9tRlpQdXQvdjdWSU5nMkU1T2QwUVNPdy8zclBMbDhkaGdTeFowaDVrcm9yV1hxbmlraVNzeTFGMVU3OVZrV1FJRXR1VmVGNW5JVGxGdHMyQkZadENCUHFIbGx1T3k5K3NMQmRHRjBaQyt2SGh6czBzREZlVmJ0Y2RGQklVOGF0VWNwUXhsVEMvdHloQWt2cVVlWmZPVFE5VHZnNVVTeDZlQ0ZQUFVpR3ljb0kwWjBDdUplS1o4PSIsImNvbnRlbnQiOiJbY29udGFjdC1maWVsZCBsYWJlbD1cIk5vbWVcIiB0eXBlPVwibmFtZVwiXVtjb250YWN0LWZpZWxkIGxhYmVsPVwiRS1tYWlsXCIgdHlwZT1cImVtYWlsXCJdW2NvbnRhY3QtZmllbGQgbGFiZWw9XCJNZW5zYWdlbVwiIHR5cGU9XCJ0ZXh0YXJlYVwiXSIsImhhc2giOiI4NWU3MjFmNTVlZDIyM2I0MDgxODgyZThlMDJkZDU0ZjQwOWViY2EwIiwic291cmNlIjp7ImVudHJ5X3RpdGxlIjoiRXN0YVx1MDBlN1x1MDBlM28gRlx1MDBlOXJyZWEgXHUwMGU5IHBhbGNvIHBhcmEgbyBNb2RhIFBlbG90YXMiLCJlbnRyeV9wYWdlIjoxLCJzb3VyY2VfaWQiOjg4MTEsInNvdXJjZV90eXBlIjoic2luZ2xlIiwicmVxdWVzdF91cmwiOiJodHRwczovL3dwLnVmcGVsLmVkdS5ici9hcnRlbm9zdWwvd3AtanNvbi93cC92Mi9wb3N0cy84ODExIn0sInZlcnNpb24iOjIsImNpcGhlciI6ImFlcy0yNTYtZ2NtIn0.NYWby_lpX4eR0C1CNJHhfSlaVDrfP7pk8dlfmMVVlW4' \/>\n\n<div style=\"\"  data-wp-interactive=\"jetpack\/form\" data-wp-context='{\"fieldId\":\"g8811-nome\",\"fieldType\":\"name\",\"fieldLabel\":\"Nome\",\"fieldValue\":\"\",\"fieldPlaceholder\":\"\",\"fieldIsRequired\":\"\",\"fieldErrorMessage\":\"\",\"fieldExtra\":[],\"formHash\":\"85e721f55ed223b4081882e8e02dd54f409ebca0\"}'  class='grunion-field-name-wrap grunion-field-wrap'  data-wp-init='callbacks.initializeField' data-wp-on--jetpack-form-reset='callbacks.initializeField' >\n<label\n\t\t\t\tfor='g8811-nome' class=\"grunion-field-label name\" >Nome<\/label>\n<input\n\t\t\t\t\ttype='text'\n\t\t\t\t\tname='g8811-nome'\n\t\t\t\t\tid='g8811-nome'\n\t\t\t\t\tvalue=''\n\n\t\t\t\t\tdata-wp-bind--aria-invalid='state.fieldHasErrors'\n\t\t\t\t\tdata-wp-bind--value='state.getFieldValue'\n\t\t\t\t\taria-errormessage='g8811-nome-text-error-message'\n\t\t\t\t\tdata-wp-on--input='actions.onFieldChange'\n\t\t\t\t\tdata-wp-on--blur='actions.onFieldBlur'\n\t\t\t\t\tdata-wp-class--has-value='state.hasFieldValue'\n\n\t\t\t\t\tclass='name  grunion-field' \n\t\t\t\t\t \/>\n \n\t\t\t<div id=\"g8811-nome-text-error\" class=\"contact-form__input-error\" data-wp-class--has-errors=\"state.fieldHasErrors\">\n\t\t\t\t<span class=\"contact-form__warning-icon\">\n\t\t\t\t\t<svg width=\"16\" height=\"16\" viewBox=\"0 0 16 16\" fill=\"none\" xmlns=\"http:\/\/www.w3.org\/2000\/svg\">\n\t\t\t\t\t\t<path d=\"M8.50015 11.6402H7.50015V10.6402H8.50015V11.6402Z\" \/>\n\t\t\t\t\t\t<path d=\"M7.50015 9.64018H8.50015V6.30684H7.50015V9.64018Z\" \/>\n\t\t\t\t\t\t<path fill-rule=\"evenodd\" clip-rule=\"evenodd\" d=\"M6.98331 3.0947C7.42933 2.30177 8.57096 2.30177 9.01698 3.09469L13.8771 11.7349C14.3145 12.5126 13.7525 13.4735 12.8602 13.4735H3.14004C2.24774 13.4735 1.68575 12.5126 2.12321 11.7349L6.98331 3.0947ZM8.14541 3.58496C8.08169 3.47168 7.9186 3.47168 7.85488 3.58496L2.99478 12.2251C2.93229 12.3362 3.01257 12.4735 3.14004 12.4735H12.8602C12.9877 12.4735 13.068 12.3362 13.0055 12.2251L8.14541 3.58496Z\" \/>\n\t\t\t\t\t<\/svg>\n\t\t\t\t\t<span class=\"visually-hidden\">Aviso<\/span>\n\t\t\t\t<\/span>\n\t\t\t\t<span data-wp-text=\"state.errorMessage\" id=\"g8811-nome-text-error-message\" role=\"alert\" aria-live=\"assertive\"><\/span>\n\t\t\t<\/div> \n\t<\/div>\n\n<div style=\"\"  data-wp-interactive=\"jetpack\/form\" data-wp-context='{\"fieldId\":\"g8811-email\",\"fieldType\":\"email\",\"fieldLabel\":\"E-mail\",\"fieldValue\":\"\",\"fieldPlaceholder\":\"\",\"fieldIsRequired\":\"\",\"fieldErrorMessage\":\"\",\"fieldExtra\":[],\"formHash\":\"85e721f55ed223b4081882e8e02dd54f409ebca0\"}'  class='grunion-field-email-wrap grunion-field-wrap'  data-wp-init='callbacks.initializeField' data-wp-on--jetpack-form-reset='callbacks.initializeField' >\n<label\n\t\t\t\tfor='g8811-email' class=\"grunion-field-label email\" >E-mail<\/label>\n<input\n\t\t\t\t\ttype='email'\n\t\t\t\t\tname='g8811-email'\n\t\t\t\t\tid='g8811-email'\n\t\t\t\t\tvalue=''\n\n\t\t\t\t\tdata-wp-bind--aria-invalid='state.fieldHasErrors'\n\t\t\t\t\tdata-wp-bind--value='state.getFieldValue'\n\t\t\t\t\taria-errormessage='g8811-email-email-error-message'\n\t\t\t\t\tdata-wp-on--input='actions.onFieldChange'\n\t\t\t\t\tdata-wp-on--blur='actions.onFieldBlur'\n\t\t\t\t\tdata-wp-class--has-value='state.hasFieldValue'\n\n\t\t\t\t\tclass='email  grunion-field' \n\t\t\t\t\t \/>\n \n\t\t\t<div id=\"g8811-email-email-error\" class=\"contact-form__input-error\" data-wp-class--has-errors=\"state.fieldHasErrors\">\n\t\t\t\t<span class=\"contact-form__warning-icon\">\n\t\t\t\t\t<svg width=\"16\" height=\"16\" viewBox=\"0 0 16 16\" fill=\"none\" xmlns=\"http:\/\/www.w3.org\/2000\/svg\">\n\t\t\t\t\t\t<path d=\"M8.50015 11.6402H7.50015V10.6402H8.50015V11.6402Z\" \/>\n\t\t\t\t\t\t<path d=\"M7.50015 9.64018H8.50015V6.30684H7.50015V9.64018Z\" \/>\n\t\t\t\t\t\t<path fill-rule=\"evenodd\" clip-rule=\"evenodd\" d=\"M6.98331 3.0947C7.42933 2.30177 8.57096 2.30177 9.01698 3.09469L13.8771 11.7349C14.3145 12.5126 13.7525 13.4735 12.8602 13.4735H3.14004C2.24774 13.4735 1.68575 12.5126 2.12321 11.7349L6.98331 3.0947ZM8.14541 3.58496C8.08169 3.47168 7.9186 3.47168 7.85488 3.58496L2.99478 12.2251C2.93229 12.3362 3.01257 12.4735 3.14004 12.4735H12.8602C12.9877 12.4735 13.068 12.3362 13.0055 12.2251L8.14541 3.58496Z\" \/>\n\t\t\t\t\t<\/svg>\n\t\t\t\t\t<span class=\"visually-hidden\">Aviso<\/span>\n\t\t\t\t<\/span>\n\t\t\t\t<span data-wp-text=\"state.errorMessage\" id=\"g8811-email-email-error-message\" role=\"alert\" aria-live=\"assertive\"><\/span>\n\t\t\t<\/div> \n\t<\/div>\n\n<div style=\"\"  data-wp-interactive=\"jetpack\/form\" data-wp-context='{\"fieldId\":\"g8811-mensagem\",\"fieldType\":\"textarea\",\"fieldLabel\":\"Mensagem\",\"fieldValue\":\"\",\"fieldPlaceholder\":\"\",\"fieldIsRequired\":\"\",\"fieldErrorMessage\":\"\",\"fieldExtra\":[],\"formHash\":\"85e721f55ed223b4081882e8e02dd54f409ebca0\"}'  class='grunion-field-textarea-wrap grunion-field-wrap'  data-wp-init='callbacks.initializeField' data-wp-on--jetpack-form-reset='callbacks.initializeField' >\n<label\n\t\t\t\tfor='contact-form-comment-g8811-mensagem' class=\"grunion-field-label textarea\" >Mensagem<\/label>\n<textarea\n\t\t                style=''\n\t\t                name='g8811-mensagem'\n\t\t                id='contact-form-comment-g8811-mensagem'\n\t\t                rows='20'\n\t\t\t\t\t\tdata-wp-text='state.getFieldValue'\n\t\t\t\t\t\tdata-wp-on--input='actions.onFieldChange'\n\t\t\t\t\t\tdata-wp-on--blur='actions.onFieldBlur'\n\t\t\t\t\t\tdata-wp-class--has-value='state.hasFieldValue'\n\t\t\t\t\t\tdata-wp-bind--aria-invalid='state.fieldHasErrors'\n\t\t\t\t\t\taria-errormessage='g8811-mensagem-textarea-error-message'\n\t\t\t\t\t\tclass='textarea  grunion-field'  ><\/textarea>\n \n\t\t\t<div id=\"g8811-mensagem-textarea-error\" class=\"contact-form__input-error\" data-wp-class--has-errors=\"state.fieldHasErrors\">\n\t\t\t\t<span class=\"contact-form__warning-icon\">\n\t\t\t\t\t<svg width=\"16\" height=\"16\" viewBox=\"0 0 16 16\" fill=\"none\" xmlns=\"http:\/\/www.w3.org\/2000\/svg\">\n\t\t\t\t\t\t<path d=\"M8.50015 11.6402H7.50015V10.6402H8.50015V11.6402Z\" \/>\n\t\t\t\t\t\t<path d=\"M7.50015 9.64018H8.50015V6.30684H7.50015V9.64018Z\" \/>\n\t\t\t\t\t\t<path fill-rule=\"evenodd\" clip-rule=\"evenodd\" d=\"M6.98331 3.0947C7.42933 2.30177 8.57096 2.30177 9.01698 3.09469L13.8771 11.7349C14.3145 12.5126 13.7525 13.4735 12.8602 13.4735H3.14004C2.24774 13.4735 1.68575 12.5126 2.12321 11.7349L6.98331 3.0947ZM8.14541 3.58496C8.08169 3.47168 7.9186 3.47168 7.85488 3.58496L2.99478 12.2251C2.93229 12.3362 3.01257 12.4735 3.14004 12.4735H12.8602C12.9877 12.4735 13.068 12.3362 13.0055 12.2251L8.14541 3.58496Z\" \/>\n\t\t\t\t\t<\/svg>\n\t\t\t\t\t<span class=\"visually-hidden\">Aviso<\/span>\n\t\t\t\t<\/span>\n\t\t\t\t<span data-wp-text=\"state.errorMessage\" id=\"g8811-mensagem-textarea-error-message\" role=\"alert\" aria-live=\"assertive\"><\/span>\n\t\t\t<\/div>\n\t<\/div>\n\t<p class='contact-submit'>\n<div class=\"contact-form__error\" data-wp-class--show-errors=\"state.showFormErrors\"><span class=\"contact-form__warning-icon\"><span class=\"visually-hidden\">Aten\u00e7\u00e3o.<\/span><i aria-hidden=\"true\"><\/i><\/span>\n\t\t\t\t<span data-wp-text=\"state.getFormErrorMessage\"><\/span>\n\t\t\t\t<ul>\n\t\t\t\t<template data-wp-each=\"state.getErrorList\" data-wp-key=\"context.item.id\">\n\t\t\t\t\t<li><a data-wp-bind--href=\"context.item.anchor\" data-wp-on--click=\"actions.scrollIntoView\" data-wp-text=\"context.item.label\"><\/a><\/li>\n\t\t\t\t<\/template>\n\t\t\t\t<\/ul><\/div><div class=\"contact-form__error\" data-wp-class--show-errors=\"state.showSubmissionError\" data-wp-text=\"context.submissionError\"><\/div>\t\t<button type='submit' class='pushbutton-wide'>Enviar<\/button>\t\t<input type='hidden' name='contact-form-id' value='8811' \/>\n\t\t<input type='hidden' name='action' value='grunion-contact-form' \/>\n\t\t<input type='hidden' name='contact-form-hash' value='85e721f55ed223b4081882e8e02dd54f409ebca0' \/>\n\t<\/p>\n<p style=\"display: none !important;\" class=\"akismet-fields-container\" data-prefix=\"ak_\"><label>&#916;<textarea name=\"ak_hp_textarea\" cols=\"45\" rows=\"8\" maxlength=\"100\"><\/textarea><\/label><input type=\"hidden\" id=\"ak_js_1\" name=\"ak_js\" value=\"241\"\/><script>document.getElementById( \"ak_js_1\" ).setAttribute( \"value\", ( new Date() ).getTime() );<\/script><\/p><\/form>\n<\/div>\n","protected":false},"excerpt":{"rendered":"<p>Por Anarelli Martinez Desfile gravado em outubro ser\u00e1 exibido na internet nos dias 12 e 13 de novembro O tradicional evento de moda da Regi\u00e3o Sul, o Moda Pelotas, precisou se adaptar ao momento de pandemia e, portanto, apostou no meio virtual. O desfile foi gravado no dia 28 de outubro na Esta\u00e7\u00e3o F\u00e9rrea de &hellip; <\/p>\n<p><a class=\"more-link btn\" href=\"https:\/\/wp.ufpel.edu.br\/artenosul\/2020\/11\/06\/estacao-ferrea-e-palco-para-o-moda-pelotas\/\">Continue lendo<\/a><\/p>\n","protected":false},"author":571,"featured_media":8813,"comment_status":"closed","ping_status":"closed","sticky":false,"template":"","format":"standard","meta":{"jetpack_post_was_ever_published":false,"_jetpack_newsletter_access":"","_jetpack_dont_email_post_to_subs":false,"_jetpack_newsletter_tier_id":0,"_jetpack_memberships_contains_paywalled_content":false,"_jetpack_memberships_contains_paid_content":false,"footnotes":"","jetpack_publicize_message":"","jetpack_publicize_feature_enabled":true,"jetpack_social_post_already_shared":true,"jetpack_social_options":{"image_generator_settings":{"template":"highway","default_image_id":0,"font":"","enabled":false},"version":2}},"categories":[88,1],"tags":[1046,1047,1048,1041,156,158],"class_list":["post-8811","post","type-post","status-publish","format-standard","has-post-thumbnail","hentry","category-comunidade","category-noticias","tag-anarelli-martinez","tag-desfile","tag-diversidade","tag-estacao-ferrea","tag-moda","tag-moda-pelotas","nodate","item-wrap"],"jetpack_publicize_connections":[],"jetpack_featured_media_url":"https:\/\/wp.ufpel.edu.br\/artenosul\/files\/2020\/11\/Moda-Pelotas-2-1.jpg","jetpack_sharing_enabled":true,"jetpack_likes_enabled":true,"jetpack_shortlink":"https:\/\/wp.me\/p6PuxQ-2i7","jetpack-related-posts":[{"id":8792,"url":"https:\/\/wp.ufpel.edu.br\/artenosul\/2020\/11\/03\/novo-espaco-cultural-para-pelotas\/","url_meta":{"origin":8811,"position":0},"title":"Novo espa\u00e7o cultural para Pelotas","author":"artenosul","date":"3 de novembro de 2020","format":false,"excerpt":"Por Rafaela Rosa A Casa de M\u00fasica da Cidade ser\u00e1 na Esta\u00e7\u00e3o F\u00e9rrea; local acolher\u00e1 agenda plural Uma parceria entre Universidade Federal de Pelotas (UFPel), Secretaria Municipal de Cultura (Secult) e Grupo Guanabara render\u00e1 mais um espa\u00e7o cultural \u00e0 Pelotas: a Casa de M\u00fasica da Cidade. Ela estar\u00e1 localizada em\u2026","rel":"","context":"Em &quot;NOT\u00cdCIAS&quot;","block_context":{"text":"NOT\u00cdCIAS","link":"https:\/\/wp.ufpel.edu.br\/artenosul\/category\/noticias\/"},"img":{"alt_text":"","src":"https:\/\/i0.wp.com\/wp.ufpel.edu.br\/artenosul\/files\/2020\/11\/EstacaoFerrea-scaled.jpg?resize=350%2C200&ssl=1","width":350,"height":200,"srcset":"https:\/\/i0.wp.com\/wp.ufpel.edu.br\/artenosul\/files\/2020\/11\/EstacaoFerrea-scaled.jpg?resize=350%2C200&ssl=1 1x, https:\/\/i0.wp.com\/wp.ufpel.edu.br\/artenosul\/files\/2020\/11\/EstacaoFerrea-scaled.jpg?resize=525%2C300&ssl=1 1.5x, https:\/\/i0.wp.com\/wp.ufpel.edu.br\/artenosul\/files\/2020\/11\/EstacaoFerrea-scaled.jpg?resize=700%2C400&ssl=1 2x, https:\/\/i0.wp.com\/wp.ufpel.edu.br\/artenosul\/files\/2020\/11\/EstacaoFerrea-scaled.jpg?resize=1050%2C600&ssl=1 3x, https:\/\/i0.wp.com\/wp.ufpel.edu.br\/artenosul\/files\/2020\/11\/EstacaoFerrea-scaled.jpg?resize=1400%2C800&ssl=1 4x"},"classes":[]},{"id":468,"url":"https:\/\/wp.ufpel.edu.br\/artenosul\/2015\/11\/24\/moda-pelotas-revela-talentos-locais-desde-2002\/","url_meta":{"origin":8811,"position":1},"title":"Moda Pelotas revela talentos locais desde 2002","author":"artenosul","date":"24 de novembro de 2015","format":false,"excerpt":"Reportagem de Brunna Vitoria e Manoela Bohlmann Duarte -\u00a0 O Moda Pelotas surgiu em 2002 e foi respons\u00e1vel durante dez anos pelos lan\u00e7amentos, abertura de mercado de trabalho e desenvolvimento da moda na regi\u00e3o. Ap\u00f3s uma breve pausa, o evento voltou em 2014. Al\u00e9m dos desfiles de marcas j\u00e1 consagradas,\u2026","rel":"","context":"Em &quot;COMUNIDADE&quot;","block_context":{"text":"COMUNIDADE","link":"https:\/\/wp.ufpel.edu.br\/artenosul\/category\/comunidade\/"},"img":{"alt_text":"Mario Junior com os dois looks apresentados no concurso Talentos de Moda","src":"https:\/\/i0.wp.com\/wp.ufpel.edu.br\/artenosul\/files\/2015\/11\/Brunna-424x203.jpg?resize=350%2C200&ssl=1","width":350,"height":200,"srcset":"https:\/\/i0.wp.com\/wp.ufpel.edu.br\/artenosul\/files\/2015\/11\/Brunna-424x203.jpg?resize=350%2C200&ssl=1 1x, https:\/\/i0.wp.com\/wp.ufpel.edu.br\/artenosul\/files\/2015\/11\/Brunna-424x203.jpg?resize=525%2C300&ssl=1 1.5x, https:\/\/i0.wp.com\/wp.ufpel.edu.br\/artenosul\/files\/2015\/11\/Brunna-424x203.jpg?resize=700%2C400&ssl=1 2x"},"classes":[]},{"id":3016,"url":"https:\/\/wp.ufpel.edu.br\/artenosul\/2016\/06\/24\/som-e-gastronomia-contra-desperdicio\/","url_meta":{"origin":8811,"position":2},"title":"Festa contra o desperd\u00edcio","author":"artenosul","date":"24 de junho de 2016","format":false,"excerpt":"\u00a0 - Reportagem de Diogo Funari, Gislene Farion e Lu\u00eds Ot\u00e1vio Schebek - Disco Xepa e Comida de Rua re\u00fanem pelotenses e turistas no Largo da Esta\u00e7\u00e3o F\u00e9rrea As atividades da segunda edi\u00e7\u00e3o do Festival de Gastronomia da Fenadoce movimentaram o s\u00e1bado, dia 12 de junho, no Largo da Esta\u00e7\u00e3o\u2026","rel":"","context":"Em &quot;COMUNIDADE&quot;","block_context":{"text":"COMUNIDADE","link":"https:\/\/wp.ufpel.edu.br\/artenosul\/category\/comunidade\/"},"img":{"alt_text":"","src":"https:\/\/i0.wp.com\/wp.ufpel.edu.br\/artenosul\/files\/2016\/06\/Sem-t%C3%ADtulo3.png?resize=350%2C200&ssl=1","width":350,"height":200},"classes":[]},{"id":13280,"url":"https:\/\/wp.ufpel.edu.br\/artenosul\/2023\/02\/16\/escolas-de-samba-e-blocos-no-carnaval-de-pelotas\/","url_meta":{"origin":8811,"position":3},"title":"Escolas de Samba e Blocos no Carnaval de Pelotas","author":"artenosul","date":"16 de fevereiro de 2023","format":false,"excerpt":"Prefeitura e Associa\u00e7\u00e3o das Entidades Carnavalescas promovem desfiles entre 24 e 26 de fevereiro, 17 de mar\u00e7o, e os blocos de rua animam a cidade com programa\u00e7\u00e3o em v\u00e1rias datas Por Kaique Cangirana\u00a0 \u00a0 \u00a0 \u00a0 A Prefeitura Municipal de Pelotas, junto \u00e0 Associa\u00e7\u00e3o das Entidades Carnavalescas de Pelotas (Assecap)\u2026","rel":"","context":"Em &quot;COMUNIDADE&quot;","block_context":{"text":"COMUNIDADE","link":"https:\/\/wp.ufpel.edu.br\/artenosul\/category\/comunidade\/"},"img":{"alt_text":"","src":"https:\/\/i0.wp.com\/wp.ufpel.edu.br\/artenosul\/files\/2023\/02\/159233_070dc21c450f821.jpg?resize=350%2C200&ssl=1","width":350,"height":200,"srcset":"https:\/\/i0.wp.com\/wp.ufpel.edu.br\/artenosul\/files\/2023\/02\/159233_070dc21c450f821.jpg?resize=350%2C200&ssl=1 1x, https:\/\/i0.wp.com\/wp.ufpel.edu.br\/artenosul\/files\/2023\/02\/159233_070dc21c450f821.jpg?resize=525%2C300&ssl=1 1.5x"},"classes":[]},{"id":4989,"url":"https:\/\/wp.ufpel.edu.br\/artenosul\/2017\/03\/19\/despedida-do-carnaval\/","url_meta":{"origin":8811,"position":4},"title":"Despedida do Carnaval","author":"artenosul","date":"19 de mar\u00e7o de 2017","format":false,"excerpt":"Reportagem de Naiara Khastasmokia - Mesmo ap\u00f3s o t\u00e9rmino das festas do Momo, a Xavabanda agitou no domingo - \u00a0\u00a0\u00a0\u00a0 No domingo, dia 12 de mar\u00e7o, em Pelotas, a Banda Carnavalesca XavaBanda transformou a Rua General Neto em sua passarela. Um grande p\u00fablico acompanhou a escola em seu desfile que\u2026","rel":"","context":"Em &quot;COMUNIDADE&quot;","block_context":{"text":"COMUNIDADE","link":"https:\/\/wp.ufpel.edu.br\/artenosul\/category\/comunidade\/"},"img":{"alt_text":"","src":"https:\/\/i0.wp.com\/wp.ufpel.edu.br\/artenosul\/files\/2017\/03\/Naiara2-e1499520496978.jpg?resize=350%2C200&ssl=1","width":350,"height":200,"srcset":"https:\/\/i0.wp.com\/wp.ufpel.edu.br\/artenosul\/files\/2017\/03\/Naiara2-e1499520496978.jpg?resize=350%2C200&ssl=1 1x, https:\/\/i0.wp.com\/wp.ufpel.edu.br\/artenosul\/files\/2017\/03\/Naiara2-e1499520496978.jpg?resize=525%2C300&ssl=1 1.5x"},"classes":[]},{"id":26329,"url":"https:\/\/wp.ufpel.edu.br\/artenosul\/2024\/02\/10\/janeiro-termina-com-23a-edicao-da-feira-da-estacao\/","url_meta":{"origin":8811,"position":5},"title":"Janeiro termina com 23\u00aa edi\u00e7\u00e3o da Feira da Esta\u00e7\u00e3o","author":"artenosul","date":"10 de fevereiro de 2024","format":false,"excerpt":"Iniciativa acontece desde 2022 e visa incentivar artesanato e empreendedorismo local\u00a0\u00a0\u00a0\u00a0 Por Caroline Garcia Quincozes\u00a0\u00a0\u00a0\u00a0\u00a0\u00a0\u00a0 \u00a0 \u00a0 Na sexta-feira (dia 26 de janeiro), as pessoas que circulavam pela Pra\u00e7a Coronel Pedro Os\u00f3rio tiveram a oportunidade de conferir os produtos confeccionados e comercializados pelos expositores independentes de Pelotas, na 23\u00aa Feira\u2026","rel":"","context":"Em &quot;COMUNIDADE&quot;","block_context":{"text":"COMUNIDADE","link":"https:\/\/wp.ufpel.edu.br\/artenosul\/category\/comunidade\/"},"img":{"alt_text":"","src":"https:\/\/i0.wp.com\/wp.ufpel.edu.br\/artenosul\/files\/2024\/02\/Caxi-Art.jpeg?resize=350%2C200&ssl=1","width":350,"height":200,"srcset":"https:\/\/i0.wp.com\/wp.ufpel.edu.br\/artenosul\/files\/2024\/02\/Caxi-Art.jpeg?resize=350%2C200&ssl=1 1x, https:\/\/i0.wp.com\/wp.ufpel.edu.br\/artenosul\/files\/2024\/02\/Caxi-Art.jpeg?resize=525%2C300&ssl=1 1.5x, https:\/\/i0.wp.com\/wp.ufpel.edu.br\/artenosul\/files\/2024\/02\/Caxi-Art.jpeg?resize=700%2C400&ssl=1 2x, https:\/\/i0.wp.com\/wp.ufpel.edu.br\/artenosul\/files\/2024\/02\/Caxi-Art.jpeg?resize=1050%2C600&ssl=1 3x, https:\/\/i0.wp.com\/wp.ufpel.edu.br\/artenosul\/files\/2024\/02\/Caxi-Art.jpeg?resize=1400%2C800&ssl=1 4x"},"classes":[]}],"_links":{"self":[{"href":"https:\/\/wp.ufpel.edu.br\/artenosul\/wp-json\/wp\/v2\/posts\/8811","targetHints":{"allow":["GET"]}}],"collection":[{"href":"https:\/\/wp.ufpel.edu.br\/artenosul\/wp-json\/wp\/v2\/posts"}],"about":[{"href":"https:\/\/wp.ufpel.edu.br\/artenosul\/wp-json\/wp\/v2\/types\/post"}],"author":[{"embeddable":true,"href":"https:\/\/wp.ufpel.edu.br\/artenosul\/wp-json\/wp\/v2\/users\/571"}],"replies":[{"embeddable":true,"href":"https:\/\/wp.ufpel.edu.br\/artenosul\/wp-json\/wp\/v2\/comments?post=8811"}],"version-history":[{"count":3,"href":"https:\/\/wp.ufpel.edu.br\/artenosul\/wp-json\/wp\/v2\/posts\/8811\/revisions"}],"predecessor-version":[{"id":8828,"href":"https:\/\/wp.ufpel.edu.br\/artenosul\/wp-json\/wp\/v2\/posts\/8811\/revisions\/8828"}],"wp:featuredmedia":[{"embeddable":true,"href":"https:\/\/wp.ufpel.edu.br\/artenosul\/wp-json\/wp\/v2\/media\/8813"}],"wp:attachment":[{"href":"https:\/\/wp.ufpel.edu.br\/artenosul\/wp-json\/wp\/v2\/media?parent=8811"}],"wp:term":[{"taxonomy":"category","embeddable":true,"href":"https:\/\/wp.ufpel.edu.br\/artenosul\/wp-json\/wp\/v2\/categories?post=8811"},{"taxonomy":"post_tag","embeddable":true,"href":"https:\/\/wp.ufpel.edu.br\/artenosul\/wp-json\/wp\/v2\/tags?post=8811"}],"curies":[{"name":"wp","href":"https:\/\/api.w.org\/{rel}","templated":true}]}}