{"id":8771,"date":"2020-10-29T19:01:58","date_gmt":"2020-10-29T22:01:58","guid":{"rendered":"https:\/\/wp.ufpel.edu.br\/artenosul\/?p=8771"},"modified":"2020-10-30T16:10:12","modified_gmt":"2020-10-30T19:10:12","slug":"musica-e-bom-humor-de-baterista","status":"publish","type":"post","link":"https:\/\/wp.ufpel.edu.br\/artenosul\/2020\/10\/29\/musica-e-bom-humor-de-baterista\/","title":{"rendered":"M\u00fasica e bom humor de baterista"},"content":{"rendered":"<p style=\"text-align: right\"><strong><span style=\"font-family: arial, helvetica, sans-serif\">Por Rafaela Martins dos Santos<\/span><\/strong><\/p>\n<p><em><span style=\"font-family: arial, helvetica, sans-serif\">Conhe\u00e7a os v\u00eddeos de Gabriel Faro durante a quarentena<\/span><\/em><\/p>\n<p><span style=\"font-family: arial, helvetica, sans-serif\">J\u00e1 parou para pensar quais s\u00e3o os maiores desafios de um baterista na quarentena? Se essa d\u00favida nunca passou pela sua cabe\u00e7a, ent\u00e3o voc\u00ea precisa conhecer o Instagram do m\u00fasico pelotense, Gabriel Faro. Em v\u00eddeos curtos, de pouco mais de um minuto, Gabriel apresenta situa\u00e7\u00f5es inusitadas, que unem m\u00fasica e humor.<\/span><\/p>\n<p><span style=\"font-family: arial, helvetica, sans-serif\">Gabriel Faro \u00e9 estudante do nono semestre de Composi\u00e7\u00e3o Musical na Universidade Federal de Pelotas (UFPel) e tem investido na criatividade para ganhar espa\u00e7o nas redes sociais. O projeto de <strong><a href=\"https:\/\/www.instagram.com\/p\/CE0GYkvAZwr\" target=\"_blank\" rel=\"noopener noreferrer\">v\u00eddeos publicados no Instagra<\/a>m<\/strong>, conta a rotina de Faro de um jeito um tanto quanto inusitado. \u201cEu comecei a analisar que \u00e9 quase como se fosse uma cr\u00f4nica. O cronista tem essa quest\u00e3o do dia a dia e \u00e9 mais ou menos o que eu fa\u00e7o nos v\u00eddeos. E acho que as pessoas se identificaram com isso\u201d, contou Gabriel.<\/span><\/p>\n<p><span style=\"font-family: arial, helvetica, sans-serif\">A ideia tem dado certo, e ele vem conquistando visibilidade at\u00e9 mesmo internacional com seus v\u00eddeos. \u201cEu consegui umas coisas que eu nem imaginava que eu fosse conseguir, tipo viralizar um v\u00eddeo tocando bateria\u201d, comentou Gabriel sobre o epis\u00f3dio em que ele toca bateria vestindo uma fantasia de <\/span><span style=\"font-family: arial, helvetica, sans-serif\">dinossauro, v\u00eddeo que chegou ao marco de 26,4 mil visualiza\u00e7\u00f5es.<\/span><\/p>\n<p><span style=\"font-family: arial, helvetica, sans-serif\">A produ\u00e7\u00e3o \u00e9 toda pr\u00f3pria, incluindo roteiro, composi\u00e7\u00e3o das m\u00fasicas, filmagem e edi\u00e7\u00e3o. A \u00fanica ajuda que ele recebe, vem das participa\u00e7\u00f5es que a fam\u00edlia faz. Sua av\u00f3 \u00e9 presen\u00e7a <strong><a href=\"https:\/\/www.instagram.com\/p\/CCj6BhegfkB\/\" target=\"_blank\" rel=\"noopener noreferrer\">especial nas produ\u00e7\u00f5es<\/a><\/strong>. \u201cEu botei ela meio para descontrair, sabe?! Porque t\u00e1 todo mundo nessa de n\u00e3o poder sair, principalmente ela que j\u00e1 \u00e9 idosa, ent\u00e3o isso ajuda a descontrair, e ela adora fazer\u201d, explicou.<\/span><\/p>\n<p><span style=\"font-family: arial, helvetica, sans-serif\">E ela vem fazendo sucesso com o p\u00fablico: \u201c\u00c0s vezes os caras comentam nos meus v\u00eddeos: Ah, que legal, mas cad\u00ea tua av\u00f3?\u201d. Al\u00e9m dela, a m\u00e3e e at\u00e9 o cachorro j\u00e1 fizeram participa\u00e7\u00f5es, \u201co \u00fanico que eu n\u00e3o consegui convencer ainda \u00e9 o meu av\u00f4\u201d.<\/span><\/p>\n<p><span style=\"font-family: arial, helvetica, sans-serif\"> Um detalhe importante dos v\u00eddeos \u00e9 que as m\u00fasicas s\u00e3o todas autorais. Composi\u00e7\u00f5es pr\u00f3prias, que servem como projetos de experimento para o estudante. \u201c\u00c9 uma coisa que eu sempre prezei, tem a quest\u00e3o do humor, mas eu sempre prezo pela quest\u00e3o musical ser de bastante qualidade, eu sempre tenho que estar tocando de uma maneira que eu me sinta satisfeito\u201d, pontua o m\u00fasico.<\/span><\/p>\n<p><span style=\"font-family: arial, helvetica, sans-serif\">Para o futuro, o baterista j\u00e1 tem ideias a serem exploradas. \u201cEu queria fazer v\u00eddeo na rua, em lugares inusitados. Eu ainda tenho planos de testar v\u00e1rias ac\u00fasticas em Pelotas\u201d, ele adiantou. Para ver mais dessas produ\u00e7\u00f5es e acompanhar o trabalho do Gabriel, \u00e9 s\u00f3 buscar pelo perfil @gabrielfarod no Instagram.<\/span><\/p>\n<div id=\"attachment_8773\" style=\"width: 500px\" class=\"wp-caption aligncenter\"><img loading=\"lazy\" decoding=\"async\" aria-describedby=\"caption-attachment-8773\" class=\"wp-image-8773 size-medium\" src=\"https:\/\/wp.ufpel.edu.br\/artenosul\/files\/2020\/10\/WhatsApp-Image-2020-10-26-at-12.47.55-500x333.jpeg\" alt=\"\" width=\"500\" height=\"333\" srcset=\"https:\/\/wp.ufpel.edu.br\/artenosul\/files\/2020\/10\/WhatsApp-Image-2020-10-26-at-12.47.55-500x333.jpeg 500w, https:\/\/wp.ufpel.edu.br\/artenosul\/files\/2020\/10\/WhatsApp-Image-2020-10-26-at-12.47.55-300x200.jpeg 300w, https:\/\/wp.ufpel.edu.br\/artenosul\/files\/2020\/10\/WhatsApp-Image-2020-10-26-at-12.47.55-768x512.jpeg 768w, https:\/\/wp.ufpel.edu.br\/artenosul\/files\/2020\/10\/WhatsApp-Image-2020-10-26-at-12.47.55.jpeg 828w\" sizes=\"auto, (max-width: 500px) 100vw, 500px\" \/><p id=\"caption-attachment-8773\" class=\"wp-caption-text\"><span style=\"font-family: arial, helvetica, sans-serif\"><strong><span style=\"color: #0000ff\">Gabriel Faro divulga composi\u00e7\u00f5es pr\u00f3prias atrav\u00e9s dos v\u00eddeos inusitados<\/span><\/strong><\/span><\/p><\/div>\n<p><span style=\"font-family: arial, helvetica, sans-serif\"><a href=\"https:\/\/wp.ufpel.edu.br\/artenosul\"><span style=\"color: #0000ff\"><strong>PRIMEIRA P\u00c1GINA<\/strong><\/span><\/a><\/span><\/p>\n<p><span style=\"font-family: arial, helvetica, sans-serif\"><strong><span style=\"color: #0000ff\">COMENT\u00c1RIOS:\u00a0<\/span><\/strong><\/span><\/p>\n<div data-test='contact-form'\n\t\t\tid='contact-form-8771'\n\t\t\tclass='wp-block-jetpack-contact-form-container '\n\t\t\tdata-wp-interactive='jetpack\/form' data-wp-context='{\"formId\":\"8771\",\"formHash\":\"9b6ad7484bdf5abb15652da72764138e58776ee8\",\"showErrors\":false,\"errors\":[],\"fields\":[],\"isMultiStep\":false,\"useAjax\":true,\"submissionData\":null,\"formattedSubmissionData\":[],\"submissionSuccess\":false,\"submissionError\":null,\"elementId\":\"jp-form-9b6ad7484bdf5abb15652da72764138e58776ee8\",\"isSingleInputForm\":false}'\n\t\t\tdata-wp-watch--scroll-to-wrapper=\"callbacks.scrollToWrapper\"\n\t\t>\n<div class=\"contact-form-submission contact-form-ajax-submission\" data-wp-class--submission-success=\"context.submissionSuccess\"><p class=\"go-back-message\"><a class=\"link\" role=\"button\" tabindex=\"0\" data-wp-on--click=\"actions.goBack\" href=\"\/artenosul\/wp-json\/wp\/v2\/posts\/8771\">Voltar<\/a><\/p><h4 id=\"contact-form-success-header\">Sua mensagem foi enviada<\/h4>\n\n<template data-wp-each--submission=\"context.formattedSubmissionData\">\n\t\t\t\t\t<div class=\"jetpack_forms_contact-form-success-summary\">\n\t\t\t\t\t\t<div class=\"field-name\" data-wp-text=\"context.submission.label\" data-wp-bind--hidden=\"!context.submission.label\"><\/div>\n\t\t\t\t\t\t<div class=\"field-value\" data-wp-text=\"context.submission.value\"><\/div>\n\t\t\t\t\t\t<div class=\"field-images\" data-wp-bind--hidden=\"!context.submission.images\">\n\t\t\t\t\t\t\t<template data-wp-each--image=\"context.submission.images\">\n\t\t\t\t\t\t\t\t<figure class=\"field-image\" data-wp-class--is-empty=\"!context.image\">\n\t\t\t\t\t\t\t\t\t<img data-wp-bind--src=\"context.image\" data-wp-bind--hidden=\"!context.image\" \/>\n\t\t\t\t\t\t\t\t\t<img decoding=\"async\" src=\"data:image\/gif;base64,R0lGODlhAQABAAD\/ACwAAAAAAQABAAACADs=\" data-wp-bind--hidden=\"context.image\" \/>\n\t\t\t\t\t\t\t\t<\/figure>\n\t\t\t\t\t\t\t<\/template>\n\t\t\t\t\t\t<\/div>\n\t\t\t\t\t<\/div>\n\t\t\t\t<\/template><\/div><form action='https:\/\/wp.ufpel.edu.br\/artenosul\/2020\/10\/29\/musica-e-bom-humor-de-baterista\/'\n\t\t\t\tid='jp-form-9b6ad7484bdf5abb15652da72764138e58776ee8'\n\t\t\t\tmethod='post'\n\t\t\t\tclass='contact-form commentsblock' aria-label=\"M\u00fasica e bom humor de baterista\"\n\t\t\t\tdata-wp-on--submit=\"actions.onFormSubmit\"\n\t\t\t\tdata-wp-on--reset=\"actions.onFormReset\"\n\t\t\t\tdata-wp-class--submission-success=\"context.submissionSuccess\"\n\t\t\t\tdata-wp-class--is-first-step=\"state.isFirstStep\"\n\t\t\t\tdata-wp-class--is-last-step=\"state.isLastStep\"\n\t\t\t\tdata-wp-class--is-ajax-form=\"context.useAjax\"\n\t\t\t\tnovalidate >\n<input type='hidden' name='jetpack_contact_form_jwt' value='eyJ0eXAiOiJKV1QiLCJhbGciOiJIUzI1NiJ9.eyJlbmNyeXB0ZWRfYXR0cmlidXRlcyI6Ik5uRGJrcWU2Y3hqUytSM2UxdnplVGZRVkhVRm9zblpBSmlrRGxPdklyS1lIbjFSMGcvdVVxQmtsNXBQZEl4a2ZQMnN5NThFNFU2dFoxVE05djgyYkpwUWM5YkdtU2VWTnFyY01yWUdBV3ZrS3ZsV3pBam9mdWdBdWxtQW1UM3lVaWp1L2RZYUhuRVJkdHM4bW1hb2FCUUk0RjJTNm81MnVrYmxSQUFuRkc0TDExZmpyMzY1dStKeHlsNXlpYWFoRHhVQUQwWXZQWUhKbUhkUS9LdnkvR3JoRzBKUGsvN3lwTWViWkhCT3pYdi9JRmVvUjhHNThQU0hsNHljalJ6N3V3UkdNYUFVNUFnTVY4Q0ZzalRVUm1OcG5DejNBbzA1R2taTVd1REUwZGNKcVh2STk3RWxDL0Y4Q2RCUDFaWjk5V0NOeHpZOTFlSTBsUVFrSXErR2VTM3ZheVp1ODFJK2JBd3duY0hKenN4djltZ2wxUzRwWmFlcDVyU254UkNEeUNmS3Z0c0tXaXIxM1FOOTY4SjZhUGR5c0FrRUY4UXVLTjlyWVNrclM0U2lYei9YZUJxSjBrOWUrK2UwdFpydmUwZmowTzVqZ0Fqa0NYU0N6My9nUzVxdyt5aEtFdGRxaGZVa1cxbDVkS3gxT3ZTdVlQK1B1czF5TXpYQjM0QlN5VmF6NFNOMlZGYnlmM3A5ZVlRa0FOdFU4TUtlWHh0RzFMOUIzM0EwSCtrbi83R21vTm1oOHNocG8rc0t2S29ub0k0MHRUSDFkRnM5MENBcjlHb2JaNm9CZlM4WWJiRnpNK2ZQNzFBVi9xWG5RWmNKZm1XTmhadUI2RS9rSVpKZzE5ZkliQUVxcjVyOWphQ2MzQ1U1ZXVjaE53bzEyb28rZEtDdktidUg5NzY3TDNIMnJrdUNUQ1dUQmJ6SDhOTUNmQXA3TmVUSGJXZXBRWldOSVdoWk9OT1pDNmZ2L1htV0xoWTYxYThkVjc2VkJHdk5ta0lrVGpsdXl2bTczQlFGZzUzanFtWGZOSVIralYvUnZqU210MEh6d3JwdzlwWGtzT0szMmVVSm5ueVhCcFd0YjlUdGtwQTU5cHFiTndhK1ErY3VjSTlBQlRiSDhuR0JNZEhpWnA1aG1sdUt5OXI3b0RGdDVTQ2xidExiZWptVndUdElFL2M4OHB2M0FTdHBxeXRmWG1OVWcyNUxjUjJxYyIsImNvbnRlbnQiOiJbY29udGFjdC1maWVsZCBsYWJlbD1cIk5vbWVcIiB0eXBlPVwibmFtZVwiXVtjb250YWN0LWZpZWxkIGxhYmVsPVwiRS1tYWlsXCIgdHlwZT1cImVtYWlsXCJdW2NvbnRhY3QtZmllbGQgbGFiZWw9XCJNZW5zYWdlbVwiIHR5cGU9XCJ0ZXh0YXJlYVwiXSIsImhhc2giOiI5YjZhZDc0ODRiZGY1YWJiMTU2NTJkYTcyNzY0MTM4ZTU4Nzc2ZWU4Iiwic291cmNlIjp7ImVudHJ5X3RpdGxlIjoiTVx1MDBmYXNpY2EgZSBib20gaHVtb3IgZGUgYmF0ZXJpc3RhIiwiZW50cnlfcGFnZSI6MSwic291cmNlX2lkIjo4NzcxLCJzb3VyY2VfdHlwZSI6InNpbmdsZSIsInJlcXVlc3RfdXJsIjoiaHR0cHM6Ly93cC51ZnBlbC5lZHUuYnIvYXJ0ZW5vc3VsL3dwLWpzb24vd3AvdjIvcG9zdHMvODc3MSJ9LCJ2ZXJzaW9uIjoyLCJjaXBoZXIiOiJhZXMtMjU2LWdjbSJ9.hE5J0mIuSYjJgkeTl6SncJ638xBW1LpJMwA02LTm3pk' \/>\n\n<div style=\"\"  data-wp-interactive=\"jetpack\/form\" data-wp-context='{\"fieldId\":\"g8771-nome\",\"fieldType\":\"name\",\"fieldLabel\":\"Nome\",\"fieldValue\":\"\",\"fieldPlaceholder\":\"\",\"fieldIsRequired\":\"\",\"fieldErrorMessage\":\"\",\"fieldExtra\":[],\"formHash\":\"9b6ad7484bdf5abb15652da72764138e58776ee8\"}'  class='grunion-field-name-wrap grunion-field-wrap'  data-wp-init='callbacks.initializeField' data-wp-on--jetpack-form-reset='callbacks.initializeField' >\n<label\n\t\t\t\tfor='g8771-nome' class=\"grunion-field-label name\" >Nome<\/label>\n<input\n\t\t\t\t\ttype='text'\n\t\t\t\t\tname='g8771-nome'\n\t\t\t\t\tid='g8771-nome'\n\t\t\t\t\tvalue=''\n\n\t\t\t\t\tdata-wp-bind--aria-invalid='state.fieldHasErrors'\n\t\t\t\t\tdata-wp-bind--value='state.getFieldValue'\n\t\t\t\t\taria-errormessage='g8771-nome-text-error-message'\n\t\t\t\t\tdata-wp-on--input='actions.onFieldChange'\n\t\t\t\t\tdata-wp-on--blur='actions.onFieldBlur'\n\t\t\t\t\tdata-wp-class--has-value='state.hasFieldValue'\n\n\t\t\t\t\tclass='name  grunion-field' \n\t\t\t\t\t \/>\n \n\t\t\t<div id=\"g8771-nome-text-error\" class=\"contact-form__input-error\" data-wp-class--has-errors=\"state.fieldHasErrors\">\n\t\t\t\t<span class=\"contact-form__warning-icon\">\n\t\t\t\t\t<svg width=\"16\" height=\"16\" viewBox=\"0 0 16 16\" fill=\"none\" xmlns=\"http:\/\/www.w3.org\/2000\/svg\">\n\t\t\t\t\t\t<path d=\"M8.50015 11.6402H7.50015V10.6402H8.50015V11.6402Z\" \/>\n\t\t\t\t\t\t<path d=\"M7.50015 9.64018H8.50015V6.30684H7.50015V9.64018Z\" \/>\n\t\t\t\t\t\t<path fill-rule=\"evenodd\" clip-rule=\"evenodd\" d=\"M6.98331 3.0947C7.42933 2.30177 8.57096 2.30177 9.01698 3.09469L13.8771 11.7349C14.3145 12.5126 13.7525 13.4735 12.8602 13.4735H3.14004C2.24774 13.4735 1.68575 12.5126 2.12321 11.7349L6.98331 3.0947ZM8.14541 3.58496C8.08169 3.47168 7.9186 3.47168 7.85488 3.58496L2.99478 12.2251C2.93229 12.3362 3.01257 12.4735 3.14004 12.4735H12.8602C12.9877 12.4735 13.068 12.3362 13.0055 12.2251L8.14541 3.58496Z\" \/>\n\t\t\t\t\t<\/svg>\n\t\t\t\t\t<span class=\"visually-hidden\">Aviso<\/span>\n\t\t\t\t<\/span>\n\t\t\t\t<span data-wp-text=\"state.errorMessage\" id=\"g8771-nome-text-error-message\" role=\"alert\" aria-live=\"assertive\"><\/span>\n\t\t\t<\/div> \n\t<\/div>\n\n<div style=\"\"  data-wp-interactive=\"jetpack\/form\" data-wp-context='{\"fieldId\":\"g8771-email\",\"fieldType\":\"email\",\"fieldLabel\":\"E-mail\",\"fieldValue\":\"\",\"fieldPlaceholder\":\"\",\"fieldIsRequired\":\"\",\"fieldErrorMessage\":\"\",\"fieldExtra\":[],\"formHash\":\"9b6ad7484bdf5abb15652da72764138e58776ee8\"}'  class='grunion-field-email-wrap grunion-field-wrap'  data-wp-init='callbacks.initializeField' data-wp-on--jetpack-form-reset='callbacks.initializeField' >\n<label\n\t\t\t\tfor='g8771-email' class=\"grunion-field-label email\" >E-mail<\/label>\n<input\n\t\t\t\t\ttype='email'\n\t\t\t\t\tname='g8771-email'\n\t\t\t\t\tid='g8771-email'\n\t\t\t\t\tvalue=''\n\n\t\t\t\t\tdata-wp-bind--aria-invalid='state.fieldHasErrors'\n\t\t\t\t\tdata-wp-bind--value='state.getFieldValue'\n\t\t\t\t\taria-errormessage='g8771-email-email-error-message'\n\t\t\t\t\tdata-wp-on--input='actions.onFieldChange'\n\t\t\t\t\tdata-wp-on--blur='actions.onFieldBlur'\n\t\t\t\t\tdata-wp-class--has-value='state.hasFieldValue'\n\n\t\t\t\t\tclass='email  grunion-field' \n\t\t\t\t\t \/>\n \n\t\t\t<div id=\"g8771-email-email-error\" class=\"contact-form__input-error\" data-wp-class--has-errors=\"state.fieldHasErrors\">\n\t\t\t\t<span class=\"contact-form__warning-icon\">\n\t\t\t\t\t<svg width=\"16\" height=\"16\" viewBox=\"0 0 16 16\" fill=\"none\" xmlns=\"http:\/\/www.w3.org\/2000\/svg\">\n\t\t\t\t\t\t<path d=\"M8.50015 11.6402H7.50015V10.6402H8.50015V11.6402Z\" \/>\n\t\t\t\t\t\t<path d=\"M7.50015 9.64018H8.50015V6.30684H7.50015V9.64018Z\" \/>\n\t\t\t\t\t\t<path fill-rule=\"evenodd\" clip-rule=\"evenodd\" d=\"M6.98331 3.0947C7.42933 2.30177 8.57096 2.30177 9.01698 3.09469L13.8771 11.7349C14.3145 12.5126 13.7525 13.4735 12.8602 13.4735H3.14004C2.24774 13.4735 1.68575 12.5126 2.12321 11.7349L6.98331 3.0947ZM8.14541 3.58496C8.08169 3.47168 7.9186 3.47168 7.85488 3.58496L2.99478 12.2251C2.93229 12.3362 3.01257 12.4735 3.14004 12.4735H12.8602C12.9877 12.4735 13.068 12.3362 13.0055 12.2251L8.14541 3.58496Z\" \/>\n\t\t\t\t\t<\/svg>\n\t\t\t\t\t<span class=\"visually-hidden\">Aviso<\/span>\n\t\t\t\t<\/span>\n\t\t\t\t<span data-wp-text=\"state.errorMessage\" id=\"g8771-email-email-error-message\" role=\"alert\" aria-live=\"assertive\"><\/span>\n\t\t\t<\/div> \n\t<\/div>\n\n<div style=\"\"  data-wp-interactive=\"jetpack\/form\" data-wp-context='{\"fieldId\":\"g8771-mensagem\",\"fieldType\":\"textarea\",\"fieldLabel\":\"Mensagem\",\"fieldValue\":\"\",\"fieldPlaceholder\":\"\",\"fieldIsRequired\":\"\",\"fieldErrorMessage\":\"\",\"fieldExtra\":[],\"formHash\":\"9b6ad7484bdf5abb15652da72764138e58776ee8\"}'  class='grunion-field-textarea-wrap grunion-field-wrap'  data-wp-init='callbacks.initializeField' data-wp-on--jetpack-form-reset='callbacks.initializeField' >\n<label\n\t\t\t\tfor='contact-form-comment-g8771-mensagem' class=\"grunion-field-label textarea\" >Mensagem<\/label>\n<textarea\n\t\t                style=''\n\t\t                name='g8771-mensagem'\n\t\t                id='contact-form-comment-g8771-mensagem'\n\t\t                rows='20'\n\t\t\t\t\t\tdata-wp-text='state.getFieldValue'\n\t\t\t\t\t\tdata-wp-on--input='actions.onFieldChange'\n\t\t\t\t\t\tdata-wp-on--blur='actions.onFieldBlur'\n\t\t\t\t\t\tdata-wp-class--has-value='state.hasFieldValue'\n\t\t\t\t\t\tdata-wp-bind--aria-invalid='state.fieldHasErrors'\n\t\t\t\t\t\taria-errormessage='g8771-mensagem-textarea-error-message'\n\t\t\t\t\t\tclass='textarea  grunion-field'  ><\/textarea>\n \n\t\t\t<div id=\"g8771-mensagem-textarea-error\" class=\"contact-form__input-error\" data-wp-class--has-errors=\"state.fieldHasErrors\">\n\t\t\t\t<span class=\"contact-form__warning-icon\">\n\t\t\t\t\t<svg width=\"16\" height=\"16\" viewBox=\"0 0 16 16\" fill=\"none\" xmlns=\"http:\/\/www.w3.org\/2000\/svg\">\n\t\t\t\t\t\t<path d=\"M8.50015 11.6402H7.50015V10.6402H8.50015V11.6402Z\" \/>\n\t\t\t\t\t\t<path d=\"M7.50015 9.64018H8.50015V6.30684H7.50015V9.64018Z\" \/>\n\t\t\t\t\t\t<path fill-rule=\"evenodd\" clip-rule=\"evenodd\" d=\"M6.98331 3.0947C7.42933 2.30177 8.57096 2.30177 9.01698 3.09469L13.8771 11.7349C14.3145 12.5126 13.7525 13.4735 12.8602 13.4735H3.14004C2.24774 13.4735 1.68575 12.5126 2.12321 11.7349L6.98331 3.0947ZM8.14541 3.58496C8.08169 3.47168 7.9186 3.47168 7.85488 3.58496L2.99478 12.2251C2.93229 12.3362 3.01257 12.4735 3.14004 12.4735H12.8602C12.9877 12.4735 13.068 12.3362 13.0055 12.2251L8.14541 3.58496Z\" \/>\n\t\t\t\t\t<\/svg>\n\t\t\t\t\t<span class=\"visually-hidden\">Aviso<\/span>\n\t\t\t\t<\/span>\n\t\t\t\t<span data-wp-text=\"state.errorMessage\" id=\"g8771-mensagem-textarea-error-message\" role=\"alert\" aria-live=\"assertive\"><\/span>\n\t\t\t<\/div>\n\t<\/div>\n\t<p class='contact-submit'>\n<div class=\"contact-form__error\" data-wp-class--show-errors=\"state.showFormErrors\"><span class=\"contact-form__warning-icon\"><span class=\"visually-hidden\">Aten\u00e7\u00e3o.<\/span><i aria-hidden=\"true\"><\/i><\/span>\n\t\t\t\t<span data-wp-text=\"state.getFormErrorMessage\"><\/span>\n\t\t\t\t<ul>\n\t\t\t\t<template data-wp-each=\"state.getErrorList\" data-wp-key=\"context.item.id\">\n\t\t\t\t\t<li><a data-wp-bind--href=\"context.item.anchor\" data-wp-on--click=\"actions.scrollIntoView\" data-wp-text=\"context.item.label\"><\/a><\/li>\n\t\t\t\t<\/template>\n\t\t\t\t<\/ul><\/div><div class=\"contact-form__error\" data-wp-class--show-errors=\"state.showSubmissionError\" data-wp-text=\"context.submissionError\"><\/div>\t\t<button type='submit' class='pushbutton-wide'>Enviar<\/button>\t\t<input type='hidden' name='contact-form-id' value='8771' \/>\n\t\t<input type='hidden' name='action' value='grunion-contact-form' \/>\n\t\t<input type='hidden' name='contact-form-hash' value='9b6ad7484bdf5abb15652da72764138e58776ee8' \/>\n\t<\/p>\n<p style=\"display: none !important;\" class=\"akismet-fields-container\" data-prefix=\"ak_\"><label>&#916;<textarea name=\"ak_hp_textarea\" cols=\"45\" rows=\"8\" maxlength=\"100\"><\/textarea><\/label><input type=\"hidden\" id=\"ak_js_1\" name=\"ak_js\" value=\"192\"\/><script>document.getElementById( \"ak_js_1\" ).setAttribute( \"value\", ( new Date() ).getTime() );<\/script><\/p><\/form>\n<\/div>\n","protected":false},"excerpt":{"rendered":"<p>Por Rafaela Martins dos Santos Conhe\u00e7a os v\u00eddeos de Gabriel Faro durante a quarentena J\u00e1 parou para pensar quais s\u00e3o os maiores desafios de um baterista na quarentena? Se essa d\u00favida nunca passou pela sua cabe\u00e7a, ent\u00e3o voc\u00ea precisa conhecer o Instagram do m\u00fasico pelotense, Gabriel Faro. Em v\u00eddeos curtos, de pouco mais de um &hellip; <\/p>\n<p><a class=\"more-link btn\" href=\"https:\/\/wp.ufpel.edu.br\/artenosul\/2020\/10\/29\/musica-e-bom-humor-de-baterista\/\">Continue lendo<\/a><\/p>\n","protected":false},"author":571,"featured_media":0,"comment_status":"closed","ping_status":"closed","sticky":false,"template":"","format":"standard","meta":{"jetpack_post_was_ever_published":false,"_jetpack_newsletter_access":"","_jetpack_dont_email_post_to_subs":false,"_jetpack_newsletter_tier_id":0,"_jetpack_memberships_contains_paywalled_content":false,"_jetpack_memberships_contains_paid_content":false,"footnotes":"","jetpack_publicize_message":"","jetpack_publicize_feature_enabled":true,"jetpack_social_post_already_shared":true,"jetpack_social_options":{"image_generator_settings":{"template":"highway","default_image_id":0,"font":"","enabled":false},"version":2}},"categories":[83,1],"tags":[1035,1036,1034,1033],"class_list":["post-8771","post","type-post","status-publish","format-standard","hentry","category-literatura","category-noticias","tag-baterista","tag-divulgacao-no-instagram","tag-gabriel-faro","tag-rafaela-martins-dos-santos","nodate","item-wrap"],"jetpack_publicize_connections":[],"jetpack_featured_media_url":"","jetpack_sharing_enabled":true,"jetpack_likes_enabled":true,"jetpack_shortlink":"https:\/\/wp.me\/p6PuxQ-2ht","jetpack-related-posts":[{"id":8933,"url":"https:\/\/wp.ufpel.edu.br\/artenosul\/2020\/12\/01\/producoes-do-cine-ufpel-ganham-espaco-em-festivais\/","url_meta":{"origin":8771,"position":0},"title":"Produ\u00e7\u00f5es do Cine UFPel ganham espa\u00e7o em festivais","author":"artenosul","date":"1 de dezembro de 2020","format":false,"excerpt":"Por Rafaela Martins dos Santos \u201cLet\u00edcia, Monte Bonito, 04\u201d \u00e9 premiado no Festival de Gramado e no Mix Brasil La\u00eds, aparentando estar entediada, enquanto espera sentada em frente a uma vendinha de interior, decide subir as escadas da casa em busca de algo mais interessante e, de fato, encontra. \u00c9\u2026","rel":"","context":"Em &quot;CINEMA&quot;","block_context":{"text":"CINEMA","link":"https:\/\/wp.ufpel.edu.br\/artenosul\/category\/cinema\/"},"img":{"alt_text":"","src":"https:\/\/i0.wp.com\/wp.ufpel.edu.br\/artenosul\/files\/2020\/12\/Frame-Leticia-2.png?resize=350%2C200&ssl=1","width":350,"height":200,"srcset":"https:\/\/i0.wp.com\/wp.ufpel.edu.br\/artenosul\/files\/2020\/12\/Frame-Leticia-2.png?resize=350%2C200&ssl=1 1x, https:\/\/i0.wp.com\/wp.ufpel.edu.br\/artenosul\/files\/2020\/12\/Frame-Leticia-2.png?resize=525%2C300&ssl=1 1.5x, https:\/\/i0.wp.com\/wp.ufpel.edu.br\/artenosul\/files\/2020\/12\/Frame-Leticia-2.png?resize=700%2C400&ssl=1 2x, https:\/\/i0.wp.com\/wp.ufpel.edu.br\/artenosul\/files\/2020\/12\/Frame-Leticia-2.png?resize=1050%2C600&ssl=1 3x, https:\/\/i0.wp.com\/wp.ufpel.edu.br\/artenosul\/files\/2020\/12\/Frame-Leticia-2.png?resize=1400%2C800&ssl=1 4x"},"classes":[]},{"id":29638,"url":"https:\/\/wp.ufpel.edu.br\/artenosul\/2025\/09\/09\/i-mostra-de-animacao-do-festival-de-cinema-da-fronteira-comeca-amanha-em-pelotas\/","url_meta":{"origin":8771,"position":1},"title":"I Mostra de Anima\u00e7\u00e3o do Festival de Cinema da Fronteira come\u00e7a amanh\u00e3 em Pelotas","author":"artenosul","date":"9 de setembro de 2025","format":false,"excerpt":"Com entrada franca, festival exibe mais de 20 curtas nacionais e o longa 'Bizarros Peixes das Fossas Abissais' na escola Jornalista Deogar Soares, Otroporto e CEU Dunas\u200b \u00a0 \u00a0 De 10 a 12 de setembro de 2025, a cidade de Pelotas ser\u00e1 palco de uma sele\u00e7\u00e3o especial de curtas e\u2026","rel":"","context":"Em &quot;CINEMA&quot;","block_context":{"text":"CINEMA","link":"https:\/\/wp.ufpel.edu.br\/artenosul\/category\/cinema\/"},"img":{"alt_text":"","src":"https:\/\/i0.wp.com\/wp.ufpel.edu.br\/artenosul\/files\/2025\/09\/Carcinizacao-de-Denis-Souza-Pelotas-Brasil-credito-Divulgacao.png?resize=350%2C200&ssl=1","width":350,"height":200,"srcset":"https:\/\/i0.wp.com\/wp.ufpel.edu.br\/artenosul\/files\/2025\/09\/Carcinizacao-de-Denis-Souza-Pelotas-Brasil-credito-Divulgacao.png?resize=350%2C200&ssl=1 1x, https:\/\/i0.wp.com\/wp.ufpel.edu.br\/artenosul\/files\/2025\/09\/Carcinizacao-de-Denis-Souza-Pelotas-Brasil-credito-Divulgacao.png?resize=525%2C300&ssl=1 1.5x, https:\/\/i0.wp.com\/wp.ufpel.edu.br\/artenosul\/files\/2025\/09\/Carcinizacao-de-Denis-Souza-Pelotas-Brasil-credito-Divulgacao.png?resize=700%2C400&ssl=1 2x, https:\/\/i0.wp.com\/wp.ufpel.edu.br\/artenosul\/files\/2025\/09\/Carcinizacao-de-Denis-Souza-Pelotas-Brasil-credito-Divulgacao.png?resize=1050%2C600&ssl=1 3x, https:\/\/i0.wp.com\/wp.ufpel.edu.br\/artenosul\/files\/2025\/09\/Carcinizacao-de-Denis-Souza-Pelotas-Brasil-credito-Divulgacao.png?resize=1400%2C800&ssl=1 4x"},"classes":[]},{"id":8170,"url":"https:\/\/wp.ufpel.edu.br\/artenosul\/2019\/05\/08\/associacao-dos-amigos-do-conservatorio-de-musica-da-ufpel-festeja-aniversario\/","url_meta":{"origin":8771,"position":2},"title":"Associa\u00e7\u00e3o dos Amigos do Conservat\u00f3rio de M\u00fasica da UFPel festeja anivers\u00e1rio","author":"artenosul","date":"8 de maio de 2019","format":false,"excerpt":"Por Danieli Schiavon \u00a0 \u00a0 \u00a0Nos dias 16, 17 e 18 de Abril aconteceu a Semana de M\u00fasica Assamcon, evento alusivo \u00e0 comemora\u00e7\u00e3o do anivers\u00e1rio de cria\u00e7\u00e3o da Associa\u00e7\u00e3o dos Amigos do Conservat\u00f3rio de M\u00fasica (Assamcom), que completou 23 anos dia 5 de maio. A Hist\u00f3ria do Conservat\u00f3rio \u00a0 \u00a0\u2026","rel":"","context":"Em &quot;COMUNIDADE&quot;","block_context":{"text":"COMUNIDADE","link":"https:\/\/wp.ufpel.edu.br\/artenosul\/category\/comunidade\/"},"img":{"alt_text":"","src":"https:\/\/i0.wp.com\/wp.ufpel.edu.br\/artenosul\/files\/2019\/05\/Danielleimagem-1-1.jpg?resize=350%2C200&ssl=1","width":350,"height":200,"srcset":"https:\/\/i0.wp.com\/wp.ufpel.edu.br\/artenosul\/files\/2019\/05\/Danielleimagem-1-1.jpg?resize=350%2C200&ssl=1 1x, https:\/\/i0.wp.com\/wp.ufpel.edu.br\/artenosul\/files\/2019\/05\/Danielleimagem-1-1.jpg?resize=525%2C300&ssl=1 1.5x, https:\/\/i0.wp.com\/wp.ufpel.edu.br\/artenosul\/files\/2019\/05\/Danielleimagem-1-1.jpg?resize=700%2C400&ssl=1 2x, https:\/\/i0.wp.com\/wp.ufpel.edu.br\/artenosul\/files\/2019\/05\/Danielleimagem-1-1.jpg?resize=1050%2C600&ssl=1 3x, https:\/\/i0.wp.com\/wp.ufpel.edu.br\/artenosul\/files\/2019\/05\/Danielleimagem-1-1.jpg?resize=1400%2C800&ssl=1 4x"},"classes":[]},{"id":7,"url":"https:\/\/wp.ufpel.edu.br\/artenosul\/2015\/10\/08\/a-energia-hardcore-da-banda-freak-brotherz\/","url_meta":{"origin":8771,"position":3},"title":"A energia hardcore da banda Freak Brotherz","author":"artenosul","date":"8 de outubro de 2015","format":false,"excerpt":"Reportagem de Roberta Kegles Chiesa e Priscila Machado - Uma das bandas de rock mais duradouras da cidade de Pelotas, a Freak Brotherz, traz a energia hardcore para os palcos desde 1998. Formada inicialmente pelos irm\u00e3os Danilo e Solano Ferreira, na voz e baixo, conta tamb\u00e9m com o g\u00e1s de\u2026","rel":"","context":"Em &quot;M\u00daSICA&quot;","block_context":{"text":"M\u00daSICA","link":"https:\/\/wp.ufpel.edu.br\/artenosul\/category\/musica\/"},"img":{"alt_text":"","src":"https:\/\/i0.wp.com\/wp.ufpel.edu.br\/artenosul\/files\/2015\/10\/Freak3.jpg?resize=350%2C200&ssl=1","width":350,"height":200,"srcset":"https:\/\/i0.wp.com\/wp.ufpel.edu.br\/artenosul\/files\/2015\/10\/Freak3.jpg?resize=350%2C200&ssl=1 1x, https:\/\/i0.wp.com\/wp.ufpel.edu.br\/artenosul\/files\/2015\/10\/Freak3.jpg?resize=525%2C300&ssl=1 1.5x, https:\/\/i0.wp.com\/wp.ufpel.edu.br\/artenosul\/files\/2015\/10\/Freak3.jpg?resize=700%2C400&ssl=1 2x"},"classes":[]},{"id":8531,"url":"https:\/\/wp.ufpel.edu.br\/artenosul\/2019\/11\/17\/gabriel-dias-segue-na-luta-pelo-sonho-da-musica\/","url_meta":{"origin":8771,"position":4},"title":"Gabriel Dias segue na luta pelo sonho da m\u00fasica","author":"artenosul","date":"17 de novembro de 2019","format":false,"excerpt":"Por Sabrina Lacerda Borges A m\u00fasica \u00e9, sem d\u00favida, uma das express\u00f5es art\u00edsticas mais influentes. Todo o mundo mant\u00e9m rela\u00e7\u00f5es com ela, e \u00e9 imposs\u00edvel algu\u00e9m n\u00e3o gostar de ouvir alguma melodia. Gabriel Dias \u00e9 um cantor camaquense e, aos 19 anos de idade, j\u00e1 fez shows em v\u00e1rios locais\u2026","rel":"","context":"Em &quot;M\u00daSICA&quot;","block_context":{"text":"M\u00daSICA","link":"https:\/\/wp.ufpel.edu.br\/artenosul\/category\/musica\/"},"img":{"alt_text":"","src":"https:\/\/i0.wp.com\/wp.ufpel.edu.br\/artenosul\/files\/2019\/11\/1b-2.jpg?resize=350%2C200&ssl=1","width":350,"height":200,"srcset":"https:\/\/i0.wp.com\/wp.ufpel.edu.br\/artenosul\/files\/2019\/11\/1b-2.jpg?resize=350%2C200&ssl=1 1x, https:\/\/i0.wp.com\/wp.ufpel.edu.br\/artenosul\/files\/2019\/11\/1b-2.jpg?resize=525%2C300&ssl=1 1.5x, https:\/\/i0.wp.com\/wp.ufpel.edu.br\/artenosul\/files\/2019\/11\/1b-2.jpg?resize=700%2C400&ssl=1 2x"},"classes":[]},{"id":26238,"url":"https:\/\/wp.ufpel.edu.br\/artenosul\/2024\/01\/13\/12a-edicao-do-festival-internacional-sesc-de-musica-inicia-segunda-em-pelotas\/","url_meta":{"origin":8771,"position":5},"title":"12\u00aa edi\u00e7\u00e3o do Festival Internacional Sesc de M\u00fasica inicia segunda em Pelotas  \u00a0","author":"artenosul","date":"13 de janeiro de 2024","format":false,"excerpt":"Evento movimentar\u00e1 v\u00e1rias partes da cidade com a previs\u00e3o de 63 apresenta\u00e7\u00f5es musicais\u00a0 \u00a0 \u00a0\u00a0 Por Let\u00edcia Vieira\u00a0 \u00a0 \u00a0 \u00a0 \u00a0 \u00a0 Considerado um dos maiores eventos de m\u00fasica de concerto da Am\u00e9rica Latina, a 12\u00aa edi\u00e7\u00e3o do Festival Internacional Sesc de M\u00fasica ocorre em Pelotas a partir desta\u2026","rel":"","context":"Em &quot;COMUNIDADE&quot;","block_context":{"text":"COMUNIDADE","link":"https:\/\/wp.ufpel.edu.br\/artenosul\/category\/comunidade\/"},"img":{"alt_text":"","src":"https:\/\/i0.wp.com\/wp.ufpel.edu.br\/artenosul\/files\/2024\/01\/c2f74a3a89e947daa637d116f404e24d.jpg?resize=350%2C200&ssl=1","width":350,"height":200,"srcset":"https:\/\/i0.wp.com\/wp.ufpel.edu.br\/artenosul\/files\/2024\/01\/c2f74a3a89e947daa637d116f404e24d.jpg?resize=350%2C200&ssl=1 1x, https:\/\/i0.wp.com\/wp.ufpel.edu.br\/artenosul\/files\/2024\/01\/c2f74a3a89e947daa637d116f404e24d.jpg?resize=525%2C300&ssl=1 1.5x, https:\/\/i0.wp.com\/wp.ufpel.edu.br\/artenosul\/files\/2024\/01\/c2f74a3a89e947daa637d116f404e24d.jpg?resize=700%2C400&ssl=1 2x"},"classes":[]}],"_links":{"self":[{"href":"https:\/\/wp.ufpel.edu.br\/artenosul\/wp-json\/wp\/v2\/posts\/8771","targetHints":{"allow":["GET"]}}],"collection":[{"href":"https:\/\/wp.ufpel.edu.br\/artenosul\/wp-json\/wp\/v2\/posts"}],"about":[{"href":"https:\/\/wp.ufpel.edu.br\/artenosul\/wp-json\/wp\/v2\/types\/post"}],"author":[{"embeddable":true,"href":"https:\/\/wp.ufpel.edu.br\/artenosul\/wp-json\/wp\/v2\/users\/571"}],"replies":[{"embeddable":true,"href":"https:\/\/wp.ufpel.edu.br\/artenosul\/wp-json\/wp\/v2\/comments?post=8771"}],"version-history":[{"count":2,"href":"https:\/\/wp.ufpel.edu.br\/artenosul\/wp-json\/wp\/v2\/posts\/8771\/revisions"}],"predecessor-version":[{"id":8781,"href":"https:\/\/wp.ufpel.edu.br\/artenosul\/wp-json\/wp\/v2\/posts\/8771\/revisions\/8781"}],"wp:attachment":[{"href":"https:\/\/wp.ufpel.edu.br\/artenosul\/wp-json\/wp\/v2\/media?parent=8771"}],"wp:term":[{"taxonomy":"category","embeddable":true,"href":"https:\/\/wp.ufpel.edu.br\/artenosul\/wp-json\/wp\/v2\/categories?post=8771"},{"taxonomy":"post_tag","embeddable":true,"href":"https:\/\/wp.ufpel.edu.br\/artenosul\/wp-json\/wp\/v2\/tags?post=8771"}],"curies":[{"name":"wp","href":"https:\/\/api.w.org\/{rel}","templated":true}]}}