{"id":8639,"date":"2020-07-23T13:00:41","date_gmt":"2020-07-23T16:00:41","guid":{"rendered":"https:\/\/wp.ufpel.edu.br\/artenosul\/?p=8639"},"modified":"2020-10-22T12:41:09","modified_gmt":"2020-10-22T15:41:09","slug":"visita-ao-museu-do-doce-em-video","status":"publish","type":"post","link":"https:\/\/wp.ufpel.edu.br\/artenosul\/2020\/07\/23\/visita-ao-museu-do-doce-em-video\/","title":{"rendered":"Visita ao Museu do Doce em v\u00eddeo"},"content":{"rendered":"<p style=\"text-align: right\"><em><span style=\"font-family: arial, helvetica, sans-serif;font-size: 12pt\"><strong>Por Gilmar Hermes<\/strong><\/span><\/em><\/p>\n<p style=\"text-align: justify\"><span style=\"font-weight: 400;font-family: arial, helvetica, sans-serif;font-size: 12pt\">No in\u00edcio deste m\u00eas, dia 2 de julho, a emissora TV Brasil apresentou uma edi\u00e7\u00e3o do programa Conhecendo Museus sobre o Museu do Doce de Pelotas, vinculado ao Instituto de Ci\u00eancias Humanas da UFPel. E, desde o dia 15 de julho, o epis\u00f3dio da temporada deste ano pode ser assistido no Youtube. Enquanto estamos na fase de distanciamento devido \u00e0 pandemia do novo coronav\u00edrus, o v\u00eddeo \u00e9 uma forma de visitarmos o local e sabermos muito sobre a hist\u00f3ria da regi\u00e3o, sua cultura e atividades econ\u00f4micas.<\/span><\/p>\n<p style=\"text-align: justify\"><span style=\"font-family: arial, helvetica, sans-serif;font-size: 12pt\"><span style=\"font-weight: 400\">O diretor do Museu, Roberto Heiden, informa que tamb\u00e9m est\u00e3o sendo compartilhados novos conte\u00fados sobre as tradi\u00e7\u00f5es doceiras de Pelotas e regi\u00e3o nas p\u00e1ginas do <a href=\"https:\/\/www.facebook.com\/museudodoce\" target=\"_blank\" rel=\"noopener noreferrer\">Museu do Doce no Facebook <\/a><\/span><span style=\"font-weight: 400\">e no <a href=\"https:\/\/www.instagram.com\/museudodoce\/\" target=\"_blank\" rel=\"noopener noreferrer\">Instagram<\/a><\/span><span style=\"font-weight: 400\">. Foram produzidas s\u00e9ries tem\u00e1ticas, explorando quest\u00f5es hist\u00f3ricas em torno do doce, personagens e lugares importantes para o surgimento e consolida\u00e7\u00e3o das tradi\u00e7\u00f5es doceiras, registros hist\u00f3ricos e memoriais das f\u00e1bricas de doce em conserva que existiram na regi\u00e3o. Tamb\u00e9m s\u00e3o disponibilizadas entrevistas com colaboradores, imagens e textos sobre o edif\u00edcio sede do Museu do Doce. Assim como o doce de Pelotas, o pr\u00e9dio do museu tamb\u00e9m \u00e9 reconhecido pelo Instituto do Patrim\u00f4nio Hist\u00f3rico e Art\u00edstico Nacional (IPHAN) como patrim\u00f4nio cultural brasileiro.<\/span><\/span><\/p>\n<p style=\"text-align: justify\"><span style=\"font-weight: 400;font-family: arial, helvetica, sans-serif;font-size: 12pt\">\u201cEstamos trabalhando na produ\u00e7\u00e3o de duas exposi\u00e7\u00f5es virtuais sobre as tradi\u00e7\u00f5es doceiras que ser\u00e3o lan\u00e7adas nas pr\u00f3ximas semanas, assim como em alguns v\u00eddeos curtos sobre os mesmos temas. Ainda criamos um grupo para que o p\u00fablico do museu possa trocar receitas de doces entre si, durante a pandemia\u201d, descreve Heiden.<\/span><\/p>\n<p style=\"text-align: justify\"><span style=\"font-weight: 400;font-family: arial, helvetica, sans-serif;font-size: 12pt\">O diretor do museu considera que n\u00e3o se pode ter certeza neste momento de quando o museu poder\u00e1 reabrir fisicamente. \u201cEnquanto a pandemia n\u00e3o estiver controlada certamente n\u00e3o teremos essa possibilidade, mas seguiremos trabalhando com a dimens\u00e3o virtual do museu. Estamos ansiosos pela reabertura\u201d, diz.<\/span><\/p>\n<p style=\"text-align: justify\"><span style=\"font-weight: 400;font-family: arial, helvetica, sans-serif;font-size: 12pt\">Segundo Heiden, os museus do mundo inteiro foram duramente prejudicados neste ano. Ele observa que alguns estudos chegam a numerar em 90 por cento o n\u00famero de institui\u00e7\u00f5es que j\u00e1 fecharam suas portas por algum per\u00edodo, a maioria ainda sem reabrir. \u201cO setor cultural foi um dos mais prejudicados pela pandemia, em raz\u00e3o das pr\u00f3prias caracter\u00edsticas do meio, e esse mesmo setor infelizmente ser\u00e1 um dos \u00faltimos a poder retomar normalmente suas atividades\u201d, comenta.<\/span><\/p>\n<div id=\"attachment_8646\" style=\"width: 335px\" class=\"wp-caption aligncenter\"><img loading=\"lazy\" decoding=\"async\" aria-describedby=\"caption-attachment-8646\" class=\"wp-image-8646 size-medium\" src=\"https:\/\/wp.ufpel.edu.br\/artenosul\/files\/2020\/07\/1-1-1-335x500.jpg\" alt=\"\" width=\"335\" height=\"500\" srcset=\"https:\/\/wp.ufpel.edu.br\/artenosul\/files\/2020\/07\/1-1-1-335x500.jpg 335w, https:\/\/wp.ufpel.edu.br\/artenosul\/files\/2020\/07\/1-1-1-201x300.jpg 201w, https:\/\/wp.ufpel.edu.br\/artenosul\/files\/2020\/07\/1-1-1-768x1147.jpg 768w, https:\/\/wp.ufpel.edu.br\/artenosul\/files\/2020\/07\/1-1-1-1028x1536.jpg 1028w, https:\/\/wp.ufpel.edu.br\/artenosul\/files\/2020\/07\/1-1-1-1371x2048.jpg 1371w, https:\/\/wp.ufpel.edu.br\/artenosul\/files\/2020\/07\/1-1-1-scaled.jpg 1714w\" sizes=\"auto, (max-width: 335px) 100vw, 335px\" \/><p id=\"caption-attachment-8646\" class=\"wp-caption-text\"><span style=\"color: #0000ff\"><strong>O Museu fica na Pra\u00e7a Coronel Pedro Os\u00f3rio no Centro de Pelotas <\/strong><\/span><\/p><\/div>\n<h2 style=\"text-align: center\"><span style=\"font-family: arial, helvetica, sans-serif;font-size: 12pt\"><b>Grava\u00e7\u00f5es foram em 2019<\/b><\/span><\/h2>\n<p style=\"text-align: justify\"><span style=\"font-weight: 400;font-family: arial, helvetica, sans-serif;font-size: 12pt\">O programa exibido pela TVE foi gravado em mar\u00e7o de 2019. A equipe de produ\u00e7\u00e3o do programa esteve em Pelotas durante tr\u00eas dias, convivendo com a rotina do museu, seus funcion\u00e1rios e o entorno da cidade. Heiden avalia que os epis\u00f3dios da s\u00e9rie \u201cConhecendo Museus\u201d surpreendem pela qualidade da produ\u00e7\u00e3o. \u201cPresenciar parte do processo de produ\u00e7\u00e3o de um dos epis\u00f3dios permite que se perceba que o trabalho desenvolvido \u00e9 elaborado e cuidadoso\u201d, elogia. Ele recorda que alguns meses antes da grava\u00e7\u00e3o propriamente dita, a equipe j\u00e1 estava em contato com o museu para discutir o conte\u00fado que seria abordado e para come\u00e7ar a organizar o cronograma de atividades da grava\u00e7\u00e3o. \u201cO museu n\u00e3o tem responsabilidade no roteiro, mas a equipe museol\u00f3gica colaborou diretamente no contato com profissionais e locais que poderiam prestar depoimentos ou figurar no epis\u00f3dio\u201d, lembra.<\/span><\/p>\n<p style=\"text-align: justify\"><span style=\"font-weight: 400;font-family: arial, helvetica, sans-serif;font-size: 12pt\">O museu colaborou com imagens e informa\u00e7\u00f5es que tinham origem no seu acervo. No que diz respeito \u00e0 produ\u00e7\u00e3o, Heiden acompanhou diretamente os tr\u00eas dias em que a equipe trabalhou no pr\u00f3prio museu com as grava\u00e7\u00f5es. Houve um cronograma intenso de atividades que iam desde tomadas diversas da cidade de Pelotas, entrevistas dentro e fora do museu, e o registro de cenas das suas instala\u00e7\u00f5es e das exposi\u00e7\u00f5es. \u201cFoi not\u00e1vel o trabalho paralelo de pesquisa hist\u00f3rica desenvolvido pela equipe, de modo a fomentar o di\u00e1logo entre as grava\u00e7\u00f5es e o conhecimento produzido em torno do tema\u201d, destaca. Ap\u00f3s as grava\u00e7\u00f5es, a equipe de produ\u00e7\u00e3o do programa permaneceu em contato para compreender melhor alguns aspectos hist\u00f3ricos e conceituais e o museu seguiu colaborando nesse sentido.<\/span><\/p>\n<p style=\"text-align: justify\"><span style=\"font-weight: 400;font-family: arial, helvetica, sans-serif;font-size: 12pt\">\u201cA equipe do museu de uma forma geral ficou bastante satisfeita com o resultado, e pessoas pr\u00f3ximas ao museu de uma forma geral tamb\u00e9m ficaram. No \u00e2mbito da UFPel tamb\u00e9m houve um retorno muito positivo\u201d, comenta o diretor.<\/span><\/p>\n<p style=\"text-align: justify\"><span style=\"font-weight: 400;font-family: arial, helvetica, sans-serif;font-size: 12pt\">O epis\u00f3dio da s\u00e9rie \u201cConhecendo Museus\u201d \u00e9 uma coprodu\u00e7\u00e3o do Instituto Brasileiro de Museus, Minist\u00e9rio do Turismo, Funda\u00e7\u00e3o Jos\u00e9 de Paiva Neto, TV Brasil e da Empresa Brasil de Comunica\u00e7\u00e3o (EBC). Tem dire\u00e7\u00e3o, pesquisa e roteiro de Mariana Palumbo e conta com imagens dos arquivos do Museu do Doce e do Museu da Baronesa.<\/span><\/p>\n<h2 style=\"text-align: center\"><span style=\"font-family: arial, helvetica, sans-serif;font-size: 12pt\"><b>Hist\u00f3ria viva<\/b><\/span><\/h2>\n<p style=\"text-align: justify\"><span style=\"font-weight: 400;font-family: arial, helvetica, sans-serif;font-size: 12pt\">O programa descreve que a casa com arquitetura ecl\u00e9tica que sedia o museu foi constru\u00edda em 1878 e foi tombada pelo Instituto do Patrim\u00f4nio Art\u00edstico Nacional (IPHAN) em 1977. Em 2001, o pr\u00e9dio estava amea\u00e7ado pela falta de manuten\u00e7\u00e3o e a UFPel assumiu o trabalho de restaura\u00e7\u00e3o e adequa\u00e7\u00e3o das instala\u00e7\u00f5es. O Museu do Doce foi criado em 2013. Al\u00e9m de promover exposi\u00e7\u00f5es permanentes e tempor\u00e1rias, re\u00fane atividades de pesquisa e extens\u00e3o de v\u00e1rios cursos sobre a tradi\u00e7\u00e3o doceira e o patrim\u00f4nio edificado.<\/span><\/p>\n<p style=\"text-align: justify\"><span style=\"font-weight: 400;font-family: arial, helvetica, sans-serif;font-size: 12pt\">O pr\u00e9dio foi resid\u00eancia do casal Francisca Gon\u00e7alves Moreira (1838-1910), filha do Bar\u00e3o do Butu\u00ed, e de Francisco Antunes Maciel (1847-1917), que veio a exercer cargos pol\u00edticos, defendendo os interesses provinciais dos charqueadores.<\/span><\/p>\n<div id=\"attachment_8645\" style=\"width: 335px\" class=\"wp-caption aligncenter\"><img loading=\"lazy\" decoding=\"async\" aria-describedby=\"caption-attachment-8645\" class=\"wp-image-8645 size-medium\" src=\"https:\/\/wp.ufpel.edu.br\/artenosul\/files\/2020\/07\/2-1-1-335x500.jpg\" alt=\"\" width=\"335\" height=\"500\" srcset=\"https:\/\/wp.ufpel.edu.br\/artenosul\/files\/2020\/07\/2-1-1-335x500.jpg 335w, https:\/\/wp.ufpel.edu.br\/artenosul\/files\/2020\/07\/2-1-1-201x300.jpg 201w, https:\/\/wp.ufpel.edu.br\/artenosul\/files\/2020\/07\/2-1-1-768x1147.jpg 768w, https:\/\/wp.ufpel.edu.br\/artenosul\/files\/2020\/07\/2-1-1-1028x1536.jpg 1028w, https:\/\/wp.ufpel.edu.br\/artenosul\/files\/2020\/07\/2-1-1-1371x2048.jpg 1371w, https:\/\/wp.ufpel.edu.br\/artenosul\/files\/2020\/07\/2-1-1-scaled.jpg 1714w\" sizes=\"auto, (max-width: 335px) 100vw, 335px\" \/><p id=\"caption-attachment-8645\" class=\"wp-caption-text\"><span style=\"color: #0000ff\"><strong>A arquitetura do pr\u00e9dio \u00e9 no estilo ecl\u00e9tico<\/strong><\/span><\/p><\/div>\n<p style=\"text-align: justify\"><span style=\"font-weight: 400;font-family: arial, helvetica, sans-serif;font-size: 12pt\">Conhecido como Bar\u00e3o do Butu\u00ed, o pai de Francisca, Jos\u00e9 Ant\u00f4nio Moreira (1806-1876), foi um dos maiores bar\u00f5es do charque, a carne salgada, s\u00edmbolo das atividades econ\u00f4micas dos s\u00e9culos XVIII e XIX na regi\u00e3o, dentro do sistema de trabalho escravista. O gado era usado para a produ\u00e7\u00e3o de couro \u2013 exportado para os Estados Unidos e a Europa &#8211; e o uso do sal era o meio de conservar a carne, que serviria para a alimenta\u00e7\u00e3o nas \u00e1reas do pa\u00eds que se voltavam para as planta\u00e7\u00f5es de caf\u00e9 e cana de a\u00e7\u00facar. As embarca\u00e7\u00f5es se dirigiam ao norte do pa\u00eds carregadas de carne e voltavam com a\u00e7\u00facar, o que motivou a produ\u00e7\u00e3o de doces.<\/span><\/p>\n<p style=\"text-align: justify\"><span style=\"font-weight: 400;font-family: arial, helvetica, sans-serif;font-size: 12pt\">Ao visitar o museu, \u00e9 importante olhar para cima, pois os diversos aposentos s\u00e3o identificados por decora\u00e7\u00f5es em relevo no teto, ora mostrando de quem eram a casa e os seus respectivos quartos, ora a finalidade do ambiente, como acontece com a sala de jantar.\u00a0\u00a0<\/span><\/p>\n<div id=\"attachment_8642\" style=\"width: 500px\" class=\"wp-caption aligncenter\"><img loading=\"lazy\" decoding=\"async\" aria-describedby=\"caption-attachment-8642\" class=\"wp-image-8642 size-medium\" src=\"https:\/\/wp.ufpel.edu.br\/artenosul\/files\/2020\/07\/7-500x265.jpeg\" alt=\"\" width=\"500\" height=\"265\" srcset=\"https:\/\/wp.ufpel.edu.br\/artenosul\/files\/2020\/07\/7-500x265.jpeg 500w, https:\/\/wp.ufpel.edu.br\/artenosul\/files\/2020\/07\/7-300x159.jpeg 300w, https:\/\/wp.ufpel.edu.br\/artenosul\/files\/2020\/07\/7-768x408.jpeg 768w, https:\/\/wp.ufpel.edu.br\/artenosul\/files\/2020\/07\/7-1536x816.jpeg 1536w, https:\/\/wp.ufpel.edu.br\/artenosul\/files\/2020\/07\/7-2048x1087.jpeg 2048w\" sizes=\"auto, (max-width: 500px) 100vw, 500px\" \/><p id=\"caption-attachment-8642\" class=\"wp-caption-text\"><span style=\"color: #000000\"><strong> Decora\u00e7\u00f5es do forro identificam antigos moradores dos quartos<\/strong><\/span><\/p><\/div>\n<h2 style=\"text-align: justify\"><span style=\"font-family: arial, helvetica, sans-serif;font-size: 12pt\"><b>Tradi\u00e7\u00e3o doceira<\/b><\/span><\/h2>\n<p style=\"text-align: justify\"><span style=\"font-weight: 400;font-family: arial, helvetica, sans-serif;font-size: 12pt\">O consumo de doces era inicialmente um h\u00e1bito da elite que passou gradativamente a ser compartilhado por toda a popula\u00e7\u00e3o. Em 1920, quando o charque j\u00e1 estava em decad\u00eancia com o surgimento dos frigor\u00edficos, os doces da regi\u00e3o come\u00e7am a ter fama nacional<\/span><\/p>\n<p style=\"text-align: justify\"><span style=\"font-weight: 400;font-family: arial, helvetica, sans-serif;font-size: 12pt\">A atual exposi\u00e7\u00e3o \u2013 que poder\u00e1 ser vista quando houver a reabertura do museu &#8211; \u201cEntre o Sal e o A\u00e7\u00facar, o Doce Atrav\u00e9s dos Sentidos\u201d, explica a tradi\u00e7\u00e3o do doce com a participa\u00e7\u00e3o de v\u00e1rios imigrantes e povos que fizeram o caldo cultural de Pelotas. Est\u00e1 relacionada com as pesquisas que contribu\u00edram para o invent\u00e1rio de refer\u00eancias nacionais e o reconhecimento da tradi\u00e7\u00e3o doceira como patrim\u00f4nio nacional. H\u00e1 duas vertentes, os doces de bandeja, ligados \u00e0 economia das charqueadas e ao luxo da vida urbana no s\u00e9culo XIX; e a dos doces coloniais, relacionados \u00e0 vida rural dos imigrantes de origem italiana, francesa, pomerana e alem\u00e3, com a produ\u00e7\u00e3o de doces a partir de frutas para conserva\u00e7\u00e3o.\u00a0<\/span><\/p>\n<div id=\"attachment_8643\" style=\"width: 500px\" class=\"wp-caption aligncenter\"><img loading=\"lazy\" decoding=\"async\" aria-describedby=\"caption-attachment-8643\" class=\"wp-image-8643 size-medium\" src=\"https:\/\/wp.ufpel.edu.br\/artenosul\/files\/2020\/07\/6-500x334.jpeg\" alt=\"\" width=\"500\" height=\"334\" srcset=\"https:\/\/wp.ufpel.edu.br\/artenosul\/files\/2020\/07\/6-500x334.jpeg 500w, https:\/\/wp.ufpel.edu.br\/artenosul\/files\/2020\/07\/6-300x200.jpeg 300w, https:\/\/wp.ufpel.edu.br\/artenosul\/files\/2020\/07\/6-768x513.jpeg 768w, https:\/\/wp.ufpel.edu.br\/artenosul\/files\/2020\/07\/6-1536x1026.jpeg 1536w, https:\/\/wp.ufpel.edu.br\/artenosul\/files\/2020\/07\/6-2048x1368.jpeg 2048w\" sizes=\"auto, (max-width: 500px) 100vw, 500px\" \/><p id=\"caption-attachment-8643\" class=\"wp-caption-text\"><span style=\"color: #000000\"><strong>Local reconstitui \u00e9poca dos \u201cdoces de bandeja\u201d<\/strong><\/span><\/p><\/div>\n<p style=\"text-align: justify\"><span style=\"font-weight: 400;font-family: arial, helvetica, sans-serif;font-size: 12pt\">No museu, h\u00e1 objetos simples e sofisticados, textos, documentos, recortes de jornais e fotos que contribuem para a compreens\u00e3o da hist\u00f3ria, muitas vezes relacionados aos rituais do ch\u00e1 e do doce. Os tachos s\u00e3o um objeto central na produ\u00e7\u00e3o de doces, mas h\u00e1 tamb\u00e9m h\u00e1 outras tecnologias relacionadas \u00e0 fabrica\u00e7\u00e3o. Em cartazes, fotos e an\u00fancios \u00e9 poss\u00edvel conhecer a Confeitaria Nogueira, a com maior dura\u00e7\u00e3o na cidade, fundada em 1889 e que completou quase cem anos.<\/span><\/p>\n<div id=\"attachment_8644\" style=\"width: 500px\" class=\"wp-caption aligncenter\"><img loading=\"lazy\" decoding=\"async\" aria-describedby=\"caption-attachment-8644\" class=\"wp-image-8644 size-medium\" src=\"https:\/\/wp.ufpel.edu.br\/artenosul\/files\/2020\/07\/5-500x375.jpeg\" alt=\"\" width=\"500\" height=\"375\" srcset=\"https:\/\/wp.ufpel.edu.br\/artenosul\/files\/2020\/07\/5-500x375.jpeg 500w, https:\/\/wp.ufpel.edu.br\/artenosul\/files\/2020\/07\/5-300x225.jpeg 300w, https:\/\/wp.ufpel.edu.br\/artenosul\/files\/2020\/07\/5-768x576.jpeg 768w, https:\/\/wp.ufpel.edu.br\/artenosul\/files\/2020\/07\/5-1536x1152.jpeg 1536w, https:\/\/wp.ufpel.edu.br\/artenosul\/files\/2020\/07\/5-2048x1536.jpeg 2048w\" sizes=\"auto, (max-width: 500px) 100vw, 500px\" \/><p id=\"caption-attachment-8644\" class=\"wp-caption-text\"><span style=\"color: #0000ff\"><strong>Documentos, objetos e imagens lembram tradi\u00e7\u00e3o doceira<\/strong><\/span><\/p><\/div>\n<p style=\"text-align: justify\"><span style=\"font-weight: 400;font-family: arial, helvetica, sans-serif;font-size: 12pt\">A industrializa\u00e7\u00e3o dos doces \u00e9 apresentada como uma contribui\u00e7\u00e3o dos imigrantes franceses. J\u00e1 o produtor das primeiras compotas no final do s\u00e9culo XIX foi Amadeo Gustavo Gastal (1828-1903). A princ\u00edpio eram para o consumo das fam\u00edlias, mas de 1950 a 1970, havia 61 f\u00e1bricas de compotas na zona rural. Elas acabaram devido \u00e0 press\u00e3o das grandes ind\u00fastrias, com tecnologias e equipamentos novos.<\/span><\/p>\n<div id=\"attachment_8641\" style=\"width: 400px\" class=\"wp-caption aligncenter\"><img loading=\"lazy\" decoding=\"async\" aria-describedby=\"caption-attachment-8641\" class=\"wp-image-8641 size-medium\" src=\"https:\/\/wp.ufpel.edu.br\/artenosul\/files\/2020\/07\/8-400x500.jpeg\" alt=\"\" width=\"400\" height=\"500\" srcset=\"https:\/\/wp.ufpel.edu.br\/artenosul\/files\/2020\/07\/8-400x500.jpeg 400w, https:\/\/wp.ufpel.edu.br\/artenosul\/files\/2020\/07\/8-240x300.jpeg 240w, https:\/\/wp.ufpel.edu.br\/artenosul\/files\/2020\/07\/8-768x959.jpeg 768w, https:\/\/wp.ufpel.edu.br\/artenosul\/files\/2020\/07\/8-1230x1536.jpeg 1230w, https:\/\/wp.ufpel.edu.br\/artenosul\/files\/2020\/07\/8-1639x2048.jpeg 1639w\" sizes=\"auto, (max-width: 400px) 100vw, 400px\" \/><p id=\"caption-attachment-8641\" class=\"wp-caption-text\"><span style=\"color: #0000ff\"><strong>Tachos s\u00e3o objetos emblem\u00e1ticos da tradi\u00e7\u00e3o doceira<\/strong><\/span><\/p><\/div>\n<p style=\"text-align: justify\"><span style=\"font-weight: 400;font-family: arial, helvetica, sans-serif;font-size: 12pt\">O projeto \u201cMuseu do Conhecimento para Todos\u201d prop\u00f5e a inclus\u00e3o de pessoas com defici\u00eancia visual com a disponibilidade de maquetes t\u00e1cteis, propiciando assim um melhor aproveitamento da visita ao museu<\/span><\/p>\n<p style=\"text-align: justify\"><span style=\"font-family: arial, helvetica, sans-serif;font-size: 12pt\"><span style=\"font-weight: 400\">O Museu do Doce fica na Pra\u00e7a Coronel Pedro Os\u00f3rio, no Casar\u00e3o 8, mas temporariamente est\u00e1 fechado de maneira a contribuir para o distanciamento em meio \u00e0 pandemia. Enquanto isso, \u00e9 imperd\u00edvel ver o <a href=\"http:\/\/youtube.com\/watch?v=qQiyYUqMC5o&amp;t=702s\" target=\"_blank\" rel=\"noopener noreferrer\">epis\u00f3dio da s\u00e9rie Conhecendo Museus<\/a>. Outros museus tamb\u00e9m podem ser vistos no <a href=\"http:\/\/www.conhecendomuseus.com.br\" target=\"_blank\" rel=\"noopener noreferrer\">site do programa<\/a>.\u00a0<\/span><\/span><\/p>\n<p><a href=\"https:\/\/wp.ufpel.edu.br\/artenosul\/\" rel=\"noopener noreferrer\"><span style=\"font-size: 12pt;font-family: arial, helvetica, sans-serif\"><strong><span style=\"color: #0000ff\">PRIMEIRA P\u00c1GINA<\/span><\/strong><\/span><\/a><\/p>\n<p><span style=\"font-size: 12pt;font-family: arial, helvetica, sans-serif\"><strong><span style=\"color: #0000ff\">COMENT\u00c1RIOS:\u00a0<\/span><\/strong><\/span><\/p>\n<div data-test='contact-form'\n\t\t\tid='contact-form-8639'\n\t\t\tclass='wp-block-jetpack-contact-form-container '\n\t\t\tdata-wp-interactive='jetpack\/form' data-wp-context='{\"formId\":\"8639\",\"formHash\":\"94da9fa291f8896d1a3ea3e581fea36b97e754d7\",\"showErrors\":false,\"errors\":[],\"fields\":[],\"isMultiStep\":false,\"useAjax\":true,\"submissionData\":null,\"formattedSubmissionData\":[],\"submissionSuccess\":false,\"submissionError\":null,\"elementId\":\"jp-form-94da9fa291f8896d1a3ea3e581fea36b97e754d7\",\"isSingleInputForm\":false}'\n\t\t\tdata-wp-watch--scroll-to-wrapper=\"callbacks.scrollToWrapper\"\n\t\t>\n<div class=\"contact-form-submission contact-form-ajax-submission\" data-wp-class--submission-success=\"context.submissionSuccess\"><p class=\"go-back-message\"><a class=\"link\" role=\"button\" tabindex=\"0\" data-wp-on--click=\"actions.goBack\" href=\"\/artenosul\/wp-json\/wp\/v2\/posts\/8639\">Voltar<\/a><\/p><h4 id=\"contact-form-success-header\">Sua mensagem foi enviada<\/h4>\n\n<template data-wp-each--submission=\"context.formattedSubmissionData\">\n\t\t\t\t\t<div class=\"jetpack_forms_contact-form-success-summary\">\n\t\t\t\t\t\t<div class=\"field-name\" data-wp-text=\"context.submission.label\" data-wp-bind--hidden=\"!context.submission.label\"><\/div>\n\t\t\t\t\t\t<div class=\"field-value\" data-wp-text=\"context.submission.value\"><\/div>\n\t\t\t\t\t\t<div class=\"field-images\" data-wp-bind--hidden=\"!context.submission.images\">\n\t\t\t\t\t\t\t<template data-wp-each--image=\"context.submission.images\">\n\t\t\t\t\t\t\t\t<figure class=\"field-image\" data-wp-class--is-empty=\"!context.image\">\n\t\t\t\t\t\t\t\t\t<img data-wp-bind--src=\"context.image\" data-wp-bind--hidden=\"!context.image\" \/>\n\t\t\t\t\t\t\t\t\t<img decoding=\"async\" src=\"data:image\/gif;base64,R0lGODlhAQABAAD\/ACwAAAAAAQABAAACADs=\" data-wp-bind--hidden=\"context.image\" \/>\n\t\t\t\t\t\t\t\t<\/figure>\n\t\t\t\t\t\t\t<\/template>\n\t\t\t\t\t\t<\/div>\n\t\t\t\t\t<\/div>\n\t\t\t\t<\/template><\/div><form action='https:\/\/wp.ufpel.edu.br\/artenosul\/2020\/07\/23\/visita-ao-museu-do-doce-em-video\/'\n\t\t\t\tid='jp-form-94da9fa291f8896d1a3ea3e581fea36b97e754d7'\n\t\t\t\tmethod='post'\n\t\t\t\tclass='contact-form commentsblock' aria-label=\"Visita ao Museu do Doce em v\u00eddeo\"\n\t\t\t\tdata-wp-on--submit=\"actions.onFormSubmit\"\n\t\t\t\tdata-wp-on--reset=\"actions.onFormReset\"\n\t\t\t\tdata-wp-class--submission-success=\"context.submissionSuccess\"\n\t\t\t\tdata-wp-class--is-first-step=\"state.isFirstStep\"\n\t\t\t\tdata-wp-class--is-last-step=\"state.isLastStep\"\n\t\t\t\tdata-wp-class--is-ajax-form=\"context.useAjax\"\n\t\t\t\tnovalidate >\n<input type='hidden' name='jetpack_contact_form_jwt' value='eyJ0eXAiOiJKV1QiLCJhbGciOiJIUzI1NiJ9.eyJlbmNyeXB0ZWRfYXR0cmlidXRlcyI6IkRhWEI2OGEzSFBQUWNpcGJLMHMyV2V1SmovWXNFNVNxVFFJMUh6MnhFc1RrY0thL1NTUTBFUHFuMm9uV2xRd1ZZKzNicmJEWHo1WTQra0V6cTVkTlI4RUhHdGloM0JSQlNIL01YaDNyMFNhVFRYZm1lK2oreXRmMWNDYzZtQUs2aTFRYm9vNWFLK2N4bXFsMzNqdjFJR3JtRUk5SGJ1aUVuYnB3L3BKakNsNnZLQ2VxNGUwR3B0MWpCS3E1M1JWTkY4N2JNTlRpSUh2WXZyVlpuYnJDK0RsZW96VFdZMFFYbE8zU0UxaHM5cUxLZGh6T01SQ0ptWUFMcG1mWlhqMGdLUkpZcEZsbE5uL3F2alhTUXZiSWlLbWR2aVRmNTNQcVVabzRhbENpcXhTWWcrNjFVR0Z2N3FFMW0veSs3Y2ZoVlh4cWVsd010eFNxMTJCcWtWYlFsWnhldVR4WUpxcmpsU1NRUWJSeHc5MUordlpCanpzMkxoc1ZQdW54czJVbmRsU3VwcVhUY01Fck5JZjZRbytJRWZIK3gyNHZIK3h2UDc2MVNwR213Z2M0d1paVXZsNU1RUGlqT25IdjRyQ0hXb1lqSHRMRXQwS1dNWUgzZFF0dUsxckJPcmFUbmxMYi96SEZvZXNrdnlqT1N1UUlyMWtyREVHYTBPMkNmQTkvaUFhalU1Y1k4QzQ1UGMvclE1VytzTzh6NVJ0all4SUFMUW92aTM3UFdYWFp1UUJBaXd6Z05iMXNveWRiL2lSZEJUZ2l2MmRoekRSR3ZXZGZxWFc3aDZ5WG9hN0xGQTF3NVdaNGM1VFpkd1RPZ2JybFF5cnFnb1NaWktBb2pJdEsvZy9NZFBpNHU0Ykh1Y1hWMkIxQ05ZQTh4bmp4M1JFRlZ3VkRyRUUxU2JkK0NLS09WZnVMNHQzUGgvRmx3OEwvdVJkbmY1cW1QNWYzNlpJTGY2bEJkYS82L2tyV0JpUWhIUkhMdnZDd3lNM1FoRzEzdjZpZnFSQjk4VGlUeGVxVldGalNGb3ViK2JDZnVGN3ZibGluNDBiTzAveDJxWC80L2k1Y1Nha1dGRXN1SWxFTEtnYlE2czkrWE1IRXdLQXFNNi8vZEdicjFKVW1SZ3h0U3VMUUpPOWVlczVwQS9DeUdEVWNDMHM3cGt2L2E5NnhlREhuN01xOEJsd2V6cXpEWFpjS0RBcm1hV04vc3B3bFVBPT0iLCJjb250ZW50IjoiW2NvbnRhY3QtZmllbGQgbGFiZWw9XCJOb21lXCIgdHlwZT1cIm5hbWVcIl1bY29udGFjdC1maWVsZCBsYWJlbD1cIkUtbWFpbFwiIHR5cGU9XCJlbWFpbFwiXVtjb250YWN0LWZpZWxkIGxhYmVsPVwiTWVuc2FnZW1cIiB0eXBlPVwidGV4dGFyZWFcIl0iLCJoYXNoIjoiOTRkYTlmYTI5MWY4ODk2ZDFhM2VhM2U1ODFmZWEzNmI5N2U3NTRkNyIsInNvdXJjZSI6eyJlbnRyeV90aXRsZSI6IlZpc2l0YSBhbyBNdXNldSBkbyBEb2NlIGVtIHZcdTAwZWRkZW8iLCJlbnRyeV9wYWdlIjoxLCJzb3VyY2VfaWQiOjg2MzksInNvdXJjZV90eXBlIjoic2luZ2xlIiwicmVxdWVzdF91cmwiOiJodHRwczovL3dwLnVmcGVsLmVkdS5ici9hcnRlbm9zdWwvd3AtanNvbi93cC92Mi9wb3N0cy84NjM5In0sInZlcnNpb24iOjIsImNpcGhlciI6ImFlcy0yNTYtZ2NtIn0.cqj0epWV6CSWSt3KFewD0eRSQ1XmPO8PKBNzxw8RE3k' \/>\n\n<div style=\"\"  data-wp-interactive=\"jetpack\/form\" data-wp-context='{\"fieldId\":\"g8639-nome\",\"fieldType\":\"name\",\"fieldLabel\":\"Nome\",\"fieldValue\":\"\",\"fieldPlaceholder\":\"\",\"fieldIsRequired\":\"\",\"fieldErrorMessage\":\"\",\"fieldExtra\":[],\"formHash\":\"94da9fa291f8896d1a3ea3e581fea36b97e754d7\"}'  class='grunion-field-name-wrap grunion-field-wrap'  data-wp-init='callbacks.initializeField' data-wp-on--jetpack-form-reset='callbacks.initializeField' >\n<label\n\t\t\t\tfor='g8639-nome' class=\"grunion-field-label name\" >Nome<\/label>\n<input\n\t\t\t\t\ttype='text'\n\t\t\t\t\tname='g8639-nome'\n\t\t\t\t\tid='g8639-nome'\n\t\t\t\t\tvalue=''\n\n\t\t\t\t\tdata-wp-bind--aria-invalid='state.fieldHasErrors'\n\t\t\t\t\tdata-wp-bind--value='state.getFieldValue'\n\t\t\t\t\taria-errormessage='g8639-nome-text-error-message'\n\t\t\t\t\tdata-wp-on--input='actions.onFieldChange'\n\t\t\t\t\tdata-wp-on--blur='actions.onFieldBlur'\n\t\t\t\t\tdata-wp-class--has-value='state.hasFieldValue'\n\n\t\t\t\t\tclass='name  grunion-field' \n\t\t\t\t\t \/>\n \n\t\t\t<div id=\"g8639-nome-text-error\" class=\"contact-form__input-error\" data-wp-class--has-errors=\"state.fieldHasErrors\">\n\t\t\t\t<span class=\"contact-form__warning-icon\">\n\t\t\t\t\t<svg width=\"16\" height=\"16\" viewBox=\"0 0 16 16\" fill=\"none\" xmlns=\"http:\/\/www.w3.org\/2000\/svg\">\n\t\t\t\t\t\t<path d=\"M8.50015 11.6402H7.50015V10.6402H8.50015V11.6402Z\" \/>\n\t\t\t\t\t\t<path d=\"M7.50015 9.64018H8.50015V6.30684H7.50015V9.64018Z\" \/>\n\t\t\t\t\t\t<path fill-rule=\"evenodd\" clip-rule=\"evenodd\" d=\"M6.98331 3.0947C7.42933 2.30177 8.57096 2.30177 9.01698 3.09469L13.8771 11.7349C14.3145 12.5126 13.7525 13.4735 12.8602 13.4735H3.14004C2.24774 13.4735 1.68575 12.5126 2.12321 11.7349L6.98331 3.0947ZM8.14541 3.58496C8.08169 3.47168 7.9186 3.47168 7.85488 3.58496L2.99478 12.2251C2.93229 12.3362 3.01257 12.4735 3.14004 12.4735H12.8602C12.9877 12.4735 13.068 12.3362 13.0055 12.2251L8.14541 3.58496Z\" \/>\n\t\t\t\t\t<\/svg>\n\t\t\t\t\t<span class=\"visually-hidden\">Aviso<\/span>\n\t\t\t\t<\/span>\n\t\t\t\t<span data-wp-text=\"state.errorMessage\" id=\"g8639-nome-text-error-message\" role=\"alert\" aria-live=\"assertive\"><\/span>\n\t\t\t<\/div> \n\t<\/div>\n\n<div style=\"\"  data-wp-interactive=\"jetpack\/form\" data-wp-context='{\"fieldId\":\"g8639-email\",\"fieldType\":\"email\",\"fieldLabel\":\"E-mail\",\"fieldValue\":\"\",\"fieldPlaceholder\":\"\",\"fieldIsRequired\":\"\",\"fieldErrorMessage\":\"\",\"fieldExtra\":[],\"formHash\":\"94da9fa291f8896d1a3ea3e581fea36b97e754d7\"}'  class='grunion-field-email-wrap grunion-field-wrap'  data-wp-init='callbacks.initializeField' data-wp-on--jetpack-form-reset='callbacks.initializeField' >\n<label\n\t\t\t\tfor='g8639-email' class=\"grunion-field-label email\" >E-mail<\/label>\n<input\n\t\t\t\t\ttype='email'\n\t\t\t\t\tname='g8639-email'\n\t\t\t\t\tid='g8639-email'\n\t\t\t\t\tvalue=''\n\n\t\t\t\t\tdata-wp-bind--aria-invalid='state.fieldHasErrors'\n\t\t\t\t\tdata-wp-bind--value='state.getFieldValue'\n\t\t\t\t\taria-errormessage='g8639-email-email-error-message'\n\t\t\t\t\tdata-wp-on--input='actions.onFieldChange'\n\t\t\t\t\tdata-wp-on--blur='actions.onFieldBlur'\n\t\t\t\t\tdata-wp-class--has-value='state.hasFieldValue'\n\n\t\t\t\t\tclass='email  grunion-field' \n\t\t\t\t\t \/>\n \n\t\t\t<div id=\"g8639-email-email-error\" class=\"contact-form__input-error\" data-wp-class--has-errors=\"state.fieldHasErrors\">\n\t\t\t\t<span class=\"contact-form__warning-icon\">\n\t\t\t\t\t<svg width=\"16\" height=\"16\" viewBox=\"0 0 16 16\" fill=\"none\" xmlns=\"http:\/\/www.w3.org\/2000\/svg\">\n\t\t\t\t\t\t<path d=\"M8.50015 11.6402H7.50015V10.6402H8.50015V11.6402Z\" \/>\n\t\t\t\t\t\t<path d=\"M7.50015 9.64018H8.50015V6.30684H7.50015V9.64018Z\" \/>\n\t\t\t\t\t\t<path fill-rule=\"evenodd\" clip-rule=\"evenodd\" d=\"M6.98331 3.0947C7.42933 2.30177 8.57096 2.30177 9.01698 3.09469L13.8771 11.7349C14.3145 12.5126 13.7525 13.4735 12.8602 13.4735H3.14004C2.24774 13.4735 1.68575 12.5126 2.12321 11.7349L6.98331 3.0947ZM8.14541 3.58496C8.08169 3.47168 7.9186 3.47168 7.85488 3.58496L2.99478 12.2251C2.93229 12.3362 3.01257 12.4735 3.14004 12.4735H12.8602C12.9877 12.4735 13.068 12.3362 13.0055 12.2251L8.14541 3.58496Z\" \/>\n\t\t\t\t\t<\/svg>\n\t\t\t\t\t<span class=\"visually-hidden\">Aviso<\/span>\n\t\t\t\t<\/span>\n\t\t\t\t<span data-wp-text=\"state.errorMessage\" id=\"g8639-email-email-error-message\" role=\"alert\" aria-live=\"assertive\"><\/span>\n\t\t\t<\/div> \n\t<\/div>\n\n<div style=\"\"  data-wp-interactive=\"jetpack\/form\" data-wp-context='{\"fieldId\":\"g8639-mensagem\",\"fieldType\":\"textarea\",\"fieldLabel\":\"Mensagem\",\"fieldValue\":\"\",\"fieldPlaceholder\":\"\",\"fieldIsRequired\":\"\",\"fieldErrorMessage\":\"\",\"fieldExtra\":[],\"formHash\":\"94da9fa291f8896d1a3ea3e581fea36b97e754d7\"}'  class='grunion-field-textarea-wrap grunion-field-wrap'  data-wp-init='callbacks.initializeField' data-wp-on--jetpack-form-reset='callbacks.initializeField' >\n<label\n\t\t\t\tfor='contact-form-comment-g8639-mensagem' class=\"grunion-field-label textarea\" >Mensagem<\/label>\n<textarea\n\t\t                style=''\n\t\t                name='g8639-mensagem'\n\t\t                id='contact-form-comment-g8639-mensagem'\n\t\t                rows='20'\n\t\t\t\t\t\tdata-wp-text='state.getFieldValue'\n\t\t\t\t\t\tdata-wp-on--input='actions.onFieldChange'\n\t\t\t\t\t\tdata-wp-on--blur='actions.onFieldBlur'\n\t\t\t\t\t\tdata-wp-class--has-value='state.hasFieldValue'\n\t\t\t\t\t\tdata-wp-bind--aria-invalid='state.fieldHasErrors'\n\t\t\t\t\t\taria-errormessage='g8639-mensagem-textarea-error-message'\n\t\t\t\t\t\tclass='textarea  grunion-field'  ><\/textarea>\n \n\t\t\t<div id=\"g8639-mensagem-textarea-error\" class=\"contact-form__input-error\" data-wp-class--has-errors=\"state.fieldHasErrors\">\n\t\t\t\t<span class=\"contact-form__warning-icon\">\n\t\t\t\t\t<svg width=\"16\" height=\"16\" viewBox=\"0 0 16 16\" fill=\"none\" xmlns=\"http:\/\/www.w3.org\/2000\/svg\">\n\t\t\t\t\t\t<path d=\"M8.50015 11.6402H7.50015V10.6402H8.50015V11.6402Z\" \/>\n\t\t\t\t\t\t<path d=\"M7.50015 9.64018H8.50015V6.30684H7.50015V9.64018Z\" \/>\n\t\t\t\t\t\t<path fill-rule=\"evenodd\" clip-rule=\"evenodd\" d=\"M6.98331 3.0947C7.42933 2.30177 8.57096 2.30177 9.01698 3.09469L13.8771 11.7349C14.3145 12.5126 13.7525 13.4735 12.8602 13.4735H3.14004C2.24774 13.4735 1.68575 12.5126 2.12321 11.7349L6.98331 3.0947ZM8.14541 3.58496C8.08169 3.47168 7.9186 3.47168 7.85488 3.58496L2.99478 12.2251C2.93229 12.3362 3.01257 12.4735 3.14004 12.4735H12.8602C12.9877 12.4735 13.068 12.3362 13.0055 12.2251L8.14541 3.58496Z\" \/>\n\t\t\t\t\t<\/svg>\n\t\t\t\t\t<span class=\"visually-hidden\">Aviso<\/span>\n\t\t\t\t<\/span>\n\t\t\t\t<span data-wp-text=\"state.errorMessage\" id=\"g8639-mensagem-textarea-error-message\" role=\"alert\" aria-live=\"assertive\"><\/span>\n\t\t\t<\/div>\n\t<\/div>\n\t<p class='contact-submit'>\n<div class=\"contact-form__error\" data-wp-class--show-errors=\"state.showFormErrors\"><span class=\"contact-form__warning-icon\"><span class=\"visually-hidden\">Aten\u00e7\u00e3o.<\/span><i aria-hidden=\"true\"><\/i><\/span>\n\t\t\t\t<span data-wp-text=\"state.getFormErrorMessage\"><\/span>\n\t\t\t\t<ul>\n\t\t\t\t<template data-wp-each=\"state.getErrorList\" data-wp-key=\"context.item.id\">\n\t\t\t\t\t<li><a data-wp-bind--href=\"context.item.anchor\" data-wp-on--click=\"actions.scrollIntoView\" data-wp-text=\"context.item.label\"><\/a><\/li>\n\t\t\t\t<\/template>\n\t\t\t\t<\/ul><\/div><div class=\"contact-form__error\" data-wp-class--show-errors=\"state.showSubmissionError\" data-wp-text=\"context.submissionError\"><\/div>\t\t<button type='submit' class='pushbutton-wide'>Enviar<\/button>\t\t<input type='hidden' name='contact-form-id' value='8639' \/>\n\t\t<input type='hidden' name='action' value='grunion-contact-form' \/>\n\t\t<input type='hidden' name='contact-form-hash' value='94da9fa291f8896d1a3ea3e581fea36b97e754d7' \/>\n\t<\/p>\n<p style=\"display: none !important;\" class=\"akismet-fields-container\" data-prefix=\"ak_\"><label>&#916;<textarea name=\"ak_hp_textarea\" cols=\"45\" rows=\"8\" maxlength=\"100\"><\/textarea><\/label><input type=\"hidden\" id=\"ak_js_1\" name=\"ak_js\" value=\"217\"\/><script>document.getElementById( \"ak_js_1\" ).setAttribute( \"value\", ( new Date() ).getTime() );<\/script><\/p><\/form>\n<\/div>\n<p>&nbsp;<\/p>\n","protected":false},"excerpt":{"rendered":"<p>Por Gilmar Hermes No in\u00edcio deste m\u00eas, dia 2 de julho, a emissora TV Brasil apresentou uma edi\u00e7\u00e3o do programa Conhecendo Museus sobre o Museu do Doce de Pelotas, vinculado ao Instituto de Ci\u00eancias Humanas da UFPel. E, desde o dia 15 de julho, o epis\u00f3dio da temporada deste ano pode ser assistido no Youtube. &hellip; <\/p>\n<p><a class=\"more-link btn\" href=\"https:\/\/wp.ufpel.edu.br\/artenosul\/2020\/07\/23\/visita-ao-museu-do-doce-em-video\/\">Continue lendo<\/a><\/p>\n","protected":false},"author":571,"featured_media":8643,"comment_status":"closed","ping_status":"closed","sticky":false,"template":"","format":"standard","meta":{"jetpack_post_was_ever_published":false,"_jetpack_newsletter_access":"","_jetpack_dont_email_post_to_subs":false,"_jetpack_newsletter_tier_id":0,"_jetpack_memberships_contains_paywalled_content":false,"_jetpack_memberships_contains_paid_content":false,"footnotes":"","jetpack_publicize_message":"","jetpack_publicize_feature_enabled":true,"jetpack_social_post_already_shared":true,"jetpack_social_options":{"image_generator_settings":{"template":"highway","default_image_id":0,"font":"","enabled":false},"version":2}},"categories":[88,1],"tags":[1013,993,146,506,1012],"class_list":["post-8639","post","type-post","status-publish","format-standard","has-post-thumbnail","hentry","category-comunidade","category-noticias","tag-cultura-de-pelotas","tag-gilmar-hermes","tag-historia","tag-museu-do-doce","tag-tradicao-doceira","nodate","item-wrap"],"jetpack_publicize_connections":[],"jetpack_featured_media_url":"https:\/\/wp.ufpel.edu.br\/artenosul\/files\/2020\/07\/6-scaled.jpeg","jetpack_sharing_enabled":true,"jetpack_likes_enabled":true,"jetpack_shortlink":"https:\/\/wp.me\/p6PuxQ-2fl","jetpack-related-posts":[{"id":26492,"url":"https:\/\/wp.ufpel.edu.br\/artenosul\/2024\/03\/05\/licoes-da-historia-do-doce-e-ciencias-naturais-no-centro-de-pelotas\/","url_meta":{"origin":8639,"position":0},"title":"Li\u00e7\u00f5es da hist\u00f3ria do doce e ci\u00eancias naturais no Centro de Pelotas","author":"artenosul","date":"5 de mar\u00e7o de 2024","format":false,"excerpt":"Os museus da Universidade Federal de Pelotas (UFPel) cumprem sua miss\u00e3o de democratizar conhecimentos\u00a0 \u00a0 \u00a0 \u00a0 \u00a0 \u00a0 \u00a0 \u00a0 \u00a0 Por Carolina Farias Tapia e Sara Lopes da Silva\u00a0 \u00a0 \u00a0 \u00a0 \u00a0\u00a0 No cora\u00e7\u00e3o da cidade de Pelotas, localizados no entorno da pra\u00e7a Coronel Pedro Os\u00f3rio, os\u2026","rel":"","context":"Em &quot;COMUNIDADE&quot;","block_context":{"text":"COMUNIDADE","link":"https:\/\/wp.ufpel.edu.br\/artenosul\/category\/comunidade\/"},"img":{"alt_text":"","src":"https:\/\/i0.wp.com\/wp.ufpel.edu.br\/artenosul\/files\/2024\/03\/fachada-doce-1-rotated.jpg?resize=350%2C200&ssl=1","width":350,"height":200},"classes":[]},{"id":29577,"url":"https:\/\/wp.ufpel.edu.br\/artenosul\/2025\/08\/14\/exposicao-o-museu-vai-a-escola-abre-neste-sabado\/","url_meta":{"origin":8639,"position":1},"title":"Exposi\u00e7\u00e3o \u201cO Museu vai \u00e0 Escola\u201d abre neste s\u00e1bado","author":"artenosul","date":"14 de agosto de 2025","format":false,"excerpt":"Mostra no Museu do Doce apresenta mais de 40 desenhos realizados por alunos do Col\u00e9gio Gonzaga\u00a0\u00a0\u00a0\u00a0 Por Amanda Leitzke\u00a0\u00a0\u00a0\u00a0 \u00a0 \u00a0 Durante as comemora\u00e7\u00f5es do Dia do Patrim\u00f4nio, no s\u00e1bado, 16 de agosto, \u00e0s 11h, o Museu do Doce da Universidade Federal de Pelotas (UFPel) abrir\u00e1 a exposi\u00e7\u00e3o \"O Museu\u2026","rel":"","context":"Em &quot;ARTES VISUAIS&quot;","block_context":{"text":"ARTES VISUAIS","link":"https:\/\/wp.ufpel.edu.br\/artenosul\/category\/artes-visuais\/"},"img":{"alt_text":"","src":"https:\/\/i0.wp.com\/wp.ufpel.edu.br\/artenosul\/files\/2025\/08\/foto-2-1B.jpeg?resize=350%2C200&ssl=1","width":350,"height":200,"srcset":"https:\/\/i0.wp.com\/wp.ufpel.edu.br\/artenosul\/files\/2025\/08\/foto-2-1B.jpeg?resize=350%2C200&ssl=1 1x, https:\/\/i0.wp.com\/wp.ufpel.edu.br\/artenosul\/files\/2025\/08\/foto-2-1B.jpeg?resize=525%2C300&ssl=1 1.5x, https:\/\/i0.wp.com\/wp.ufpel.edu.br\/artenosul\/files\/2025\/08\/foto-2-1B.jpeg?resize=700%2C400&ssl=1 2x"},"classes":[]},{"id":26901,"url":"https:\/\/wp.ufpel.edu.br\/artenosul\/2024\/08\/01\/museu-do-doce-realiza-a-exposicao-cadernos-de-receitas-narrativas-da-tradicao-doceira\/","url_meta":{"origin":8639,"position":2},"title":"Museu do Doce realiza a exposi\u00e7\u00e3o \u201cCadernos de Receitas: Narrativas da Tradi\u00e7\u00e3o Doceira\u201d","author":"artenosul","date":"1 de agosto de 2024","format":false,"excerpt":"Acompanhando a realiza\u00e7\u00e3o da Fenadoce, em Pelotas, mostra traz a criatividade gastron\u00f4mica ao longo da hist\u00f3ria\u00a0 \u00a0 \u00a0 \u00a0 Por Vanessa Oliveira\u00a0 \u00a0 \u00a0 \u00a0 \u00a0 O Museu do Doce UFPel, reconhecido por sua dedica\u00e7\u00e3o \u00e0 preserva\u00e7\u00e3o e valoriza\u00e7\u00e3o da rica tradi\u00e7\u00e3o doceira de Pelotas e regi\u00e3o, est\u00e1 com a\u2026","rel":"","context":"Em &quot;COMUNIDADE&quot;","block_context":{"text":"COMUNIDADE","link":"https:\/\/wp.ufpel.edu.br\/artenosul\/category\/comunidade\/"},"img":{"alt_text":"","src":"https:\/\/i0.wp.com\/wp.ufpel.edu.br\/artenosul\/files\/2024\/08\/museu_do_doce_fica_localizado_na_cidade_de_pelotas_rio_grande_do_sul.webp?resize=350%2C200&ssl=1","width":350,"height":200,"srcset":"https:\/\/i0.wp.com\/wp.ufpel.edu.br\/artenosul\/files\/2024\/08\/museu_do_doce_fica_localizado_na_cidade_de_pelotas_rio_grande_do_sul.webp?resize=350%2C200&ssl=1 1x, https:\/\/i0.wp.com\/wp.ufpel.edu.br\/artenosul\/files\/2024\/08\/museu_do_doce_fica_localizado_na_cidade_de_pelotas_rio_grande_do_sul.webp?resize=525%2C300&ssl=1 1.5x, https:\/\/i0.wp.com\/wp.ufpel.edu.br\/artenosul\/files\/2024\/08\/museu_do_doce_fica_localizado_na_cidade_de_pelotas_rio_grande_do_sul.webp?resize=700%2C400&ssl=1 2x"},"classes":[]},{"id":29232,"url":"https:\/\/wp.ufpel.edu.br\/artenosul\/2025\/07\/02\/exposicao-celebra-44-anos-de-trabalho-cooperativo-de-doceiras-e-doceiros\/","url_meta":{"origin":8639,"position":3},"title":"Exposi\u00e7\u00e3o celebra 44 anos de trabalho cooperativo de doceiras e doceiros","author":"artenosul","date":"2 de julho de 2025","format":false,"excerpt":"O Museu do Doce de Pelotas abre mostra que cultiva tradi\u00e7\u00e3o gastron\u00f4mica da cidade \u00a0 \u00a0 No dia 9 de julho de 2025, pr\u00f3xima quarta-feira, \u00e0s 16 horas, o Museu do Doce abre a exposi\u00e7\u00e3o \u201cCooperativa das Doceiras: in\u00edcio de uma trajet\u00f3ria patrimonial\u201d. Apresenta ao p\u00fablico 44 anos de trabalho\u2026","rel":"","context":"Em &quot;COMUNIDADE&quot;","block_context":{"text":"COMUNIDADE","link":"https:\/\/wp.ufpel.edu.br\/artenosul\/category\/comunidade\/"},"img":{"alt_text":"","src":"https:\/\/i0.wp.com\/wp.ufpel.edu.br\/artenosul\/files\/2025\/07\/491267360_3890006024596256_6619235116794972645_n.jpg?resize=350%2C200&ssl=1","width":350,"height":200,"srcset":"https:\/\/i0.wp.com\/wp.ufpel.edu.br\/artenosul\/files\/2025\/07\/491267360_3890006024596256_6619235116794972645_n.jpg?resize=350%2C200&ssl=1 1x, https:\/\/i0.wp.com\/wp.ufpel.edu.br\/artenosul\/files\/2025\/07\/491267360_3890006024596256_6619235116794972645_n.jpg?resize=525%2C300&ssl=1 1.5x, https:\/\/i0.wp.com\/wp.ufpel.edu.br\/artenosul\/files\/2025\/07\/491267360_3890006024596256_6619235116794972645_n.jpg?resize=700%2C400&ssl=1 2x"},"classes":[]},{"id":30197,"url":"https:\/\/wp.ufpel.edu.br\/artenosul\/2025\/12\/18\/museu-do-doce-cultua-identidade-de-pelotas\/","url_meta":{"origin":8639,"position":4},"title":"Museu do Doce cultua identidade de Pelotas","author":"artenosul","date":"18 de dezembro de 2025","format":false,"excerpt":"Institui\u00e7\u00e3o \u00e9 espa\u00e7o de mem\u00f3ria, pesquisa e preserva\u00e7\u00e3o de uma s\u00e9rie de saberes e fazeres que vem marcando cotidiano local\u00a0\u00a0\u00a0\u00a0 Por Najara Leal e Raissa Iepsen\u00a0\u00a0\u00a0\u00a0 \u00a0 \u00a0 A cidade de Pelotas carrega um dos patrim\u00f4nios culturais mais reconhecidos do Brasil: sua tradi\u00e7\u00e3o doceira. S\u00edmbolo da identidade local e orgulho\u2026","rel":"","context":"Em &quot;COMUNIDADE&quot;","block_context":{"text":"COMUNIDADE","link":"https:\/\/wp.ufpel.edu.br\/artenosul\/category\/comunidade\/"},"img":{"alt_text":"","src":"https:\/\/i0.wp.com\/wp.ufpel.edu.br\/artenosul\/files\/2025\/12\/IMG_2884.jpeg?resize=350%2C200&ssl=1","width":350,"height":200,"srcset":"https:\/\/i0.wp.com\/wp.ufpel.edu.br\/artenosul\/files\/2025\/12\/IMG_2884.jpeg?resize=350%2C200&ssl=1 1x, https:\/\/i0.wp.com\/wp.ufpel.edu.br\/artenosul\/files\/2025\/12\/IMG_2884.jpeg?resize=525%2C300&ssl=1 1.5x, https:\/\/i0.wp.com\/wp.ufpel.edu.br\/artenosul\/files\/2025\/12\/IMG_2884.jpeg?resize=700%2C400&ssl=1 2x, https:\/\/i0.wp.com\/wp.ufpel.edu.br\/artenosul\/files\/2025\/12\/IMG_2884.jpeg?resize=1050%2C600&ssl=1 3x"},"classes":[]},{"id":27188,"url":"https:\/\/wp.ufpel.edu.br\/artenosul\/2024\/09\/27\/museu-do-doce-tem-programacao-especial-para-primavera-dos-museus\/","url_meta":{"origin":8639,"position":5},"title":"Museu do Doce tem programa\u00e7\u00e3o especial para Primavera dos Museus","author":"artenosul","date":"27 de setembro de 2024","format":false,"excerpt":"Amanh\u00e3, dia 28 de setembro, o espa\u00e7o ter\u00e1 atividades culturais e musicais com abertura noturna\u00a0 \u00a0 \u00a0 \u00a0 St\u00e9fane Costa\u00a0 \u00a0 \u00a0 \u00a0 \u00a0 \u00a0 Museus de todo o Pa\u00eds est\u00e3o com uma programa\u00e7\u00e3o especial pela 18\u00aa Primavera dos Museus, a\u00e7\u00e3o promovida pelo Instituto Brasileiro de Museus (Ibram). Esses locais\u2026","rel":"","context":"Em &quot;COMUNIDADE&quot;","block_context":{"text":"COMUNIDADE","link":"https:\/\/wp.ufpel.edu.br\/artenosul\/category\/comunidade\/"},"img":{"alt_text":"","src":"https:\/\/i0.wp.com\/wp.ufpel.edu.br\/artenosul\/files\/2024\/08\/Imagem1.jpg?resize=350%2C200&ssl=1","width":350,"height":200,"srcset":"https:\/\/i0.wp.com\/wp.ufpel.edu.br\/artenosul\/files\/2024\/08\/Imagem1.jpg?resize=350%2C200&ssl=1 1x, https:\/\/i0.wp.com\/wp.ufpel.edu.br\/artenosul\/files\/2024\/08\/Imagem1.jpg?resize=525%2C300&ssl=1 1.5x"},"classes":[]}],"_links":{"self":[{"href":"https:\/\/wp.ufpel.edu.br\/artenosul\/wp-json\/wp\/v2\/posts\/8639","targetHints":{"allow":["GET"]}}],"collection":[{"href":"https:\/\/wp.ufpel.edu.br\/artenosul\/wp-json\/wp\/v2\/posts"}],"about":[{"href":"https:\/\/wp.ufpel.edu.br\/artenosul\/wp-json\/wp\/v2\/types\/post"}],"author":[{"embeddable":true,"href":"https:\/\/wp.ufpel.edu.br\/artenosul\/wp-json\/wp\/v2\/users\/571"}],"replies":[{"embeddable":true,"href":"https:\/\/wp.ufpel.edu.br\/artenosul\/wp-json\/wp\/v2\/comments?post=8639"}],"version-history":[{"count":4,"href":"https:\/\/wp.ufpel.edu.br\/artenosul\/wp-json\/wp\/v2\/posts\/8639\/revisions"}],"predecessor-version":[{"id":8736,"href":"https:\/\/wp.ufpel.edu.br\/artenosul\/wp-json\/wp\/v2\/posts\/8639\/revisions\/8736"}],"wp:featuredmedia":[{"embeddable":true,"href":"https:\/\/wp.ufpel.edu.br\/artenosul\/wp-json\/wp\/v2\/media\/8643"}],"wp:attachment":[{"href":"https:\/\/wp.ufpel.edu.br\/artenosul\/wp-json\/wp\/v2\/media?parent=8639"}],"wp:term":[{"taxonomy":"category","embeddable":true,"href":"https:\/\/wp.ufpel.edu.br\/artenosul\/wp-json\/wp\/v2\/categories?post=8639"},{"taxonomy":"post_tag","embeddable":true,"href":"https:\/\/wp.ufpel.edu.br\/artenosul\/wp-json\/wp\/v2\/tags?post=8639"}],"curies":[{"name":"wp","href":"https:\/\/api.w.org\/{rel}","templated":true}]}}