{"id":8630,"date":"2020-07-21T13:13:03","date_gmt":"2020-07-21T16:13:03","guid":{"rendered":"https:\/\/wp.ufpel.edu.br\/artenosul\/?p=8630"},"modified":"2020-07-21T20:06:30","modified_gmt":"2020-07-21T23:06:30","slug":"sesc-promove-arte-e-cultura-em-casa","status":"publish","type":"post","link":"https:\/\/wp.ufpel.edu.br\/artenosul\/2020\/07\/21\/sesc-promove-arte-e-cultura-em-casa\/","title":{"rendered":"Sesc promove arte e cultura em casa"},"content":{"rendered":"<p style=\"text-align: right\"><em><strong><span style=\"font-family: arial, helvetica, sans-serif;font-size: 12pt\">Por Ana Cl\u00e1udia Rodrigues<\/span><\/strong><\/em><\/p>\n<p><span style=\"font-family: arial, helvetica, sans-serif;font-size: 12pt\">Ao longo do m\u00eas de julho o Senac RS est\u00e1 promovendo uma s\u00e9rie de atividades culturais ao<\/span><br \/>\n<span style=\"font-family: arial, helvetica, sans-serif;font-size: 12pt\">vivo para promover a arte e cultura em casa. O projeto, que se chama Arte Sesc &#8211; Em casa<\/span><br \/>\n<span style=\"font-family: arial, helvetica, sans-serif;font-size: 12pt\">com voc\u00ea, conta com uma variedade de atividades como workshops, oficinas, bate-papo e<\/span><br \/>\n<span style=\"font-family: arial, helvetica, sans-serif;font-size: 12pt\">apresenta\u00e7\u00f5es ao vivo. A faixa et\u00e1ria da programa\u00e7\u00e3o \u00e9 livre: contando com programas<\/span><br \/>\n<span style=\"font-family: arial, helvetica, sans-serif;font-size: 12pt\">voltado para o p\u00fablico infantil at\u00e9 \u00e0 terceira idade.\u00a0<\/span><\/p>\n<p><span style=\"font-family: arial, helvetica, sans-serif;font-size: 12pt\">O objetivo do projeto \u00e9 levar diversas manifesta\u00e7\u00f5es art\u00edsticas e culturais para a popula\u00e7\u00e3o neste per\u00edodo de isolamento. A programa\u00e7\u00e3o conta com pe\u00e7as de teatro, circo, apresenta\u00e7\u00f5es de dan\u00e7a, cinema, artes visuais, m\u00fasica e literatura. As atividades s\u00e3o abertas ao p\u00fablico e podem ser acessadas por meio do <a href=\"https:\/\/www.facebook.com\/SescRS\/\" target=\"_blank\" rel=\"noopener noreferrer\">Facebook<\/a> e pelo <a href=\"https:\/\/www.youtube.com\/user\/sescrs\" target=\"_blank\" rel=\"noopener noreferrer\">canal Sesc RS<\/a> no Youtube.<\/span><\/p>\n<h2><strong>Programa\u00e7\u00e3o:\u00a0<\/strong><\/h2>\n<ul>\n<li><span style=\"font-family: arial, helvetica, sans-serif;font-size: 12pt\">21 de julho \u00e0s 19 horas &#8211; Bate papo sobre literatura com os vencedores ga\u00fachos do pr\u00eamio<\/span><br \/>\n<span style=\"font-family: arial, helvetica, sans-serif;font-size: 12pt\">Sesc de Literatura<\/span><\/li>\n<li><span style=\"font-family: arial, helvetica, sans-serif;font-size: 12pt\">23 de julho \u00e0s 19 horas &#8211; Clube de leitura: centen\u00e1rio de Clarice Lispector &#8211; Inscri\u00e7\u00f5es:<\/span><br \/>\n<span style=\"font-family: arial, helvetica, sans-serif;font-size: 12pt\">jrossato@sesc-rs.com.br <\/span><\/li>\n<li><span style=\"font-family: arial, helvetica, sans-serif;font-size: 12pt\">23 de julho \u00e0s 20 horas &#8211; RAPajador Chiquinho Divilas, Rafael Deboni e DJ Hoood <\/span><\/li>\n<li><span style=\"font-family: arial, helvetica, sans-serif;font-size: 12pt\">24 de julho \u00e0s 19 horas &#8211; Artes Integradas Pratas da Casa \u2013 entrevistas<\/span><\/li>\n<li><span style=\"font-family: arial, helvetica, sans-serif;font-size: 12pt\">24 de julho \u00e0s 20 horas &#8211; Curta Canoas \u2013 Exibi\u00e7\u00f5es de filmes em sala fechada &#8211; Inscri\u00e7\u00f5es:<\/span><br \/>\n<span style=\"font-family: arial, helvetica, sans-serif;font-size: 12pt\">agendamentocanoas@sesc-rs.com.br <\/span><\/li>\n<li><span style=\"font-family: arial, helvetica, sans-serif;font-size: 12pt\">25 de julho \u00e0s 20 horas &#8211; Bruno e Gustavo Fernandes (Sertanejo)<\/span><\/li>\n<li><span style=\"font-family: arial, helvetica, sans-serif;font-size: 12pt\">26 de julho \u00e0s 16 horas &#8211; Espet\u00e1culo O silencioso mundo de Flor \u2013 Grupo Teatro Depois da<\/span><br \/>\n<span style=\"font-family: arial, helvetica, sans-serif;font-size: 12pt\">Chuva<\/span><\/li>\n<li><span style=\"font-family: arial, helvetica, sans-serif;font-size: 12pt\">27 de julho \u00e0s 15 horas &#8211; Artes integradas\/ esporte Sesc S\u00e3o Sebasti\u00e3o do Ca\u00ed entrevista <\/span><\/li>\n<li><span style=\"font-family: arial, helvetica, sans-serif;font-size: 12pt\">27 de julho \u00e0s 19 horas &#8211; Poesia Desanuviada: contra a mistifica\u00e7\u00e3o da atividade po\u00e9tica<\/span><\/li>\n<li><span style=\"font-family: arial, helvetica, sans-serif;font-size: 12pt\">30 de julho \u00e0s 20 horas- Tati\u00e9li Bueno \u2013 Tributo Mercedes Sosa <\/span><\/li>\n<li><span style=\"font-family: arial, helvetica, sans-serif;font-size: 12pt\">31 de julho \u00e0s 20 horas &#8211; Talk show cultura e dan\u00e7a cigana.<\/span><\/li>\n<\/ul>\n<div id=\"attachment_8633\" style=\"width: 500px\" class=\"wp-caption aligncenter\"><img loading=\"lazy\" decoding=\"async\" aria-describedby=\"caption-attachment-8633\" class=\"wp-image-8633 size-medium\" src=\"https:\/\/wp.ufpel.edu.br\/artenosul\/files\/2020\/07\/30-07-Tatieli-Bueno-Miniatura-site-500x419.png\" alt=\"\" width=\"500\" height=\"419\" srcset=\"https:\/\/wp.ufpel.edu.br\/artenosul\/files\/2020\/07\/30-07-Tatieli-Bueno-Miniatura-site-500x419.png 500w, https:\/\/wp.ufpel.edu.br\/artenosul\/files\/2020\/07\/30-07-Tatieli-Bueno-Miniatura-site-300x251.png 300w, https:\/\/wp.ufpel.edu.br\/artenosul\/files\/2020\/07\/30-07-Tatieli-Bueno-Miniatura-site-768x644.png 768w, https:\/\/wp.ufpel.edu.br\/artenosul\/files\/2020\/07\/30-07-Tatieli-Bueno-Miniatura-site.png 858w\" sizes=\"auto, (max-width: 500px) 100vw, 500px\" \/><p id=\"caption-attachment-8633\" class=\"wp-caption-text\"><span style=\"color: #0000ff\"><strong>Tati\u00e9li Bueno faz tributo \u00e0 Mercedes Sosa no dia 30<\/strong><\/span><\/p><\/div>\n<p><a href=\"https:\/\/wp.ufpel.edu.br\/artenosul\/\" target=\"_blank\" rel=\"noopener noreferrer\"><span style=\"color: #0000ff;font-family: arial, helvetica, sans-serif;font-size: 12pt\"><strong>PRIMEIRA P\u00c1GINA<\/strong><\/span><\/a><\/p>\n<p><span style=\"font-family: arial, helvetica, sans-serif;font-size: 12pt\"><strong><span style=\"color: #0000ff\">COMENT\u00c1RIOS<\/span><\/strong><\/span><\/p>\n<div data-test='contact-form'\n\t\t\tid='contact-form-8630'\n\t\t\tclass='wp-block-jetpack-contact-form-container '\n\t\t\tdata-wp-interactive='jetpack\/form' data-wp-context='{\"formId\":\"8630\",\"formHash\":\"74895a106ba4d46473f0e322ba2986defe9ba0bb\",\"showErrors\":false,\"errors\":[],\"fields\":[],\"isMultiStep\":false,\"useAjax\":true,\"submissionData\":null,\"formattedSubmissionData\":[],\"submissionSuccess\":false,\"submissionError\":null,\"elementId\":\"jp-form-74895a106ba4d46473f0e322ba2986defe9ba0bb\",\"isSingleInputForm\":false}'\n\t\t\tdata-wp-watch--scroll-to-wrapper=\"callbacks.scrollToWrapper\"\n\t\t>\n<div class=\"contact-form-submission contact-form-ajax-submission\" data-wp-class--submission-success=\"context.submissionSuccess\"><p class=\"go-back-message\"><a class=\"link\" role=\"button\" tabindex=\"0\" data-wp-on--click=\"actions.goBack\" href=\"\/artenosul\/wp-json\/wp\/v2\/posts\/8630\">Voltar<\/a><\/p><h4 id=\"contact-form-success-header\">Sua mensagem foi enviada<\/h4>\n\n<template data-wp-each--submission=\"context.formattedSubmissionData\">\n\t\t\t\t\t<div class=\"jetpack_forms_contact-form-success-summary\">\n\t\t\t\t\t\t<div class=\"field-name\" data-wp-text=\"context.submission.label\" data-wp-bind--hidden=\"!context.submission.label\"><\/div>\n\t\t\t\t\t\t<div class=\"field-value\" data-wp-text=\"context.submission.value\"><\/div>\n\t\t\t\t\t\t<div class=\"field-images\" data-wp-bind--hidden=\"!context.submission.images\">\n\t\t\t\t\t\t\t<template data-wp-each--image=\"context.submission.images\">\n\t\t\t\t\t\t\t\t<figure class=\"field-image\" data-wp-class--is-empty=\"!context.image\">\n\t\t\t\t\t\t\t\t\t<img data-wp-bind--src=\"context.image\" data-wp-bind--hidden=\"!context.image\" \/>\n\t\t\t\t\t\t\t\t\t<img decoding=\"async\" src=\"data:image\/gif;base64,R0lGODlhAQABAAD\/ACwAAAAAAQABAAACADs=\" data-wp-bind--hidden=\"context.image\" \/>\n\t\t\t\t\t\t\t\t<\/figure>\n\t\t\t\t\t\t\t<\/template>\n\t\t\t\t\t\t<\/div>\n\t\t\t\t\t<\/div>\n\t\t\t\t<\/template><\/div><form action='https:\/\/wp.ufpel.edu.br\/artenosul\/2020\/07\/21\/sesc-promove-arte-e-cultura-em-casa\/'\n\t\t\t\tid='jp-form-74895a106ba4d46473f0e322ba2986defe9ba0bb'\n\t\t\t\tmethod='post'\n\t\t\t\tclass='contact-form commentsblock' aria-label=\"Sesc promove arte e cultura em casa\"\n\t\t\t\tdata-wp-on--submit=\"actions.onFormSubmit\"\n\t\t\t\tdata-wp-on--reset=\"actions.onFormReset\"\n\t\t\t\tdata-wp-class--submission-success=\"context.submissionSuccess\"\n\t\t\t\tdata-wp-class--is-first-step=\"state.isFirstStep\"\n\t\t\t\tdata-wp-class--is-last-step=\"state.isLastStep\"\n\t\t\t\tdata-wp-class--is-ajax-form=\"context.useAjax\"\n\t\t\t\tnovalidate >\n<input type='hidden' name='jetpack_contact_form_jwt' value='eyJ0eXAiOiJKV1QiLCJhbGciOiJIUzI1NiJ9.eyJlbmNyeXB0ZWRfYXR0cmlidXRlcyI6Ik8vK0tPTkwyUVJXL2xjYXcyd1Qyb0RFc3pBbTNIdGR3UDFodGRSS0xzQXlYUUFyWVRBc2d0Y05VQ3p3dFRBVmtSLzdvZlZsMXdSZUxpMWMwUUV2cHNpTmlSaWlDV2ZHYU4zMzBDZ1dpa0NVTDJlN01HaDVMTS9IanVXbWdLbDV4bWZ3a2ZEVEJYRVlremd4Z05nR1M1RG9BY1VqTGltalpNQkI4dkZSVGtyVWhEYnZZbzBGUVBSemFvQmNPU2ZPaHIxWEJ1TWZlM2taNFZXeDY4dWJNWUptR0Rqd1RSZmFXZTdvSmxRN0UrMFU0ZlFVYXBDcHpNZ0pQSEZzS3lQQVRTcGw2Ri95ZUFEZHVlWHo4c09YL2k3QU5ZV1RvQTNpT21MTi82T0xpTGFCWGRJNjVHYzhpMmYvMTF1OXQvemlhN2QwT1hib3NHSVU0bzJvdTlnTnlTeTJFQ01Ya0ZwWUlEdi9CNUJQaUd1NVRJb1FNNzFpZ1RPQWo0SFBWYTJkNTI0bFdJeVgzenRMOHdVY1lGUjFVOVJsbjVTRitvM2Q0WFFNSWpuUGl4YmFmRERwT3FocDU0MWVIVEVpQjNvUjJjWmJ1QmZOQ3ltTXhmcXZjTXNjdXJLV1R2d3h1N3hRRVBsRzlpSCtvUjdpUVVIUGZNTVlaYjlWTnF6eGlSVkVjMUFkMjF3U2V0S1pjZEMrMW9PRkxJSnZRbDRvM3FoWkRucjUyZGpJYnY1YVBXTSt1RXdlTStMbDRQWWIzL0ZQWUFXYVAvdHVBN0hDaWNYaklmK2w3Zk9obit0WUM5b1kyTCt1NlkvTHp4d0d5YnBTMkpKYmZxUFVnazZLd3ZDZHB0UldCVWZka25DYlU2aE55OUQwdjRURHVVRHhmOHppeGs1eER1SDVHUDUxNUtrU0I1dU9mbXdhMXk0YXFMNS91QU5rcGhtUjJud2lYYmowSm0xLzUybng0RkhQQW4ydkxpK003aEVISTVjQlBCN1lWcytvWDcxVHBHaGZsemJ3a1hSZWlCMC9zbU12bFF4V1hiTnZicTFVNmkwUEVoUk9ZMEtUM3BsbE83WVNrbEVJNWdDYmFjcWlySHZTUENMSWFHa3hwNHBhTVFBKzFPdmVXSHlMdmh6eDQ4NEhaeVdyKzgzWHNxWWxNdFlzNUVaWjNDdnE2czM5VDlLUG1FWkdDVUJ0bEhKY1JvM1N4b2NzPSIsImNvbnRlbnQiOiJbY29udGFjdC1maWVsZCBsYWJlbD1cIk5vbWVcIiB0eXBlPVwibmFtZVwiXVtjb250YWN0LWZpZWxkIGxhYmVsPVwiRS1tYWlsXCIgdHlwZT1cImVtYWlsXCJdW2NvbnRhY3QtZmllbGQgbGFiZWw9XCJNZW5zYWdlbVwiIHR5cGU9XCJ0ZXh0YXJlYVwiXSIsImhhc2giOiI3NDg5NWExMDZiYTRkNDY0NzNmMGUzMjJiYTI5ODZkZWZlOWJhMGJiIiwic291cmNlIjp7ImVudHJ5X3RpdGxlIjoiU2VzYyBwcm9tb3ZlIGFydGUgZSBjdWx0dXJhIGVtIGNhc2EiLCJlbnRyeV9wYWdlIjoxLCJzb3VyY2VfaWQiOjg2MzAsInNvdXJjZV90eXBlIjoic2luZ2xlIiwicmVxdWVzdF91cmwiOiJodHRwczovL3dwLnVmcGVsLmVkdS5ici9hcnRlbm9zdWwvd3AtanNvbi93cC92Mi9wb3N0cy84NjMwIn0sInZlcnNpb24iOjIsImNpcGhlciI6ImFlcy0yNTYtZ2NtIn0.BgbDjtV9Yc1YNzvRSGWejWb1BU8IWwSPV_LLOyKFYWw' \/>\n\n<div style=\"\"  data-wp-interactive=\"jetpack\/form\" data-wp-context='{\"fieldId\":\"g8630-nome\",\"fieldType\":\"name\",\"fieldLabel\":\"Nome\",\"fieldValue\":\"\",\"fieldPlaceholder\":\"\",\"fieldIsRequired\":\"\",\"fieldErrorMessage\":\"\",\"fieldExtra\":[],\"formHash\":\"74895a106ba4d46473f0e322ba2986defe9ba0bb\"}'  class='grunion-field-name-wrap grunion-field-wrap'  data-wp-init='callbacks.initializeField' data-wp-on--jetpack-form-reset='callbacks.initializeField' >\n<label\n\t\t\t\tfor='g8630-nome' class=\"grunion-field-label name\" >Nome<\/label>\n<input\n\t\t\t\t\ttype='text'\n\t\t\t\t\tname='g8630-nome'\n\t\t\t\t\tid='g8630-nome'\n\t\t\t\t\tvalue=''\n\n\t\t\t\t\tdata-wp-bind--aria-invalid='state.fieldHasErrors'\n\t\t\t\t\tdata-wp-bind--value='state.getFieldValue'\n\t\t\t\t\taria-errormessage='g8630-nome-text-error-message'\n\t\t\t\t\tdata-wp-on--input='actions.onFieldChange'\n\t\t\t\t\tdata-wp-on--blur='actions.onFieldBlur'\n\t\t\t\t\tdata-wp-class--has-value='state.hasFieldValue'\n\n\t\t\t\t\tclass='name  grunion-field' \n\t\t\t\t\t \/>\n \n\t\t\t<div id=\"g8630-nome-text-error\" class=\"contact-form__input-error\" data-wp-class--has-errors=\"state.fieldHasErrors\">\n\t\t\t\t<span class=\"contact-form__warning-icon\">\n\t\t\t\t\t<svg width=\"16\" height=\"16\" viewBox=\"0 0 16 16\" fill=\"none\" xmlns=\"http:\/\/www.w3.org\/2000\/svg\">\n\t\t\t\t\t\t<path d=\"M8.50015 11.6402H7.50015V10.6402H8.50015V11.6402Z\" \/>\n\t\t\t\t\t\t<path d=\"M7.50015 9.64018H8.50015V6.30684H7.50015V9.64018Z\" \/>\n\t\t\t\t\t\t<path fill-rule=\"evenodd\" clip-rule=\"evenodd\" d=\"M6.98331 3.0947C7.42933 2.30177 8.57096 2.30177 9.01698 3.09469L13.8771 11.7349C14.3145 12.5126 13.7525 13.4735 12.8602 13.4735H3.14004C2.24774 13.4735 1.68575 12.5126 2.12321 11.7349L6.98331 3.0947ZM8.14541 3.58496C8.08169 3.47168 7.9186 3.47168 7.85488 3.58496L2.99478 12.2251C2.93229 12.3362 3.01257 12.4735 3.14004 12.4735H12.8602C12.9877 12.4735 13.068 12.3362 13.0055 12.2251L8.14541 3.58496Z\" \/>\n\t\t\t\t\t<\/svg>\n\t\t\t\t\t<span class=\"visually-hidden\">Aviso<\/span>\n\t\t\t\t<\/span>\n\t\t\t\t<span data-wp-text=\"state.errorMessage\" id=\"g8630-nome-text-error-message\" role=\"alert\" aria-live=\"assertive\"><\/span>\n\t\t\t<\/div> \n\t<\/div>\n\n<div style=\"\"  data-wp-interactive=\"jetpack\/form\" data-wp-context='{\"fieldId\":\"g8630-email\",\"fieldType\":\"email\",\"fieldLabel\":\"E-mail\",\"fieldValue\":\"\",\"fieldPlaceholder\":\"\",\"fieldIsRequired\":\"\",\"fieldErrorMessage\":\"\",\"fieldExtra\":[],\"formHash\":\"74895a106ba4d46473f0e322ba2986defe9ba0bb\"}'  class='grunion-field-email-wrap grunion-field-wrap'  data-wp-init='callbacks.initializeField' data-wp-on--jetpack-form-reset='callbacks.initializeField' >\n<label\n\t\t\t\tfor='g8630-email' class=\"grunion-field-label email\" >E-mail<\/label>\n<input\n\t\t\t\t\ttype='email'\n\t\t\t\t\tname='g8630-email'\n\t\t\t\t\tid='g8630-email'\n\t\t\t\t\tvalue=''\n\n\t\t\t\t\tdata-wp-bind--aria-invalid='state.fieldHasErrors'\n\t\t\t\t\tdata-wp-bind--value='state.getFieldValue'\n\t\t\t\t\taria-errormessage='g8630-email-email-error-message'\n\t\t\t\t\tdata-wp-on--input='actions.onFieldChange'\n\t\t\t\t\tdata-wp-on--blur='actions.onFieldBlur'\n\t\t\t\t\tdata-wp-class--has-value='state.hasFieldValue'\n\n\t\t\t\t\tclass='email  grunion-field' \n\t\t\t\t\t \/>\n \n\t\t\t<div id=\"g8630-email-email-error\" class=\"contact-form__input-error\" data-wp-class--has-errors=\"state.fieldHasErrors\">\n\t\t\t\t<span class=\"contact-form__warning-icon\">\n\t\t\t\t\t<svg width=\"16\" height=\"16\" viewBox=\"0 0 16 16\" fill=\"none\" xmlns=\"http:\/\/www.w3.org\/2000\/svg\">\n\t\t\t\t\t\t<path d=\"M8.50015 11.6402H7.50015V10.6402H8.50015V11.6402Z\" \/>\n\t\t\t\t\t\t<path d=\"M7.50015 9.64018H8.50015V6.30684H7.50015V9.64018Z\" \/>\n\t\t\t\t\t\t<path fill-rule=\"evenodd\" clip-rule=\"evenodd\" d=\"M6.98331 3.0947C7.42933 2.30177 8.57096 2.30177 9.01698 3.09469L13.8771 11.7349C14.3145 12.5126 13.7525 13.4735 12.8602 13.4735H3.14004C2.24774 13.4735 1.68575 12.5126 2.12321 11.7349L6.98331 3.0947ZM8.14541 3.58496C8.08169 3.47168 7.9186 3.47168 7.85488 3.58496L2.99478 12.2251C2.93229 12.3362 3.01257 12.4735 3.14004 12.4735H12.8602C12.9877 12.4735 13.068 12.3362 13.0055 12.2251L8.14541 3.58496Z\" \/>\n\t\t\t\t\t<\/svg>\n\t\t\t\t\t<span class=\"visually-hidden\">Aviso<\/span>\n\t\t\t\t<\/span>\n\t\t\t\t<span data-wp-text=\"state.errorMessage\" id=\"g8630-email-email-error-message\" role=\"alert\" aria-live=\"assertive\"><\/span>\n\t\t\t<\/div> \n\t<\/div>\n\n<div style=\"\"  data-wp-interactive=\"jetpack\/form\" data-wp-context='{\"fieldId\":\"g8630-mensagem\",\"fieldType\":\"textarea\",\"fieldLabel\":\"Mensagem\",\"fieldValue\":\"\",\"fieldPlaceholder\":\"\",\"fieldIsRequired\":\"\",\"fieldErrorMessage\":\"\",\"fieldExtra\":[],\"formHash\":\"74895a106ba4d46473f0e322ba2986defe9ba0bb\"}'  class='grunion-field-textarea-wrap grunion-field-wrap'  data-wp-init='callbacks.initializeField' data-wp-on--jetpack-form-reset='callbacks.initializeField' >\n<label\n\t\t\t\tfor='contact-form-comment-g8630-mensagem' class=\"grunion-field-label textarea\" >Mensagem<\/label>\n<textarea\n\t\t                style=''\n\t\t                name='g8630-mensagem'\n\t\t                id='contact-form-comment-g8630-mensagem'\n\t\t                rows='20'\n\t\t\t\t\t\tdata-wp-text='state.getFieldValue'\n\t\t\t\t\t\tdata-wp-on--input='actions.onFieldChange'\n\t\t\t\t\t\tdata-wp-on--blur='actions.onFieldBlur'\n\t\t\t\t\t\tdata-wp-class--has-value='state.hasFieldValue'\n\t\t\t\t\t\tdata-wp-bind--aria-invalid='state.fieldHasErrors'\n\t\t\t\t\t\taria-errormessage='g8630-mensagem-textarea-error-message'\n\t\t\t\t\t\tclass='textarea  grunion-field'  ><\/textarea>\n \n\t\t\t<div id=\"g8630-mensagem-textarea-error\" class=\"contact-form__input-error\" data-wp-class--has-errors=\"state.fieldHasErrors\">\n\t\t\t\t<span class=\"contact-form__warning-icon\">\n\t\t\t\t\t<svg width=\"16\" height=\"16\" viewBox=\"0 0 16 16\" fill=\"none\" xmlns=\"http:\/\/www.w3.org\/2000\/svg\">\n\t\t\t\t\t\t<path d=\"M8.50015 11.6402H7.50015V10.6402H8.50015V11.6402Z\" \/>\n\t\t\t\t\t\t<path d=\"M7.50015 9.64018H8.50015V6.30684H7.50015V9.64018Z\" \/>\n\t\t\t\t\t\t<path fill-rule=\"evenodd\" clip-rule=\"evenodd\" d=\"M6.98331 3.0947C7.42933 2.30177 8.57096 2.30177 9.01698 3.09469L13.8771 11.7349C14.3145 12.5126 13.7525 13.4735 12.8602 13.4735H3.14004C2.24774 13.4735 1.68575 12.5126 2.12321 11.7349L6.98331 3.0947ZM8.14541 3.58496C8.08169 3.47168 7.9186 3.47168 7.85488 3.58496L2.99478 12.2251C2.93229 12.3362 3.01257 12.4735 3.14004 12.4735H12.8602C12.9877 12.4735 13.068 12.3362 13.0055 12.2251L8.14541 3.58496Z\" \/>\n\t\t\t\t\t<\/svg>\n\t\t\t\t\t<span class=\"visually-hidden\">Aviso<\/span>\n\t\t\t\t<\/span>\n\t\t\t\t<span data-wp-text=\"state.errorMessage\" id=\"g8630-mensagem-textarea-error-message\" role=\"alert\" aria-live=\"assertive\"><\/span>\n\t\t\t<\/div>\n\t<\/div>\n\t<p class='contact-submit'>\n<div class=\"contact-form__error\" data-wp-class--show-errors=\"state.showFormErrors\"><span class=\"contact-form__warning-icon\"><span class=\"visually-hidden\">Aten\u00e7\u00e3o.<\/span><i aria-hidden=\"true\"><\/i><\/span>\n\t\t\t\t<span data-wp-text=\"state.getFormErrorMessage\"><\/span>\n\t\t\t\t<ul>\n\t\t\t\t<template data-wp-each=\"state.getErrorList\" data-wp-key=\"context.item.id\">\n\t\t\t\t\t<li><a data-wp-bind--href=\"context.item.anchor\" data-wp-on--click=\"actions.scrollIntoView\" data-wp-text=\"context.item.label\"><\/a><\/li>\n\t\t\t\t<\/template>\n\t\t\t\t<\/ul><\/div><div class=\"contact-form__error\" data-wp-class--show-errors=\"state.showSubmissionError\" data-wp-text=\"context.submissionError\"><\/div>\t\t<button type='submit' class='pushbutton-wide'>Enviar<\/button>\t\t<input type='hidden' name='contact-form-id' value='8630' \/>\n\t\t<input type='hidden' name='action' value='grunion-contact-form' \/>\n\t\t<input type='hidden' name='contact-form-hash' value='74895a106ba4d46473f0e322ba2986defe9ba0bb' \/>\n\t<\/p>\n<p style=\"display: none !important;\" class=\"akismet-fields-container\" data-prefix=\"ak_\"><label>&#916;<textarea name=\"ak_hp_textarea\" cols=\"45\" rows=\"8\" maxlength=\"100\"><\/textarea><\/label><input type=\"hidden\" id=\"ak_js_1\" name=\"ak_js\" value=\"123\"\/><script>document.getElementById( \"ak_js_1\" ).setAttribute( \"value\", ( new Date() ).getTime() );<\/script><\/p><\/form>\n<\/div>\n","protected":false},"excerpt":{"rendered":"<p>Por Ana Cl\u00e1udia Rodrigues Ao longo do m\u00eas de julho o Senac RS est\u00e1 promovendo uma s\u00e9rie de atividades culturais ao vivo para promover a arte e cultura em casa. O projeto, que se chama Arte Sesc &#8211; Em casa com voc\u00ea, conta com uma variedade de atividades como workshops, oficinas, bate-papo e apresenta\u00e7\u00f5es ao &hellip; <\/p>\n<p><a class=\"more-link btn\" href=\"https:\/\/wp.ufpel.edu.br\/artenosul\/2020\/07\/21\/sesc-promove-arte-e-cultura-em-casa\/\">Continue lendo<\/a><\/p>\n","protected":false},"author":571,"featured_media":8632,"comment_status":"closed","ping_status":"closed","sticky":false,"template":"","format":"standard","meta":{"jetpack_post_was_ever_published":false,"_jetpack_newsletter_access":"","_jetpack_dont_email_post_to_subs":false,"_jetpack_newsletter_tier_id":0,"_jetpack_memberships_contains_paywalled_content":false,"_jetpack_memberships_contains_paid_content":false,"footnotes":"","jetpack_publicize_message":"","jetpack_publicize_feature_enabled":true,"jetpack_social_post_already_shared":true,"jetpack_social_options":{"image_generator_settings":{"template":"highway","default_image_id":0,"font":"","enabled":false},"version":2}},"categories":[88,6],"tags":[1008,1011,7,1010,1009],"class_list":["post-8630","post","type-post","status-publish","format-standard","has-post-thumbnail","hentry","category-comunidade","category-musica","tag-ana-claudia-rodrigues","tag-arte-sesc","tag-musica","tag-senac-rs","tag-sesc","nodate","item-wrap"],"jetpack_publicize_connections":[],"jetpack_featured_media_url":"https:\/\/wp.ufpel.edu.br\/artenosul\/files\/2020\/07\/23-07-Rapajador-Miniatura-site.png","jetpack_sharing_enabled":true,"jetpack_likes_enabled":true,"jetpack_shortlink":"https:\/\/wp.me\/p6PuxQ-2fc","jetpack-related-posts":[{"id":27236,"url":"https:\/\/wp.ufpel.edu.br\/artenosul\/2024\/10\/03\/programa-orquestra-jovem-do-sesc-com-inscricoes-abertas-ate-dia-9-de-outubro\/","url_meta":{"origin":8630,"position":0},"title":"Programa Orquestra Jovem do Sesc com inscri\u00e7\u00f5es abertas at\u00e9 dia 9 de outubro","author":"artenosul","date":"3 de outubro de 2024","format":false,"excerpt":"Pelotas foi a cidade escolhida como sede de projeto que busca estimular o desenvolvimento art\u00edstico de adolescentes\u00a0 \u00a0 \u00a0 \u00a0\u00a0 Por Fernanda Farinha\u00a0 \u00a0 \u00a0 \u00a0\u00a0 \u00a0 \u00a0 O programa Orquestra Jovem do Sesc \u00e9 uma inova\u00e7\u00e3o no Rio Grande do Sul, sendo o primeiro projeto de orquestra voltado para\u2026","rel":"","context":"Em &quot;COMUNIDADE&quot;","block_context":{"text":"COMUNIDADE","link":"https:\/\/wp.ufpel.edu.br\/artenosul\/category\/comunidade\/"},"img":{"alt_text":"","src":"https:\/\/i0.wp.com\/wp.ufpel.edu.br\/artenosul\/files\/2024\/10\/53479155862_b1a46e1e83_h.jpg?resize=350%2C200&ssl=1","width":350,"height":200,"srcset":"https:\/\/i0.wp.com\/wp.ufpel.edu.br\/artenosul\/files\/2024\/10\/53479155862_b1a46e1e83_h.jpg?resize=350%2C200&ssl=1 1x, https:\/\/i0.wp.com\/wp.ufpel.edu.br\/artenosul\/files\/2024\/10\/53479155862_b1a46e1e83_h.jpg?resize=525%2C300&ssl=1 1.5x, https:\/\/i0.wp.com\/wp.ufpel.edu.br\/artenosul\/files\/2024\/10\/53479155862_b1a46e1e83_h.jpg?resize=700%2C400&ssl=1 2x, https:\/\/i0.wp.com\/wp.ufpel.edu.br\/artenosul\/files\/2024\/10\/53479155862_b1a46e1e83_h.jpg?resize=1050%2C600&ssl=1 3x, https:\/\/i0.wp.com\/wp.ufpel.edu.br\/artenosul\/files\/2024\/10\/53479155862_b1a46e1e83_h.jpg?resize=1400%2C800&ssl=1 4x"},"classes":[]},{"id":27752,"url":"https:\/\/wp.ufpel.edu.br\/artenosul\/2025\/01\/14\/13a-edicao-do-festival-internacional-sesc-de-musica-comeca-na-proxima-segunda-feira-em-pelotas\/","url_meta":{"origin":8630,"position":1},"title":"13\u00aa edi\u00e7\u00e3o do Festival Internacional Sesc de M\u00fasica come\u00e7a na pr\u00f3xima segunda-feira em Pelotas","author":"artenosul","date":"14 de janeiro de 2025","format":false,"excerpt":"A partir de 20 de janeiro, ocorrem apresenta\u00e7\u00f5es de orquestras em v\u00e1rias partes da cidade por mais de dez dias\u00a0 \u00a0 \u00a0 Por Carolina Soares\u00a0 \u00a0 \u00a0 \u00a0 \u00a0 \u00a0 Com o tema \u201cViva a m\u00fasica que pulsa em voc\u00ea\u201d, o 13\u00ba Festival Internacional Sesc de M\u00fasica \u00e9 um dos\u2026","rel":"","context":"Em &quot;M\u00daSICA&quot;","block_context":{"text":"M\u00daSICA","link":"https:\/\/wp.ufpel.edu.br\/artenosul\/category\/musica\/"},"img":{"alt_text":"","src":"https:\/\/i0.wp.com\/wp.ufpel.edu.br\/artenosul\/files\/2025\/01\/53480057286_bb74ac73a4_c.jpg?resize=350%2C200&ssl=1","width":350,"height":200,"srcset":"https:\/\/i0.wp.com\/wp.ufpel.edu.br\/artenosul\/files\/2025\/01\/53480057286_bb74ac73a4_c.jpg?resize=350%2C200&ssl=1 1x, https:\/\/i0.wp.com\/wp.ufpel.edu.br\/artenosul\/files\/2025\/01\/53480057286_bb74ac73a4_c.jpg?resize=525%2C300&ssl=1 1.5x, https:\/\/i0.wp.com\/wp.ufpel.edu.br\/artenosul\/files\/2025\/01\/53480057286_bb74ac73a4_c.jpg?resize=700%2C400&ssl=1 2x"},"classes":[]},{"id":27858,"url":"https:\/\/wp.ufpel.edu.br\/artenosul\/2025\/02\/06\/orquestra-jovem-sesc-brasil-deixa-sua-marca-no-festival-internacional-de-musica-em-pelotas\/","url_meta":{"origin":8630,"position":2},"title":"Orquestra Jovem Sesc Brasil deixa sua marca no Festival Internacional de M\u00fasica em Pelotas","author":"artenosul","date":"6 de fevereiro de 2025","format":false,"excerpt":"Evento encerrou na sexta, dia 31 de janeiro, e o grupo de 58 jovens musicistas ga\u00fachos e de nove estados brasileiros fez concerto dia 29, no Theatro Guarany\u00a0\u00a0\u00a0\u00a0 \u00a0 Por Lylian Santos\u00a0\u00a0\u00a0\u00a0\u00a0 \u00a0 \u00a0 At\u00e9 sexta-feira (31), Pelotas recebeu a 13\u00aa edi\u00e7\u00e3o do j\u00e1 tradicional Festival Internacional Sesc de M\u00fasica.\u2026","rel":"","context":"Em &quot;M\u00daSICA&quot;","block_context":{"text":"M\u00daSICA","link":"https:\/\/wp.ufpel.edu.br\/artenosul\/category\/musica\/"},"img":{"alt_text":"","src":"https:\/\/i0.wp.com\/wp.ufpel.edu.br\/artenosul\/files\/2025\/02\/1-1-scaled.jpg?resize=350%2C200&ssl=1","width":350,"height":200,"srcset":"https:\/\/i0.wp.com\/wp.ufpel.edu.br\/artenosul\/files\/2025\/02\/1-1-scaled.jpg?resize=350%2C200&ssl=1 1x, https:\/\/i0.wp.com\/wp.ufpel.edu.br\/artenosul\/files\/2025\/02\/1-1-scaled.jpg?resize=525%2C300&ssl=1 1.5x, https:\/\/i0.wp.com\/wp.ufpel.edu.br\/artenosul\/files\/2025\/02\/1-1-scaled.jpg?resize=700%2C400&ssl=1 2x, https:\/\/i0.wp.com\/wp.ufpel.edu.br\/artenosul\/files\/2025\/02\/1-1-scaled.jpg?resize=1050%2C600&ssl=1 3x, https:\/\/i0.wp.com\/wp.ufpel.edu.br\/artenosul\/files\/2025\/02\/1-1-scaled.jpg?resize=1400%2C800&ssl=1 4x"},"classes":[]},{"id":8217,"url":"https:\/\/wp.ufpel.edu.br\/artenosul\/2019\/06\/10\/10a-edicao-do-festival-sesc-e-lancada-amanha\/","url_meta":{"origin":8630,"position":3},"title":"10\u00aa Edi\u00e7\u00e3o do Festival Sesc \u00e9 lan\u00e7ada amanh\u00e3","author":"artenosul","date":"10 de junho de 2019","format":false,"excerpt":"O Festival Internacional Sesc de M\u00fasica, um dos maiores festivais latino-americanos de m\u00fasica de concerto, completa dez anos no pr\u00f3ximo ano. \u00a0A 10\u00aa edi\u00e7\u00e3o acontece de 20 a 31 de janeiro de 2020. O lan\u00e7amento oficial \u00e9 amanh\u00e3, dia 11 de junho, \u00e0s 19h, no estande da Prefeitura Municipal na\u2026","rel":"","context":"Em &quot;M\u00daSICA&quot;","block_context":{"text":"M\u00daSICA","link":"https:\/\/wp.ufpel.edu.br\/artenosul\/category\/musica\/"},"img":{"alt_text":"","src":"https:\/\/i0.wp.com\/wp.ufpel.edu.br\/artenosul\/files\/2019\/06\/Festival-2017-Credito-Fl%C3%A1vio-Neves-14.jpg?resize=350%2C200&ssl=1","width":350,"height":200,"srcset":"https:\/\/i0.wp.com\/wp.ufpel.edu.br\/artenosul\/files\/2019\/06\/Festival-2017-Credito-Fl%C3%A1vio-Neves-14.jpg?resize=350%2C200&ssl=1 1x, https:\/\/i0.wp.com\/wp.ufpel.edu.br\/artenosul\/files\/2019\/06\/Festival-2017-Credito-Fl%C3%A1vio-Neves-14.jpg?resize=525%2C300&ssl=1 1.5x, https:\/\/i0.wp.com\/wp.ufpel.edu.br\/artenosul\/files\/2019\/06\/Festival-2017-Credito-Fl%C3%A1vio-Neves-14.jpg?resize=700%2C400&ssl=1 2x, https:\/\/i0.wp.com\/wp.ufpel.edu.br\/artenosul\/files\/2019\/06\/Festival-2017-Credito-Fl%C3%A1vio-Neves-14.jpg?resize=1050%2C600&ssl=1 3x, https:\/\/i0.wp.com\/wp.ufpel.edu.br\/artenosul\/files\/2019\/06\/Festival-2017-Credito-Fl%C3%A1vio-Neves-14.jpg?resize=1400%2C800&ssl=1 4x"},"classes":[]},{"id":26238,"url":"https:\/\/wp.ufpel.edu.br\/artenosul\/2024\/01\/13\/12a-edicao-do-festival-internacional-sesc-de-musica-inicia-segunda-em-pelotas\/","url_meta":{"origin":8630,"position":4},"title":"12\u00aa edi\u00e7\u00e3o do Festival Internacional Sesc de M\u00fasica inicia segunda em Pelotas  \u00a0","author":"artenosul","date":"13 de janeiro de 2024","format":false,"excerpt":"Evento movimentar\u00e1 v\u00e1rias partes da cidade com a previs\u00e3o de 63 apresenta\u00e7\u00f5es musicais\u00a0 \u00a0 \u00a0\u00a0 Por Let\u00edcia Vieira\u00a0 \u00a0 \u00a0 \u00a0 \u00a0 \u00a0 Considerado um dos maiores eventos de m\u00fasica de concerto da Am\u00e9rica Latina, a 12\u00aa edi\u00e7\u00e3o do Festival Internacional Sesc de M\u00fasica ocorre em Pelotas a partir desta\u2026","rel":"","context":"Em &quot;COMUNIDADE&quot;","block_context":{"text":"COMUNIDADE","link":"https:\/\/wp.ufpel.edu.br\/artenosul\/category\/comunidade\/"},"img":{"alt_text":"","src":"https:\/\/i0.wp.com\/wp.ufpel.edu.br\/artenosul\/files\/2024\/01\/c2f74a3a89e947daa637d116f404e24d.jpg?resize=350%2C200&ssl=1","width":350,"height":200,"srcset":"https:\/\/i0.wp.com\/wp.ufpel.edu.br\/artenosul\/files\/2024\/01\/c2f74a3a89e947daa637d116f404e24d.jpg?resize=350%2C200&ssl=1 1x, https:\/\/i0.wp.com\/wp.ufpel.edu.br\/artenosul\/files\/2024\/01\/c2f74a3a89e947daa637d116f404e24d.jpg?resize=525%2C300&ssl=1 1.5x, https:\/\/i0.wp.com\/wp.ufpel.edu.br\/artenosul\/files\/2024\/01\/c2f74a3a89e947daa637d116f404e24d.jpg?resize=700%2C400&ssl=1 2x"},"classes":[]},{"id":26371,"url":"https:\/\/wp.ufpel.edu.br\/artenosul\/2024\/02\/24\/12o-festival-internacional-sesc-de-musica-encerra-com-publico-total-de-40-mil-pessoas\/","url_meta":{"origin":8630,"position":5},"title":"12\u00ba Festival Internacional SESC de M\u00fasica encerra com p\u00fablico total de 40 mil pessoas","author":"artenosul","date":"24 de fevereiro de 2024","format":false,"excerpt":"Evento ocorreu em janeiro em Pelotas e promoveu diversos momentos celebrando a cultura sonora\u00a0 \u00a0 \u00a0\u00a0 Por Let\u00edcia Vieira dos Santos\u00a0 \u00a0 \u00a0 \u00a0 \u00a0 \u00a0 \u00a0 Ap\u00f3s doze dias de evento e mais de 60 apresenta\u00e7\u00f5es gratuitas, o 12\u00ba Festival Internacional SESC de M\u00fasica se encerrou no dia 26\u2026","rel":"","context":"Em &quot;M\u00daSICA&quot;","block_context":{"text":"M\u00daSICA","link":"https:\/\/wp.ufpel.edu.br\/artenosul\/category\/musica\/"},"img":{"alt_text":"","src":"https:\/\/i0.wp.com\/wp.ufpel.edu.br\/artenosul\/files\/2024\/02\/53480467075_2cbae3a705_c.jpg?resize=350%2C200&ssl=1","width":350,"height":200,"srcset":"https:\/\/i0.wp.com\/wp.ufpel.edu.br\/artenosul\/files\/2024\/02\/53480467075_2cbae3a705_c.jpg?resize=350%2C200&ssl=1 1x, https:\/\/i0.wp.com\/wp.ufpel.edu.br\/artenosul\/files\/2024\/02\/53480467075_2cbae3a705_c.jpg?resize=525%2C300&ssl=1 1.5x, https:\/\/i0.wp.com\/wp.ufpel.edu.br\/artenosul\/files\/2024\/02\/53480467075_2cbae3a705_c.jpg?resize=700%2C400&ssl=1 2x"},"classes":[]}],"_links":{"self":[{"href":"https:\/\/wp.ufpel.edu.br\/artenosul\/wp-json\/wp\/v2\/posts\/8630","targetHints":{"allow":["GET"]}}],"collection":[{"href":"https:\/\/wp.ufpel.edu.br\/artenosul\/wp-json\/wp\/v2\/posts"}],"about":[{"href":"https:\/\/wp.ufpel.edu.br\/artenosul\/wp-json\/wp\/v2\/types\/post"}],"author":[{"embeddable":true,"href":"https:\/\/wp.ufpel.edu.br\/artenosul\/wp-json\/wp\/v2\/users\/571"}],"replies":[{"embeddable":true,"href":"https:\/\/wp.ufpel.edu.br\/artenosul\/wp-json\/wp\/v2\/comments?post=8630"}],"version-history":[{"count":4,"href":"https:\/\/wp.ufpel.edu.br\/artenosul\/wp-json\/wp\/v2\/posts\/8630\/revisions"}],"predecessor-version":[{"id":8649,"href":"https:\/\/wp.ufpel.edu.br\/artenosul\/wp-json\/wp\/v2\/posts\/8630\/revisions\/8649"}],"wp:featuredmedia":[{"embeddable":true,"href":"https:\/\/wp.ufpel.edu.br\/artenosul\/wp-json\/wp\/v2\/media\/8632"}],"wp:attachment":[{"href":"https:\/\/wp.ufpel.edu.br\/artenosul\/wp-json\/wp\/v2\/media?parent=8630"}],"wp:term":[{"taxonomy":"category","embeddable":true,"href":"https:\/\/wp.ufpel.edu.br\/artenosul\/wp-json\/wp\/v2\/categories?post=8630"},{"taxonomy":"post_tag","embeddable":true,"href":"https:\/\/wp.ufpel.edu.br\/artenosul\/wp-json\/wp\/v2\/tags?post=8630"}],"curies":[{"name":"wp","href":"https:\/\/api.w.org\/{rel}","templated":true}]}}