{"id":8469,"date":"2019-10-24T20:32:32","date_gmt":"2019-10-24T23:32:32","guid":{"rendered":"https:\/\/wp.ufpel.edu.br\/artenosul\/?p=8469"},"modified":"2019-10-24T20:32:32","modified_gmt":"2019-10-24T23:32:32","slug":"pelotas-busca-retomar-gloria-de-seu-carnaval","status":"publish","type":"post","link":"https:\/\/wp.ufpel.edu.br\/artenosul\/2019\/10\/24\/pelotas-busca-retomar-gloria-de-seu-carnaval\/","title":{"rendered":"Pelotas busca retomar gl\u00f3ria de seu carnaval"},"content":{"rendered":"<div id=\"attachment_8472\" style=\"width: 697px\" class=\"wp-caption alignright\"><img loading=\"lazy\" decoding=\"async\" aria-describedby=\"caption-attachment-8472\" class=\" wp-image-8472\" src=\"https:\/\/wp.ufpel.edu.br\/artenosul\/files\/2019\/10\/3-3.jpg\" alt=\"\" width=\"697\" height=\"470\" \/><p id=\"caption-attachment-8472\" class=\"wp-caption-text\"><span style=\"color: #0000ff\"><strong>A General Telles e demais escolas de samba pelotenses voltam a desfilar entre os dias 21 e 24 de fevereiro\u00a0 \u00a0 \u00a0 \u00a0 \u00a0 \u00a0 \u00a0 \u00a0 \u00a0Foto: Arquivo (imagensfatos.blogspot.com)<\/strong><\/span><\/p><\/div>\n<p style=\"text-align: right\"><span style=\"color: #0000ff\"><strong><span style=\"font-size: 14pt\">Por Paulo Lopes Marques<\/span><\/strong><\/span><\/p>\n<p style=\"text-align: justify\"><span style=\"font-size: 14pt\">O carnaval \u00e9 a maior festa popular do Brasil e a express\u00e3o da cultura nacional que \u00e9 exportada para o mundo. Todos os anos, nos meses de fevereiro ou mar\u00e7o, a alegria invade as ruas e transforma os quatro dias dessa folia nos mais esperados para milhares de pessoas de norte a sul do pa\u00eds. Considerado &#8220;o maior espet\u00e1culo da terra&#8221;, o carnaval dos desfiles das escolas de samba do Rio de Janeiro \u00e9 merecedor deste t\u00edtulo. Mas Pelotas tamb\u00e9m j\u00e1 teve seu per\u00edodo de gl\u00f3ria e o agora remodelado carnaval da Princesa do Sul tenta reencontrar sua identidade do passado, com um novo cap\u00edtulo que tem data marcada entre os dias 21 a 24 de fevereiro de 2020.<\/span><\/p>\n<p style=\"text-align: justify\"><span style=\"font-size: 14pt\">O auge do carnaval de escolas de samba de Pelotas aconteceu durante as d\u00e9cadas de 1970 e 1980, quando chegou a ser considerado o terceiro melhor carnaval do Brasil. Escolas de samba desfilavam seu luxo e glamour pelas ruas 15 de Novembro, avenida Bento Gon\u00e7alves e rua Marechal Floriano, atraindo milhares de turistas, inclusive de pa\u00edses vizinhos. Aos poucos, de l\u00e1 para c\u00e1, o carnaval pelotense foi perdendo sua grandeza, as escolas de samba passaram a enfrentar dificuldades e em anos recentes, j\u00e1 na regi\u00e3o do Porto, nem mesmo o concurso aconteceu. Por\u00e9m, a partir deste ano, uma nova f\u00f3rmula foi experimentada, o carnaval foi remodelado, as escolas voltaram \u00e0 avenida e o p\u00fablico que havia se afastado, tenta se adaptar ao novo modelo.<\/span><\/p>\n<p style=\"text-align: justify\"><span style=\"font-size: 14pt\">Os \u00faltimos anos foram bastante dif\u00edceis para as escolas de samba pelotenses. A crise financeira, junto com a falta de organiza\u00e7\u00e3o e de incentivo na pol\u00edtica p\u00fablica ao carnaval, afastou as escolas de samba da avenida. O \u00faltimo ano de realiza\u00e7\u00e3o de concurso (competi\u00e7\u00e3o) havia sido em 2013. Nos anos de 2014 e 2016, as escolas de samba n\u00e3o desfilaram e, em 2015, 2017 e 2018, houve apenas desfiles de participa\u00e7\u00e3o. Neste ano de 2019, o carnaval foi realizado fora de \u00e9poca, mas marcou o in\u00edcio de uma retomada, com o retorno da realiza\u00e7\u00e3o de concurso e a participa\u00e7\u00e3o de tr\u00eas escolas de samba. Para 2020, as datas voltam ao calend\u00e1rio oficial do carnaval e o evento seguir\u00e1 sendo realizado na zona do Porto da cidade, embora tenha sido cogitada a mudan\u00e7a de local.<\/span><\/p>\n<p style=\"text-align: justify\"><span style=\"font-size: 14pt\"><a href=\"https:\/\/www.facebook.com\/carnavaldepelotas\/\" target=\"_blank\" rel=\"noopener noreferrer\">O carnaval de Pelotas<\/a> \u00e9 promovido pela Associa\u00e7\u00e3o das Entidades Carnavalescas de Pelotas (Assecap), mas desde essa \u00faltima edi\u00e7\u00e3o de 2019, uma empresa produtora de eventos passou a ser a respons\u00e1vel pela administra\u00e7\u00e3o do carnaval. A empresa Bah! Entretenimento assumiu a responsabilidade de prover todos os recursos materiais necess\u00e1rios para o desfile, como arquibancadas, ilumina\u00e7\u00e3o, sonoriza\u00e7\u00e3o e seguran\u00e7a interna. Como retorno financeiro ao investimento, a empresa administra os bares ao longo da avenida e a venda dos ingressos para o p\u00fablico.<\/span><\/p>\n<p style=\"text-align: justify\"><span style=\"font-size: 14pt\">De acordo com o diretor de manifesta\u00e7\u00f5es populares da Secretaria de Cultura de Pelotas (Secult), Paulo Pedroso, a Prefeitura fica respons\u00e1vel pela parte externa aos desfiles, como o monitoramento, fiscaliza\u00e7\u00e3o de tr\u00e2nsito e seguran\u00e7a externa, atrav\u00e9s dos agentes da Secretaria de Transporte e Tr\u00e2nsito, Guarda Municipal e o apoio da Brigada Militar. O diretor afirma que a Secult ir\u00e1 repassar um montante de 350 mil reais \u00e0 Assecap, que \u00e9 a gestora do carnaval. Esse valor, que chegar\u00e1 dividido em tr\u00eas parcelas a partir do m\u00eas de novembro, ser\u00e1 repassado pela entidade aos seus filiados (escolas de sambas adultas, mirins, blocos burlescos e bandas).<\/span><\/p>\n<p style=\"text-align: justify\"><span style=\"color: #0000ff\"><strong><span style=\"font-size: 14pt\">Abram alas para as escolas de samba pelotenses<\/span><\/strong><\/span><\/p>\n<p style=\"text-align: justify\"><span style=\"font-size: 14pt\">A agremia\u00e7\u00e3o mais antiga da cidade e uma das pioneiras do pa\u00eds \u00e9 a <a href=\"https:\/\/pt-br.facebook.com\/academiadosambapelotas\/\" target=\"_blank\" rel=\"noopener noreferrer\">Academia do Samba<\/a>, que em 2019 completou 70 anos. A escola do bairro Sim\u00f5es Lopes foi fundada em 3 de fevereiro de 1949 e j\u00e1 conquistou 11 t\u00edtulos de campe\u00e3, sendo o primeiro em 1953 e o \u00faltimo em 2008. Para o pr\u00f3ximo ano a escola azul e branco levar\u00e1 para a avenida o enredo &#8220;Na mesa de um bar nasce o meu carnaval&#8221;.<\/span><\/p>\n<p style=\"text-align: justify\"><span style=\"font-size: 14pt\">A ca\u00e7ula entre as agremia\u00e7\u00f5es \u00e9 a <a href=\"https:\/\/pt-br.facebook.com\/unidosdofragataoficial\/\" target=\"_blank\" rel=\"noopener noreferrer\">Escola de Samba Unidos do Fragata<\/a>. A escola amarelo e branco do bairro cidade foi fundada em 4 de outubro de 1991 e obteve nove t\u00edtulos de campe\u00e3, sendo o primeiro em 1994 e o mais recente em 2003. O tema da escola para o pr\u00f3ximo carnaval \u00e9 &#8220;Viajei nas asas da imagina\u00e7\u00e3o, sonhar sonhei com a Unidos do cora\u00e7\u00e3o&#8221;.<\/span><\/p>\n<p style=\"text-align: justify\"><span style=\"font-size: 14pt\">Afastada da avenida h\u00e1 alguns anos, a <a href=\"https:\/\/www.facebook.com\/escoladesambaestacaoprimeiradoareal\/\" target=\"_blank\" rel=\"noopener noreferrer\">Esta\u00e7\u00e3o Primeira do Areal<\/a> volta no ano que vem a desfilar no carnaval. A f\u00eanix do bairro Areal foi fundada em 4 de mar\u00e7o de 1977. A escola, que tem as cores amarelo, azul e branco, conquistou o carnaval de Pelotas 12 vezes, sendo a primeira no ano de 1978, um ano ap\u00f3s a sua funda\u00e7\u00e3o e a \u00faltima em 2013, na \u00faltima vez em que concorreu. Mesmo j\u00e1 tendo definido o tema enredo, a agremia\u00e7\u00e3o s\u00f3 far\u00e1 o an\u00fancio oficial em um evento marcado para o m\u00eas de novembro.<\/span><\/p>\n<p style=\"text-align: justify\"><span style=\"font-size: 14pt\">A <a href=\"https:\/\/pt-br.facebook.com\/ESGTelles\/\" target=\"_blank\" rel=\"noopener noreferrer\">Escola de Samba General Telles<\/a>, que tem um cora\u00e7\u00e3o como s\u00edmbolo, fundada em 8 de novembro de 1950, comemorar\u00e1 seus 70\u00ba anivers\u00e1rio no pr\u00f3ximo ano. Como homenagem, o tema enredo ser\u00e1 &#8220;Se recordar \u00e9 viver, sou Telles at\u00e9 morrer&#8221;. A escola da rua General Neto e J.K. de Oliveira, j\u00e1 conquistou 22 t\u00edtulos, o primeiro deles em 1961 e o \u00faltimo neste ano de 2019. O presidente da vermelho e branco, Marc\u00e3o, afirma que a escola far\u00e1 uma apresenta\u00e7\u00e3o recordando seus grandes desfiles que a fizeram se tornar a maior vencedora do carnaval de Pelotas. Para atingir o bicampeonato, a escola j\u00e1 contratou uma nova harmonia e os ensaios est\u00e3o programados para come\u00e7ar em janeiro. O presidente tamb\u00e9m argumentou que, neste \u00faltimo carnaval, a escola precisou investir 120 mil reais a mais do que o repasse recebido atrav\u00e9s da Assecap. <\/span><\/p>\n<p style=\"text-align: justify\"><span style=\"font-size: 14pt\">Al\u00e9m do repasse de verba pela Assecap, as escolas de samba de Pelotas t\u00eam realizado ao longo do ano v\u00e1rios eventos musicais, almo\u00e7os, brech\u00f3s, bingos e venda de camisetas, como forma para obten\u00e7\u00e3o de recursos que custeiem os desfiles e a manuten\u00e7\u00e3o das agremia\u00e7\u00f5es.<\/span><\/p>\n<p style=\"text-align: justify\"><span style=\"color: #0000ff\"><strong><span style=\"font-size: 14pt\">O carnaval da parceria privada<\/span><\/strong><\/span><\/p>\n<p style=\"text-align: justify\"><span style=\"font-size: 14pt\">O carnaval de 2020 acontecer\u00e1 nos dias 21 a 24 de fevereiro na regi\u00e3o do Porto. No dia 21, sexta feira, desfilam os blocos burlescos. No s\u00e1bado, dia 22, quem desfila s\u00e3o as bandas carnavalescas. Dia 23, domingo, \u00e9 a vez das escolas mirins e no dia 24, segunda-feira, \u00e9 a grande noite das escolas de samba do grupo especial.<\/span><\/p>\n<p style=\"text-align: justify\"><span style=\"font-size: 14pt\">Os ingressos come\u00e7aram a ser vendidos no per\u00edodo de 28 a 30 de agosto na banca 66 do mercado central e tiveram uma boa procura, mas agora s\u00f3 est\u00e3o dispon\u00edveis pela internet, no site <a href=\"https:\/\/minhaentrada.com.br\" target=\"_blank\" rel=\"noopener noreferrer\">www.minhaentrada.com.br<\/a>. Os valores v\u00e3o de R$ 44,00, individual na arquibancada, at\u00e9 R$ 5.417,50, o camarote fechado para 15 pessoas. Todos os tipos de ingressos d\u00e3o direito \u00e0s quatro noites de desfiles. <\/span><\/p>\n<p style=\"text-align: justify\"><span style=\"font-size: 14pt\">Este novo formato de fazer carnaval, em que o poder p\u00fablico repassa \u00e0 iniciativa privada a gest\u00e3o do carnaval, foi uma alternativa encontrada para a tentativa de retomada e crescimento dos desfiles das escolas de samba. A verba que antes tinha que ser dividida entre as escolas, montagem e manuten\u00e7\u00e3o de toda a estrutura, agora pode ser repassada integralmente para as entidades recreativas. Em outras cidades com carnavais prestigiados, como Uruguaiana e Cruz Alta, essa modalidade vem dando bons resultados. Mas, se por um lado, o poder p\u00fablico economiza recursos financeiros e materiais na estrutura do carnaval, por outro, o acesso \u00e0 avenida acaba tornando-se mais caro, pois existe a necessidade do evento gerar lucro.<\/span><\/p>\n<p style=\"text-align: justify\"><span style=\"font-size: 14pt\">De qualquer forma, a esperan\u00e7a \u00e9 de que essa nova experi\u00eancia profissionalize o nosso carnaval, consiga trazer de volta os grandes desfiles das escolas de samba e a participa\u00e7\u00e3o de um expressivo p\u00fablico, transformando esse evento popular verdadeiramente numa grande festa democr\u00e1tica.<\/span><\/p>\n<p><a href=\"http:\/\/wp.ufpel.edu.br\/artenosul\"><span style=\"color: #0000ff\"><strong><span style=\"font-size: 14pt\">PRIMEIRA P\u00c1GINA<\/span><\/strong><\/span><\/a><\/p>\n<p><span style=\"color: #0000ff\"><strong><span style=\"font-size: 14pt\">COMENT\u00c1RIOS<\/span><\/strong><\/span><\/p>\n<div data-test='contact-form'\n\t\t\tid='contact-form-8469'\n\t\t\tclass='wp-block-jetpack-contact-form-container '\n\t\t\tdata-wp-interactive='jetpack\/form' data-wp-context='{\"formId\":\"8469\",\"formHash\":\"b9a96ce3d01bcdf6bcf8553d0aa8e7b7084875da\",\"showErrors\":false,\"errors\":[],\"fields\":[],\"isMultiStep\":false,\"useAjax\":true,\"submissionData\":null,\"formattedSubmissionData\":[],\"submissionSuccess\":false,\"submissionError\":null,\"elementId\":\"jp-form-b9a96ce3d01bcdf6bcf8553d0aa8e7b7084875da\",\"isSingleInputForm\":false}'\n\t\t\tdata-wp-watch--scroll-to-wrapper=\"callbacks.scrollToWrapper\"\n\t\t>\n<div class=\"contact-form-submission contact-form-ajax-submission\" data-wp-class--submission-success=\"context.submissionSuccess\"><p class=\"go-back-message\"><a class=\"link\" role=\"button\" tabindex=\"0\" data-wp-on--click=\"actions.goBack\" href=\"\/artenosul\/wp-json\/wp\/v2\/posts\/8469\">Voltar<\/a><\/p><h4 id=\"contact-form-success-header\">Sua mensagem foi enviada<\/h4>\n\n<template data-wp-each--submission=\"context.formattedSubmissionData\">\n\t\t\t\t\t<div class=\"jetpack_forms_contact-form-success-summary\">\n\t\t\t\t\t\t<div class=\"field-name\" data-wp-text=\"context.submission.label\" data-wp-bind--hidden=\"!context.submission.label\"><\/div>\n\t\t\t\t\t\t<div class=\"field-value\" data-wp-text=\"context.submission.value\"><\/div>\n\t\t\t\t\t\t<div class=\"field-images\" data-wp-bind--hidden=\"!context.submission.images\">\n\t\t\t\t\t\t\t<template data-wp-each--image=\"context.submission.images\">\n\t\t\t\t\t\t\t\t<figure class=\"field-image\" data-wp-class--is-empty=\"!context.image\">\n\t\t\t\t\t\t\t\t\t<img data-wp-bind--src=\"context.image\" data-wp-bind--hidden=\"!context.image\" \/>\n\t\t\t\t\t\t\t\t\t<img decoding=\"async\" src=\"data:image\/gif;base64,R0lGODlhAQABAAD\/ACwAAAAAAQABAAACADs=\" data-wp-bind--hidden=\"context.image\" \/>\n\t\t\t\t\t\t\t\t<\/figure>\n\t\t\t\t\t\t\t<\/template>\n\t\t\t\t\t\t<\/div>\n\t\t\t\t\t<\/div>\n\t\t\t\t<\/template><\/div><form action='https:\/\/wp.ufpel.edu.br\/artenosul\/2019\/10\/24\/pelotas-busca-retomar-gloria-de-seu-carnaval\/'\n\t\t\t\tid='jp-form-b9a96ce3d01bcdf6bcf8553d0aa8e7b7084875da'\n\t\t\t\tmethod='post'\n\t\t\t\tclass='contact-form commentsblock' aria-label=\"Pelotas busca retomar gl\u00f3ria de seu carnaval\"\n\t\t\t\tdata-wp-on--submit=\"actions.onFormSubmit\"\n\t\t\t\tdata-wp-on--reset=\"actions.onFormReset\"\n\t\t\t\tdata-wp-class--submission-success=\"context.submissionSuccess\"\n\t\t\t\tdata-wp-class--is-first-step=\"state.isFirstStep\"\n\t\t\t\tdata-wp-class--is-last-step=\"state.isLastStep\"\n\t\t\t\tdata-wp-class--is-ajax-form=\"context.useAjax\"\n\t\t\t\tnovalidate >\n<input type='hidden' name='jetpack_contact_form_jwt' value='eyJ0eXAiOiJKV1QiLCJhbGciOiJIUzI1NiJ9.eyJlbmNyeXB0ZWRfYXR0cmlidXRlcyI6IkN5MzRmMXZseTBOMm5EbG9LMFh6WmhKQjhveE1YMko1YjVkZW5TM2dXODQ0RXQyYXpLREx4TXhmd0lKeU9DT2JQcDVsdXFEZ1JVV0daRGFBZkNwT2E1MC81QTU3WG9WTGZCMEwyMnhSZzNTTHIwMmpkUlJRSGxHZDZ0eUg3N1hBUDhDZ2hEcG51dTZyMzVwdzU2Y2poTzdaZmdqbkFodE5jRnF6Wmk1U3F2bmxkeW9POFhpQWZmc09TQzcvSS9mMGpXc0x3eEdGaTdRRS92VnIzY0hBU1BYZk1BaFd5c3UxR3N5eFNoZ2ZRWG5PZTQvMExTdmJCZU5reWNFMTV6K3dhQUJGN1lYbXdFSTZRMzgvaTJ3eDc3bDhQQlgrYytHRFh1UmE3MnZNR0J1czcyR1FSNHhFWFpHYkVCdzNJVFhtM2VMTkxJbWE3NmNOamhnOFhERkVNNG5SYkNVZ25pU3JHRXR3SWFkNExmTmhvdkd1S0xoRlR3eXVPQTcyZ0ZydjMwTk9nZy81dGtHQ1RtS2xvV2RnbE1JNFVJMElVUXZUaFVCTENMQi84YzdLeXNQWWVGL25ZUGxGS1lYaFlRYWlyZnAwcGMzYkJITi9XS2RNN2dyNHdwZVdqdXo4WEs2c1pQNnA2eUkzd25vaEFsWVR1SzZ5QVc0MXNOL284YStmOTNRR0FSMWwvV255TzlZcm1nOEFUSnJvamVUazRjTmVrNE1zM2RlTG9rRllTTVZRcmNjNU5rSCtwWE0rb0dXT2J5dmZWcVI5L3kzV3VQbGNIZlNMVTRJdHE1L3hLT1Y3eGtva09kb09ZNC9aRExYV2srdDNoeDBWV3o3b3VZWitPNDRQaWZYeDBhSzZXaEpNUllGS1dyTit4bUtHaXlML1IzeWFqam5HU3RlSGZ6dURlUEVZVTVUV1ZRM2lUQTlleHJ3a1VzUENlVVlEbzBGbnA0cjV2TWJMOW42ZWlUU1ljZEdRdTFTUWdIZ0dxY2ptQWZMemNGekpMdlFKelBDdjNqZm9sNm9TR2NhdzI2YlQrKzNQK2dzMjFQLzRFUnZiTWgzdTVpWktQbDMyWGxsd0prbFp1L09OWnRVdnRucW5LY0lzS3JBVHYzaDkyQ0RibWhjazdnZzd3cE9xeTFVY25OQ3RMS2F3N3IvNlFYUk1jSDUwY044SXFNakhGVTdpTldUemdtWFk3SWFuaHhBVFlhMnpnTlFNZzl6MkFjZ3ZGUT09IiwiY29udGVudCI6Iltjb250YWN0LWZpZWxkIGxhYmVsPVwiTm9tZVwiIHR5cGU9XCJuYW1lXCJdW2NvbnRhY3QtZmllbGQgbGFiZWw9XCJFLW1haWxcIiB0eXBlPVwiZW1haWxcIl1bY29udGFjdC1maWVsZCBsYWJlbD1cIk1lbnNhZ2VtXCIgdHlwZT1cInRleHRhcmVhXCJdIiwiaGFzaCI6ImI5YTk2Y2UzZDAxYmNkZjZiY2Y4NTUzZDBhYThlN2I3MDg0ODc1ZGEiLCJzb3VyY2UiOnsiZW50cnlfdGl0bGUiOiJQZWxvdGFzIGJ1c2NhIHJldG9tYXIgZ2xcdTAwZjNyaWEgZGUgc2V1IGNhcm5hdmFsIiwiZW50cnlfcGFnZSI6MSwic291cmNlX2lkIjo4NDY5LCJzb3VyY2VfdHlwZSI6InNpbmdsZSIsInJlcXVlc3RfdXJsIjoiaHR0cHM6Ly93cC51ZnBlbC5lZHUuYnIvYXJ0ZW5vc3VsL3dwLWpzb24vd3AvdjIvcG9zdHMvODQ2OSJ9LCJ2ZXJzaW9uIjoyLCJjaXBoZXIiOiJhZXMtMjU2LWdjbSJ9.9rCuvxkidabk3-fd297bj9qzrYqlE7hDotLEYXDymTY' \/>\n\n<div style=\"\"  data-wp-interactive=\"jetpack\/form\" data-wp-context='{\"fieldId\":\"g8469-nome\",\"fieldType\":\"name\",\"fieldLabel\":\"Nome\",\"fieldValue\":\"\",\"fieldPlaceholder\":\"\",\"fieldIsRequired\":\"\",\"fieldErrorMessage\":\"\",\"fieldExtra\":[],\"formHash\":\"b9a96ce3d01bcdf6bcf8553d0aa8e7b7084875da\"}'  class='grunion-field-name-wrap grunion-field-wrap'  data-wp-init='callbacks.initializeField' data-wp-on--jetpack-form-reset='callbacks.initializeField' >\n<label\n\t\t\t\tfor='g8469-nome' class=\"grunion-field-label name\" >Nome<\/label>\n<input\n\t\t\t\t\ttype='text'\n\t\t\t\t\tname='g8469-nome'\n\t\t\t\t\tid='g8469-nome'\n\t\t\t\t\tvalue=''\n\n\t\t\t\t\tdata-wp-bind--aria-invalid='state.fieldHasErrors'\n\t\t\t\t\tdata-wp-bind--value='state.getFieldValue'\n\t\t\t\t\taria-errormessage='g8469-nome-text-error-message'\n\t\t\t\t\tdata-wp-on--input='actions.onFieldChange'\n\t\t\t\t\tdata-wp-on--blur='actions.onFieldBlur'\n\t\t\t\t\tdata-wp-class--has-value='state.hasFieldValue'\n\n\t\t\t\t\tclass='name  grunion-field' \n\t\t\t\t\t \/>\n \n\t\t\t<div id=\"g8469-nome-text-error\" class=\"contact-form__input-error\" data-wp-class--has-errors=\"state.fieldHasErrors\">\n\t\t\t\t<span class=\"contact-form__warning-icon\">\n\t\t\t\t\t<svg width=\"16\" height=\"16\" viewBox=\"0 0 16 16\" fill=\"none\" xmlns=\"http:\/\/www.w3.org\/2000\/svg\">\n\t\t\t\t\t\t<path d=\"M8.50015 11.6402H7.50015V10.6402H8.50015V11.6402Z\" \/>\n\t\t\t\t\t\t<path d=\"M7.50015 9.64018H8.50015V6.30684H7.50015V9.64018Z\" \/>\n\t\t\t\t\t\t<path fill-rule=\"evenodd\" clip-rule=\"evenodd\" d=\"M6.98331 3.0947C7.42933 2.30177 8.57096 2.30177 9.01698 3.09469L13.8771 11.7349C14.3145 12.5126 13.7525 13.4735 12.8602 13.4735H3.14004C2.24774 13.4735 1.68575 12.5126 2.12321 11.7349L6.98331 3.0947ZM8.14541 3.58496C8.08169 3.47168 7.9186 3.47168 7.85488 3.58496L2.99478 12.2251C2.93229 12.3362 3.01257 12.4735 3.14004 12.4735H12.8602C12.9877 12.4735 13.068 12.3362 13.0055 12.2251L8.14541 3.58496Z\" \/>\n\t\t\t\t\t<\/svg>\n\t\t\t\t\t<span class=\"visually-hidden\">Aviso<\/span>\n\t\t\t\t<\/span>\n\t\t\t\t<span data-wp-text=\"state.errorMessage\" id=\"g8469-nome-text-error-message\" role=\"alert\" aria-live=\"assertive\"><\/span>\n\t\t\t<\/div> \n\t<\/div>\n\n<div style=\"\"  data-wp-interactive=\"jetpack\/form\" data-wp-context='{\"fieldId\":\"g8469-email\",\"fieldType\":\"email\",\"fieldLabel\":\"E-mail\",\"fieldValue\":\"\",\"fieldPlaceholder\":\"\",\"fieldIsRequired\":\"\",\"fieldErrorMessage\":\"\",\"fieldExtra\":[],\"formHash\":\"b9a96ce3d01bcdf6bcf8553d0aa8e7b7084875da\"}'  class='grunion-field-email-wrap grunion-field-wrap'  data-wp-init='callbacks.initializeField' data-wp-on--jetpack-form-reset='callbacks.initializeField' >\n<label\n\t\t\t\tfor='g8469-email' class=\"grunion-field-label email\" >E-mail<\/label>\n<input\n\t\t\t\t\ttype='email'\n\t\t\t\t\tname='g8469-email'\n\t\t\t\t\tid='g8469-email'\n\t\t\t\t\tvalue=''\n\n\t\t\t\t\tdata-wp-bind--aria-invalid='state.fieldHasErrors'\n\t\t\t\t\tdata-wp-bind--value='state.getFieldValue'\n\t\t\t\t\taria-errormessage='g8469-email-email-error-message'\n\t\t\t\t\tdata-wp-on--input='actions.onFieldChange'\n\t\t\t\t\tdata-wp-on--blur='actions.onFieldBlur'\n\t\t\t\t\tdata-wp-class--has-value='state.hasFieldValue'\n\n\t\t\t\t\tclass='email  grunion-field' \n\t\t\t\t\t \/>\n \n\t\t\t<div id=\"g8469-email-email-error\" class=\"contact-form__input-error\" data-wp-class--has-errors=\"state.fieldHasErrors\">\n\t\t\t\t<span class=\"contact-form__warning-icon\">\n\t\t\t\t\t<svg width=\"16\" height=\"16\" viewBox=\"0 0 16 16\" fill=\"none\" xmlns=\"http:\/\/www.w3.org\/2000\/svg\">\n\t\t\t\t\t\t<path d=\"M8.50015 11.6402H7.50015V10.6402H8.50015V11.6402Z\" \/>\n\t\t\t\t\t\t<path d=\"M7.50015 9.64018H8.50015V6.30684H7.50015V9.64018Z\" \/>\n\t\t\t\t\t\t<path fill-rule=\"evenodd\" clip-rule=\"evenodd\" d=\"M6.98331 3.0947C7.42933 2.30177 8.57096 2.30177 9.01698 3.09469L13.8771 11.7349C14.3145 12.5126 13.7525 13.4735 12.8602 13.4735H3.14004C2.24774 13.4735 1.68575 12.5126 2.12321 11.7349L6.98331 3.0947ZM8.14541 3.58496C8.08169 3.47168 7.9186 3.47168 7.85488 3.58496L2.99478 12.2251C2.93229 12.3362 3.01257 12.4735 3.14004 12.4735H12.8602C12.9877 12.4735 13.068 12.3362 13.0055 12.2251L8.14541 3.58496Z\" \/>\n\t\t\t\t\t<\/svg>\n\t\t\t\t\t<span class=\"visually-hidden\">Aviso<\/span>\n\t\t\t\t<\/span>\n\t\t\t\t<span data-wp-text=\"state.errorMessage\" id=\"g8469-email-email-error-message\" role=\"alert\" aria-live=\"assertive\"><\/span>\n\t\t\t<\/div> \n\t<\/div>\n\n<div style=\"\"  data-wp-interactive=\"jetpack\/form\" data-wp-context='{\"fieldId\":\"g8469-mensagem\",\"fieldType\":\"textarea\",\"fieldLabel\":\"Mensagem\",\"fieldValue\":\"\",\"fieldPlaceholder\":\"\",\"fieldIsRequired\":\"\",\"fieldErrorMessage\":\"\",\"fieldExtra\":[],\"formHash\":\"b9a96ce3d01bcdf6bcf8553d0aa8e7b7084875da\"}'  class='grunion-field-textarea-wrap grunion-field-wrap'  data-wp-init='callbacks.initializeField' data-wp-on--jetpack-form-reset='callbacks.initializeField' >\n<label\n\t\t\t\tfor='contact-form-comment-g8469-mensagem' class=\"grunion-field-label textarea\" >Mensagem<\/label>\n<textarea\n\t\t                style=''\n\t\t                name='g8469-mensagem'\n\t\t                id='contact-form-comment-g8469-mensagem'\n\t\t                rows='20'\n\t\t\t\t\t\tdata-wp-text='state.getFieldValue'\n\t\t\t\t\t\tdata-wp-on--input='actions.onFieldChange'\n\t\t\t\t\t\tdata-wp-on--blur='actions.onFieldBlur'\n\t\t\t\t\t\tdata-wp-class--has-value='state.hasFieldValue'\n\t\t\t\t\t\tdata-wp-bind--aria-invalid='state.fieldHasErrors'\n\t\t\t\t\t\taria-errormessage='g8469-mensagem-textarea-error-message'\n\t\t\t\t\t\tclass='textarea  grunion-field'  ><\/textarea>\n \n\t\t\t<div id=\"g8469-mensagem-textarea-error\" class=\"contact-form__input-error\" data-wp-class--has-errors=\"state.fieldHasErrors\">\n\t\t\t\t<span class=\"contact-form__warning-icon\">\n\t\t\t\t\t<svg width=\"16\" height=\"16\" viewBox=\"0 0 16 16\" fill=\"none\" xmlns=\"http:\/\/www.w3.org\/2000\/svg\">\n\t\t\t\t\t\t<path d=\"M8.50015 11.6402H7.50015V10.6402H8.50015V11.6402Z\" \/>\n\t\t\t\t\t\t<path d=\"M7.50015 9.64018H8.50015V6.30684H7.50015V9.64018Z\" \/>\n\t\t\t\t\t\t<path fill-rule=\"evenodd\" clip-rule=\"evenodd\" d=\"M6.98331 3.0947C7.42933 2.30177 8.57096 2.30177 9.01698 3.09469L13.8771 11.7349C14.3145 12.5126 13.7525 13.4735 12.8602 13.4735H3.14004C2.24774 13.4735 1.68575 12.5126 2.12321 11.7349L6.98331 3.0947ZM8.14541 3.58496C8.08169 3.47168 7.9186 3.47168 7.85488 3.58496L2.99478 12.2251C2.93229 12.3362 3.01257 12.4735 3.14004 12.4735H12.8602C12.9877 12.4735 13.068 12.3362 13.0055 12.2251L8.14541 3.58496Z\" \/>\n\t\t\t\t\t<\/svg>\n\t\t\t\t\t<span class=\"visually-hidden\">Aviso<\/span>\n\t\t\t\t<\/span>\n\t\t\t\t<span data-wp-text=\"state.errorMessage\" id=\"g8469-mensagem-textarea-error-message\" role=\"alert\" aria-live=\"assertive\"><\/span>\n\t\t\t<\/div>\n\t<\/div>\n\t<p class='contact-submit'>\n<div class=\"contact-form__error\" data-wp-class--show-errors=\"state.showFormErrors\"><span class=\"contact-form__warning-icon\"><span class=\"visually-hidden\">Aten\u00e7\u00e3o.<\/span><i aria-hidden=\"true\"><\/i><\/span>\n\t\t\t\t<span data-wp-text=\"state.getFormErrorMessage\"><\/span>\n\t\t\t\t<ul>\n\t\t\t\t<template data-wp-each=\"state.getErrorList\" data-wp-key=\"context.item.id\">\n\t\t\t\t\t<li><a data-wp-bind--href=\"context.item.anchor\" data-wp-on--click=\"actions.scrollIntoView\" data-wp-text=\"context.item.label\"><\/a><\/li>\n\t\t\t\t<\/template>\n\t\t\t\t<\/ul><\/div><div class=\"contact-form__error\" data-wp-class--show-errors=\"state.showSubmissionError\" data-wp-text=\"context.submissionError\"><\/div>\t\t<button type='submit' class='pushbutton-wide'>Enviar<\/button>\t\t<input type='hidden' name='contact-form-id' value='8469' \/>\n\t\t<input type='hidden' name='action' value='grunion-contact-form' \/>\n\t\t<input type='hidden' name='contact-form-hash' value='b9a96ce3d01bcdf6bcf8553d0aa8e7b7084875da' \/>\n\t<\/p>\n<p style=\"display: none !important;\" class=\"akismet-fields-container\" data-prefix=\"ak_\"><label>&#916;<textarea name=\"ak_hp_textarea\" cols=\"45\" rows=\"8\" maxlength=\"100\"><\/textarea><\/label><input type=\"hidden\" id=\"ak_js_1\" name=\"ak_js\" value=\"209\"\/><script>document.getElementById( \"ak_js_1\" ).setAttribute( \"value\", ( new Date() ).getTime() );<\/script><\/p><\/form>\n<\/div>\n","protected":false},"excerpt":{"rendered":"<p>Por Paulo Lopes Marques O carnaval \u00e9 a maior festa popular do Brasil e a express\u00e3o da cultura nacional que \u00e9 exportada para o mundo. Todos os anos, nos meses de fevereiro ou mar\u00e7o, a alegria invade as ruas e transforma os quatro dias dessa folia nos mais esperados para milhares de pessoas de norte &hellip; <\/p>\n<p><a class=\"more-link btn\" href=\"https:\/\/wp.ufpel.edu.br\/artenosul\/2019\/10\/24\/pelotas-busca-retomar-gloria-de-seu-carnaval\/\">Continue lendo<\/a><\/p>\n","protected":false},"author":571,"featured_media":8472,"comment_status":"closed","ping_status":"closed","sticky":false,"template":"","format":"standard","meta":{"jetpack_post_was_ever_published":false,"_jetpack_newsletter_access":"","_jetpack_dont_email_post_to_subs":false,"_jetpack_newsletter_tier_id":0,"_jetpack_memberships_contains_paywalled_content":false,"_jetpack_memberships_contains_paid_content":false,"footnotes":"","jetpack_publicize_message":"","jetpack_publicize_feature_enabled":true,"jetpack_social_post_already_shared":true,"jetpack_social_options":{"image_generator_settings":{"template":"highway","default_image_id":0,"font":"","enabled":false},"version":2}},"categories":[88,6,1],"tags":[958,961,960,525,959,962,963,957],"class_list":["post-8469","post","type-post","status-publish","format-standard","has-post-thumbnail","hentry","category-comunidade","category-musica","category-noticias","tag-academia-do-samba","tag-assecap","tag-associacao-das-entidades-carnavalescas-de-pelotas","tag-carnaval","tag-escola-de-samba-general-telles","tag-escola-de-samba-unidos-do-fragata","tag-escola-primeira-do-areal","tag-escolas-de-samba","nodate","item-wrap"],"jetpack_publicize_connections":[],"jetpack_featured_media_url":"https:\/\/wp.ufpel.edu.br\/artenosul\/files\/2019\/10\/3-3.jpg","jetpack_sharing_enabled":true,"jetpack_likes_enabled":true,"jetpack_shortlink":"https:\/\/wp.me\/p6PuxQ-2cB","jetpack-related-posts":[{"id":30396,"url":"https:\/\/wp.ufpel.edu.br\/artenosul\/2026\/02\/16\/historia-de-cultura-e-resistencia-no-carnaval-de-pelotas\/","url_meta":{"origin":8469,"position":0},"title":"Hist\u00f3ria de cultura e resist\u00eancia no Carnaval de Pelotas","author":"artenosul","date":"16 de fevereiro de 2026","format":false,"excerpt":"Termina nesta ter\u00e7a-feira mais uma edi\u00e7\u00e3o do evento que evidencia cada vez mais as contradi\u00e7\u00f5es brasileiras\u00a0 \u00a0 \u00a0 Por L\u00edliti Goulart\u00a0 \u00a0 \u00a0 \u00a0 \u00a0 \u00a0 O Carnaval de Pelotas 2026\u00a0 come\u00e7ou na sexta-feira, dia 13 de fevereiro, com o Encontro dos Tambores, seguido pelo concurso das entidades carnavalescas, desfiles\u2026","rel":"","context":"Em &quot;COMUNIDADE&quot;","block_context":{"text":"COMUNIDADE","link":"https:\/\/wp.ufpel.edu.br\/artenosul\/category\/comunidade\/"},"img":{"alt_text":"","src":"https:\/\/i0.wp.com\/wp.ufpel.edu.br\/artenosul\/files\/2026\/02\/Imagem4.png?resize=350%2C200&ssl=1","width":350,"height":200,"srcset":"https:\/\/i0.wp.com\/wp.ufpel.edu.br\/artenosul\/files\/2026\/02\/Imagem4.png?resize=350%2C200&ssl=1 1x, https:\/\/i0.wp.com\/wp.ufpel.edu.br\/artenosul\/files\/2026\/02\/Imagem4.png?resize=525%2C300&ssl=1 1.5x"},"classes":[]},{"id":13280,"url":"https:\/\/wp.ufpel.edu.br\/artenosul\/2023\/02\/16\/escolas-de-samba-e-blocos-no-carnaval-de-pelotas\/","url_meta":{"origin":8469,"position":1},"title":"Escolas de Samba e Blocos no Carnaval de Pelotas","author":"artenosul","date":"16 de fevereiro de 2023","format":false,"excerpt":"Prefeitura e Associa\u00e7\u00e3o das Entidades Carnavalescas promovem desfiles entre 24 e 26 de fevereiro, 17 de mar\u00e7o, e os blocos de rua animam a cidade com programa\u00e7\u00e3o em v\u00e1rias datas Por Kaique Cangirana\u00a0 \u00a0 \u00a0 \u00a0 A Prefeitura Municipal de Pelotas, junto \u00e0 Associa\u00e7\u00e3o das Entidades Carnavalescas de Pelotas (Assecap)\u2026","rel":"","context":"Em &quot;COMUNIDADE&quot;","block_context":{"text":"COMUNIDADE","link":"https:\/\/wp.ufpel.edu.br\/artenosul\/category\/comunidade\/"},"img":{"alt_text":"","src":"https:\/\/i0.wp.com\/wp.ufpel.edu.br\/artenosul\/files\/2023\/02\/159233_070dc21c450f821.jpg?resize=350%2C200&ssl=1","width":350,"height":200,"srcset":"https:\/\/i0.wp.com\/wp.ufpel.edu.br\/artenosul\/files\/2023\/02\/159233_070dc21c450f821.jpg?resize=350%2C200&ssl=1 1x, https:\/\/i0.wp.com\/wp.ufpel.edu.br\/artenosul\/files\/2023\/02\/159233_070dc21c450f821.jpg?resize=525%2C300&ssl=1 1.5x"},"classes":[]},{"id":29759,"url":"https:\/\/wp.ufpel.edu.br\/artenosul\/2025\/11\/05\/samba-dos-lanceiros-conquista-destaque-nacional\/","url_meta":{"origin":8469,"position":2},"title":"Samba dos Lanceiros conquista destaque nacional","author":"artenosul","date":"5 de novembro de 2025","format":false,"excerpt":"Do extremo-sul ga\u00facho ao Rio de Janeiro, grupo de compositores de Pelotas faz hist\u00f3ria no Carnaval\u00a0 \u00a0 \u00a0 \u00a0 \u00a0 \u00a0Por Matheus Goularte Mesquita\u00a0 e Nikolas Vinhas de Sousa\u00a0\u00a0\u00a0 \u00a0 \u00a0 Nascido da reuni\u00e3o de amigos apaixonados pelo Carnaval, o grupo Samba dos Lanceiros representa a cultura sambista pelotense. O\u2026","rel":"","context":"Em &quot;COMUNIDADE&quot;","block_context":{"text":"COMUNIDADE","link":"https:\/\/wp.ufpel.edu.br\/artenosul\/category\/comunidade\/"},"img":{"alt_text":"","src":"https:\/\/i0.wp.com\/wp.ufpel.edu.br\/artenosul\/files\/2025\/11\/Captura-de-tela-2025-11-05-101006.jpg?resize=350%2C200&ssl=1","width":350,"height":200},"classes":[]},{"id":4989,"url":"https:\/\/wp.ufpel.edu.br\/artenosul\/2017\/03\/19\/despedida-do-carnaval\/","url_meta":{"origin":8469,"position":3},"title":"Despedida do Carnaval","author":"artenosul","date":"19 de mar\u00e7o de 2017","format":false,"excerpt":"Reportagem de Naiara Khastasmokia - Mesmo ap\u00f3s o t\u00e9rmino das festas do Momo, a Xavabanda agitou no domingo - \u00a0\u00a0\u00a0\u00a0 No domingo, dia 12 de mar\u00e7o, em Pelotas, a Banda Carnavalesca XavaBanda transformou a Rua General Neto em sua passarela. Um grande p\u00fablico acompanhou a escola em seu desfile que\u2026","rel":"","context":"Em &quot;COMUNIDADE&quot;","block_context":{"text":"COMUNIDADE","link":"https:\/\/wp.ufpel.edu.br\/artenosul\/category\/comunidade\/"},"img":{"alt_text":"","src":"https:\/\/i0.wp.com\/wp.ufpel.edu.br\/artenosul\/files\/2017\/03\/Naiara2-e1499520496978.jpg?resize=350%2C200&ssl=1","width":350,"height":200,"srcset":"https:\/\/i0.wp.com\/wp.ufpel.edu.br\/artenosul\/files\/2017\/03\/Naiara2-e1499520496978.jpg?resize=350%2C200&ssl=1 1x, https:\/\/i0.wp.com\/wp.ufpel.edu.br\/artenosul\/files\/2017\/03\/Naiara2-e1499520496978.jpg?resize=525%2C300&ssl=1 1.5x"},"classes":[]},{"id":28065,"url":"https:\/\/wp.ufpel.edu.br\/artenosul\/2025\/03\/11\/carnaval-guerreiro-de-arroio-grande-atrai-milhares-de-visitantes\/","url_meta":{"origin":8469,"position":4},"title":"Carnaval \u201cguerreiro\u201d de Arroio Grande atrai milhares de visitantes","author":"artenosul","date":"11 de mar\u00e7o de 2025","format":false,"excerpt":"Blocos conseguem ultrapassar dificuldades e manter tradi\u00e7\u00e3o\u00a0 \u00a0 \u00a0\u00a0 Por Lu\u00eds Esteves Garcez\u00a0 \u00a0 \u00a0 \u00a0\u00a0 O carnaval arroio-grandense, conhecido regionalmente pela frase \u201cO Melhor Carnaval da Zona Sul\u201d, \u00e9 o evento cultural mais importante de Arroio Grande, recebendo milhares de visitantes ao longo dos dias de festa. O professor\u2026","rel":"","context":"Em &quot;COMUNIDADE&quot;","block_context":{"text":"COMUNIDADE","link":"https:\/\/wp.ufpel.edu.br\/artenosul\/category\/comunidade\/"},"img":{"alt_text":"","src":"https:\/\/i0.wp.com\/wp.ufpel.edu.br\/artenosul\/files\/2025\/03\/Imagem2-1.jpg?resize=350%2C200&ssl=1","width":350,"height":200,"srcset":"https:\/\/i0.wp.com\/wp.ufpel.edu.br\/artenosul\/files\/2025\/03\/Imagem2-1.jpg?resize=350%2C200&ssl=1 1x, https:\/\/i0.wp.com\/wp.ufpel.edu.br\/artenosul\/files\/2025\/03\/Imagem2-1.jpg?resize=525%2C300&ssl=1 1.5x"},"classes":[]},{"id":13265,"url":"https:\/\/wp.ufpel.edu.br\/artenosul\/2023\/02\/16\/rio-grande-volta-a-contar-com-sua-corte-de-carnaval-apos-tres-anos\/","url_meta":{"origin":8469,"position":5},"title":"Rio Grande volta a contar com sua Corte de Carnaval\u00a0ap\u00f3s tr\u00eas anos","author":"artenosul","date":"16 de fevereiro de 2023","format":false,"excerpt":"Pela primeira vez o munic\u00edpio tem uma Soberana da Diversidade e hoje ocorre a abertura oficial das festas momescas na cidade\u00a0 \u00a0 \u00a0 \u00a0 \u00a0 Por Daniel Costa\u00a0 \u00a0 \u00a0 \u00a0 \u00a0 \u00a0 \u00a0 O Carnaval representa uma das maiores festividades do Brasil e \u00e9 marcada pelo tradicional clima de\u2026","rel":"","context":"Em &quot;COMUNIDADE&quot;","block_context":{"text":"COMUNIDADE","link":"https:\/\/wp.ufpel.edu.br\/artenosul\/category\/comunidade\/"},"img":{"alt_text":"","src":"https:\/\/i0.wp.com\/wp.ufpel.edu.br\/artenosul\/files\/2023\/02\/MG_2347-scaled.jpg?resize=350%2C200&ssl=1","width":350,"height":200,"srcset":"https:\/\/i0.wp.com\/wp.ufpel.edu.br\/artenosul\/files\/2023\/02\/MG_2347-scaled.jpg?resize=350%2C200&ssl=1 1x, https:\/\/i0.wp.com\/wp.ufpel.edu.br\/artenosul\/files\/2023\/02\/MG_2347-scaled.jpg?resize=525%2C300&ssl=1 1.5x, https:\/\/i0.wp.com\/wp.ufpel.edu.br\/artenosul\/files\/2023\/02\/MG_2347-scaled.jpg?resize=700%2C400&ssl=1 2x, https:\/\/i0.wp.com\/wp.ufpel.edu.br\/artenosul\/files\/2023\/02\/MG_2347-scaled.jpg?resize=1050%2C600&ssl=1 3x, https:\/\/i0.wp.com\/wp.ufpel.edu.br\/artenosul\/files\/2023\/02\/MG_2347-scaled.jpg?resize=1400%2C800&ssl=1 4x"},"classes":[]}],"_links":{"self":[{"href":"https:\/\/wp.ufpel.edu.br\/artenosul\/wp-json\/wp\/v2\/posts\/8469","targetHints":{"allow":["GET"]}}],"collection":[{"href":"https:\/\/wp.ufpel.edu.br\/artenosul\/wp-json\/wp\/v2\/posts"}],"about":[{"href":"https:\/\/wp.ufpel.edu.br\/artenosul\/wp-json\/wp\/v2\/types\/post"}],"author":[{"embeddable":true,"href":"https:\/\/wp.ufpel.edu.br\/artenosul\/wp-json\/wp\/v2\/users\/571"}],"replies":[{"embeddable":true,"href":"https:\/\/wp.ufpel.edu.br\/artenosul\/wp-json\/wp\/v2\/comments?post=8469"}],"version-history":[{"count":3,"href":"https:\/\/wp.ufpel.edu.br\/artenosul\/wp-json\/wp\/v2\/posts\/8469\/revisions"}],"predecessor-version":[{"id":8474,"href":"https:\/\/wp.ufpel.edu.br\/artenosul\/wp-json\/wp\/v2\/posts\/8469\/revisions\/8474"}],"wp:featuredmedia":[{"embeddable":true,"href":"https:\/\/wp.ufpel.edu.br\/artenosul\/wp-json\/wp\/v2\/media\/8472"}],"wp:attachment":[{"href":"https:\/\/wp.ufpel.edu.br\/artenosul\/wp-json\/wp\/v2\/media?parent=8469"}],"wp:term":[{"taxonomy":"category","embeddable":true,"href":"https:\/\/wp.ufpel.edu.br\/artenosul\/wp-json\/wp\/v2\/categories?post=8469"},{"taxonomy":"post_tag","embeddable":true,"href":"https:\/\/wp.ufpel.edu.br\/artenosul\/wp-json\/wp\/v2\/tags?post=8469"}],"curies":[{"name":"wp","href":"https:\/\/api.w.org\/{rel}","templated":true}]}}