{"id":8448,"date":"2019-10-16T11:16:54","date_gmt":"2019-10-16T14:16:54","guid":{"rendered":"https:\/\/wp.ufpel.edu.br\/artenosul\/?p=8448"},"modified":"2019-10-16T11:16:54","modified_gmt":"2019-10-16T14:16:54","slug":"show-em-pelotas-reuniu-classicos-e-novos-singles-de-paula-toller","status":"publish","type":"post","link":"https:\/\/wp.ufpel.edu.br\/artenosul\/2019\/10\/16\/show-em-pelotas-reuniu-classicos-e-novos-singles-de-paula-toller\/","title":{"rendered":"Show em Pelotas reuniu cl\u00e1ssicos e novos singles de Paula Toller"},"content":{"rendered":"<div id=\"attachment_8450\" style=\"width: 697px\" class=\"wp-caption alignright\"><img loading=\"lazy\" decoding=\"async\" aria-describedby=\"caption-attachment-8450\" class=\" wp-image-8450\" src=\"https:\/\/wp.ufpel.edu.br\/artenosul\/files\/2019\/10\/1-6-500x375.jpg\" alt=\"\" width=\"697\" height=\"527\" \/><p id=\"caption-attachment-8450\" class=\"wp-caption-text\"><span style=\"color: #0000ff\"><strong>Cantora apresenta antologia de sucessos musicais no\u00a0 show &#8220;Como Eu Quero&#8221;\u00a0 \u00a0 \u00a0 \u00a0 \u00a0 Foto: Divulga\u00e7\u00e3o<\/strong><\/span><\/p><\/div>\n<p><span style=\"color: #0000ff\"><strong><span style=\"font-size: 14pt\">Por Isabelli Neckel<\/span><\/strong><\/span><\/p>\n<p style=\"text-align: justify\"><span style=\"font-size: 14pt\">\u201cUma antologia de sucessos\u201d. \u00c9 assim que Paula Toller, ex-Kid Abelha, define seu novo show solo, \u201cComo Eu Quero\u201d. No dia 6 de outubro, a apresenta\u00e7\u00e3o lotou o Theatro Guarany e seus 1200 lugares. Trouxe sucessos dos anos 1980 e tamb\u00e9m novas m\u00fasicas de 2019, a turn\u00ea j\u00e1 foi assistida por mais de 100 mil pessoas pelo Brasil. Em Pelotas, a cantora mostrou por que \u00e9 considerada uma das vozes femininas mais marcantes das \u00faltimas d\u00e9cadas.<\/span><\/p>\n<p style=\"text-align: justify\"><span style=\"font-size: 14pt\">Depois de se dizer honrada em cantar no tradicional palco do Guarany, por onde j\u00e1 passaram artistas como Carmen Miranda, Paula abriu show com a cl\u00e1ssica \u201cFixa\u00e7\u00e3o\u201d. De 1984, a can\u00e7\u00e3o ditou o tom do que viria a seguir: uma noite para relembrar hits marcantes das d\u00e9cadas de 1980, 1990 e 2000. M\u00fasicas recentes foram tocadas, por\u00e9m, \u00e9 ineg\u00e1vel que a conex\u00e3o entre o p\u00fablico e a artista se deu, principalmente, quando soaram pelo teatro os sucessos antigos da extinta banda Kid Abelha.<\/span><\/p>\n<p style=\"text-align: justify\"><span style=\"font-size: 14pt\">Do primeiro acorde \u00e0 \u00faltima batida, a plateia vibrou com o pop nost\u00e1lgico de \u201cAlice\u201d, \u201cTe Amo Pra Sempre\u201d, \u201cEu T\u00f4 Tentando\u201d, \u201cEu Tive um Sonho\u201d, \u201cNo Seu Lugar\u201d e \u201cA F\u00f3rmula do Amor\u201d. Nestas faixas, principalmente nos camarotes, a anima\u00e7\u00e3o foi geral, tanto que o p\u00fablico se levantou para dan\u00e7ar \u2013 conforme permitiu o espa\u00e7o apertado do teatro.<\/span><\/p>\n<p style=\"text-align: justify\"><span style=\"font-size: 14pt\">J\u00e1 nas melanc\u00f3licas \u201cNada Por Mim\u201d e \u201cL\u00e1grimas e Chuva\u201d, a letra foi cantada, un\u00edssona, por espectadores emocionados. Al\u00e9m disso, houve a faixa que d\u00e1 nome ao show, \u201cComo Eu Quero\u201d, anunciada por Paula no meio da noite como \u201cmotivo pelo qual estamos aqui\u201d.<\/span><\/p>\n<p style=\"text-align: justify\"><span style=\"font-size: 14pt\">O p\u00fablico, composto principalmente por pessoas de meia-idade, parecia mergulhado em saudosismo. Muitos cantavam de olhos fechados, aparentemente passeando por lembran\u00e7as que s\u00f3 a boa m\u00fasica pode marcar e, anos depois, trazer \u00e0 tona novamente.<\/span><\/p>\n<p style=\"text-align: justify\"><span style=\"font-size: 14pt\">Paula apresentou suas vers\u00f5es para as can\u00e7\u00f5es \u201cAndo Meio Desligado\u201d, dos Mutantes, \u201cC\u00e9u Azul\u201d, da banda Charlie Brown Jr, e \u201cNa Rua, Na Chuva, Na Fazenda\u201d, de Hyldon. A elas, a cantora se refere como \u201cm\u00fasicas que n\u00e3o fiz, mas gostaria de ter feito\u201d.<\/span><\/p>\n<p style=\"text-align: justify\"><span style=\"font-size: 14pt\">A artista tamb\u00e9m trouxe \u00e0 plateia faixas mais recentes, como a nov\u00edssima \u201cEssa Noite Sem Fim\u201d, lan\u00e7ada nas plataformas digitais na semana passada e feita em parceria com Liminha, ex-Mutantes e reconhecido produtor cultural. Al\u00e9m desta, o setlist contou com outras m\u00fasicas de sua carreira p\u00f3s-Kid Abelha, como \u201c\u00c0 Noite Sonhei Contigo\u201d, \u201cCalma A\u00ed\u201d e \u201cOito Anos\u201d, feita para o filho Gabriel.<\/span><\/p>\n<p style=\"text-align: justify\"><span style=\"font-size: 14pt\">Depois da j\u00e1 tradicional \u201cdespedida de mentirinha\u201d, a plateia pediu bis e Paula retornou. Com energia, ela embalou mais tr\u00eas hits, \u201cGrand\u2019 Hotel\u201d, \u201cOs Outros\u201d e \u201cPor Que N\u00e3o Eu?\u201d e, por fim, despediu-se oficialmente com uma animada vers\u00e3o de \u201cPintura \u00cdntima\u201d, acompanhada, \u00e9 claro, pelos gritos e aplausos incans\u00e1veis da plateia. Neste momento, ficou claro que, embora bem produzidas e com seus m\u00e9ritos, as novas can\u00e7\u00f5es nem de longe empolgam tanto quanto os cl\u00e1ssicos.<\/span><\/p>\n<p style=\"text-align: justify\"><span style=\"font-size: 14pt\">Junto com sua banda, formada pelos incr\u00edveis Gustavo Camardella (viol\u00e3o e vocal), Pedro Dias (baixo e vocal), Pedro Augusto (teclados), Adal Fonseca (bateria) e Liminha (viol\u00e3o), Paula apresentou um show maduro e que deu ao p\u00fablico exatamente o desejado: um revival das d\u00e9cadas de 1970, 1980, 1990 e 2000. Sua voz, que j\u00e1 foi criticada pela imprensa e at\u00e9 por Cazuza no passado, hoje apresenta-se consistente e, ao mesmo tempo, suave, digna dos sucessos que canta.<\/span><\/p>\n<p style=\"text-align: justify\"><span style=\"font-size: 14pt\">Portanto, a apresenta\u00e7\u00e3o entregou \u00e0 plateia vozes e arranjos impec\u00e1veis, sem a menor necessidade de grandes efeitos de palco ou performances mirabolantes, t\u00e3o comuns aos shows atuais. Paula Toller e sua banda bastam. Ela, mais uma vez, mostra-se uma artista com obras que resistem ao tempo e, seja nos discos de vinil ou no YouTube, continuam embalando romances, reflex\u00f5es e despedidas.<\/span><\/p>\n<p><a href=\"http:\/\/wp.ufpel.edu.br\/artenosul\"><span style=\"color: #0000ff\"><strong><span style=\"font-size: 14pt\">PRIMEIRA P\u00c1GINA<\/span><\/strong><\/span><\/a><\/p>\n<p><span style=\"color: #0000ff\"><strong><span style=\"font-size: 14pt\">COMENT\u00c1RIOS<\/span><\/strong><\/span><\/p>\n<div data-test='contact-form'\n\t\t\tid='contact-form-8448'\n\t\t\tclass='wp-block-jetpack-contact-form-container '\n\t\t\tdata-wp-interactive='jetpack\/form' data-wp-context='{\"formId\":\"8448\",\"formHash\":\"dcb74a6d59f99cba86860ccc0f85751f8d04073d\",\"showErrors\":false,\"errors\":[],\"fields\":[],\"isMultiStep\":false,\"useAjax\":true,\"submissionData\":null,\"formattedSubmissionData\":[],\"submissionSuccess\":false,\"submissionError\":null,\"elementId\":\"jp-form-dcb74a6d59f99cba86860ccc0f85751f8d04073d\",\"isSingleInputForm\":false}'\n\t\t\tdata-wp-watch--scroll-to-wrapper=\"callbacks.scrollToWrapper\"\n\t\t>\n<div class=\"contact-form-submission contact-form-ajax-submission\" data-wp-class--submission-success=\"context.submissionSuccess\"><p class=\"go-back-message\"><a class=\"link\" role=\"button\" tabindex=\"0\" data-wp-on--click=\"actions.goBack\" href=\"\/artenosul\/wp-json\/wp\/v2\/posts\/8448\">Voltar<\/a><\/p><h4 id=\"contact-form-success-header\">Sua mensagem foi enviada<\/h4>\n\n<template data-wp-each--submission=\"context.formattedSubmissionData\">\n\t\t\t\t\t<div class=\"jetpack_forms_contact-form-success-summary\">\n\t\t\t\t\t\t<div class=\"field-name\" data-wp-text=\"context.submission.label\" data-wp-bind--hidden=\"!context.submission.label\"><\/div>\n\t\t\t\t\t\t<div class=\"field-value\" data-wp-text=\"context.submission.value\"><\/div>\n\t\t\t\t\t\t<div class=\"field-images\" data-wp-bind--hidden=\"!context.submission.images\">\n\t\t\t\t\t\t\t<template data-wp-each--image=\"context.submission.images\">\n\t\t\t\t\t\t\t\t<figure class=\"field-image\" data-wp-class--is-empty=\"!context.image\">\n\t\t\t\t\t\t\t\t\t<img data-wp-bind--src=\"context.image\" data-wp-bind--hidden=\"!context.image\" \/>\n\t\t\t\t\t\t\t\t\t<img decoding=\"async\" src=\"data:image\/gif;base64,R0lGODlhAQABAAD\/ACwAAAAAAQABAAACADs=\" data-wp-bind--hidden=\"context.image\" \/>\n\t\t\t\t\t\t\t\t<\/figure>\n\t\t\t\t\t\t\t<\/template>\n\t\t\t\t\t\t<\/div>\n\t\t\t\t\t<\/div>\n\t\t\t\t<\/template><\/div><form action='https:\/\/wp.ufpel.edu.br\/artenosul\/2019\/10\/16\/show-em-pelotas-reuniu-classicos-e-novos-singles-de-paula-toller\/'\n\t\t\t\tid='jp-form-dcb74a6d59f99cba86860ccc0f85751f8d04073d'\n\t\t\t\tmethod='post'\n\t\t\t\tclass='contact-form commentsblock' aria-label=\"Show em Pelotas reuniu cl\u00e1ssicos e novos singles de Paula Toller\"\n\t\t\t\tdata-wp-on--submit=\"actions.onFormSubmit\"\n\t\t\t\tdata-wp-on--reset=\"actions.onFormReset\"\n\t\t\t\tdata-wp-class--submission-success=\"context.submissionSuccess\"\n\t\t\t\tdata-wp-class--is-first-step=\"state.isFirstStep\"\n\t\t\t\tdata-wp-class--is-last-step=\"state.isLastStep\"\n\t\t\t\tdata-wp-class--is-ajax-form=\"context.useAjax\"\n\t\t\t\tnovalidate >\n<input type='hidden' name='jetpack_contact_form_jwt' value='eyJ0eXAiOiJKV1QiLCJhbGciOiJIUzI1NiJ9.eyJlbmNyeXB0ZWRfYXR0cmlidXRlcyI6ImZFNDVRVTI5eUdqVk5NcHZkSnZnZVdQNDVybTE3R2lBc3FpMmFsa2VQbCtwSktIVDB3eEljRmUzRUhhU0l3SXc1aTZING54WndXbElCMkRFdS92OVhNUzdUR0lSOGtlK1hZMElYeEhlZS9IWWRYU0IydFpRc2hrRTlneHQwckxJNFdCRVZ0a3lSdTIyaG15NDdBL1lZY2NiUkJHeVdIZm01WllETlJjcys4ZU0wTGxqVFNoNGs1R09TWWZOVTdEQ3o1Y1hnaXFDZWNrT1dVYmRveHZGQUI4WWtMalB3bWwvL3ZEZStZbkt4SkwwVGN2dFZmeWxRU3N4YXpSdk5ObkJCU09FZGR0VldQVnFRS3lBdWoyWmM3eEJibm1jUnZmenJsODVtSkR3a2U3RXN3bWx6TCtaZXdmWEI0Q3pPVWtmcmtxUy9aK2pxSS9Cd2d5TGVNUnRMMmwwT0VJaWpOc3EvTThkeS9tWEFzVHNPMmY1Y05JL0luMlMzR3ZWR29GaHptaUR3SnEwTTVNbjl5SFRsVHd4cSt0WnpsZUdiczNGbGxDQmlVUkZvWXAzaWVTdkRjWTlKWUpwNzZWbnc5M1M2QzhCWWU5Y3lvVllHUGhONWJtTkttRlhrSG9lZXQ0Z0E3Ynl1d3hJUGVZTmVtSjZxZnkrL3BtN2hVTjVxVlh6aVU1VHd3TVFKcm1ROGhtSFYyZ2l2MHRGa3dFbHF6dzcvSzFreitmZkpGTFExaVhrSjNhTnFESzZXd3pDRmtxUUVyWGtveG1DbXFIYm1sRXRtR05LaXNNYWRMRllETnhaM2xMMjlWQU9aWUNtdjgxOUVzV29SUmtFakk4L2hHemdCVStmSURNWHdJSlFObGJONTArajN3aEJBR3RiZ0JKVzRHTEhEanA5d01XdE1BMGZrN1RYVU9aSVhPbDFDeVAySS9JYkNFV1VyZXZGTHZkQUx4aVYyVEY2YW9xekJCWE5OK3JrTkc2TDBXQTd1eDRPUzhHQSsvYW1GMm9PMGpVc0ZCQXhHRXYxRlJiS1RkcGlCdFJpZ2xGbnZibkY1T3hxeXN6WldmaDNadWFWWlkxVVZ3RTJyMlczVXM2R1A0bWtwcjcwVVJuWlpkUlUwV0g2M3d3TXI3V1RlbjFGdHMyd2REMklMQWhQTi8wV0JoTWRFZVdtNmkya0JVUzFWc1hpQzhjL2IrV1JZbDlndENrUjBwdFhrc3d4ZVUwbGVqaThMSnFZSWQzYU55MnVQTWltTkg0ajFFaU5ZeldIIiwiY29udGVudCI6Iltjb250YWN0LWZpZWxkIGxhYmVsPVwiTm9tZVwiIHR5cGU9XCJuYW1lXCJdW2NvbnRhY3QtZmllbGQgbGFiZWw9XCJFLW1haWxcIiB0eXBlPVwiZW1haWxcIl1bY29udGFjdC1maWVsZCBsYWJlbD1cIk1lbnNhZ2VtXCIgdHlwZT1cInRleHRhcmVhXCJdIiwiaGFzaCI6ImRjYjc0YTZkNTlmOTljYmE4Njg2MGNjYzBmODU3NTFmOGQwNDA3M2QiLCJzb3VyY2UiOnsiZW50cnlfdGl0bGUiOiJTaG93IGVtIFBlbG90YXMgcmV1bml1IGNsXHUwMGUxc3NpY29zIGUgbm92b3Mgc2luZ2xlcyBkZSBQYXVsYSBUb2xsZXIiLCJlbnRyeV9wYWdlIjoxLCJzb3VyY2VfaWQiOjg0NDgsInNvdXJjZV90eXBlIjoic2luZ2xlIiwicmVxdWVzdF91cmwiOiJodHRwczovL3dwLnVmcGVsLmVkdS5ici9hcnRlbm9zdWwvd3AtanNvbi93cC92Mi9wb3N0cy84NDQ4In0sInZlcnNpb24iOjIsImNpcGhlciI6ImFlcy0yNTYtZ2NtIn0.DbQNe3SX8j5shehX75NeiRMcHkBX576rTFx7TGHfoyY' \/>\n\n<div style=\"\"  data-wp-interactive=\"jetpack\/form\" data-wp-context='{\"fieldId\":\"g8448-nome\",\"fieldType\":\"name\",\"fieldLabel\":\"Nome\",\"fieldValue\":\"\",\"fieldPlaceholder\":\"\",\"fieldIsRequired\":\"\",\"fieldErrorMessage\":\"\",\"fieldExtra\":[],\"formHash\":\"dcb74a6d59f99cba86860ccc0f85751f8d04073d\"}'  class='grunion-field-name-wrap grunion-field-wrap'  data-wp-init='callbacks.initializeField' data-wp-on--jetpack-form-reset='callbacks.initializeField' >\n<label\n\t\t\t\tfor='g8448-nome' class=\"grunion-field-label name\" >Nome<\/label>\n<input\n\t\t\t\t\ttype='text'\n\t\t\t\t\tname='g8448-nome'\n\t\t\t\t\tid='g8448-nome'\n\t\t\t\t\tvalue=''\n\n\t\t\t\t\tdata-wp-bind--aria-invalid='state.fieldHasErrors'\n\t\t\t\t\tdata-wp-bind--value='state.getFieldValue'\n\t\t\t\t\taria-errormessage='g8448-nome-text-error-message'\n\t\t\t\t\tdata-wp-on--input='actions.onFieldChange'\n\t\t\t\t\tdata-wp-on--blur='actions.onFieldBlur'\n\t\t\t\t\tdata-wp-class--has-value='state.hasFieldValue'\n\n\t\t\t\t\tclass='name  grunion-field' \n\t\t\t\t\t \/>\n \n\t\t\t<div id=\"g8448-nome-text-error\" class=\"contact-form__input-error\" data-wp-class--has-errors=\"state.fieldHasErrors\">\n\t\t\t\t<span class=\"contact-form__warning-icon\">\n\t\t\t\t\t<svg width=\"16\" height=\"16\" viewBox=\"0 0 16 16\" fill=\"none\" xmlns=\"http:\/\/www.w3.org\/2000\/svg\">\n\t\t\t\t\t\t<path d=\"M8.50015 11.6402H7.50015V10.6402H8.50015V11.6402Z\" \/>\n\t\t\t\t\t\t<path d=\"M7.50015 9.64018H8.50015V6.30684H7.50015V9.64018Z\" \/>\n\t\t\t\t\t\t<path fill-rule=\"evenodd\" clip-rule=\"evenodd\" d=\"M6.98331 3.0947C7.42933 2.30177 8.57096 2.30177 9.01698 3.09469L13.8771 11.7349C14.3145 12.5126 13.7525 13.4735 12.8602 13.4735H3.14004C2.24774 13.4735 1.68575 12.5126 2.12321 11.7349L6.98331 3.0947ZM8.14541 3.58496C8.08169 3.47168 7.9186 3.47168 7.85488 3.58496L2.99478 12.2251C2.93229 12.3362 3.01257 12.4735 3.14004 12.4735H12.8602C12.9877 12.4735 13.068 12.3362 13.0055 12.2251L8.14541 3.58496Z\" \/>\n\t\t\t\t\t<\/svg>\n\t\t\t\t\t<span class=\"visually-hidden\">Aviso<\/span>\n\t\t\t\t<\/span>\n\t\t\t\t<span data-wp-text=\"state.errorMessage\" id=\"g8448-nome-text-error-message\" role=\"alert\" aria-live=\"assertive\"><\/span>\n\t\t\t<\/div> \n\t<\/div>\n\n<div style=\"\"  data-wp-interactive=\"jetpack\/form\" data-wp-context='{\"fieldId\":\"g8448-email\",\"fieldType\":\"email\",\"fieldLabel\":\"E-mail\",\"fieldValue\":\"\",\"fieldPlaceholder\":\"\",\"fieldIsRequired\":\"\",\"fieldErrorMessage\":\"\",\"fieldExtra\":[],\"formHash\":\"dcb74a6d59f99cba86860ccc0f85751f8d04073d\"}'  class='grunion-field-email-wrap grunion-field-wrap'  data-wp-init='callbacks.initializeField' data-wp-on--jetpack-form-reset='callbacks.initializeField' >\n<label\n\t\t\t\tfor='g8448-email' class=\"grunion-field-label email\" >E-mail<\/label>\n<input\n\t\t\t\t\ttype='email'\n\t\t\t\t\tname='g8448-email'\n\t\t\t\t\tid='g8448-email'\n\t\t\t\t\tvalue=''\n\n\t\t\t\t\tdata-wp-bind--aria-invalid='state.fieldHasErrors'\n\t\t\t\t\tdata-wp-bind--value='state.getFieldValue'\n\t\t\t\t\taria-errormessage='g8448-email-email-error-message'\n\t\t\t\t\tdata-wp-on--input='actions.onFieldChange'\n\t\t\t\t\tdata-wp-on--blur='actions.onFieldBlur'\n\t\t\t\t\tdata-wp-class--has-value='state.hasFieldValue'\n\n\t\t\t\t\tclass='email  grunion-field' \n\t\t\t\t\t \/>\n \n\t\t\t<div id=\"g8448-email-email-error\" class=\"contact-form__input-error\" data-wp-class--has-errors=\"state.fieldHasErrors\">\n\t\t\t\t<span class=\"contact-form__warning-icon\">\n\t\t\t\t\t<svg width=\"16\" height=\"16\" viewBox=\"0 0 16 16\" fill=\"none\" xmlns=\"http:\/\/www.w3.org\/2000\/svg\">\n\t\t\t\t\t\t<path d=\"M8.50015 11.6402H7.50015V10.6402H8.50015V11.6402Z\" \/>\n\t\t\t\t\t\t<path d=\"M7.50015 9.64018H8.50015V6.30684H7.50015V9.64018Z\" \/>\n\t\t\t\t\t\t<path fill-rule=\"evenodd\" clip-rule=\"evenodd\" d=\"M6.98331 3.0947C7.42933 2.30177 8.57096 2.30177 9.01698 3.09469L13.8771 11.7349C14.3145 12.5126 13.7525 13.4735 12.8602 13.4735H3.14004C2.24774 13.4735 1.68575 12.5126 2.12321 11.7349L6.98331 3.0947ZM8.14541 3.58496C8.08169 3.47168 7.9186 3.47168 7.85488 3.58496L2.99478 12.2251C2.93229 12.3362 3.01257 12.4735 3.14004 12.4735H12.8602C12.9877 12.4735 13.068 12.3362 13.0055 12.2251L8.14541 3.58496Z\" \/>\n\t\t\t\t\t<\/svg>\n\t\t\t\t\t<span class=\"visually-hidden\">Aviso<\/span>\n\t\t\t\t<\/span>\n\t\t\t\t<span data-wp-text=\"state.errorMessage\" id=\"g8448-email-email-error-message\" role=\"alert\" aria-live=\"assertive\"><\/span>\n\t\t\t<\/div> \n\t<\/div>\n\n<div style=\"\"  data-wp-interactive=\"jetpack\/form\" data-wp-context='{\"fieldId\":\"g8448-mensagem\",\"fieldType\":\"textarea\",\"fieldLabel\":\"Mensagem\",\"fieldValue\":\"\",\"fieldPlaceholder\":\"\",\"fieldIsRequired\":\"\",\"fieldErrorMessage\":\"\",\"fieldExtra\":[],\"formHash\":\"dcb74a6d59f99cba86860ccc0f85751f8d04073d\"}'  class='grunion-field-textarea-wrap grunion-field-wrap'  data-wp-init='callbacks.initializeField' data-wp-on--jetpack-form-reset='callbacks.initializeField' >\n<label\n\t\t\t\tfor='contact-form-comment-g8448-mensagem' class=\"grunion-field-label textarea\" >Mensagem<\/label>\n<textarea\n\t\t                style=''\n\t\t                name='g8448-mensagem'\n\t\t                id='contact-form-comment-g8448-mensagem'\n\t\t                rows='20'\n\t\t\t\t\t\tdata-wp-text='state.getFieldValue'\n\t\t\t\t\t\tdata-wp-on--input='actions.onFieldChange'\n\t\t\t\t\t\tdata-wp-on--blur='actions.onFieldBlur'\n\t\t\t\t\t\tdata-wp-class--has-value='state.hasFieldValue'\n\t\t\t\t\t\tdata-wp-bind--aria-invalid='state.fieldHasErrors'\n\t\t\t\t\t\taria-errormessage='g8448-mensagem-textarea-error-message'\n\t\t\t\t\t\tclass='textarea  grunion-field'  ><\/textarea>\n \n\t\t\t<div id=\"g8448-mensagem-textarea-error\" class=\"contact-form__input-error\" data-wp-class--has-errors=\"state.fieldHasErrors\">\n\t\t\t\t<span class=\"contact-form__warning-icon\">\n\t\t\t\t\t<svg width=\"16\" height=\"16\" viewBox=\"0 0 16 16\" fill=\"none\" xmlns=\"http:\/\/www.w3.org\/2000\/svg\">\n\t\t\t\t\t\t<path d=\"M8.50015 11.6402H7.50015V10.6402H8.50015V11.6402Z\" \/>\n\t\t\t\t\t\t<path d=\"M7.50015 9.64018H8.50015V6.30684H7.50015V9.64018Z\" \/>\n\t\t\t\t\t\t<path fill-rule=\"evenodd\" clip-rule=\"evenodd\" d=\"M6.98331 3.0947C7.42933 2.30177 8.57096 2.30177 9.01698 3.09469L13.8771 11.7349C14.3145 12.5126 13.7525 13.4735 12.8602 13.4735H3.14004C2.24774 13.4735 1.68575 12.5126 2.12321 11.7349L6.98331 3.0947ZM8.14541 3.58496C8.08169 3.47168 7.9186 3.47168 7.85488 3.58496L2.99478 12.2251C2.93229 12.3362 3.01257 12.4735 3.14004 12.4735H12.8602C12.9877 12.4735 13.068 12.3362 13.0055 12.2251L8.14541 3.58496Z\" \/>\n\t\t\t\t\t<\/svg>\n\t\t\t\t\t<span class=\"visually-hidden\">Aviso<\/span>\n\t\t\t\t<\/span>\n\t\t\t\t<span data-wp-text=\"state.errorMessage\" id=\"g8448-mensagem-textarea-error-message\" role=\"alert\" aria-live=\"assertive\"><\/span>\n\t\t\t<\/div>\n\t<\/div>\n\t<p class='contact-submit'>\n<div class=\"contact-form__error\" data-wp-class--show-errors=\"state.showFormErrors\"><span class=\"contact-form__warning-icon\"><span class=\"visually-hidden\">Aten\u00e7\u00e3o.<\/span><i aria-hidden=\"true\"><\/i><\/span>\n\t\t\t\t<span data-wp-text=\"state.getFormErrorMessage\"><\/span>\n\t\t\t\t<ul>\n\t\t\t\t<template data-wp-each=\"state.getErrorList\" data-wp-key=\"context.item.id\">\n\t\t\t\t\t<li><a data-wp-bind--href=\"context.item.anchor\" data-wp-on--click=\"actions.scrollIntoView\" data-wp-text=\"context.item.label\"><\/a><\/li>\n\t\t\t\t<\/template>\n\t\t\t\t<\/ul><\/div><div class=\"contact-form__error\" data-wp-class--show-errors=\"state.showSubmissionError\" data-wp-text=\"context.submissionError\"><\/div>\t\t<button type='submit' class='pushbutton-wide'>Enviar<\/button>\t\t<input type='hidden' name='contact-form-id' value='8448' \/>\n\t\t<input type='hidden' name='action' value='grunion-contact-form' \/>\n\t\t<input type='hidden' name='contact-form-hash' value='dcb74a6d59f99cba86860ccc0f85751f8d04073d' \/>\n\t<\/p>\n<p style=\"display: none !important;\" class=\"akismet-fields-container\" data-prefix=\"ak_\"><label>&#916;<textarea name=\"ak_hp_textarea\" cols=\"45\" rows=\"8\" maxlength=\"100\"><\/textarea><\/label><input type=\"hidden\" id=\"ak_js_1\" name=\"ak_js\" value=\"115\"\/><script>document.getElementById( \"ak_js_1\" ).setAttribute( \"value\", ( new Date() ).getTime() );<\/script><\/p><\/form>\n<\/div>\n<p>&nbsp;<\/p>\n","protected":false},"excerpt":{"rendered":"<p>Por Isabelli Neckel \u201cUma antologia de sucessos\u201d. \u00c9 assim que Paula Toller, ex-Kid Abelha, define seu novo show solo, \u201cComo Eu Quero\u201d. No dia 6 de outubro, a apresenta\u00e7\u00e3o lotou o Theatro Guarany e seus 1200 lugares. Trouxe sucessos dos anos 1980 e tamb\u00e9m novas m\u00fasicas de 2019, a turn\u00ea j\u00e1 foi assistida por mais &hellip; <\/p>\n<p><a class=\"more-link btn\" href=\"https:\/\/wp.ufpel.edu.br\/artenosul\/2019\/10\/16\/show-em-pelotas-reuniu-classicos-e-novos-singles-de-paula-toller\/\">Continue lendo<\/a><\/p>\n","protected":false},"author":571,"featured_media":8451,"comment_status":"closed","ping_status":"closed","sticky":false,"template":"","format":"standard","meta":{"jetpack_post_was_ever_published":false,"_jetpack_newsletter_access":"","_jetpack_dont_email_post_to_subs":false,"_jetpack_newsletter_tier_id":0,"_jetpack_memberships_contains_paywalled_content":false,"_jetpack_memberships_contains_paid_content":false,"footnotes":"","jetpack_publicize_message":"","jetpack_publicize_feature_enabled":true,"jetpack_social_post_already_shared":true,"jetpack_social_options":{"image_generator_settings":{"template":"highway","default_image_id":0,"font":"","enabled":false},"version":2}},"categories":[6,315],"tags":[951,950,66],"class_list":["post-8448","post","type-post","status-publish","format-standard","has-post-thumbnail","hentry","category-musica","category-opiniao","tag-como-eu-quero","tag-paula-toller","tag-theatro-guarany","nodate","item-wrap"],"jetpack_publicize_connections":[],"jetpack_featured_media_url":"https:\/\/wp.ufpel.edu.br\/artenosul\/files\/2019\/10\/2-6.jpg","jetpack_sharing_enabled":true,"jetpack_likes_enabled":true,"jetpack_shortlink":"https:\/\/wp.me\/p6PuxQ-2cg","jetpack-related-posts":[{"id":6979,"url":"https:\/\/wp.ufpel.edu.br\/artenosul\/2017\/07\/25\/diogo-nogueira-apresenta-alma-brasileira\/","url_meta":{"origin":8448,"position":0},"title":"Diogo Nogueira apresenta &#8220;Alma Brasileira&#8221;","author":"artenosul","date":"25 de julho de 2017","format":false,"excerpt":"Fernanda Winck \u00a0 \u00a0 \u00a0O cantor Diogo Nogueira\u00a0trouxe o seu show \u201cAlma Brasileira\u201d no dia 21 de junho ao Theatro Guarany em Pelotas. Cantou m\u00fasicas autorais e v\u00e1rios sucessos da MPB tais como \u201cFlor de Lis\u201d, \u201cAvi\u00e3o\u201d, \u201cFato Consumado\u201d, \u201cBeiral\u201d (Djavan), \u201cBeijo Partido\u201d, \u201cTravessia\u201d (Toninho Horta, Milton Nascimento), \u201cCodinome Beija\u2026","rel":"","context":"Em &quot;M\u00daSICA&quot;","block_context":{"text":"M\u00daSICA","link":"https:\/\/wp.ufpel.edu.br\/artenosul\/category\/musica\/"},"img":{"alt_text":"","src":"https:\/\/i0.wp.com\/wp.ufpel.edu.br\/artenosul\/files\/2017\/07\/Diogo2.png?resize=350%2C200&ssl=1","width":350,"height":200,"srcset":"https:\/\/i0.wp.com\/wp.ufpel.edu.br\/artenosul\/files\/2017\/07\/Diogo2.png?resize=350%2C200&ssl=1 1x, https:\/\/i0.wp.com\/wp.ufpel.edu.br\/artenosul\/files\/2017\/07\/Diogo2.png?resize=525%2C300&ssl=1 1.5x"},"classes":[]},{"id":4507,"url":"https:\/\/wp.ufpel.edu.br\/artenosul\/2017\/02\/25\/ian-vitor-ramil-e-leindecker-juntos\/","url_meta":{"origin":8448,"position":1},"title":"Show re\u00fane tr\u00eas talentos","author":"artenosul","date":"25 de fevereiro de 2017","format":false,"excerpt":"Reportagem de Fernanda Winck Moraes e Caroline Lemos - Espet\u00e1culo fez parte do projeto Ac\u00fasticos RS que finalizou em Pelotas - A segunda edi\u00e7\u00e3o do projeto Ac\u00fasticos RS reuniu em Pelotas, dia 15 de fevereiro, os m\u00fasicos Ian Ramil e Duca Leindecker, no Theatro Guarany. O projeto contou com o\u2026","rel":"","context":"Em &quot;M\u00daSICA&quot;","block_context":{"text":"M\u00daSICA","link":"https:\/\/wp.ufpel.edu.br\/artenosul\/category\/musica\/"},"img":{"alt_text":"","src":"https:\/\/i0.wp.com\/wp.ufpel.edu.br\/artenosul\/files\/2017\/02\/Fernanda3-e1501191455610.jpg?resize=350%2C200&ssl=1","width":350,"height":200,"srcset":"https:\/\/i0.wp.com\/wp.ufpel.edu.br\/artenosul\/files\/2017\/02\/Fernanda3-e1501191455610.jpg?resize=350%2C200&ssl=1 1x, https:\/\/i0.wp.com\/wp.ufpel.edu.br\/artenosul\/files\/2017\/02\/Fernanda3-e1501191455610.jpg?resize=525%2C300&ssl=1 1.5x"},"classes":[]},{"id":13578,"url":"https:\/\/wp.ufpel.edu.br\/artenosul\/2023\/04\/20\/musicas-classicas-na-voz-marcante-de-mauricio-manieri\/","url_meta":{"origin":8448,"position":2},"title":"M\u00fasicas cl\u00e1ssicas na voz marcante de Maur\u00edcio Manieri  \u00a0","author":"artenosul","date":"20 de abril de 2023","format":false,"excerpt":"Cantor faz apresenta\u00e7\u00e3o neste s\u00e1bado no Theatro Guarany em Pelotas\u00a0 \u00a0 \u00a0\u00a0 Por Aline Lemes Bitencourt Souza\u00a0 \u00a0 \u00a0 \u00a0 O cantor e produtor musical Maur\u00edcio Manieri mescla em seus shows elementos de m\u00fasica pop, MPB e Soul. Est\u00e1 apresentando seu espet\u00e1culo \u201cClassics\u201d em v\u00e1rias cidades do Rio Grande do\u2026","rel":"","context":"Em &quot;M\u00daSICA&quot;","block_context":{"text":"M\u00daSICA","link":"https:\/\/wp.ufpel.edu.br\/artenosul\/category\/musica\/"},"img":{"alt_text":"","src":"https:\/\/i0.wp.com\/wp.ufpel.edu.br\/artenosul\/files\/2023\/04\/Imagem1-1.jpg?resize=350%2C200&ssl=1","width":350,"height":200},"classes":[]},{"id":12830,"url":"https:\/\/wp.ufpel.edu.br\/artenosul\/2022\/10\/18\/humberto-gessinger-faz-show-da-turne-nao-vejo-a-hora-em-pelotas\/","url_meta":{"origin":8448,"position":3},"title":"Humberto Gessinger faz show da turn\u00ea \u201cN\u00e3o vejo a hora\u201d em Pelotas","author":"artenosul","date":"18 de outubro de 2022","format":false,"excerpt":"Repert\u00f3rio traz um compilado das m\u00fasicas de seu novo \u00e1lbum e sucessos consagrados pela banda Engenheiros do Hawaii\u00a0 \u00a0 \u00a0\u00a0 Por Victoria Fonseca\u00a0\u00a0\u00a0 Em apresenta\u00e7\u00e3o esperada desde 2020, adiada devido \u00e0 pandemia de Covid-19, Humberto Gessinger lotou o Theatro Guarany em Pelotas mais uma vez, com seu espet\u00e1culo no s\u00e1bado\u2026","rel":"","context":"Em &quot;M\u00daSICA&quot;","block_context":{"text":"M\u00daSICA","link":"https:\/\/wp.ufpel.edu.br\/artenosul\/category\/musica\/"},"img":{"alt_text":"","src":"https:\/\/i0.wp.com\/wp.ufpel.edu.br\/artenosul\/files\/2022\/10\/Imagem1b.jpg?resize=350%2C200&ssl=1","width":350,"height":200},"classes":[]},{"id":26238,"url":"https:\/\/wp.ufpel.edu.br\/artenosul\/2024\/01\/13\/12a-edicao-do-festival-internacional-sesc-de-musica-inicia-segunda-em-pelotas\/","url_meta":{"origin":8448,"position":4},"title":"12\u00aa edi\u00e7\u00e3o do Festival Internacional Sesc de M\u00fasica inicia segunda em Pelotas  \u00a0","author":"artenosul","date":"13 de janeiro de 2024","format":false,"excerpt":"Evento movimentar\u00e1 v\u00e1rias partes da cidade com a previs\u00e3o de 63 apresenta\u00e7\u00f5es musicais\u00a0 \u00a0 \u00a0\u00a0 Por Let\u00edcia Vieira\u00a0 \u00a0 \u00a0 \u00a0 \u00a0 \u00a0 Considerado um dos maiores eventos de m\u00fasica de concerto da Am\u00e9rica Latina, a 12\u00aa edi\u00e7\u00e3o do Festival Internacional Sesc de M\u00fasica ocorre em Pelotas a partir desta\u2026","rel":"","context":"Em &quot;COMUNIDADE&quot;","block_context":{"text":"COMUNIDADE","link":"https:\/\/wp.ufpel.edu.br\/artenosul\/category\/comunidade\/"},"img":{"alt_text":"","src":"https:\/\/i0.wp.com\/wp.ufpel.edu.br\/artenosul\/files\/2024\/01\/c2f74a3a89e947daa637d116f404e24d.jpg?resize=350%2C200&ssl=1","width":350,"height":200,"srcset":"https:\/\/i0.wp.com\/wp.ufpel.edu.br\/artenosul\/files\/2024\/01\/c2f74a3a89e947daa637d116f404e24d.jpg?resize=350%2C200&ssl=1 1x, https:\/\/i0.wp.com\/wp.ufpel.edu.br\/artenosul\/files\/2024\/01\/c2f74a3a89e947daa637d116f404e24d.jpg?resize=525%2C300&ssl=1 1.5x, https:\/\/i0.wp.com\/wp.ufpel.edu.br\/artenosul\/files\/2024\/01\/c2f74a3a89e947daa637d116f404e24d.jpg?resize=700%2C400&ssl=1 2x"},"classes":[]},{"id":27752,"url":"https:\/\/wp.ufpel.edu.br\/artenosul\/2025\/01\/14\/13a-edicao-do-festival-internacional-sesc-de-musica-comeca-na-proxima-segunda-feira-em-pelotas\/","url_meta":{"origin":8448,"position":5},"title":"13\u00aa edi\u00e7\u00e3o do Festival Internacional Sesc de M\u00fasica come\u00e7a na pr\u00f3xima segunda-feira em Pelotas","author":"artenosul","date":"14 de janeiro de 2025","format":false,"excerpt":"A partir de 20 de janeiro, ocorrem apresenta\u00e7\u00f5es de orquestras em v\u00e1rias partes da cidade por mais de dez dias\u00a0 \u00a0 \u00a0 Por Carolina Soares\u00a0 \u00a0 \u00a0 \u00a0 \u00a0 \u00a0 Com o tema \u201cViva a m\u00fasica que pulsa em voc\u00ea\u201d, o 13\u00ba Festival Internacional Sesc de M\u00fasica \u00e9 um dos\u2026","rel":"","context":"Em &quot;M\u00daSICA&quot;","block_context":{"text":"M\u00daSICA","link":"https:\/\/wp.ufpel.edu.br\/artenosul\/category\/musica\/"},"img":{"alt_text":"","src":"https:\/\/i0.wp.com\/wp.ufpel.edu.br\/artenosul\/files\/2025\/01\/53480057286_bb74ac73a4_c.jpg?resize=350%2C200&ssl=1","width":350,"height":200,"srcset":"https:\/\/i0.wp.com\/wp.ufpel.edu.br\/artenosul\/files\/2025\/01\/53480057286_bb74ac73a4_c.jpg?resize=350%2C200&ssl=1 1x, https:\/\/i0.wp.com\/wp.ufpel.edu.br\/artenosul\/files\/2025\/01\/53480057286_bb74ac73a4_c.jpg?resize=525%2C300&ssl=1 1.5x, https:\/\/i0.wp.com\/wp.ufpel.edu.br\/artenosul\/files\/2025\/01\/53480057286_bb74ac73a4_c.jpg?resize=700%2C400&ssl=1 2x"},"classes":[]}],"_links":{"self":[{"href":"https:\/\/wp.ufpel.edu.br\/artenosul\/wp-json\/wp\/v2\/posts\/8448","targetHints":{"allow":["GET"]}}],"collection":[{"href":"https:\/\/wp.ufpel.edu.br\/artenosul\/wp-json\/wp\/v2\/posts"}],"about":[{"href":"https:\/\/wp.ufpel.edu.br\/artenosul\/wp-json\/wp\/v2\/types\/post"}],"author":[{"embeddable":true,"href":"https:\/\/wp.ufpel.edu.br\/artenosul\/wp-json\/wp\/v2\/users\/571"}],"replies":[{"embeddable":true,"href":"https:\/\/wp.ufpel.edu.br\/artenosul\/wp-json\/wp\/v2\/comments?post=8448"}],"version-history":[{"count":2,"href":"https:\/\/wp.ufpel.edu.br\/artenosul\/wp-json\/wp\/v2\/posts\/8448\/revisions"}],"predecessor-version":[{"id":8453,"href":"https:\/\/wp.ufpel.edu.br\/artenosul\/wp-json\/wp\/v2\/posts\/8448\/revisions\/8453"}],"wp:featuredmedia":[{"embeddable":true,"href":"https:\/\/wp.ufpel.edu.br\/artenosul\/wp-json\/wp\/v2\/media\/8451"}],"wp:attachment":[{"href":"https:\/\/wp.ufpel.edu.br\/artenosul\/wp-json\/wp\/v2\/media?parent=8448"}],"wp:term":[{"taxonomy":"category","embeddable":true,"href":"https:\/\/wp.ufpel.edu.br\/artenosul\/wp-json\/wp\/v2\/categories?post=8448"},{"taxonomy":"post_tag","embeddable":true,"href":"https:\/\/wp.ufpel.edu.br\/artenosul\/wp-json\/wp\/v2\/tags?post=8448"}],"curies":[{"name":"wp","href":"https:\/\/api.w.org\/{rel}","templated":true}]}}