{"id":8417,"date":"2019-10-14T11:53:14","date_gmt":"2019-10-14T14:53:14","guid":{"rendered":"https:\/\/wp.ufpel.edu.br\/artenosul\/?p=8417"},"modified":"2019-10-14T11:55:25","modified_gmt":"2019-10-14T14:55:25","slug":"olho-de-sogra-nova-maneira-de-ver-pelotas","status":"publish","type":"post","link":"https:\/\/wp.ufpel.edu.br\/artenosul\/2019\/10\/14\/olho-de-sogra-nova-maneira-de-ver-pelotas\/","title":{"rendered":"Olho de Sogra: nova maneira de ver Pelotas"},"content":{"rendered":"<div id=\"attachment_8420\" style=\"width: 375px\" class=\"wp-caption alignright\"><img loading=\"lazy\" decoding=\"async\" aria-describedby=\"caption-attachment-8420\" class=\"wp-image-8420 size-medium\" src=\"https:\/\/wp.ufpel.edu.br\/artenosul\/files\/2019\/10\/5-375x500.jpg\" alt=\"\" width=\"375\" height=\"500\" srcset=\"https:\/\/wp.ufpel.edu.br\/artenosul\/files\/2019\/10\/5-375x500.jpg 375w, https:\/\/wp.ufpel.edu.br\/artenosul\/files\/2019\/10\/5-225x300.jpg 225w, https:\/\/wp.ufpel.edu.br\/artenosul\/files\/2019\/10\/5.jpg 720w\" sizes=\"auto, (max-width: 375px) 100vw, 375px\" \/><p id=\"caption-attachment-8420\" class=\"wp-caption-text\"><span style=\"color: #0000ff\"><strong>Projeto estimula novas percep\u00e7\u00f5es da cultura regional\u00a0 \u00a0 Foto: Divulga\u00e7\u00e3o<\/strong><\/span><\/p><\/div>\n<p style=\"text-align: right\"><span style=\"color: #0000ff\"><strong><span style=\"font-size: 14pt\">Por Carolina Hackbart Batista<\/span><\/strong><\/span><\/p>\n<p style=\"text-align: justify\"><span style=\"font-size: 14pt\">Pelotas \u00e9 uma cidade historicamente conhecida pela sua tradi\u00e7\u00e3o doceira e <\/span><span style=\"font-size: 14pt\">arquitetura \u00fanica, conservando partes importantes das ra\u00edzes as quais comp\u00f5em o munic\u00edpio. Por\u00e9m, para alguns, o acesso ao Centro Hist\u00f3rico e a cultura n\u00e3o \u00e9 t\u00e3o facilitado, essa \u00e9 a realidade de quem tem defici\u00eancia visual, ou pelo menos, era assim at\u00e9 a cria\u00e7\u00e3o do Encontro Olho de Sogra.<\/span><\/p>\n<p style=\"text-align: justify\"><span style=\"font-size: 14pt\">O evento Olho de Sogra foi Criado e idealizado por Leandro Pereira, estudante do oitavo semestre de Museologia da Universidade Federal de Pelotas (UFPel), e surgiu justamente com a ideia de proporcionar a esse p\u00fablico uma imers\u00e3o cultural. Segundo o pr\u00f3prio criador, essa vontade de levar conhecimento para aqueles que n\u00e3o enxergam ou enxergam pouco, surgiu logo ap\u00f3s uma visita \u00e0 Serra Ga\u00facha, onde Leandro, tamb\u00e9m deficiente visual, sentiu a necessidade de um aux\u00edlio para que pudesse aproveitar melhor o passeio, tanto quanto os demais.<\/span><\/p>\n<p style=\"text-align: justify\"><span style=\"font-size: 14pt\">\u201cEssa ideia eu tive depois de uma experi\u00eancia, em 2015, quando eu participei de um encontro, para pessoas com defici\u00eancia visual, como eu. Ent\u00e3o tinha l\u00e1 pessoas cegas, pessoas com baixa vis\u00e3o e, durante os passeios que aconteciam na Serra, que \u00e9 um lugar superlegal de conhecer, tem toda uma cultura bacana, s\u00f3 que n\u00e3o tinha acessibilidade. E a\u00ed, eu senti a necessidade de saber como eram os lugares visitados, porque, depois que eu voltei dessa viagem, eu n\u00e3o sabia dizer para as pessoas, para os meus amigos, para os meus parentes, como eram os lugares que eu tinha visitado. E a\u00ed eu me deparei com essa necessidade, de poder proporcionar pra quem n\u00e3o v\u00ea, informa\u00e7\u00f5es que possibilitem que ela conte para outras pessoas, como foi o lugar visitado,\u201d relata.<\/span><\/p>\n<p style=\"text-align: justify\"><span style=\"font-size: 14pt\">Assim, nasceu o Encontro Olho de Sogra que \u00e9 um evento anual que proporciona uma experi\u00eancia tur\u00edstica e cultural para pessoas com defici\u00eancia visual, contando com recursos de audiodescri\u00e7\u00e3o e a percep\u00e7\u00e3o t\u00e1til, voltados para a percep\u00e7\u00e3o e aproxima\u00e7\u00e3o das pessoas com defici\u00eancia visual \u00e0 cultura pelotense. Permite que as pessoas conhe\u00e7am a hist\u00f3ria do local e detalhes que, at\u00e9 mesmo para aqueles que t\u00eam plena vis\u00e3o, por vezes, passam despercebidos. Al\u00e9m disso, a estrutura foi pensada visando uma visita\u00e7\u00e3o plena, por isso, para cada deficiente visual, tem um membro volunt\u00e1rio que o acompanha e o ajuda na compreens\u00e3o dos pontos tur\u00edsticos.<\/span><\/p>\n<p style=\"text-align: justify\"><span style=\"font-size: 14pt\">Em 2017, ocorreu o primeiro encontro, sendo como um teste de aprimoramento. Foi atrav\u00e9s dessa primeira atividade que se percebeu o que poderia ser melhor ajustado e quais ideias poderiam ser agregadas. Na primeira realiza\u00e7\u00e3o do Olho de Sogra, houve dez participantes. Na \u00faltima edi\u00e7\u00e3o do evento, que ocorreu neste ano, aumentou para 15 participantes. Parece n\u00e3o ser um n\u00famero muito expressivo, por\u00e9m considerando mais a equipe de realiza\u00e7\u00e3o mais os volunt\u00e1rios, esse n\u00famero dobra. O n\u00famero de 30 pessoas \u00e9 bom para que ocorra um bom atendimento por parte dos restaurantes e museus.<\/span><\/p>\n<p style=\"text-align: justify\"><span style=\"font-size: 14pt\">Essa atividade proporcionada pelo encontro \u00e9 de uma import\u00e2ncia inestim\u00e1vel, levando em conta a pesquisa nacional de Sa\u00fade realizada pelo IBGE, em 2013, em que foi constatado que o n\u00famero de pessoas com defici\u00eancia visual, que apresentam grande dificuldade ou n\u00e3o enxergam, representava 3,6% da popula\u00e7\u00e3o brasileira. Apesar dos n\u00fameros, o acesso \u00e0 cultura, por parte do p\u00fablico deficiente visual, ainda carece de aten\u00e7\u00e3o e pol\u00edticas p\u00fablicas. Eventos como esse visam a aproxima\u00e7\u00e3o e acabam por cativar aqueles que participam. Esse p\u00fablico sai entusiasmado ao voltar para as suas cidades e contar cada detalhe, como \u00e9 o Centro Hist\u00f3rico, por exemplo, como \u00e9 um museu. <\/span><\/p>\n<p style=\"text-align: justify\"><span style=\"font-size: 14pt\">Para Leandro, os relatos de quem participa do encontro s\u00e3o gratificantes, e a <\/span><span style=\"font-size: 14pt\">recompensa vem ap\u00f3s as visitas, citando o depoimento de um visitante da terceira edi\u00e7\u00e3o do evento (em 2018), que p\u00f4de conhecer melhor a Catedral Metropolitana de S\u00e3o Francisco de Paula, \u201cUm dos participantes j\u00e1 tinha visitado v\u00e1rias vezes a igreja, mas ele comentou que foi nessa visita pelo encontro Olho de Sogra que ele ficou sabendo que tem uma pintura numa das torres da igreja que representa S\u00e3o Jo\u00e3o Batista com um cordeiro aos seus p\u00e9s. E ele, por gostar muito desse Santo, ficou muito encantado e feliz em saber que tinha aquela representa\u00e7\u00e3o atrav\u00e9s de<\/span><br \/>\n<span style=\"font-size: 14pt\">uma pintura Sacra, que nunca ningu\u00e9m tinha falado pra ele. Ent\u00e3o s\u00e3o pequenos detalhes e revela\u00e7\u00f5es que o encontro propicia para os participantes.\u201d<\/span><\/p>\n<p style=\"text-align: justify\"><span style=\"font-size: 14pt\">O evento tem p\u00e1gina no <a href=\"https:\/\/www.facebook.com\/encontroolhodesogra\/\" target=\"_blank\" rel=\"noopener noreferrer\">Facebook<\/a>, onde s\u00e3o publicadas todas as atualiza\u00e7\u00f5es sobre o Encontro Olho de Sogra, tamb\u00e9m \u00e9 pela p\u00e1gina que o p\u00fablico tem acesso ao agendamento de visitas e as datas nas quais ocorrer\u00e3o os eventos. O pr\u00f3ximo ser\u00e1 s\u00f3 em setembro de 2020, mas o p\u00fablico j\u00e1 pode acessar as informa\u00e7\u00f5es disponibilizadas na p\u00e1gina.<\/span><\/p>\n<p><a href=\"http:\/\/wp.ufpel.edu.br\/artenosul\"><span style=\"color: #0000ff;font-size: 14pt\"><strong>PRIMEIRA P\u00c1GINA<\/strong><\/span><\/a><\/p>\n<p><span style=\"color: #0000ff;font-size: 14pt\"><strong>COMENT\u00c1RIOS<\/strong><\/span><\/p>\n<div data-test='contact-form'\n\t\t\tid='contact-form-8417'\n\t\t\tclass='wp-block-jetpack-contact-form-container '\n\t\t\tdata-wp-interactive='jetpack\/form' data-wp-context='{\"formId\":\"8417\",\"formHash\":\"7fdcd5fa306bedd992fd47d1d25b61d4e0eafac4\",\"showErrors\":false,\"errors\":[],\"fields\":[],\"isMultiStep\":false,\"useAjax\":true,\"submissionData\":null,\"formattedSubmissionData\":[],\"submissionSuccess\":false,\"submissionError\":null,\"elementId\":\"jp-form-7fdcd5fa306bedd992fd47d1d25b61d4e0eafac4\",\"isSingleInputForm\":false}'\n\t\t\tdata-wp-watch--scroll-to-wrapper=\"callbacks.scrollToWrapper\"\n\t\t>\n<div class=\"contact-form-submission contact-form-ajax-submission\" data-wp-class--submission-success=\"context.submissionSuccess\"><p class=\"go-back-message\"><a class=\"link\" role=\"button\" tabindex=\"0\" data-wp-on--click=\"actions.goBack\" href=\"\/artenosul\/wp-json\/wp\/v2\/posts\/8417\">Voltar<\/a><\/p><h4 id=\"contact-form-success-header\">Sua mensagem foi enviada<\/h4>\n\n<template data-wp-each--submission=\"context.formattedSubmissionData\">\n\t\t\t\t\t<div class=\"jetpack_forms_contact-form-success-summary\">\n\t\t\t\t\t\t<div class=\"field-name\" data-wp-text=\"context.submission.label\" data-wp-bind--hidden=\"!context.submission.label\"><\/div>\n\t\t\t\t\t\t<div class=\"field-value\" data-wp-text=\"context.submission.value\"><\/div>\n\t\t\t\t\t\t<div class=\"field-images\" data-wp-bind--hidden=\"!context.submission.images\">\n\t\t\t\t\t\t\t<template data-wp-each--image=\"context.submission.images\">\n\t\t\t\t\t\t\t\t<figure class=\"field-image\" data-wp-class--is-empty=\"!context.image\">\n\t\t\t\t\t\t\t\t\t<img data-wp-bind--src=\"context.image\" data-wp-bind--hidden=\"!context.image\" \/>\n\t\t\t\t\t\t\t\t\t<img decoding=\"async\" src=\"data:image\/gif;base64,R0lGODlhAQABAAD\/ACwAAAAAAQABAAACADs=\" data-wp-bind--hidden=\"context.image\" \/>\n\t\t\t\t\t\t\t\t<\/figure>\n\t\t\t\t\t\t\t<\/template>\n\t\t\t\t\t\t<\/div>\n\t\t\t\t\t<\/div>\n\t\t\t\t<\/template><\/div><form action='https:\/\/wp.ufpel.edu.br\/artenosul\/2019\/10\/14\/olho-de-sogra-nova-maneira-de-ver-pelotas\/'\n\t\t\t\tid='jp-form-7fdcd5fa306bedd992fd47d1d25b61d4e0eafac4'\n\t\t\t\tmethod='post'\n\t\t\t\tclass='contact-form commentsblock' aria-label=\"Olho de Sogra: nova maneira de ver Pelotas\"\n\t\t\t\tdata-wp-on--submit=\"actions.onFormSubmit\"\n\t\t\t\tdata-wp-on--reset=\"actions.onFormReset\"\n\t\t\t\tdata-wp-class--submission-success=\"context.submissionSuccess\"\n\t\t\t\tdata-wp-class--is-first-step=\"state.isFirstStep\"\n\t\t\t\tdata-wp-class--is-last-step=\"state.isLastStep\"\n\t\t\t\tdata-wp-class--is-ajax-form=\"context.useAjax\"\n\t\t\t\tnovalidate >\n<input type='hidden' name='jetpack_contact_form_jwt' value='eyJ0eXAiOiJKV1QiLCJhbGciOiJIUzI1NiJ9.eyJlbmNyeXB0ZWRfYXR0cmlidXRlcyI6IlR2TVd5VzFRMk4yL2gyMGp0VEpYcGlUdzZSRm1SK1ZmV3ZkZnJJWWhWeC83QmlWNzd3ZytPYXNQcU9pdnZGQ0NUWUl5OU9FMW1HREIzMDgycW1tSUtaQ2xvVDMvMDZTMTNTc2tCOWc1OVZ6UkxLNTZUb2ZYS2J2WXdGN2RmNlRxTVFkNy9ZTFpTNEdnSVByMHZJOGF1NG1kNCsxNDMrdVdnSk1OeE1OTElkNHlhQlNZVHphbHgxNnlBcmRmcXM1RFdZMWRPN0krbmNUclNnOUtXSXdPRUJRWVZDQllobXpTa3RBOXR5UTI5K1VML08xcXVselIvMGNRZXNXK3BJYkNtdlpYV0RzWnVzUkZLRktnd3lHNGMzNHd2QUN6dVNkZU1pSDhYVVczT0FtVE1ZTXdtN3FUeXQrb1c4WjQzaGZQNllnYnNXQ3A3Mm9Tc2htd0NDcW5nSlhIc1kreDlJV0tXcXBzQUUybU1YQWYxUm1xa2pHOG9pV1I5ZHU5NVlJT3dsZ3J1YWJ4UnZNbTdCRWU3bEVEQTNJMy9lbk5pa3hEMCtuQWpSMkU3UnJkRGtaUHFoZmpmTlg2aHVIcDd1dGhwNngzRFZCcC9kSE5EbnpwQ0svckJNVzAxMTBxUUplYVo0azVPaTNvN1ZOajV0UEkvWE5PNTFtZUpvNjhmQ0pqZEs2WFZCc2lTY2pucTVUMGowU0MxTUNaelBWMDBpMXNkcFBiMm5mTkNaSTJsNlAray9sblZPOFY1VW93Y0xPL0dkTFUwZHU5d1E5bDQrVk51dHVFaGphMWpEZEd0UVJqeVNrRVRZdGxQSHBzVmJGU3dvS0N0UDF2TVBZd3ZBUHN1VVZ0VWd3bzd5VmFTU0k3c2NNUnNxalROMld3ZE5EZlJBMWhacWNzdEFLK0s2Q0p3OEhsWFJvOVN3aEx0dWxQK1YyUXFBeDhmV1R3bUhZUllJRVdtWk9xdUN4cTdQZEp6SFhFdHNUTWxIK0pxVGt3aHlXSDAvdHd3THhBVGowZUYzZyszRzVFNE1McExHMUJyd05YYnREYjlwaDNIcFVTeksvTGxuS2RjVVFjSHhZaGZ4Q2d3MFA3Q044TWdSTTNxN3hjWGRlU20rTmhHN0NpT1VtMEZFa2drakZsRXFQazd0RjBIMlpNdlRvQWpzMjg1SHdiRFEyd1BMV2hJVXUvNWlTQVd5N2huZFVNQzlUd2N6eHowRzNtIiwiY29udGVudCI6Iltjb250YWN0LWZpZWxkIGxhYmVsPVwiTm9tZVwiIHR5cGU9XCJuYW1lXCJdW2NvbnRhY3QtZmllbGQgbGFiZWw9XCJFLW1haWxcIiB0eXBlPVwiZW1haWxcIl1bY29udGFjdC1maWVsZCBsYWJlbD1cIk1lbnNhZ2VtXCIgdHlwZT1cInRleHRhcmVhXCJdIiwiaGFzaCI6IjdmZGNkNWZhMzA2YmVkZDk5MmZkNDdkMWQyNWI2MWQ0ZTBlYWZhYzQiLCJzb3VyY2UiOnsiZW50cnlfdGl0bGUiOiJPbGhvIGRlIFNvZ3JhOiBub3ZhIG1hbmVpcmEgZGUgdmVyIFBlbG90YXMiLCJlbnRyeV9wYWdlIjoxLCJzb3VyY2VfaWQiOjg0MTcsInNvdXJjZV90eXBlIjoic2luZ2xlIiwicmVxdWVzdF91cmwiOiJodHRwczovL3dwLnVmcGVsLmVkdS5ici9hcnRlbm9zdWwvd3AtanNvbi93cC92Mi9wb3N0cy84NDE3In0sInZlcnNpb24iOjIsImNpcGhlciI6ImFlcy0yNTYtZ2NtIn0.d9n4wZQfu607TMhuUMeuBoF0sstWO6xLUmzJgu2xSiY' \/>\n\n<div style=\"\"  data-wp-interactive=\"jetpack\/form\" data-wp-context='{\"fieldId\":\"g8417-nome\",\"fieldType\":\"name\",\"fieldLabel\":\"Nome\",\"fieldValue\":\"\",\"fieldPlaceholder\":\"\",\"fieldIsRequired\":\"\",\"fieldErrorMessage\":\"\",\"fieldExtra\":[],\"formHash\":\"7fdcd5fa306bedd992fd47d1d25b61d4e0eafac4\"}'  class='grunion-field-name-wrap grunion-field-wrap'  data-wp-init='callbacks.initializeField' data-wp-on--jetpack-form-reset='callbacks.initializeField' >\n<label\n\t\t\t\tfor='g8417-nome' class=\"grunion-field-label name\" >Nome<\/label>\n<input\n\t\t\t\t\ttype='text'\n\t\t\t\t\tname='g8417-nome'\n\t\t\t\t\tid='g8417-nome'\n\t\t\t\t\tvalue=''\n\n\t\t\t\t\tdata-wp-bind--aria-invalid='state.fieldHasErrors'\n\t\t\t\t\tdata-wp-bind--value='state.getFieldValue'\n\t\t\t\t\taria-errormessage='g8417-nome-text-error-message'\n\t\t\t\t\tdata-wp-on--input='actions.onFieldChange'\n\t\t\t\t\tdata-wp-on--blur='actions.onFieldBlur'\n\t\t\t\t\tdata-wp-class--has-value='state.hasFieldValue'\n\n\t\t\t\t\tclass='name  grunion-field' \n\t\t\t\t\t \/>\n \n\t\t\t<div id=\"g8417-nome-text-error\" class=\"contact-form__input-error\" data-wp-class--has-errors=\"state.fieldHasErrors\">\n\t\t\t\t<span class=\"contact-form__warning-icon\">\n\t\t\t\t\t<svg width=\"16\" height=\"16\" viewBox=\"0 0 16 16\" fill=\"none\" xmlns=\"http:\/\/www.w3.org\/2000\/svg\">\n\t\t\t\t\t\t<path d=\"M8.50015 11.6402H7.50015V10.6402H8.50015V11.6402Z\" \/>\n\t\t\t\t\t\t<path d=\"M7.50015 9.64018H8.50015V6.30684H7.50015V9.64018Z\" \/>\n\t\t\t\t\t\t<path fill-rule=\"evenodd\" clip-rule=\"evenodd\" d=\"M6.98331 3.0947C7.42933 2.30177 8.57096 2.30177 9.01698 3.09469L13.8771 11.7349C14.3145 12.5126 13.7525 13.4735 12.8602 13.4735H3.14004C2.24774 13.4735 1.68575 12.5126 2.12321 11.7349L6.98331 3.0947ZM8.14541 3.58496C8.08169 3.47168 7.9186 3.47168 7.85488 3.58496L2.99478 12.2251C2.93229 12.3362 3.01257 12.4735 3.14004 12.4735H12.8602C12.9877 12.4735 13.068 12.3362 13.0055 12.2251L8.14541 3.58496Z\" \/>\n\t\t\t\t\t<\/svg>\n\t\t\t\t\t<span class=\"visually-hidden\">Aviso<\/span>\n\t\t\t\t<\/span>\n\t\t\t\t<span data-wp-text=\"state.errorMessage\" id=\"g8417-nome-text-error-message\" role=\"alert\" aria-live=\"assertive\"><\/span>\n\t\t\t<\/div> \n\t<\/div>\n\n<div style=\"\"  data-wp-interactive=\"jetpack\/form\" data-wp-context='{\"fieldId\":\"g8417-email\",\"fieldType\":\"email\",\"fieldLabel\":\"E-mail\",\"fieldValue\":\"\",\"fieldPlaceholder\":\"\",\"fieldIsRequired\":\"\",\"fieldErrorMessage\":\"\",\"fieldExtra\":[],\"formHash\":\"7fdcd5fa306bedd992fd47d1d25b61d4e0eafac4\"}'  class='grunion-field-email-wrap grunion-field-wrap'  data-wp-init='callbacks.initializeField' data-wp-on--jetpack-form-reset='callbacks.initializeField' >\n<label\n\t\t\t\tfor='g8417-email' class=\"grunion-field-label email\" >E-mail<\/label>\n<input\n\t\t\t\t\ttype='email'\n\t\t\t\t\tname='g8417-email'\n\t\t\t\t\tid='g8417-email'\n\t\t\t\t\tvalue=''\n\n\t\t\t\t\tdata-wp-bind--aria-invalid='state.fieldHasErrors'\n\t\t\t\t\tdata-wp-bind--value='state.getFieldValue'\n\t\t\t\t\taria-errormessage='g8417-email-email-error-message'\n\t\t\t\t\tdata-wp-on--input='actions.onFieldChange'\n\t\t\t\t\tdata-wp-on--blur='actions.onFieldBlur'\n\t\t\t\t\tdata-wp-class--has-value='state.hasFieldValue'\n\n\t\t\t\t\tclass='email  grunion-field' \n\t\t\t\t\t \/>\n \n\t\t\t<div id=\"g8417-email-email-error\" class=\"contact-form__input-error\" data-wp-class--has-errors=\"state.fieldHasErrors\">\n\t\t\t\t<span class=\"contact-form__warning-icon\">\n\t\t\t\t\t<svg width=\"16\" height=\"16\" viewBox=\"0 0 16 16\" fill=\"none\" xmlns=\"http:\/\/www.w3.org\/2000\/svg\">\n\t\t\t\t\t\t<path d=\"M8.50015 11.6402H7.50015V10.6402H8.50015V11.6402Z\" \/>\n\t\t\t\t\t\t<path d=\"M7.50015 9.64018H8.50015V6.30684H7.50015V9.64018Z\" \/>\n\t\t\t\t\t\t<path fill-rule=\"evenodd\" clip-rule=\"evenodd\" d=\"M6.98331 3.0947C7.42933 2.30177 8.57096 2.30177 9.01698 3.09469L13.8771 11.7349C14.3145 12.5126 13.7525 13.4735 12.8602 13.4735H3.14004C2.24774 13.4735 1.68575 12.5126 2.12321 11.7349L6.98331 3.0947ZM8.14541 3.58496C8.08169 3.47168 7.9186 3.47168 7.85488 3.58496L2.99478 12.2251C2.93229 12.3362 3.01257 12.4735 3.14004 12.4735H12.8602C12.9877 12.4735 13.068 12.3362 13.0055 12.2251L8.14541 3.58496Z\" \/>\n\t\t\t\t\t<\/svg>\n\t\t\t\t\t<span class=\"visually-hidden\">Aviso<\/span>\n\t\t\t\t<\/span>\n\t\t\t\t<span data-wp-text=\"state.errorMessage\" id=\"g8417-email-email-error-message\" role=\"alert\" aria-live=\"assertive\"><\/span>\n\t\t\t<\/div> \n\t<\/div>\n\n<div style=\"\"  data-wp-interactive=\"jetpack\/form\" data-wp-context='{\"fieldId\":\"g8417-mensagem\",\"fieldType\":\"textarea\",\"fieldLabel\":\"Mensagem\",\"fieldValue\":\"\",\"fieldPlaceholder\":\"\",\"fieldIsRequired\":\"\",\"fieldErrorMessage\":\"\",\"fieldExtra\":[],\"formHash\":\"7fdcd5fa306bedd992fd47d1d25b61d4e0eafac4\"}'  class='grunion-field-textarea-wrap grunion-field-wrap'  data-wp-init='callbacks.initializeField' data-wp-on--jetpack-form-reset='callbacks.initializeField' >\n<label\n\t\t\t\tfor='contact-form-comment-g8417-mensagem' class=\"grunion-field-label textarea\" >Mensagem<\/label>\n<textarea\n\t\t                style=''\n\t\t                name='g8417-mensagem'\n\t\t                id='contact-form-comment-g8417-mensagem'\n\t\t                rows='20'\n\t\t\t\t\t\tdata-wp-text='state.getFieldValue'\n\t\t\t\t\t\tdata-wp-on--input='actions.onFieldChange'\n\t\t\t\t\t\tdata-wp-on--blur='actions.onFieldBlur'\n\t\t\t\t\t\tdata-wp-class--has-value='state.hasFieldValue'\n\t\t\t\t\t\tdata-wp-bind--aria-invalid='state.fieldHasErrors'\n\t\t\t\t\t\taria-errormessage='g8417-mensagem-textarea-error-message'\n\t\t\t\t\t\tclass='textarea  grunion-field'  ><\/textarea>\n \n\t\t\t<div id=\"g8417-mensagem-textarea-error\" class=\"contact-form__input-error\" data-wp-class--has-errors=\"state.fieldHasErrors\">\n\t\t\t\t<span class=\"contact-form__warning-icon\">\n\t\t\t\t\t<svg width=\"16\" height=\"16\" viewBox=\"0 0 16 16\" fill=\"none\" xmlns=\"http:\/\/www.w3.org\/2000\/svg\">\n\t\t\t\t\t\t<path d=\"M8.50015 11.6402H7.50015V10.6402H8.50015V11.6402Z\" \/>\n\t\t\t\t\t\t<path d=\"M7.50015 9.64018H8.50015V6.30684H7.50015V9.64018Z\" \/>\n\t\t\t\t\t\t<path fill-rule=\"evenodd\" clip-rule=\"evenodd\" d=\"M6.98331 3.0947C7.42933 2.30177 8.57096 2.30177 9.01698 3.09469L13.8771 11.7349C14.3145 12.5126 13.7525 13.4735 12.8602 13.4735H3.14004C2.24774 13.4735 1.68575 12.5126 2.12321 11.7349L6.98331 3.0947ZM8.14541 3.58496C8.08169 3.47168 7.9186 3.47168 7.85488 3.58496L2.99478 12.2251C2.93229 12.3362 3.01257 12.4735 3.14004 12.4735H12.8602C12.9877 12.4735 13.068 12.3362 13.0055 12.2251L8.14541 3.58496Z\" \/>\n\t\t\t\t\t<\/svg>\n\t\t\t\t\t<span class=\"visually-hidden\">Aviso<\/span>\n\t\t\t\t<\/span>\n\t\t\t\t<span data-wp-text=\"state.errorMessage\" id=\"g8417-mensagem-textarea-error-message\" role=\"alert\" aria-live=\"assertive\"><\/span>\n\t\t\t<\/div>\n\t<\/div>\n\t<p class='contact-submit'>\n<div class=\"contact-form__error\" data-wp-class--show-errors=\"state.showFormErrors\"><span class=\"contact-form__warning-icon\"><span class=\"visually-hidden\">Aten\u00e7\u00e3o.<\/span><i aria-hidden=\"true\"><\/i><\/span>\n\t\t\t\t<span data-wp-text=\"state.getFormErrorMessage\"><\/span>\n\t\t\t\t<ul>\n\t\t\t\t<template data-wp-each=\"state.getErrorList\" data-wp-key=\"context.item.id\">\n\t\t\t\t\t<li><a data-wp-bind--href=\"context.item.anchor\" data-wp-on--click=\"actions.scrollIntoView\" data-wp-text=\"context.item.label\"><\/a><\/li>\n\t\t\t\t<\/template>\n\t\t\t\t<\/ul><\/div><div class=\"contact-form__error\" data-wp-class--show-errors=\"state.showSubmissionError\" data-wp-text=\"context.submissionError\"><\/div>\t\t<button type='submit' class='pushbutton-wide'>Enviar<\/button>\t\t<input type='hidden' name='contact-form-id' value='8417' \/>\n\t\t<input type='hidden' name='action' value='grunion-contact-form' \/>\n\t\t<input type='hidden' name='contact-form-hash' value='7fdcd5fa306bedd992fd47d1d25b61d4e0eafac4' \/>\n\t<\/p>\n<p style=\"display: none !important;\" class=\"akismet-fields-container\" data-prefix=\"ak_\"><label>&#916;<textarea name=\"ak_hp_textarea\" cols=\"45\" rows=\"8\" maxlength=\"100\"><\/textarea><\/label><input type=\"hidden\" id=\"ak_js_1\" name=\"ak_js\" value=\"227\"\/><script>document.getElementById( \"ak_js_1\" ).setAttribute( \"value\", ( new Date() ).getTime() );<\/script><\/p><\/form>\n<\/div>\n","protected":false},"excerpt":{"rendered":"<p>Por Carolina Hackbart Batista Pelotas \u00e9 uma cidade historicamente conhecida pela sua tradi\u00e7\u00e3o doceira e arquitetura \u00fanica, conservando partes importantes das ra\u00edzes as quais comp\u00f5em o munic\u00edpio. Por\u00e9m, para alguns, o acesso ao Centro Hist\u00f3rico e a cultura n\u00e3o \u00e9 t\u00e3o facilitado, essa \u00e9 a realidade de quem tem defici\u00eancia visual, ou pelo menos, era &hellip; <\/p>\n<p><a class=\"more-link btn\" href=\"https:\/\/wp.ufpel.edu.br\/artenosul\/2019\/10\/14\/olho-de-sogra-nova-maneira-de-ver-pelotas\/\">Continue lendo<\/a><\/p>\n","protected":false},"author":571,"featured_media":8420,"comment_status":"closed","ping_status":"closed","sticky":false,"template":"","format":"standard","meta":{"jetpack_post_was_ever_published":false,"_jetpack_newsletter_access":"","_jetpack_dont_email_post_to_subs":false,"_jetpack_newsletter_tier_id":0,"_jetpack_memberships_contains_paywalled_content":false,"_jetpack_memberships_contains_paid_content":false,"footnotes":"","jetpack_publicize_message":"","jetpack_publicize_feature_enabled":true,"jetpack_social_post_already_shared":true,"jetpack_social_options":{"image_generator_settings":{"template":"highway","default_image_id":0,"font":"","enabled":false},"version":2}},"categories":[88,1],"tags":[941,940],"class_list":["post-8417","post","type-post","status-publish","format-standard","has-post-thumbnail","hentry","category-comunidade","category-noticias","tag-audiodescricao","tag-encontro-olho-de-sogra","nodate","item-wrap"],"jetpack_publicize_connections":[],"jetpack_featured_media_url":"https:\/\/wp.ufpel.edu.br\/artenosul\/files\/2019\/10\/5.jpg","jetpack_sharing_enabled":true,"jetpack_likes_enabled":true,"jetpack_shortlink":"https:\/\/wp.me\/p6PuxQ-2bL","jetpack-related-posts":[{"id":26387,"url":"https:\/\/wp.ufpel.edu.br\/artenosul\/2024\/02\/25\/orgulho-e-tradicao-a-historia-e-origem-das-famosas-iguarias-de-pelotas\/","url_meta":{"origin":8417,"position":0},"title":"Orgulho e tradi\u00e7\u00e3o: a hist\u00f3ria e origem das famosas iguarias de Pelotas","author":"artenosul","date":"25 de fevereiro de 2024","format":false,"excerpt":"Considerada a Capital Nacional do Doce, cidade conta com uma rua voltada especialmente para o com\u00e9rcio das quitutes tradicionais\u00a0 \u00a0 \u00a0\u00a0 Por Gabriel Medeiros\u00a0 \u00a0 \u00a0 \u00a0 \u00a0 Quem passa em torno do Chafariz, localizado no cal\u00e7ad\u00e3o da cidade de Pelotas se depara com uma imensa formiga de ferro da\u2026","rel":"","context":"Em &quot;COMUNIDADE&quot;","block_context":{"text":"COMUNIDADE","link":"https:\/\/wp.ufpel.edu.br\/artenosul\/category\/comunidade\/"},"img":{"alt_text":"","src":"https:\/\/i0.wp.com\/wp.ufpel.edu.br\/artenosul\/files\/2024\/02\/Imagem1-2.jpg?resize=350%2C200&ssl=1","width":350,"height":200,"srcset":"https:\/\/i0.wp.com\/wp.ufpel.edu.br\/artenosul\/files\/2024\/02\/Imagem1-2.jpg?resize=350%2C200&ssl=1 1x, https:\/\/i0.wp.com\/wp.ufpel.edu.br\/artenosul\/files\/2024\/02\/Imagem1-2.jpg?resize=525%2C300&ssl=1 1.5x"},"classes":[]},{"id":10717,"url":"https:\/\/wp.ufpel.edu.br\/artenosul\/2022\/05\/10\/fenadoce-2022-o-retorno-perspectivas-e-programacao\/","url_meta":{"origin":8417,"position":1},"title":"\u201cFenadoce\u00a0 2022, o retorno\u201d: perspectivas e programa\u00e7\u00e3o","author":"artenosul","date":"10 de maio de 2022","format":false,"excerpt":"Por Ronaldo Luis\u00a0\u00a0\u00a0\u00a0 \u201cDoces (re)encontros\u201d \u00e9 o tema da 28\u00aa edi\u00e7\u00e3o da Feira Nacional que ocorre de 3 a 19 de junho \u00a0 Ap\u00f3s adiamento por dois anos consecutivos, em raz\u00e3o da pandemia, a Feira Nacional do Doce (Fenadoce), ter\u00e1 sua 28\u00aa edi\u00e7\u00e3o entre os dias 3 e 19 de\u2026","rel":"","context":"Em &quot;COMUNIDADE&quot;","block_context":{"text":"COMUNIDADE","link":"https:\/\/wp.ufpel.edu.br\/artenosul\/category\/comunidade\/"},"img":{"alt_text":"","src":"https:\/\/i0.wp.com\/wp.ufpel.edu.br\/artenosul\/files\/2022\/05\/Imagem13.jpg?resize=350%2C200&ssl=1","width":350,"height":200},"classes":[]},{"id":13265,"url":"https:\/\/wp.ufpel.edu.br\/artenosul\/2023\/02\/16\/rio-grande-volta-a-contar-com-sua-corte-de-carnaval-apos-tres-anos\/","url_meta":{"origin":8417,"position":2},"title":"Rio Grande volta a contar com sua Corte de Carnaval\u00a0ap\u00f3s tr\u00eas anos","author":"artenosul","date":"16 de fevereiro de 2023","format":false,"excerpt":"Pela primeira vez o munic\u00edpio tem uma Soberana da Diversidade e hoje ocorre a abertura oficial das festas momescas na cidade\u00a0 \u00a0 \u00a0 \u00a0 \u00a0 Por Daniel Costa\u00a0 \u00a0 \u00a0 \u00a0 \u00a0 \u00a0 \u00a0 O Carnaval representa uma das maiores festividades do Brasil e \u00e9 marcada pelo tradicional clima de\u2026","rel":"","context":"Em &quot;COMUNIDADE&quot;","block_context":{"text":"COMUNIDADE","link":"https:\/\/wp.ufpel.edu.br\/artenosul\/category\/comunidade\/"},"img":{"alt_text":"","src":"https:\/\/i0.wp.com\/wp.ufpel.edu.br\/artenosul\/files\/2023\/02\/MG_2347-scaled.jpg?resize=350%2C200&ssl=1","width":350,"height":200,"srcset":"https:\/\/i0.wp.com\/wp.ufpel.edu.br\/artenosul\/files\/2023\/02\/MG_2347-scaled.jpg?resize=350%2C200&ssl=1 1x, https:\/\/i0.wp.com\/wp.ufpel.edu.br\/artenosul\/files\/2023\/02\/MG_2347-scaled.jpg?resize=525%2C300&ssl=1 1.5x, https:\/\/i0.wp.com\/wp.ufpel.edu.br\/artenosul\/files\/2023\/02\/MG_2347-scaled.jpg?resize=700%2C400&ssl=1 2x, https:\/\/i0.wp.com\/wp.ufpel.edu.br\/artenosul\/files\/2023\/02\/MG_2347-scaled.jpg?resize=1050%2C600&ssl=1 3x, https:\/\/i0.wp.com\/wp.ufpel.edu.br\/artenosul\/files\/2023\/02\/MG_2347-scaled.jpg?resize=1400%2C800&ssl=1 4x"},"classes":[]},{"id":12690,"url":"https:\/\/wp.ufpel.edu.br\/artenosul\/2022\/09\/26\/1a-congeek-reune-artistas-cosplayers-e-fas-do-mundo-nerd\/","url_meta":{"origin":8417,"position":3},"title":"1\u00aa ConGeek re\u00fane artistas, cosplayers e f\u00e3s do mundo nerd","author":"artenosul","date":"26 de setembro de 2022","format":false,"excerpt":"Evento em Pelotas contou com apresenta\u00e7\u00f5es musicais e de dan\u00e7a, campeonato de cosplay e estandes com produtos relacionados ao mundo geek\u00a0\u00a0\u00a0 \u00a0 Por Ana Beatriz Garrafiel\u00a0\u00a0\u00a0\u00a0 Durante toda a tarde do domingo, dia 18 de setembro, os f\u00e3s do mundo geek se reuniram no espa\u00e7o Casa Nostra Pinball, na regi\u00e3o\u2026","rel":"","context":"Em &quot;NOT\u00cdCIAS&quot;","block_context":{"text":"NOT\u00cdCIAS","link":"https:\/\/wp.ufpel.edu.br\/artenosul\/category\/noticias\/"},"img":{"alt_text":"","src":"https:\/\/i0.wp.com\/wp.ufpel.edu.br\/artenosul\/files\/2022\/09\/295489685_2024629834395927_1641142667696590846_nb.jpg?resize=350%2C200&ssl=1","width":350,"height":200},"classes":[]},{"id":13222,"url":"https:\/\/wp.ufpel.edu.br\/artenosul\/2022\/12\/13\/novos-habitos-colocam-em-questao-tradicao-doceira\/","url_meta":{"origin":8417,"position":4},"title":"Novos h\u00e1bitos colocam em quest\u00e3o tradi\u00e7\u00e3o doceira","author":"artenosul","date":"13 de dezembro de 2022","format":false,"excerpt":"Os doces de Pelotas s\u00e3o considerados parte do patrim\u00f4nio cultural imaterial da regi\u00e3o, mas tamb\u00e9m coexistem com tend\u00eancias globais\u00a0 \u00a0 \u00a0\u00a0 Por Isabella Barcellos\u00a0 \u00a0 \u00a0 \u00a0 \u00a0 \u00a0 A passagem do tempo transforma nossas vidas por completo, tanto no individual quanto no coletivo. Portanto, algumas grandes tradi\u00e7\u00f5es se transformam\u2026","rel":"","context":"Em &quot;COMUNIDADE&quot;","block_context":{"text":"COMUNIDADE","link":"https:\/\/wp.ufpel.edu.br\/artenosul\/category\/comunidade\/"},"img":{"alt_text":"","src":"https:\/\/i0.wp.com\/wp.ufpel.edu.br\/artenosul\/files\/2022\/12\/20221123_164100_exported_632-500x281.jpg?resize=350%2C200&ssl=1","width":350,"height":200,"srcset":"https:\/\/i0.wp.com\/wp.ufpel.edu.br\/artenosul\/files\/2022\/12\/20221123_164100_exported_632-500x281.jpg?resize=350%2C200&ssl=1 1x, https:\/\/i0.wp.com\/wp.ufpel.edu.br\/artenosul\/files\/2022\/12\/20221123_164100_exported_632-500x281.jpg?resize=525%2C300&ssl=1 1.5x, https:\/\/i0.wp.com\/wp.ufpel.edu.br\/artenosul\/files\/2022\/12\/20221123_164100_exported_632-500x281.jpg?resize=700%2C400&ssl=1 2x"},"classes":[]},{"id":26300,"url":"https:\/\/wp.ufpel.edu.br\/artenosul\/2024\/02\/05\/carnaval-do-cassino-recebe-bloco-inclusivo-voltado-para-pessoas-com-deficiencia\/","url_meta":{"origin":8417,"position":5},"title":"Carnaval do Cassino recebe bloco inclusivo voltado para pessoas com defici\u00eancia","author":"artenosul","date":"5 de fevereiro de 2024","format":false,"excerpt":"\u2018Os 100 Limites\u2019 \u00e9 o \u00fanico bloco carnavalesco do Brasil que tem como foco a inclus\u00e3o social de pessoas com limita\u00e7\u00f5es. Iniciativa destina arrecada\u00e7\u00e3o a institui\u00e7\u00f5es de apoio, e enfatiza a solidariedade no\u00a0 Carnaval do Extremo Sul do Estado\u00a0 \u00a0 \u00a0 \u00a0 \u00a0 \u00a0 \u00a0Por Juliana Pontes\u00a0 \u00a0 \u00a0 \u00a0\u2026","rel":"","context":"Em &quot;NOT\u00cdCIAS&quot;","block_context":{"text":"NOT\u00cdCIAS","link":"https:\/\/wp.ufpel.edu.br\/artenosul\/category\/noticias\/"},"img":{"alt_text":"","src":"https:\/\/i0.wp.com\/wp.ufpel.edu.br\/artenosul\/files\/2024\/02\/Imagem1.jpg?resize=350%2C200&ssl=1","width":350,"height":200,"srcset":"https:\/\/i0.wp.com\/wp.ufpel.edu.br\/artenosul\/files\/2024\/02\/Imagem1.jpg?resize=350%2C200&ssl=1 1x, https:\/\/i0.wp.com\/wp.ufpel.edu.br\/artenosul\/files\/2024\/02\/Imagem1.jpg?resize=525%2C300&ssl=1 1.5x, https:\/\/i0.wp.com\/wp.ufpel.edu.br\/artenosul\/files\/2024\/02\/Imagem1.jpg?resize=700%2C400&ssl=1 2x, https:\/\/i0.wp.com\/wp.ufpel.edu.br\/artenosul\/files\/2024\/02\/Imagem1.jpg?resize=1050%2C600&ssl=1 3x"},"classes":[]}],"_links":{"self":[{"href":"https:\/\/wp.ufpel.edu.br\/artenosul\/wp-json\/wp\/v2\/posts\/8417","targetHints":{"allow":["GET"]}}],"collection":[{"href":"https:\/\/wp.ufpel.edu.br\/artenosul\/wp-json\/wp\/v2\/posts"}],"about":[{"href":"https:\/\/wp.ufpel.edu.br\/artenosul\/wp-json\/wp\/v2\/types\/post"}],"author":[{"embeddable":true,"href":"https:\/\/wp.ufpel.edu.br\/artenosul\/wp-json\/wp\/v2\/users\/571"}],"replies":[{"embeddable":true,"href":"https:\/\/wp.ufpel.edu.br\/artenosul\/wp-json\/wp\/v2\/comments?post=8417"}],"version-history":[{"count":5,"href":"https:\/\/wp.ufpel.edu.br\/artenosul\/wp-json\/wp\/v2\/posts\/8417\/revisions"}],"predecessor-version":[{"id":8424,"href":"https:\/\/wp.ufpel.edu.br\/artenosul\/wp-json\/wp\/v2\/posts\/8417\/revisions\/8424"}],"wp:featuredmedia":[{"embeddable":true,"href":"https:\/\/wp.ufpel.edu.br\/artenosul\/wp-json\/wp\/v2\/media\/8420"}],"wp:attachment":[{"href":"https:\/\/wp.ufpel.edu.br\/artenosul\/wp-json\/wp\/v2\/media?parent=8417"}],"wp:term":[{"taxonomy":"category","embeddable":true,"href":"https:\/\/wp.ufpel.edu.br\/artenosul\/wp-json\/wp\/v2\/categories?post=8417"},{"taxonomy":"post_tag","embeddable":true,"href":"https:\/\/wp.ufpel.edu.br\/artenosul\/wp-json\/wp\/v2\/tags?post=8417"}],"curies":[{"name":"wp","href":"https:\/\/api.w.org\/{rel}","templated":true}]}}