{"id":825,"date":"2016-01-05T18:26:07","date_gmt":"2016-01-05T20:26:07","guid":{"rendered":"https:\/\/wp.ufpel.edu.br\/artenosul\/?p=825"},"modified":"2016-01-06T19:43:59","modified_gmt":"2016-01-06T21:43:59","slug":"o-skate-como-saida-do-consumo-de-drogas-ilicitas","status":"publish","type":"post","link":"https:\/\/wp.ufpel.edu.br\/artenosul\/2016\/01\/05\/o-skate-como-saida-do-consumo-de-drogas-ilicitas\/","title":{"rendered":"O skate como sa\u00edda do consumo de drogas il\u00edcitas"},"content":{"rendered":"<div id=\"attachment_827\" style=\"width: 592px\" class=\"wp-caption alignright\"><img loading=\"lazy\" decoding=\"async\" aria-describedby=\"caption-attachment-827\" class=\"wp-image-827\" src=\"https:\/\/wp.ufpel.edu.br\/artenosul\/files\/2016\/01\/skate-424x235.png\" alt=\"skate\" width=\"592\" height=\"328\" srcset=\"https:\/\/wp.ufpel.edu.br\/artenosul\/files\/2016\/01\/skate-424x235.png 424w, https:\/\/wp.ufpel.edu.br\/artenosul\/files\/2016\/01\/skate-212x117.png 212w, https:\/\/wp.ufpel.edu.br\/artenosul\/files\/2016\/01\/skate.png 578w\" sizes=\"auto, (max-width: 592px) 100vw, 592px\" \/><p id=\"caption-attachment-827\" class=\"wp-caption-text\">Os pr\u00f3prios skatistas trabalharam nas obras de restaura\u00e7\u00e3o da pista no Parque Marinha<\/p><\/div>\n<h4 style=\"text-align: justify\">Reportagem de <strong>D\u00e9bora Klein<\/strong> \u2013<\/h4>\n<h4 style=\"text-align: justify\">O esporte como fuga do uso de drogas pesadas \u00e9 o que promove o movimento \u201cSkate pra Frente, Vida sem Crack\u201d. Desde 2010 o projeto, nascido no bairro Parque Marinha em Rio Grande, mostra caminhos de manobrar o consumo de drogas il\u00edcitas atrav\u00e9s da pr\u00e1tica de atividade f\u00edsica aos jovens rio-grandinos. Ainda que malvisto por parte da sociedade, o skate \u00e9 hoje o segundo esporte que mais ganha adeptos no Brasil.<\/h4>\n<h4 style=\"text-align: justify\">Tudo come\u00e7ou quando Lu\u00eds Duarte Lobo, mais conhecido como Guga, retornou para o Parque Marinha junto com a sua fam\u00edlia. Guga conta que era morador do bairro e realizava alguns eventos culturais e atividades esportivas aos moradores at\u00e9 2008, mas, por dois anos, esteve fora da localidade. Ao retornar para o local, ele e sua mulher, Aline Lobo, encontraram a pra\u00e7a abandonada. \u201cO pessoal parou de praticar e estava usando como ponto para consumo de drogas pesadas\u201d, conta Lu\u00eds. Foi a\u00ed que o casal resolveu mudar a caracter\u00edstica do espa\u00e7o novamente. \u201cDemos um vi\u00e9s mais preventivo em rela\u00e7\u00e3o ao consumo de drogas e come\u00e7amos a luta pela reforma da pista\u201d.<\/h4>\n<h4 style=\"text-align: justify\">E foram os pr\u00f3prios skatistas que restauraram a pista. Ap\u00f3s problemas com a empresa respons\u00e1vel pela constru\u00e7\u00e3o, Guga e outros atletas assumiram a responsabilidade e criaram o espa\u00e7o que hoje recebe jovens de diversos bairros da cidade. Seja com reuni\u00f5es na pista, seja na casa de Lu\u00eds: o movimento tenta, a cada dia, aproximar mais os jovens do esporte e afastar das drogas. \u201cN\u00e3o adianta a gente querer se iludir que vai tirar um cara que est\u00e1 h\u00e1 40 anos nesse caminho, tu tens que prevenir quem est\u00e1 querendo entrar, tu tens que mostrar para esse cara que tem que ser consciente do que est\u00e1 fazendo, do que est\u00e1 usando\u201d, afirma.<\/h4>\n<h4 style=\"text-align: justify\">Skatista h\u00e1 20 anos, Lobo conta que j\u00e1 conheceu muitas hist\u00f3rias, positivas e negativas. \u201c\u00c9 uma via de m\u00e3o dupla, a gente v\u00ea tanto jovens saindo quanto entrando e tentamos dialogar, mostrar as consequ\u00eancias do consumo\u201d. Atrav\u00e9s de uma conversa aberta, consciente e por meio do livre arb\u00edtrio, o movimento debate sobre as a\u00e7\u00f5es negativas e proativas, tanto para eles mesmos quanto para terceiros. \u00a0\u201cCom a velocidade de racioc\u00ednio que os nossos jovens t\u00eam, n\u00e3o adianta dizer para eles que isso est\u00e1 errado, tem que mostrar por que est\u00e1 mal\u201d, afirma.<\/h4>\n<h4 style=\"text-align: justify\">Com a for\u00e7a de vontade e amor pelo esporte, o movimento tamb\u00e9m ajudou a impulsionar a visibilidade da pr\u00e1tica na cidade. Em agosto de 2015, a pista de skate do Parte Marinha foi espa\u00e7o para um dos maiores campeonatos de skate: a segunda etapa prata do Circuito Ga\u00facho de Skate, que reuniu atletas de diversas regi\u00f5es. E tem mais: o primeiro colocado na categoria Amador \u00e9 William Ribeiro, uma das revela\u00e7\u00f5es do skate rio-grandino.<\/h4>\n<h4 style=\"text-align: justify\">Agora, al\u00e9m de continuar a auxiliar os jovens rio-grandinos, o movimento quer fazer com que os atletas sejam reconhecidos na cidade. \u201cA cada esquina tem um cara andando de skate e a gente tenta fomentar a situa\u00e7\u00e3o, dar uma caracter\u00edstica mais s\u00e9ria para o pessoal parar de achar que \u00e9 um bando de maloqueiro\u201d, comenta Lu\u00eds. Entre os planos est\u00e1 a realiza\u00e7\u00e3o de eventos na cidade, que necessitam de algumas mudan\u00e7as para acontecer como, por exemplo, a constru\u00e7\u00e3o de pistas no Balne\u00e1rio Cassino e na Perimetral \u2013 promessas que a muito n\u00e3o saem do papel \u2013 al\u00e9m de estrutura profissional e financeira.<\/h4>\n<h4 style=\"text-align: justify\">De acordo com Lu\u00eds \u00e9 preciso profissionalismo b\u00e1sico para haver capacidade de Rio Grande sediar bons eventos e movimentar a comunidade em prol do esporte. \u201cMuitos n\u00e3o sabem, mas o skate rio-grandino \u00e9 conhecido no Estado inteiro, em qualquer cidade que tu chegas e fala que do munic\u00edpio, o pessoal respeita muito, por que a cena sempre foi forte\u201d, finaliza.<\/h4>\n<h4>No v\u00eddeo <a href=\"https:\/\/www.youtube.com\/watch?v=WpoQrml6aWE\" target=\"_blank\">Pista de Skate no Parque Marinha<\/a>, os atletas falam da sua experi\u00eancia e amor pelo esporte.<\/h4>\n<h4><\/h4>\n<h4><a href=\"https:\/\/wp.ufpel.edu.br\/artenosul\">PRIMEIRA P\u00c1GINA<\/a><\/h4>\n<p>&nbsp;<\/p>\n<div data-test='contact-form'\n\t\t\tid='contact-form-825'\n\t\t\tclass='wp-block-jetpack-contact-form-container '\n\t\t\tdata-wp-interactive='jetpack\/form' data-wp-context='{\"formId\":\"825\",\"formHash\":\"5c1d6584b79b3f48e06e16ad260d0f854aa1a655\",\"showErrors\":false,\"errors\":[],\"fields\":[],\"isMultiStep\":false,\"useAjax\":true,\"submissionData\":null,\"formattedSubmissionData\":[],\"submissionSuccess\":false,\"submissionError\":null,\"elementId\":\"jp-form-5c1d6584b79b3f48e06e16ad260d0f854aa1a655\",\"isSingleInputForm\":false}'\n\t\t\tdata-wp-watch--scroll-to-wrapper=\"callbacks.scrollToWrapper\"\n\t\t>\n<div class=\"contact-form-submission contact-form-ajax-submission\" data-wp-class--submission-success=\"context.submissionSuccess\"><p class=\"go-back-message\"><a class=\"link\" role=\"button\" tabindex=\"0\" data-wp-on--click=\"actions.goBack\" href=\"\/artenosul\/wp-json\/wp\/v2\/posts\/825\">Voltar<\/a><\/p><h4 id=\"contact-form-success-header\">Sua mensagem foi enviada<\/h4>\n\n<template data-wp-each--submission=\"context.formattedSubmissionData\">\n\t\t\t\t\t<div class=\"jetpack_forms_contact-form-success-summary\">\n\t\t\t\t\t\t<div class=\"field-name\" data-wp-text=\"context.submission.label\" data-wp-bind--hidden=\"!context.submission.label\"><\/div>\n\t\t\t\t\t\t<div class=\"field-value\" data-wp-text=\"context.submission.value\"><\/div>\n\t\t\t\t\t\t<div class=\"field-images\" data-wp-bind--hidden=\"!context.submission.images\">\n\t\t\t\t\t\t\t<template data-wp-each--image=\"context.submission.images\">\n\t\t\t\t\t\t\t\t<figure class=\"field-image\" data-wp-class--is-empty=\"!context.image\">\n\t\t\t\t\t\t\t\t\t<img data-wp-bind--src=\"context.image\" data-wp-bind--hidden=\"!context.image\" \/>\n\t\t\t\t\t\t\t\t\t<img decoding=\"async\" src=\"data:image\/gif;base64,R0lGODlhAQABAAD\/ACwAAAAAAQABAAACADs=\" data-wp-bind--hidden=\"context.image\" \/>\n\t\t\t\t\t\t\t\t<\/figure>\n\t\t\t\t\t\t\t<\/template>\n\t\t\t\t\t\t<\/div>\n\t\t\t\t\t<\/div>\n\t\t\t\t<\/template><\/div><form action='https:\/\/wp.ufpel.edu.br\/artenosul\/2016\/01\/05\/o-skate-como-saida-do-consumo-de-drogas-ilicitas\/'\n\t\t\t\tid='jp-form-5c1d6584b79b3f48e06e16ad260d0f854aa1a655'\n\t\t\t\tmethod='post'\n\t\t\t\tclass='contact-form commentsblock' aria-label=\"O skate como sa\u00edda do consumo de drogas il\u00edcitas\"\n\t\t\t\tdata-wp-on--submit=\"actions.onFormSubmit\"\n\t\t\t\tdata-wp-on--reset=\"actions.onFormReset\"\n\t\t\t\tdata-wp-class--submission-success=\"context.submissionSuccess\"\n\t\t\t\tdata-wp-class--is-first-step=\"state.isFirstStep\"\n\t\t\t\tdata-wp-class--is-last-step=\"state.isLastStep\"\n\t\t\t\tdata-wp-class--is-ajax-form=\"context.useAjax\"\n\t\t\t\tnovalidate >\n<input type='hidden' name='jetpack_contact_form_jwt' value='eyJ0eXAiOiJKV1QiLCJhbGciOiJIUzI1NiJ9.eyJlbmNyeXB0ZWRfYXR0cmlidXRlcyI6ImVIU240bjUxRTVrdTBicGQ3b1gxWnd3VkVnMEVCOXJPV0J4a1BwQjN5bENCakprbCs3NitOaVc4VlIycU9kaC82cHdtSjhDTHpvVnU5OUwwamVSOEtzLzhsNFMwTWN0dFRYOWJaMkNpM1RCVEhjcUgzN21LM2JRbGNmeWgzZUd0Nms0d1dCTThjYjVGUGJOMXZlUStnb3UzaGpMTmhmMUxiaFhmRXR6SnJrSHExN200di9GODVjMnFpOUNMRENVcWlRRkhwRVp0V2dwQ1NMamRqRkw4MnZGbWYxRGdNZzZSQmYzbElRM3k1ZG1OK1JxS2hNRm1sMGZOTjNIS2oxMU4xUW5CZFF1ekk1TldJWVA1NTZrUWRHS1lFVWFDWnltUy9xZklRTHVnMzdlVGZYYVMwSTFoN0pYMDRWQWU3UnNyamtrb3g4NlNhSjBQOEFEM3ZMQlAzMk8rZjAvQXI1eXI2ck8xNmxHMjlLRWxHb3NJVzUwY2Q0ci9nRWt1dDNTejNvU0l6bkwrdFdTM0NOOFRBWUMwcWxMSnBhRTczN3dBREZpT01tL1VDdUJwMGZnNldvRW5vTkJHR3FVakVkN2JFTkQvdlIzWTZETHhBWGtONUpvdFlURU5TVU1MV0pDSzg0NHdPVHVkNlBQVndGVWt5K2pCRjFyaTNVWjQ0TENlTE5UZjJRb1J6RTdXeEZRUkhERGFzVWwrRzdjL0pIcXpSa3UrSDBpK1J3bXFPaHcrVFhjWGlXNDA3QWZYU0xoR3lTZnBzdHc0dlZZaVlXTzArTmV3UHArL2dHck5meHVMY3hCN3plZU4zOTJIdVBmWHpMeGY3QTBJRTVmNENLMlQzazNtUVA2U3h3QWphRTN2L2hSbDljNE5oS0Z6Z3N3M1o2N3N1amxvS2FFd2V5dm5OZmMwOVdub2tnMThETG5ndnhESk1QUUtBQXZMK1ZrMitvdTc3V0hibklDTWdDNlBnUTVUUENja1ZVYmpDcDZVTmFEK21ZSkNFVUwrQkkvSUJFaDc5MUUvS3lacFhSWjI0bk5wZmFsamhieFZrdE5qTUFTUWw4YTRuemtrdUJldzVmSXNMbkZOVlRMM041Q1pTYXA2M2YyNzJpcVdSQWZpOU5ZY0FIdUdDL3Q0RjkzK2pJWDBJOUZRWS82TmRnbzVrSVRIVzJZdFJndjVoVm5XS082TDV0NnpYUXJWZHlyaVROVStFTW1JdEhadFl0SWVBcmVucHJ6SytxSnYiLCJjb250ZW50IjoiW2NvbnRhY3QtZmllbGQgbGFiZWw9J05vbWUnIHR5cGU9J25hbWUnL11bY29udGFjdC1maWVsZCBsYWJlbD0nRW1haWwnIHR5cGU9J2VtYWlsJy9dW2NvbnRhY3QtZmllbGQgbGFiZWw9J0NvbWVudFx1MDBlMXJpbycgdHlwZT0ndGV4dGFyZWEnL10iLCJoYXNoIjoiNWMxZDY1ODRiNzliM2Y0OGUwNmUxNmFkMjYwZDBmODU0YWExYTY1NSIsInNvdXJjZSI6eyJlbnRyeV90aXRsZSI6Ik8gc2thdGUgY29tbyBzYVx1MDBlZGRhIGRvIGNvbnN1bW8gZGUgZHJvZ2FzIGlsXHUwMGVkY2l0YXMiLCJlbnRyeV9wYWdlIjoxLCJzb3VyY2VfaWQiOjgyNSwic291cmNlX3R5cGUiOiJzaW5nbGUiLCJyZXF1ZXN0X3VybCI6Imh0dHBzOi8vd3AudWZwZWwuZWR1LmJyL2FydGVub3N1bC93cC1qc29uL3dwL3YyL3Bvc3RzLzgyNSJ9LCJ2ZXJzaW9uIjoyLCJjaXBoZXIiOiJhZXMtMjU2LWdjbSJ9.BACbONwFijKUpEvEBgPUBF8XIB4sMLKajQ6pocnrAEA' \/>\n\n<div style=\"\"  data-wp-interactive=\"jetpack\/form\" data-wp-context='{\"fieldId\":\"g825-nome\",\"fieldType\":\"name\",\"fieldLabel\":\"Nome\",\"fieldValue\":\"\",\"fieldPlaceholder\":\"\",\"fieldIsRequired\":\"\",\"fieldErrorMessage\":\"\",\"fieldExtra\":[],\"formHash\":\"5c1d6584b79b3f48e06e16ad260d0f854aa1a655\"}'  class='grunion-field-name-wrap grunion-field-wrap'  data-wp-init='callbacks.initializeField' data-wp-on--jetpack-form-reset='callbacks.initializeField' >\n<label\n\t\t\t\tfor='g825-nome' class=\"grunion-field-label name\" >Nome<\/label>\n<input\n\t\t\t\t\ttype='text'\n\t\t\t\t\tname='g825-nome'\n\t\t\t\t\tid='g825-nome'\n\t\t\t\t\tvalue=''\n\n\t\t\t\t\tdata-wp-bind--aria-invalid='state.fieldHasErrors'\n\t\t\t\t\tdata-wp-bind--value='state.getFieldValue'\n\t\t\t\t\taria-errormessage='g825-nome-text-error-message'\n\t\t\t\t\tdata-wp-on--input='actions.onFieldChange'\n\t\t\t\t\tdata-wp-on--blur='actions.onFieldBlur'\n\t\t\t\t\tdata-wp-class--has-value='state.hasFieldValue'\n\n\t\t\t\t\tclass='name  grunion-field' \n\t\t\t\t\t \/>\n \n\t\t\t<div id=\"g825-nome-text-error\" class=\"contact-form__input-error\" data-wp-class--has-errors=\"state.fieldHasErrors\">\n\t\t\t\t<span class=\"contact-form__warning-icon\">\n\t\t\t\t\t<svg width=\"16\" height=\"16\" viewBox=\"0 0 16 16\" fill=\"none\" xmlns=\"http:\/\/www.w3.org\/2000\/svg\">\n\t\t\t\t\t\t<path d=\"M8.50015 11.6402H7.50015V10.6402H8.50015V11.6402Z\" \/>\n\t\t\t\t\t\t<path d=\"M7.50015 9.64018H8.50015V6.30684H7.50015V9.64018Z\" \/>\n\t\t\t\t\t\t<path fill-rule=\"evenodd\" clip-rule=\"evenodd\" d=\"M6.98331 3.0947C7.42933 2.30177 8.57096 2.30177 9.01698 3.09469L13.8771 11.7349C14.3145 12.5126 13.7525 13.4735 12.8602 13.4735H3.14004C2.24774 13.4735 1.68575 12.5126 2.12321 11.7349L6.98331 3.0947ZM8.14541 3.58496C8.08169 3.47168 7.9186 3.47168 7.85488 3.58496L2.99478 12.2251C2.93229 12.3362 3.01257 12.4735 3.14004 12.4735H12.8602C12.9877 12.4735 13.068 12.3362 13.0055 12.2251L8.14541 3.58496Z\" \/>\n\t\t\t\t\t<\/svg>\n\t\t\t\t\t<span class=\"visually-hidden\">Aviso<\/span>\n\t\t\t\t<\/span>\n\t\t\t\t<span data-wp-text=\"state.errorMessage\" id=\"g825-nome-text-error-message\" role=\"alert\" aria-live=\"assertive\"><\/span>\n\t\t\t<\/div> \n\t<\/div>\n\n<div style=\"\"  data-wp-interactive=\"jetpack\/form\" data-wp-context='{\"fieldId\":\"g825-email\",\"fieldType\":\"email\",\"fieldLabel\":\"Email\",\"fieldValue\":\"\",\"fieldPlaceholder\":\"\",\"fieldIsRequired\":\"\",\"fieldErrorMessage\":\"\",\"fieldExtra\":[],\"formHash\":\"5c1d6584b79b3f48e06e16ad260d0f854aa1a655\"}'  class='grunion-field-email-wrap grunion-field-wrap'  data-wp-init='callbacks.initializeField' data-wp-on--jetpack-form-reset='callbacks.initializeField' >\n<label\n\t\t\t\tfor='g825-email' class=\"grunion-field-label email\" >Email<\/label>\n<input\n\t\t\t\t\ttype='email'\n\t\t\t\t\tname='g825-email'\n\t\t\t\t\tid='g825-email'\n\t\t\t\t\tvalue=''\n\n\t\t\t\t\tdata-wp-bind--aria-invalid='state.fieldHasErrors'\n\t\t\t\t\tdata-wp-bind--value='state.getFieldValue'\n\t\t\t\t\taria-errormessage='g825-email-email-error-message'\n\t\t\t\t\tdata-wp-on--input='actions.onFieldChange'\n\t\t\t\t\tdata-wp-on--blur='actions.onFieldBlur'\n\t\t\t\t\tdata-wp-class--has-value='state.hasFieldValue'\n\n\t\t\t\t\tclass='email  grunion-field' \n\t\t\t\t\t \/>\n \n\t\t\t<div id=\"g825-email-email-error\" class=\"contact-form__input-error\" data-wp-class--has-errors=\"state.fieldHasErrors\">\n\t\t\t\t<span class=\"contact-form__warning-icon\">\n\t\t\t\t\t<svg width=\"16\" height=\"16\" viewBox=\"0 0 16 16\" fill=\"none\" xmlns=\"http:\/\/www.w3.org\/2000\/svg\">\n\t\t\t\t\t\t<path d=\"M8.50015 11.6402H7.50015V10.6402H8.50015V11.6402Z\" \/>\n\t\t\t\t\t\t<path d=\"M7.50015 9.64018H8.50015V6.30684H7.50015V9.64018Z\" \/>\n\t\t\t\t\t\t<path fill-rule=\"evenodd\" clip-rule=\"evenodd\" d=\"M6.98331 3.0947C7.42933 2.30177 8.57096 2.30177 9.01698 3.09469L13.8771 11.7349C14.3145 12.5126 13.7525 13.4735 12.8602 13.4735H3.14004C2.24774 13.4735 1.68575 12.5126 2.12321 11.7349L6.98331 3.0947ZM8.14541 3.58496C8.08169 3.47168 7.9186 3.47168 7.85488 3.58496L2.99478 12.2251C2.93229 12.3362 3.01257 12.4735 3.14004 12.4735H12.8602C12.9877 12.4735 13.068 12.3362 13.0055 12.2251L8.14541 3.58496Z\" \/>\n\t\t\t\t\t<\/svg>\n\t\t\t\t\t<span class=\"visually-hidden\">Aviso<\/span>\n\t\t\t\t<\/span>\n\t\t\t\t<span data-wp-text=\"state.errorMessage\" id=\"g825-email-email-error-message\" role=\"alert\" aria-live=\"assertive\"><\/span>\n\t\t\t<\/div> \n\t<\/div>\n\n<div style=\"\"  data-wp-interactive=\"jetpack\/form\" data-wp-context='{\"fieldId\":\"g825-comentrio\",\"fieldType\":\"textarea\",\"fieldLabel\":\"Coment\\u00e1rio\",\"fieldValue\":\"\",\"fieldPlaceholder\":\"\",\"fieldIsRequired\":\"\",\"fieldErrorMessage\":\"\",\"fieldExtra\":[],\"formHash\":\"5c1d6584b79b3f48e06e16ad260d0f854aa1a655\"}'  class='grunion-field-textarea-wrap grunion-field-wrap'  data-wp-init='callbacks.initializeField' data-wp-on--jetpack-form-reset='callbacks.initializeField' >\n<label\n\t\t\t\tfor='contact-form-comment-g825-comentrio' class=\"grunion-field-label textarea\" >Coment\u00e1rio<\/label>\n<textarea\n\t\t                style=''\n\t\t                name='g825-comentrio'\n\t\t                id='contact-form-comment-g825-comentrio'\n\t\t                rows='20'\n\t\t\t\t\t\tdata-wp-text='state.getFieldValue'\n\t\t\t\t\t\tdata-wp-on--input='actions.onFieldChange'\n\t\t\t\t\t\tdata-wp-on--blur='actions.onFieldBlur'\n\t\t\t\t\t\tdata-wp-class--has-value='state.hasFieldValue'\n\t\t\t\t\t\tdata-wp-bind--aria-invalid='state.fieldHasErrors'\n\t\t\t\t\t\taria-errormessage='g825-comentrio-textarea-error-message'\n\t\t\t\t\t\tclass='textarea  grunion-field'  ><\/textarea>\n \n\t\t\t<div id=\"g825-comentrio-textarea-error\" class=\"contact-form__input-error\" data-wp-class--has-errors=\"state.fieldHasErrors\">\n\t\t\t\t<span class=\"contact-form__warning-icon\">\n\t\t\t\t\t<svg width=\"16\" height=\"16\" viewBox=\"0 0 16 16\" fill=\"none\" xmlns=\"http:\/\/www.w3.org\/2000\/svg\">\n\t\t\t\t\t\t<path d=\"M8.50015 11.6402H7.50015V10.6402H8.50015V11.6402Z\" \/>\n\t\t\t\t\t\t<path d=\"M7.50015 9.64018H8.50015V6.30684H7.50015V9.64018Z\" \/>\n\t\t\t\t\t\t<path fill-rule=\"evenodd\" clip-rule=\"evenodd\" d=\"M6.98331 3.0947C7.42933 2.30177 8.57096 2.30177 9.01698 3.09469L13.8771 11.7349C14.3145 12.5126 13.7525 13.4735 12.8602 13.4735H3.14004C2.24774 13.4735 1.68575 12.5126 2.12321 11.7349L6.98331 3.0947ZM8.14541 3.58496C8.08169 3.47168 7.9186 3.47168 7.85488 3.58496L2.99478 12.2251C2.93229 12.3362 3.01257 12.4735 3.14004 12.4735H12.8602C12.9877 12.4735 13.068 12.3362 13.0055 12.2251L8.14541 3.58496Z\" \/>\n\t\t\t\t\t<\/svg>\n\t\t\t\t\t<span class=\"visually-hidden\">Aviso<\/span>\n\t\t\t\t<\/span>\n\t\t\t\t<span data-wp-text=\"state.errorMessage\" id=\"g825-comentrio-textarea-error-message\" role=\"alert\" aria-live=\"assertive\"><\/span>\n\t\t\t<\/div>\n\t<\/div>\n\t<p class='contact-submit'>\n<div class=\"contact-form__error\" data-wp-class--show-errors=\"state.showFormErrors\"><span class=\"contact-form__warning-icon\"><span class=\"visually-hidden\">Aten\u00e7\u00e3o.<\/span><i aria-hidden=\"true\"><\/i><\/span>\n\t\t\t\t<span data-wp-text=\"state.getFormErrorMessage\"><\/span>\n\t\t\t\t<ul>\n\t\t\t\t<template data-wp-each=\"state.getErrorList\" data-wp-key=\"context.item.id\">\n\t\t\t\t\t<li><a data-wp-bind--href=\"context.item.anchor\" data-wp-on--click=\"actions.scrollIntoView\" data-wp-text=\"context.item.label\"><\/a><\/li>\n\t\t\t\t<\/template>\n\t\t\t\t<\/ul><\/div><div class=\"contact-form__error\" data-wp-class--show-errors=\"state.showSubmissionError\" data-wp-text=\"context.submissionError\"><\/div>\t\t<button type='submit' class='pushbutton-wide'>Enviar<\/button>\t\t<input type='hidden' name='contact-form-id' value='825' \/>\n\t\t<input type='hidden' name='action' value='grunion-contact-form' \/>\n\t\t<input type='hidden' name='contact-form-hash' value='5c1d6584b79b3f48e06e16ad260d0f854aa1a655' \/>\n\t<\/p>\n<p style=\"display: none !important;\" class=\"akismet-fields-container\" data-prefix=\"ak_\"><label>&#916;<textarea name=\"ak_hp_textarea\" cols=\"45\" rows=\"8\" maxlength=\"100\"><\/textarea><\/label><input type=\"hidden\" id=\"ak_js_1\" name=\"ak_js\" value=\"74\"\/><script>document.getElementById( \"ak_js_1\" ).setAttribute( \"value\", ( new Date() ).getTime() );<\/script><\/p><\/form>\n<\/div>\n<p>&nbsp;<\/p>\n","protected":false},"excerpt":{"rendered":"<p>Reportagem de D\u00e9bora Klein \u2013 O esporte como fuga do uso de drogas pesadas \u00e9 o que promove o movimento \u201cSkate pra Frente, Vida sem Crack\u201d. Desde 2010 o projeto, nascido no bairro Parque Marinha em Rio Grande, mostra caminhos de manobrar o consumo de drogas il\u00edcitas atrav\u00e9s da pr\u00e1tica de atividade f\u00edsica aos jovens &hellip; <\/p>\n<p><a class=\"more-link btn\" href=\"https:\/\/wp.ufpel.edu.br\/artenosul\/2016\/01\/05\/o-skate-como-saida-do-consumo-de-drogas-ilicitas\/\">Continue lendo<\/a><\/p>\n","protected":false},"author":571,"featured_media":828,"comment_status":"closed","ping_status":"closed","sticky":false,"template":"","format":"standard","meta":{"jetpack_post_was_ever_published":false,"_jetpack_newsletter_access":"","_jetpack_dont_email_post_to_subs":false,"_jetpack_newsletter_tier_id":0,"_jetpack_memberships_contains_paywalled_content":false,"_jetpack_memberships_contains_paid_content":false,"footnotes":"","jetpack_publicize_message":"","jetpack_publicize_feature_enabled":true,"jetpack_social_post_already_shared":true,"jetpack_social_options":{"image_generator_settings":{"template":"highway","default_image_id":0,"font":"","enabled":false},"version":2}},"categories":[88,1],"tags":[226,91,224],"class_list":["post-825","post","type-post","status-publish","format-standard","has-post-thumbnail","hentry","category-comunidade","category-noticias","tag-parque-marinha","tag-rio-grande","tag-skate","nodate","item-wrap"],"jetpack_publicize_connections":[],"jetpack_featured_media_url":"https:\/\/wp.ufpel.edu.br\/artenosul\/files\/2016\/01\/skate2.jpg","jetpack_sharing_enabled":true,"jetpack_likes_enabled":true,"jetpack_shortlink":"https:\/\/wp.me\/p6PuxQ-dj","jetpack-related-posts":[{"id":13515,"url":"https:\/\/wp.ufpel.edu.br\/artenosul\/2023\/04\/18\/a-arte-do-pagode-swingando-de-rua-volta-a-acontecer-em-rio-grande\/","url_meta":{"origin":825,"position":0},"title":"A arte do pagode: \u201cSwingando de Rua\u201d volta a acontecer em Rio Grande","author":"artenosul","date":"18 de abril de 2023","format":false,"excerpt":"O evento, que ocorre desde 1997, \u00e9 originado no programa \u201cSwingando\u201d da R\u00e1dio Oceano - antiga Cassino FM - e teve nova edi\u00e7\u00e3o neste m\u00eas\u00a0 \u00a0 \u00a0\u00a0 Por Tais Carolina\u00a0 \u00a0 \u00a0 \u00a0\u00a0 O pagode \u00e9 um g\u00eanero musical originado no samba entre as d\u00e9cadas de 1970 e 1980. Seu\u2026","rel":"","context":"Em &quot;COMUNIDADE&quot;","block_context":{"text":"COMUNIDADE","link":"https:\/\/wp.ufpel.edu.br\/artenosul\/category\/comunidade\/"},"img":{"alt_text":"","src":"https:\/\/i0.wp.com\/wp.ufpel.edu.br\/artenosul\/files\/2023\/04\/17o-Swingando-de-Rua-na-Fearg-participacao-do-grupo-So-Raizes-com-participacao-de-Veloir-Rodrigues.jpeg?resize=350%2C200&ssl=1","width":350,"height":200,"srcset":"https:\/\/i0.wp.com\/wp.ufpel.edu.br\/artenosul\/files\/2023\/04\/17o-Swingando-de-Rua-na-Fearg-participacao-do-grupo-So-Raizes-com-participacao-de-Veloir-Rodrigues.jpeg?resize=350%2C200&ssl=1 1x, https:\/\/i0.wp.com\/wp.ufpel.edu.br\/artenosul\/files\/2023\/04\/17o-Swingando-de-Rua-na-Fearg-participacao-do-grupo-So-Raizes-com-participacao-de-Veloir-Rodrigues.jpeg?resize=525%2C300&ssl=1 1.5x, https:\/\/i0.wp.com\/wp.ufpel.edu.br\/artenosul\/files\/2023\/04\/17o-Swingando-de-Rua-na-Fearg-participacao-do-grupo-So-Raizes-com-participacao-de-Veloir-Rodrigues.jpeg?resize=700%2C400&ssl=1 2x, https:\/\/i0.wp.com\/wp.ufpel.edu.br\/artenosul\/files\/2023\/04\/17o-Swingando-de-Rua-na-Fearg-participacao-do-grupo-So-Raizes-com-participacao-de-Veloir-Rodrigues.jpeg?resize=1050%2C600&ssl=1 3x"},"classes":[]},{"id":21440,"url":"https:\/\/wp.ufpel.edu.br\/artenosul\/2023\/08\/25\/unindo-arte-e-esporte-o-evento-ruas-de-lazer-acontece-neste-domingo\/","url_meta":{"origin":825,"position":1},"title":"Unindo arte e esporte, o evento Ruas de Lazer acontece neste domingo","author":"artenosul","date":"25 de agosto de 2023","format":false,"excerpt":"Evento ao ar livre promove a sa\u00fade com atividades\u00a0 para todas as idades em Pelotas e pr\u00f3xima edi\u00e7\u00e3o ser\u00e1 no bairro Navegantes\u00a0 \u00a0 \u00a0 \u00a0 Por Brenda Leal e Aline Souza \u00a0\u00a0\u00a0\u00a0\u00a0 \u00a0 \u00a0 Projetado em 2019, o evento Ruas de Lazer s\u00f3 teve sua primeira edi\u00e7\u00e3o em abril de\u2026","rel":"","context":"Em &quot;COMUNIDADE&quot;","block_context":{"text":"COMUNIDADE","link":"https:\/\/wp.ufpel.edu.br\/artenosul\/category\/comunidade\/"},"img":{"alt_text":"","src":"https:\/\/i0.wp.com\/wp.ufpel.edu.br\/artenosul\/files\/2023\/08\/ruas-de-lazer.x48826.jpg?resize=350%2C200&ssl=1","width":350,"height":200,"srcset":"https:\/\/i0.wp.com\/wp.ufpel.edu.br\/artenosul\/files\/2023\/08\/ruas-de-lazer.x48826.jpg?resize=350%2C200&ssl=1 1x, https:\/\/i0.wp.com\/wp.ufpel.edu.br\/artenosul\/files\/2023\/08\/ruas-de-lazer.x48826.jpg?resize=525%2C300&ssl=1 1.5x, https:\/\/i0.wp.com\/wp.ufpel.edu.br\/artenosul\/files\/2023\/08\/ruas-de-lazer.x48826.jpg?resize=700%2C400&ssl=1 2x"},"classes":[]},{"id":9338,"url":"https:\/\/wp.ufpel.edu.br\/artenosul\/2021\/05\/03\/rap-contra-o-frio-evento-reune-artistas-de-rio-grande-em-prol-da-solidariedade\/","url_meta":{"origin":825,"position":2},"title":"Rap contra o frio: evento re\u00fane artistas de Rio Grande em prol da solidariedade","author":"artenosul","date":"3 de maio de 2021","format":false,"excerpt":"Por Vitor Valente\u00a0 \u00a0 Shows ser\u00e3o transmitidos direto do Teatro Municipal no dia 13 de maio Uma frase cl\u00e1ssica do cen\u00e1rio hip-hop brasileiro \u00e9 \u201co rap \u00e9 compromisso\u201d. O mantra foi tema de m\u00fasica do rapper Mauro Mateus dos Santos, o Sabotage, que morreu aos 29 anos de idade em\u2026","rel":"","context":"Em &quot;M\u00daSICA&quot;","block_context":{"text":"M\u00daSICA","link":"https:\/\/wp.ufpel.edu.br\/artenosul\/category\/musica\/"},"img":{"alt_text":"","src":"https:\/\/i0.wp.com\/wp.ufpel.edu.br\/artenosul\/files\/2021\/05\/Foto-3-4.jpg?resize=350%2C200&ssl=1","width":350,"height":200,"srcset":"https:\/\/i0.wp.com\/wp.ufpel.edu.br\/artenosul\/files\/2021\/05\/Foto-3-4.jpg?resize=350%2C200&ssl=1 1x, https:\/\/i0.wp.com\/wp.ufpel.edu.br\/artenosul\/files\/2021\/05\/Foto-3-4.jpg?resize=525%2C300&ssl=1 1.5x, https:\/\/i0.wp.com\/wp.ufpel.edu.br\/artenosul\/files\/2021\/05\/Foto-3-4.jpg?resize=700%2C400&ssl=1 2x"},"classes":[]},{"id":12993,"url":"https:\/\/wp.ufpel.edu.br\/artenosul\/2022\/11\/15\/noite-do-centro-historico-atrai-milhares-de-pessoas\/","url_meta":{"origin":825,"position":3},"title":"Noite do Centro Hist\u00f3rico atrai milhares de pessoas","author":"artenosul","date":"15 de novembro de 2022","format":false,"excerpt":"Evento valorizou os museus e o patrim\u00f4nio do Rio Grande, cidade mais antiga do Estado\u00a0 \u00a0 \u00a0 Por Rayla Ribeiro e Vitor Porto\u00a0 \u00a0 \u00a0\u00a0 A Noite do Centro Hist\u00f3rico, que ocorreu no dia 9 de novembro, foi um grande sucesso e atraiu milhares de pessoas at\u00e9 o Centro do\u2026","rel":"","context":"Em &quot;COMUNIDADE&quot;","block_context":{"text":"COMUNIDADE","link":"https:\/\/wp.ufpel.edu.br\/artenosul\/category\/comunidade\/"},"img":{"alt_text":"","src":"https:\/\/i0.wp.com\/wp.ufpel.edu.br\/artenosul\/files\/2022\/11\/WhatsApp-Image-2022-11-10-at-17.13.05-1.jpeg?resize=350%2C200&ssl=1","width":350,"height":200,"srcset":"https:\/\/i0.wp.com\/wp.ufpel.edu.br\/artenosul\/files\/2022\/11\/WhatsApp-Image-2022-11-10-at-17.13.05-1.jpeg?resize=350%2C200&ssl=1 1x, https:\/\/i0.wp.com\/wp.ufpel.edu.br\/artenosul\/files\/2022\/11\/WhatsApp-Image-2022-11-10-at-17.13.05-1.jpeg?resize=525%2C300&ssl=1 1.5x, https:\/\/i0.wp.com\/wp.ufpel.edu.br\/artenosul\/files\/2022\/11\/WhatsApp-Image-2022-11-10-at-17.13.05-1.jpeg?resize=700%2C400&ssl=1 2x, https:\/\/i0.wp.com\/wp.ufpel.edu.br\/artenosul\/files\/2022\/11\/WhatsApp-Image-2022-11-10-at-17.13.05-1.jpeg?resize=1050%2C600&ssl=1 3x, https:\/\/i0.wp.com\/wp.ufpel.edu.br\/artenosul\/files\/2022\/11\/WhatsApp-Image-2022-11-10-at-17.13.05-1.jpeg?resize=1400%2C800&ssl=1 4x"},"classes":[]},{"id":9061,"url":"https:\/\/wp.ufpel.edu.br\/artenosul\/2021\/04\/09\/grupo-de-pesquisa-inova-com-anti-intervencao-artistica\/","url_meta":{"origin":825,"position":4},"title":"Grupo de pesquisa inova com &#8220;anti-interven\u00e7\u00e3o&#8221; art\u00edstica","author":"artenosul","date":"9 de abril de 2021","format":false,"excerpt":"Por Vitor Valente Evento conceitual foi desenvolvido por pesquisadores da Furg Promovido pelo grupo de pesquisa Observat\u00f3rio em Arte P\u00fablica Entorno e Novos G\u00eaneros, o evento \u201cAnti-interven\u00e7\u00e3o Art\u00edstica Conceitual no Espa\u00e7o (n\u00e3o)Urbano: Cola na Ideia\u201d \u00e9 uma a\u00e7\u00e3o cultural pensada e desenvolvida para subverter o conceito de interven\u00e7\u00e3o cultural. O\u2026","rel":"","context":"Em &quot;ARTES VISUAIS&quot;","block_context":{"text":"ARTES VISUAIS","link":"https:\/\/wp.ufpel.edu.br\/artenosul\/category\/artes-visuais\/"},"img":{"alt_text":"","src":"https:\/\/i0.wp.com\/wp.ufpel.edu.br\/artenosul\/files\/2021\/04\/imagem-2-6bdde.jpg?resize=350%2C200&ssl=1","width":350,"height":200,"srcset":"https:\/\/i0.wp.com\/wp.ufpel.edu.br\/artenosul\/files\/2021\/04\/imagem-2-6bdde.jpg?resize=350%2C200&ssl=1 1x, https:\/\/i0.wp.com\/wp.ufpel.edu.br\/artenosul\/files\/2021\/04\/imagem-2-6bdde.jpg?resize=525%2C300&ssl=1 1.5x"},"classes":[]},{"id":13463,"url":"https:\/\/wp.ufpel.edu.br\/artenosul\/2023\/04\/06\/hip-hop-festival-movimenta-centro-historico-de-rio-grande\/","url_meta":{"origin":825,"position":5},"title":"Hip Hop Festival movimenta Centro Hist\u00f3rico de Rio Grande","author":"artenosul","date":"6 de abril de 2023","format":false,"excerpt":"O evento ocorreu como parte da programa\u00e7\u00e3o do Festival do Mar na ter\u00e7a-feira\u00a0 \u00a0 \u00a0 \u00a0 \u00a0 \u00a0 \u00a0 \u00a0 Teve in\u00edcio, no dia 30 de mar\u00e7o, o 1\u00ba Festival do Mar (Festimar). O evento ocorre at\u00e9 9 de abril em Rio Grande e S\u00e3o Jos\u00e9 do Norte e conta\u2026","rel":"","context":"Em &quot;M\u00daSICA&quot;","block_context":{"text":"M\u00daSICA","link":"https:\/\/wp.ufpel.edu.br\/artenosul\/category\/musica\/"},"img":{"alt_text":"","src":"https:\/\/i0.wp.com\/wp.ufpel.edu.br\/artenosul\/files\/2023\/04\/Imagem1b.jpg?resize=350%2C200&ssl=1","width":350,"height":200},"classes":[]}],"_links":{"self":[{"href":"https:\/\/wp.ufpel.edu.br\/artenosul\/wp-json\/wp\/v2\/posts\/825","targetHints":{"allow":["GET"]}}],"collection":[{"href":"https:\/\/wp.ufpel.edu.br\/artenosul\/wp-json\/wp\/v2\/posts"}],"about":[{"href":"https:\/\/wp.ufpel.edu.br\/artenosul\/wp-json\/wp\/v2\/types\/post"}],"author":[{"embeddable":true,"href":"https:\/\/wp.ufpel.edu.br\/artenosul\/wp-json\/wp\/v2\/users\/571"}],"replies":[{"embeddable":true,"href":"https:\/\/wp.ufpel.edu.br\/artenosul\/wp-json\/wp\/v2\/comments?post=825"}],"version-history":[{"count":2,"href":"https:\/\/wp.ufpel.edu.br\/artenosul\/wp-json\/wp\/v2\/posts\/825\/revisions"}],"predecessor-version":[{"id":833,"href":"https:\/\/wp.ufpel.edu.br\/artenosul\/wp-json\/wp\/v2\/posts\/825\/revisions\/833"}],"wp:featuredmedia":[{"embeddable":true,"href":"https:\/\/wp.ufpel.edu.br\/artenosul\/wp-json\/wp\/v2\/media\/828"}],"wp:attachment":[{"href":"https:\/\/wp.ufpel.edu.br\/artenosul\/wp-json\/wp\/v2\/media?parent=825"}],"wp:term":[{"taxonomy":"category","embeddable":true,"href":"https:\/\/wp.ufpel.edu.br\/artenosul\/wp-json\/wp\/v2\/categories?post=825"},{"taxonomy":"post_tag","embeddable":true,"href":"https:\/\/wp.ufpel.edu.br\/artenosul\/wp-json\/wp\/v2\/tags?post=825"}],"curies":[{"name":"wp","href":"https:\/\/api.w.org\/{rel}","templated":true}]}}