{"id":8232,"date":"2019-06-19T17:01:13","date_gmt":"2019-06-19T20:01:13","guid":{"rendered":"https:\/\/wp.ufpel.edu.br\/artenosul\/?p=8232"},"modified":"2019-06-19T17:37:36","modified_gmt":"2019-06-19T20:37:36","slug":"ii-mostra-pelotense-de-teatro-independente","status":"publish","type":"post","link":"https:\/\/wp.ufpel.edu.br\/artenosul\/2019\/06\/19\/ii-mostra-pelotense-de-teatro-independente\/","title":{"rendered":"II Mostra Pelotense de Teatro Independente"},"content":{"rendered":"<div id=\"attachment_8235\" style=\"width: 710px\" class=\"wp-caption alignright\"><img loading=\"lazy\" decoding=\"async\" aria-describedby=\"caption-attachment-8235\" class=\" wp-image-8235\" src=\"https:\/\/wp.ufpel.edu.br\/artenosul\/files\/2019\/06\/19884127_1059322930865361_7923854402703193798_n-500x333.jpg\" alt=\"\" width=\"710\" height=\"476\" \/><p id=\"caption-attachment-8235\" class=\"wp-caption-text\"><span style=\"color: #0000ff\"><strong>Ingrid Duarte na pe\u00e7a &#8220;Filhos de Tereza&#8221;, apresentada na primeira edi\u00e7\u00e3o da Mostra em 2017<\/strong><\/span><\/p><\/div>\n<p>&nbsp;<\/p>\n<p style=\"text-align: justify\"><span style=\"font-size: 14pt\">\u00a0\u00a0\u00a0\u00a0 A <a href=\"https:\/\/www.facebook.com\/pg\/MostraPelotensedeTeatroIndependente\/photos\/\" target=\"_blank\" rel=\"noopener noreferrer\">II Mostra Pelotense de Teatro Independente<\/a> acontece a partir do dia 24 de junho (segunda-feira) e finaliza dia 30 de junho, com a promo\u00e7\u00e3o de duas oficinas de experimenta\u00e7\u00e3o teatral, uma conta\u00e7\u00e3o de hist\u00f3ria e 12 pe\u00e7as teatrais, com grupos de cidades da regi\u00e3o, incluindo Pelotas e Rio Grande. Todas as atra\u00e7\u00f5es ter\u00e3o entrada franca, ocorrendo na Bibliotheca P\u00fablica Pelotense e na Esplanada do Theatro Sete de Abril. A iniciativa \u00e9 da Voc\u00ea Sabe Quem Cia de Teatro, com apoio da Prefeitura de Pelotas, atrav\u00e9s do edital de apoio a eventos. O intuito desta realiza\u00e7\u00e3o \u00e9 valorizar a produ\u00e7\u00e3o teatral regional, cativar e formar espectadores.<\/span><\/p>\n<p style=\"text-align: justify\"><span style=\"font-size: 14pt\">\u00a0 \u00a0 A primeira edi\u00e7\u00e3o da Mostra aconteceu com \u00eaxito em 2017, tendo como participantes, entre outras pe\u00e7as, \u201cMorte e Vida Severina\u201d, \u201cDona Frida\u201d, \u201cCorre o Risco\u201d e \u201cFilhos de Tereza\u201d. Os organizadores procuraram, depois dessa primeira experi\u00eancia, amadurecer a ideia. A participa\u00e7\u00e3o e sele\u00e7\u00e3o do projeto nos editais da Prefeitura e o apoio de v\u00e1rias empresas somaram para valorizar os artistas independentes. Os grupos participantes fazem teatro de forma aut\u00f4noma e n\u00e3o t\u00eam suporte de outras institui\u00e7\u00f5es no seu trabalho cotidiano.<\/span><\/p>\n<p style=\"text-align: justify\"><span style=\"font-size: 14pt\">\u00a0 \u00a0 Para participar das oficinas \u00e9 s\u00f3 comparecer no local e hor\u00e1rio, sem a necessidade de inscri\u00e7\u00e3o. N\u00e3o \u00e9 preciso ter experi\u00eancia, sendo que o intuito \u00e9 oferecer ao p\u00fablico um primeiro contato com as artes c\u00eanicas. As duas ser\u00e3o com coordena\u00e7\u00e3o da Voc\u00ea Sabe Quem Cia de Teatro. A Oficina Teatro de Rua acontece dia 24 de junho (segunda-feira), \u00e0s 14h30min, na Esplanada do Theatro Sete de Abril. A Oficina de Teatro do Oprimido ser\u00e1 dia 25 de junho (ter\u00e7a-feira), \u00e0s 14h30min, na Bibliotheca P\u00fablica Pelotense.<\/span><\/p>\n<p style=\"text-align: justify\"><span style=\"font-size: 14pt\">\u00a0 \u00a0 \u00a0 \u00a0 As apresenta\u00e7\u00f5es das pe\u00e7as come\u00e7am dia 26 de junho, quarta-feira, sempre na <a href=\"http:\/\/www.bibliotheca.org.br\/\" target=\"_blank\" rel=\"noopener noreferrer\">Bibliotheca P\u00fablica Pelotense<\/a> (Pra\u00e7a Coronel Pedro Os\u00f3rio, 103, Centro, Pelotas). A \u00fanica exce\u00e7\u00e3o ser\u00e1 &#8220;O Beijo no Buraco&#8221;, que ser\u00e1 encenada na Pra\u00e7a Coronel Pedro Os\u00f3rio. Dia 26, \u00e0s 15h, ocorre a apresenta\u00e7\u00e3o na Bibliotheca da conta\u00e7\u00e3o de hist\u00f3ria <strong><span style=\"color: #0000ff\">\u201cA Fera Solit\u00e1ria\u201d<\/span><\/strong> (Voc\u00ea Sabe Quem Cia Teatro). As demais pe\u00e7as ser\u00e3o as seguintes:<\/span><\/p>\n<p style=\"text-align: justify\"><span style=\"font-size: 14pt\">Quinta-feira &#8211; Dia 27 \u2013 15h \u2013 <span style=\"color: #0000ff\"><strong>\u201cO M\u00e1gico de Oz\u201d<\/strong><\/span> (Grupo MALV).<\/span><\/p>\n<p style=\"text-align: justify\"><span style=\"font-size: 14pt\">Sexta-feira &#8211; Dia 28 \u2013 15h \u2013 <strong><span style=\"color: #0000ff\">\u201cUm Copo de Alga\u201d<\/span><\/strong> (Camarim Arte &amp; Cultura)<\/span><\/p>\n<p style=\"text-align: justify\"><span style=\"font-size: 14pt\">Sexta-feira \u2013 Dia 28 \u2013 18h30min \u2013 <strong><span style=\"color: #0000ff\">\u201cAnnica\u201d<\/span> <\/strong>(Grupo Mett\u00e1)<\/span><\/p>\n<p style=\"text-align: justify\"><span style=\"font-size: 14pt\">S\u00e1bado &#8211; Dia 29 \u2013 17h \u2013 <strong><span style=\"color: #0000ff\">\u201cO Beijo no Buraco\u201d<\/span><\/strong> (Ateli\u00ea Colaborativo) &#8211; Esta pe\u00e7a ser\u00e1 apresentada para Pra\u00e7a Coronel Pedro Os\u00f3rio.<\/span><\/p>\n<p style=\"text-align: justify\"><span style=\"font-size: 14pt\">S\u00e1bado \u2013 Dia 29 \u2013 18h30min \u2013 <span style=\"color: #0000ff\"><strong>\u201cSanat\u00f3rio\u201d<\/strong><\/span> (Grupo Teatral Atr\u00e1s das Cortinas)<\/span><\/p>\n<p style=\"text-align: justify\"><span style=\"font-size: 14pt\">S\u00e1bado \u2013 Dia 29 \u2013 20h \u2013 <span style=\"color: #0000ff\"><strong>\u201cAlucina\u00e7\u00f5es\u201d<\/strong><\/span> (V.I.D.A Vivendo, Interpretando e Distribuindo Arte)<\/span><\/p>\n<p style=\"text-align: justify\"><span style=\"font-size: 14pt\">S\u00e1bado \u2013 Dia 29 \u2013 21h30min \u2013 <span style=\"color: #0000ff\"><strong>\u201cNadim Nadinha Contra o Reino de Fuleiro\u201d<\/strong><\/span> (Cia Cem Caras de Teatro)<\/span><\/p>\n<p style=\"text-align: justify\"><span style=\"font-size: 14pt\">Domingo \u2013 Dia 30 \u2013 15h30min \u2013 <span style=\"color: #0000ff\"><strong>\u201c\u00c9 S\u00f3 uma Brincadeira \u2013 Laborat\u00f3rio\u201d<\/strong> <\/span>(Escola de Arte Popular)<\/span><\/p>\n<p style=\"text-align: justify\"><span style=\"font-size: 14pt\">Domingo \u2013 Dia 30 \u2013 16h30min \u2013 <span style=\"color: #0000ff\"><strong>\u201cMulher: Sobre o Direito de Ficar ou Partir \u2013 Laborat\u00f3rio\u201d<\/strong> <\/span>(Escola de Arte Popular)<\/span><\/p>\n<p style=\"text-align: justify\"><span style=\"font-size: 14pt\">Domingo \u2013 Dia 30 \u2013 18h &#8211;<span style=\"color: #0000ff\"><strong> \u201cDois Pontos\u201d<\/strong><\/span> (Ruidosa Alma)<\/span><\/p>\n<p style=\"text-align: justify\"><span style=\"font-size: 14pt\">Domingo \u2013 Dia 30 \u2013 19h30min \u2013 <span style=\"color: #0000ff\"><strong>\u201c8 Minutos\u201d<\/strong> <\/span>(Cia de Teatro Ina\u00e7\u00e3o)<\/span><\/p>\n<p style=\"text-align: justify\"><span style=\"font-size: 14pt\">Domingo \u2013 Dia 30 \u2013 21h30min \u2013<span style=\"color: #0000ff\"><strong> \u201cCart\u00e3o Postal\u201d<\/strong><\/span> (Coletivo Meiaoito)<\/span><\/p>\n<p>&nbsp;<\/p>\n<div id=\"attachment_8236\" style=\"width: 333px\" class=\"wp-caption aligncenter\"><img loading=\"lazy\" decoding=\"async\" aria-describedby=\"caption-attachment-8236\" class=\"wp-image-8236 size-medium\" style=\"font-family: inherit;font-style: inherit;font-weight: bold;background-color: initial;text-align: center\" src=\"https:\/\/wp.ufpel.edu.br\/artenosul\/files\/2019\/06\/64650537_2269256146668101_2181815116893257728_n-333x500.jpg\" alt=\"\" width=\"333\" height=\"500\" srcset=\"https:\/\/wp.ufpel.edu.br\/artenosul\/files\/2019\/06\/64650537_2269256146668101_2181815116893257728_n-333x500.jpg 333w, https:\/\/wp.ufpel.edu.br\/artenosul\/files\/2019\/06\/64650537_2269256146668101_2181815116893257728_n-200x300.jpg 200w, https:\/\/wp.ufpel.edu.br\/artenosul\/files\/2019\/06\/64650537_2269256146668101_2181815116893257728_n.jpg 640w\" sizes=\"auto, (max-width: 333px) 100vw, 333px\" \/><p id=\"caption-attachment-8236\" class=\"wp-caption-text\"><span style=\"color: #0000ff\"><strong>Andressa Bitencourt apresentou a conta\u00e7\u00e3o de Hist\u00f3ria &#8220;O Drag\u00e3o que s\u00f3 Comia Pipocas Exatamente Laranjas&#8221; na edi\u00e7\u00e3o de 2017\u00a0 \u00a0 \u00a0 \u00a0 \u00a0 \u00a0 \u00a0 \u00a0 (Foto: Eduardo Mancini\/Divulga\u00e7\u00e3o)<\/strong><\/span><\/p><\/div>\n<p>&nbsp;<\/p>\n<p style=\"text-align: justify\"><a href=\"http:\/\/wp.ufpel.edu.br\/artenosul\"><span style=\"color: #0000ff\"><strong><span style=\"font-size: 12pt\">PRIMEIRA P\u00c1GINA<\/span><\/strong><\/span><\/a><\/p>\n<p style=\"text-align: justify\"><span style=\"color: #0000ff\"><strong><span style=\"font-size: 12pt\">COMENT\u00c1RIOS<\/span><\/strong><\/span><\/p>\n<div data-test='contact-form'\n\t\t\tid='contact-form-8232'\n\t\t\tclass='wp-block-jetpack-contact-form-container '\n\t\t\tdata-wp-interactive='jetpack\/form' data-wp-context='{\"formId\":\"8232\",\"formHash\":\"1bd206b4846b0d6e42944ba5f4ca75258e98dbb8\",\"showErrors\":false,\"errors\":[],\"fields\":[],\"isMultiStep\":false,\"useAjax\":true,\"submissionData\":null,\"formattedSubmissionData\":[],\"submissionSuccess\":false,\"submissionError\":null,\"elementId\":\"jp-form-1bd206b4846b0d6e42944ba5f4ca75258e98dbb8\",\"isSingleInputForm\":false}'\n\t\t\tdata-wp-watch--scroll-to-wrapper=\"callbacks.scrollToWrapper\"\n\t\t>\n<div class=\"contact-form-submission contact-form-ajax-submission\" data-wp-class--submission-success=\"context.submissionSuccess\"><p class=\"go-back-message\"><a class=\"link\" role=\"button\" tabindex=\"0\" data-wp-on--click=\"actions.goBack\" href=\"\/artenosul\/wp-json\/wp\/v2\/posts\/8232\">Voltar<\/a><\/p><h4 id=\"contact-form-success-header\">Sua mensagem foi enviada<\/h4>\n\n<template data-wp-each--submission=\"context.formattedSubmissionData\">\n\t\t\t\t\t<div class=\"jetpack_forms_contact-form-success-summary\">\n\t\t\t\t\t\t<div class=\"field-name\" data-wp-text=\"context.submission.label\" data-wp-bind--hidden=\"!context.submission.label\"><\/div>\n\t\t\t\t\t\t<div class=\"field-value\" data-wp-text=\"context.submission.value\"><\/div>\n\t\t\t\t\t\t<div class=\"field-images\" data-wp-bind--hidden=\"!context.submission.images\">\n\t\t\t\t\t\t\t<template data-wp-each--image=\"context.submission.images\">\n\t\t\t\t\t\t\t\t<figure class=\"field-image\" data-wp-class--is-empty=\"!context.image\">\n\t\t\t\t\t\t\t\t\t<img data-wp-bind--src=\"context.image\" data-wp-bind--hidden=\"!context.image\" \/>\n\t\t\t\t\t\t\t\t\t<img decoding=\"async\" src=\"data:image\/gif;base64,R0lGODlhAQABAAD\/ACwAAAAAAQABAAACADs=\" data-wp-bind--hidden=\"context.image\" \/>\n\t\t\t\t\t\t\t\t<\/figure>\n\t\t\t\t\t\t\t<\/template>\n\t\t\t\t\t\t<\/div>\n\t\t\t\t\t<\/div>\n\t\t\t\t<\/template><\/div><form action='https:\/\/wp.ufpel.edu.br\/artenosul\/2019\/06\/19\/ii-mostra-pelotense-de-teatro-independente\/'\n\t\t\t\tid='jp-form-1bd206b4846b0d6e42944ba5f4ca75258e98dbb8'\n\t\t\t\tmethod='post'\n\t\t\t\tclass='contact-form commentsblock' aria-label=\"II Mostra Pelotense de Teatro Independente\"\n\t\t\t\tdata-wp-on--submit=\"actions.onFormSubmit\"\n\t\t\t\tdata-wp-on--reset=\"actions.onFormReset\"\n\t\t\t\tdata-wp-class--submission-success=\"context.submissionSuccess\"\n\t\t\t\tdata-wp-class--is-first-step=\"state.isFirstStep\"\n\t\t\t\tdata-wp-class--is-last-step=\"state.isLastStep\"\n\t\t\t\tdata-wp-class--is-ajax-form=\"context.useAjax\"\n\t\t\t\tnovalidate >\n<input type='hidden' name='jetpack_contact_form_jwt' value='eyJ0eXAiOiJKV1QiLCJhbGciOiJIUzI1NiJ9.eyJlbmNyeXB0ZWRfYXR0cmlidXRlcyI6IktMbjQ4L0dXVXhLOXErWS9IQllXNlZDMlEzajd5QXBoZ3owbEhMakw0QWlnTHQwa1lCMzdRd2VROHBQWExFWDB0bU9XclhoSjhNS2hwQVlXNXk4V3B2bytVcTBSWC83di9qOEhNSnBmRGhjTkxHRUgzRjRPL0tieENzNEY1Ti9yTm5qZm55TlhZK3BSRHRUQmVuMEFxWEZqSGwxbnZZSWNndzY0VkVuT21NSHh0OGlEZmFINi9nSXc2SWVFNmc3Nkh6OFpjaitMNm1odnNGYllGRCtqczhkMGhBZC9sTUxyd2VGRkNTbzN0Tkd0SXhudUZKYXNlWEFRRGFQTHBHL0dlb0tYVXdGeGZzVHZPY05KMWF3RVJJTmRmSzhsdUZ5Uy9IZDNnbUZBS1pqejltcytKN2xwM1JjSWhJMVJIYnZEb0swZFRjWndiWVk1TC9rYk5RTW5DMWNCeHVEUFNlQmtxeVArSVRobEV4SzA0dkVPb0x5ZStDVC9IZ1I3S3RPU0RiWFZOYzFOWkN1Mkc2cEJwV2tyVzRqdk41YldubkJYRUNTQVlTSXhJL3RjaVZKVDl0U2k2Y1N0d0pYTW5aKzdQRGNhN2pzWDB0T1hKY0RtNXJPVzJMRkNubmdzeDdFNzBtNE44U0pZTXpvZlIzUHh2ZGhlS2xJaGllelIvWDlvczlEOHVqY3N2L1dsdUpxU3F1emdFYU96aUg5SWtvZGt5c3VGakNaQ1ZvSE1jcmlJOGJ5UGtjeEpIUEtsWFFCNHRWTkd5S0pENlpZNnJ2Z3Y5c1p3U0NCaTc3RXRRVTYrWlhIdkpsNURqOFVkY2JsVmJYd0JLMXEvclRVTGR6NENjNTNLMUhKeHpiL3JLaE0vdG9lZ2l2SjNnbkIwNGRDb3JlUGdCOEpkdDZIV1ErK09rbFBRZmoxTWREbW9wS2FXdHR1eng3TkpGb3A4NlRvR0ZWN3BObU11YmY3TU82Mzcrazd4UjdlWTE3bTc1UlFKNGx4cmhod1Rtdk1nUUFtdGhjeTlSY29qMkhjOEh1bTFWWnFzYnpvWW1tSDVQQzdCckZYajVDK2RzbEZFcXdVSkFyb2hYeVVMTEUwaC9uWndyWEVmbXBBV2xUc2kyb1lncEVNbmxNVktQUEp1M2NiYytXaG4yTFZnMXFDRVNzT1R5N2ZOMmk1UWpPVWgycjhBRDV2N1JMNncrQ1B6NnNVSW1RWEFUM1JRIiwiY29udGVudCI6Iltjb250YWN0LWZpZWxkIGxhYmVsPVwiTm9tZVwiIHR5cGU9XCJuYW1lXCJdW2NvbnRhY3QtZmllbGQgbGFiZWw9XCJFLW1haWxcIiB0eXBlPVwiZW1haWxcIl1bY29udGFjdC1maWVsZCBsYWJlbD1cIk1lbnNhZ2VtXCIgdHlwZT1cInRleHRhcmVhXCJdIiwiaGFzaCI6IjFiZDIwNmI0ODQ2YjBkNmU0Mjk0NGJhNWY0Y2E3NTI1OGU5OGRiYjgiLCJzb3VyY2UiOnsiZW50cnlfdGl0bGUiOiJJSSBNb3N0cmEgUGVsb3RlbnNlIGRlIFRlYXRybyBJbmRlcGVuZGVudGUiLCJlbnRyeV9wYWdlIjoxLCJzb3VyY2VfaWQiOjgyMzIsInNvdXJjZV90eXBlIjoic2luZ2xlIiwicmVxdWVzdF91cmwiOiJodHRwczovL3dwLnVmcGVsLmVkdS5ici9hcnRlbm9zdWwvd3AtanNvbi93cC92Mi9wb3N0cy84MjMyIn0sInZlcnNpb24iOjIsImNpcGhlciI6ImFlcy0yNTYtZ2NtIn0.jRMKxgkhhFxQ1uUGn828jACAYDCdk9I9rpQbKIpCUho' \/>\n\n<div style=\"\"  data-wp-interactive=\"jetpack\/form\" data-wp-context='{\"fieldId\":\"g8232-nome\",\"fieldType\":\"name\",\"fieldLabel\":\"Nome\",\"fieldValue\":\"\",\"fieldPlaceholder\":\"\",\"fieldIsRequired\":\"\",\"fieldErrorMessage\":\"\",\"fieldExtra\":[],\"formHash\":\"1bd206b4846b0d6e42944ba5f4ca75258e98dbb8\"}'  class='grunion-field-name-wrap grunion-field-wrap'  data-wp-init='callbacks.initializeField' data-wp-on--jetpack-form-reset='callbacks.initializeField' >\n<label\n\t\t\t\tfor='g8232-nome' class=\"grunion-field-label name\" >Nome<\/label>\n<input\n\t\t\t\t\ttype='text'\n\t\t\t\t\tname='g8232-nome'\n\t\t\t\t\tid='g8232-nome'\n\t\t\t\t\tvalue=''\n\n\t\t\t\t\tdata-wp-bind--aria-invalid='state.fieldHasErrors'\n\t\t\t\t\tdata-wp-bind--value='state.getFieldValue'\n\t\t\t\t\taria-errormessage='g8232-nome-text-error-message'\n\t\t\t\t\tdata-wp-on--input='actions.onFieldChange'\n\t\t\t\t\tdata-wp-on--blur='actions.onFieldBlur'\n\t\t\t\t\tdata-wp-class--has-value='state.hasFieldValue'\n\n\t\t\t\t\tclass='name  grunion-field' \n\t\t\t\t\t \/>\n \n\t\t\t<div id=\"g8232-nome-text-error\" class=\"contact-form__input-error\" data-wp-class--has-errors=\"state.fieldHasErrors\">\n\t\t\t\t<span class=\"contact-form__warning-icon\">\n\t\t\t\t\t<svg width=\"16\" height=\"16\" viewBox=\"0 0 16 16\" fill=\"none\" xmlns=\"http:\/\/www.w3.org\/2000\/svg\">\n\t\t\t\t\t\t<path d=\"M8.50015 11.6402H7.50015V10.6402H8.50015V11.6402Z\" \/>\n\t\t\t\t\t\t<path d=\"M7.50015 9.64018H8.50015V6.30684H7.50015V9.64018Z\" \/>\n\t\t\t\t\t\t<path fill-rule=\"evenodd\" clip-rule=\"evenodd\" d=\"M6.98331 3.0947C7.42933 2.30177 8.57096 2.30177 9.01698 3.09469L13.8771 11.7349C14.3145 12.5126 13.7525 13.4735 12.8602 13.4735H3.14004C2.24774 13.4735 1.68575 12.5126 2.12321 11.7349L6.98331 3.0947ZM8.14541 3.58496C8.08169 3.47168 7.9186 3.47168 7.85488 3.58496L2.99478 12.2251C2.93229 12.3362 3.01257 12.4735 3.14004 12.4735H12.8602C12.9877 12.4735 13.068 12.3362 13.0055 12.2251L8.14541 3.58496Z\" \/>\n\t\t\t\t\t<\/svg>\n\t\t\t\t\t<span class=\"visually-hidden\">Aviso<\/span>\n\t\t\t\t<\/span>\n\t\t\t\t<span data-wp-text=\"state.errorMessage\" id=\"g8232-nome-text-error-message\" role=\"alert\" aria-live=\"assertive\"><\/span>\n\t\t\t<\/div> \n\t<\/div>\n\n<div style=\"\"  data-wp-interactive=\"jetpack\/form\" data-wp-context='{\"fieldId\":\"g8232-email\",\"fieldType\":\"email\",\"fieldLabel\":\"E-mail\",\"fieldValue\":\"\",\"fieldPlaceholder\":\"\",\"fieldIsRequired\":\"\",\"fieldErrorMessage\":\"\",\"fieldExtra\":[],\"formHash\":\"1bd206b4846b0d6e42944ba5f4ca75258e98dbb8\"}'  class='grunion-field-email-wrap grunion-field-wrap'  data-wp-init='callbacks.initializeField' data-wp-on--jetpack-form-reset='callbacks.initializeField' >\n<label\n\t\t\t\tfor='g8232-email' class=\"grunion-field-label email\" >E-mail<\/label>\n<input\n\t\t\t\t\ttype='email'\n\t\t\t\t\tname='g8232-email'\n\t\t\t\t\tid='g8232-email'\n\t\t\t\t\tvalue=''\n\n\t\t\t\t\tdata-wp-bind--aria-invalid='state.fieldHasErrors'\n\t\t\t\t\tdata-wp-bind--value='state.getFieldValue'\n\t\t\t\t\taria-errormessage='g8232-email-email-error-message'\n\t\t\t\t\tdata-wp-on--input='actions.onFieldChange'\n\t\t\t\t\tdata-wp-on--blur='actions.onFieldBlur'\n\t\t\t\t\tdata-wp-class--has-value='state.hasFieldValue'\n\n\t\t\t\t\tclass='email  grunion-field' \n\t\t\t\t\t \/>\n \n\t\t\t<div id=\"g8232-email-email-error\" class=\"contact-form__input-error\" data-wp-class--has-errors=\"state.fieldHasErrors\">\n\t\t\t\t<span class=\"contact-form__warning-icon\">\n\t\t\t\t\t<svg width=\"16\" height=\"16\" viewBox=\"0 0 16 16\" fill=\"none\" xmlns=\"http:\/\/www.w3.org\/2000\/svg\">\n\t\t\t\t\t\t<path d=\"M8.50015 11.6402H7.50015V10.6402H8.50015V11.6402Z\" \/>\n\t\t\t\t\t\t<path d=\"M7.50015 9.64018H8.50015V6.30684H7.50015V9.64018Z\" \/>\n\t\t\t\t\t\t<path fill-rule=\"evenodd\" clip-rule=\"evenodd\" d=\"M6.98331 3.0947C7.42933 2.30177 8.57096 2.30177 9.01698 3.09469L13.8771 11.7349C14.3145 12.5126 13.7525 13.4735 12.8602 13.4735H3.14004C2.24774 13.4735 1.68575 12.5126 2.12321 11.7349L6.98331 3.0947ZM8.14541 3.58496C8.08169 3.47168 7.9186 3.47168 7.85488 3.58496L2.99478 12.2251C2.93229 12.3362 3.01257 12.4735 3.14004 12.4735H12.8602C12.9877 12.4735 13.068 12.3362 13.0055 12.2251L8.14541 3.58496Z\" \/>\n\t\t\t\t\t<\/svg>\n\t\t\t\t\t<span class=\"visually-hidden\">Aviso<\/span>\n\t\t\t\t<\/span>\n\t\t\t\t<span data-wp-text=\"state.errorMessage\" id=\"g8232-email-email-error-message\" role=\"alert\" aria-live=\"assertive\"><\/span>\n\t\t\t<\/div> \n\t<\/div>\n\n<div style=\"\"  data-wp-interactive=\"jetpack\/form\" data-wp-context='{\"fieldId\":\"g8232-mensagem\",\"fieldType\":\"textarea\",\"fieldLabel\":\"Mensagem\",\"fieldValue\":\"\",\"fieldPlaceholder\":\"\",\"fieldIsRequired\":\"\",\"fieldErrorMessage\":\"\",\"fieldExtra\":[],\"formHash\":\"1bd206b4846b0d6e42944ba5f4ca75258e98dbb8\"}'  class='grunion-field-textarea-wrap grunion-field-wrap'  data-wp-init='callbacks.initializeField' data-wp-on--jetpack-form-reset='callbacks.initializeField' >\n<label\n\t\t\t\tfor='contact-form-comment-g8232-mensagem' class=\"grunion-field-label textarea\" >Mensagem<\/label>\n<textarea\n\t\t                style=''\n\t\t                name='g8232-mensagem'\n\t\t                id='contact-form-comment-g8232-mensagem'\n\t\t                rows='20'\n\t\t\t\t\t\tdata-wp-text='state.getFieldValue'\n\t\t\t\t\t\tdata-wp-on--input='actions.onFieldChange'\n\t\t\t\t\t\tdata-wp-on--blur='actions.onFieldBlur'\n\t\t\t\t\t\tdata-wp-class--has-value='state.hasFieldValue'\n\t\t\t\t\t\tdata-wp-bind--aria-invalid='state.fieldHasErrors'\n\t\t\t\t\t\taria-errormessage='g8232-mensagem-textarea-error-message'\n\t\t\t\t\t\tclass='textarea  grunion-field'  ><\/textarea>\n \n\t\t\t<div id=\"g8232-mensagem-textarea-error\" class=\"contact-form__input-error\" data-wp-class--has-errors=\"state.fieldHasErrors\">\n\t\t\t\t<span class=\"contact-form__warning-icon\">\n\t\t\t\t\t<svg width=\"16\" height=\"16\" viewBox=\"0 0 16 16\" fill=\"none\" xmlns=\"http:\/\/www.w3.org\/2000\/svg\">\n\t\t\t\t\t\t<path d=\"M8.50015 11.6402H7.50015V10.6402H8.50015V11.6402Z\" \/>\n\t\t\t\t\t\t<path d=\"M7.50015 9.64018H8.50015V6.30684H7.50015V9.64018Z\" \/>\n\t\t\t\t\t\t<path fill-rule=\"evenodd\" clip-rule=\"evenodd\" d=\"M6.98331 3.0947C7.42933 2.30177 8.57096 2.30177 9.01698 3.09469L13.8771 11.7349C14.3145 12.5126 13.7525 13.4735 12.8602 13.4735H3.14004C2.24774 13.4735 1.68575 12.5126 2.12321 11.7349L6.98331 3.0947ZM8.14541 3.58496C8.08169 3.47168 7.9186 3.47168 7.85488 3.58496L2.99478 12.2251C2.93229 12.3362 3.01257 12.4735 3.14004 12.4735H12.8602C12.9877 12.4735 13.068 12.3362 13.0055 12.2251L8.14541 3.58496Z\" \/>\n\t\t\t\t\t<\/svg>\n\t\t\t\t\t<span class=\"visually-hidden\">Aviso<\/span>\n\t\t\t\t<\/span>\n\t\t\t\t<span data-wp-text=\"state.errorMessage\" id=\"g8232-mensagem-textarea-error-message\" role=\"alert\" aria-live=\"assertive\"><\/span>\n\t\t\t<\/div>\n\t<\/div>\n\t<p class='contact-submit'>\n<div class=\"contact-form__error\" data-wp-class--show-errors=\"state.showFormErrors\"><span class=\"contact-form__warning-icon\"><span class=\"visually-hidden\">Aten\u00e7\u00e3o.<\/span><i aria-hidden=\"true\"><\/i><\/span>\n\t\t\t\t<span data-wp-text=\"state.getFormErrorMessage\"><\/span>\n\t\t\t\t<ul>\n\t\t\t\t<template data-wp-each=\"state.getErrorList\" data-wp-key=\"context.item.id\">\n\t\t\t\t\t<li><a data-wp-bind--href=\"context.item.anchor\" data-wp-on--click=\"actions.scrollIntoView\" data-wp-text=\"context.item.label\"><\/a><\/li>\n\t\t\t\t<\/template>\n\t\t\t\t<\/ul><\/div><div class=\"contact-form__error\" data-wp-class--show-errors=\"state.showSubmissionError\" data-wp-text=\"context.submissionError\"><\/div>\t\t<button type='submit' class='pushbutton-wide'>Enviar<\/button>\t\t<input type='hidden' name='contact-form-id' value='8232' \/>\n\t\t<input type='hidden' name='action' value='grunion-contact-form' \/>\n\t\t<input type='hidden' name='contact-form-hash' value='1bd206b4846b0d6e42944ba5f4ca75258e98dbb8' \/>\n\t<\/p>\n<p style=\"display: none !important;\" class=\"akismet-fields-container\" data-prefix=\"ak_\"><label>&#916;<textarea name=\"ak_hp_textarea\" cols=\"45\" rows=\"8\" maxlength=\"100\"><\/textarea><\/label><input type=\"hidden\" id=\"ak_js_1\" name=\"ak_js\" value=\"168\"\/><script>document.getElementById( \"ak_js_1\" ).setAttribute( \"value\", ( new Date() ).getTime() );<\/script><\/p><\/form>\n<\/div>\n<p style=\"text-align: justify\">\n","protected":false},"excerpt":{"rendered":"<p>&nbsp; \u00a0\u00a0\u00a0\u00a0 A II Mostra Pelotense de Teatro Independente acontece a partir do dia 24 de junho (segunda-feira) e finaliza dia 30 de junho, com a promo\u00e7\u00e3o de duas oficinas de experimenta\u00e7\u00e3o teatral, uma conta\u00e7\u00e3o de hist\u00f3ria e 12 pe\u00e7as teatrais, com grupos de cidades da regi\u00e3o, incluindo Pelotas e Rio Grande. Todas as atra\u00e7\u00f5es &hellip; <\/p>\n<p><a class=\"more-link btn\" href=\"https:\/\/wp.ufpel.edu.br\/artenosul\/2019\/06\/19\/ii-mostra-pelotense-de-teatro-independente\/\">Continue lendo<\/a><\/p>\n","protected":false},"author":571,"featured_media":8240,"comment_status":"closed","ping_status":"closed","sticky":false,"template":"","format":"standard","meta":{"jetpack_post_was_ever_published":false,"_jetpack_newsletter_access":"","_jetpack_dont_email_post_to_subs":false,"_jetpack_newsletter_tier_id":0,"_jetpack_memberships_contains_paywalled_content":false,"_jetpack_memberships_contains_paid_content":false,"footnotes":"","jetpack_publicize_message":"","jetpack_publicize_feature_enabled":true,"jetpack_social_post_already_shared":true,"jetpack_social_options":{"image_generator_settings":{"template":"highway","default_image_id":0,"font":"","enabled":false},"version":2}},"categories":[1,50],"tags":[892,893],"class_list":["post-8232","post","type-post","status-publish","format-standard","has-post-thumbnail","hentry","category-noticias","category-teatro","tag-ii-mostra-pelotense-de-teatro-independente","tag-sabe-quem-cia-de-teatro","nodate","item-wrap"],"jetpack_publicize_connections":[],"jetpack_featured_media_url":"https:\/\/wp.ufpel.edu.br\/artenosul\/files\/2019\/06\/64497327_1037856379752956_4086114881915322368_n.jpg","jetpack_sharing_enabled":true,"jetpack_likes_enabled":true,"jetpack_shortlink":"https:\/\/wp.me\/p6PuxQ-28M","jetpack-related-posts":[{"id":7873,"url":"https:\/\/wp.ufpel.edu.br\/artenosul\/2017\/12\/18\/cade-o-palco-que-tinha-aqui\/","url_meta":{"origin":8232,"position":0},"title":"Cad\u00ea o palco que tinha aqui?","author":"artenosul","date":"18 de dezembro de 2017","format":false,"excerpt":"\u00a0 \u00a0 \u00a0 Por Cassiane Ribeiro Fonseca \u00a0 \u00a0 \u00a0 Pelotas \u00e9 palco de cultura e diversidade. E isso se explica pelo crescente p\u00fablico que frequenta os diferentes espa\u00e7os de manifesta\u00e7\u00f5es art\u00edsticas, de rua ou n\u00e3o, sejam eles musicais, gastron\u00f4micos, liter\u00e1rios ou teatrais. A Voc\u00ea Sabe Quem CIA de Teatro\u2026","rel":"","context":"Em &quot;TEATRO&quot;","block_context":{"text":"TEATRO","link":"https:\/\/wp.ufpel.edu.br\/artenosul\/category\/teatro\/"},"img":{"alt_text":"","src":"https:\/\/i0.wp.com\/wp.ufpel.edu.br\/artenosul\/files\/2017\/12\/Imagem-divulga%C3%A7%C3%A3o-p%C3%A1gina-VOCE-SABE-QUEM-CIA-TEATRO-e1513599210392.jpg?resize=350%2C200&ssl=1","width":350,"height":200,"srcset":"https:\/\/i0.wp.com\/wp.ufpel.edu.br\/artenosul\/files\/2017\/12\/Imagem-divulga%C3%A7%C3%A3o-p%C3%A1gina-VOCE-SABE-QUEM-CIA-TEATRO-e1513599210392.jpg?resize=350%2C200&ssl=1 1x, https:\/\/i0.wp.com\/wp.ufpel.edu.br\/artenosul\/files\/2017\/12\/Imagem-divulga%C3%A7%C3%A3o-p%C3%A1gina-VOCE-SABE-QUEM-CIA-TEATRO-e1513599210392.jpg?resize=525%2C300&ssl=1 1.5x, https:\/\/i0.wp.com\/wp.ufpel.edu.br\/artenosul\/files\/2017\/12\/Imagem-divulga%C3%A7%C3%A3o-p%C3%A1gina-VOCE-SABE-QUEM-CIA-TEATRO-e1513599210392.jpg?resize=700%2C400&ssl=1 2x"},"classes":[]},{"id":8954,"url":"https:\/\/wp.ufpel.edu.br\/artenosul\/2020\/12\/03\/podcasts-quarenteners-companhia-e-diversao-para-tempos-dificeis\/","url_meta":{"origin":8232,"position":1},"title":"Podcasts quarenteners: companhia e divers\u00e3o para tempos dif\u00edceis","author":"artenosul","date":"3 de dezembro de 2020","format":false,"excerpt":"Por J\u00falia M\u00fcller Produ\u00e7\u00f5es pelotenses ganham destaque nas redes sociais Diante do isolamento social, muita gente se viu sozinha, solit\u00e1ria, seja de maneira f\u00edsica ou psicologicamente. E para afagar esse sentimento proporcionado pela pandemia da Covid-19, o entretenimento foi uma das sa\u00eddas para se reconectar com o mundo. Novos projetos\u2026","rel":"","context":"Em &quot;COMUNIDADE&quot;","block_context":{"text":"COMUNIDADE","link":"https:\/\/wp.ufpel.edu.br\/artenosul\/category\/comunidade\/"},"img":{"alt_text":"","src":"https:\/\/i0.wp.com\/wp.ufpel.edu.br\/artenosul\/files\/2020\/12\/imagem-destaque.jpg?resize=350%2C200&ssl=1","width":350,"height":200,"srcset":"https:\/\/i0.wp.com\/wp.ufpel.edu.br\/artenosul\/files\/2020\/12\/imagem-destaque.jpg?resize=350%2C200&ssl=1 1x, https:\/\/i0.wp.com\/wp.ufpel.edu.br\/artenosul\/files\/2020\/12\/imagem-destaque.jpg?resize=525%2C300&ssl=1 1.5x, https:\/\/i0.wp.com\/wp.ufpel.edu.br\/artenosul\/files\/2020\/12\/imagem-destaque.jpg?resize=700%2C400&ssl=1 2x, https:\/\/i0.wp.com\/wp.ufpel.edu.br\/artenosul\/files\/2020\/12\/imagem-destaque.jpg?resize=1050%2C600&ssl=1 3x"},"classes":[]},{"id":26666,"url":"https:\/\/wp.ufpel.edu.br\/artenosul\/2024\/03\/14\/do-palco-para-o-cinema-teatro-dos-gatos-pelados-participa-de-filme-gravado-em-pelotas\/","url_meta":{"origin":8232,"position":2},"title":"Do palco para o cinema: Teatro dos Gatos Pelados participa de filme gravado em Pelotas","author":"artenosul","date":"14 de mar\u00e7o de 2024","format":false,"excerpt":"\u201cPassaporte Mem\u00f3ria\u201d, uma produ\u00e7\u00e3o da Atama Filmes de Porto Alegre, teve algumas grava\u00e7\u00f5es na cidade e contou com a participa\u00e7\u00e3o de 12 alunos do Col\u00e9gio Pelotense no elenco\u00a0 \u00a0 \u00a0 \u00a0 Por Felipe Boettge\u00a0 \u00a0 \u00a0 \u00a0 \u00a0 \u00a0 Com a passagem da produ\u00e7\u00e3o de \u201cPassaporte Mem\u00f3ria\u201d um filme produzido\u2026","rel":"","context":"Em &quot;CINEMA&quot;","block_context":{"text":"CINEMA","link":"https:\/\/wp.ufpel.edu.br\/artenosul\/category\/cinema\/"},"img":{"alt_text":"","src":"https:\/\/i0.wp.com\/wp.ufpel.edu.br\/artenosul\/files\/2024\/03\/Imagem4-1.jpg?resize=350%2C200&ssl=1","width":350,"height":200},"classes":[]},{"id":26934,"url":"https:\/\/wp.ufpel.edu.br\/artenosul\/2024\/08\/03\/peca-teatral-irmas-abutre-diverte-publico-no-4-galeria-cafe\/","url_meta":{"origin":8232,"position":3},"title":"Pe\u00e7a teatral &#8216;Irm\u00e3s Abutre&#8217; diverte p\u00fablico no 4 Galeria Caf\u00e9","author":"artenosul","date":"3 de agosto de 2024","format":false,"excerpt":"Produzida pela Voc\u00ea Sabe Quem Companhia de Teatro (VSQ Cia), com apoio da Bibliotheca P\u00fablica Pelotense e da Associa\u00e7\u00e3o AmaSete, o espet\u00e1culo arrancou gargalhadas da plateia\u00a0 \u00a0 \u00a0 \u00a0 \u00a0 Por Bruna Farias e Renata \u00c1vila\u00a0 \u00a0 \u00a0 \u00a0 \u00a0 \u00a0 Considerado o vel\u00f3rio com mais gritaria e desentendimentos na\u2026","rel":"","context":"Em &quot;NOT\u00cdCIAS&quot;","block_context":{"text":"NOT\u00cdCIAS","link":"https:\/\/wp.ufpel.edu.br\/artenosul\/category\/noticias\/"},"img":{"alt_text":"","src":"https:\/\/i0.wp.com\/wp.ufpel.edu.br\/artenosul\/files\/2024\/08\/foto-2-textob.jpg?resize=350%2C200&ssl=1","width":350,"height":200,"srcset":"https:\/\/i0.wp.com\/wp.ufpel.edu.br\/artenosul\/files\/2024\/08\/foto-2-textob.jpg?resize=350%2C200&ssl=1 1x, https:\/\/i0.wp.com\/wp.ufpel.edu.br\/artenosul\/files\/2024\/08\/foto-2-textob.jpg?resize=525%2C300&ssl=1 1.5x, https:\/\/i0.wp.com\/wp.ufpel.edu.br\/artenosul\/files\/2024\/08\/foto-2-textob.jpg?resize=700%2C400&ssl=1 2x"},"classes":[]},{"id":30326,"url":"https:\/\/wp.ufpel.edu.br\/artenosul\/2026\/02\/15\/teatro-dos-gatos-pelados-conta120-anos-de-historia-e-tradicao\/","url_meta":{"origin":8232,"position":4},"title":"Teatro dos Gatos Pelados conta 120 anos de hist\u00f3ria e tradi\u00e7\u00e3o","author":"artenosul","date":"15 de fevereiro de 2026","format":false,"excerpt":"Grupo ligado ao Col\u00e9gio Municipal Pelotense tem suas origens nas atividades de artes c\u00eanicas desde o ano de 1905\u00a0 \u00a0 \u00a0\u00a0 Por Marco Ayala\u00a0 \u00a0 \u00a0 \u00a0 \u00a0 O coletivo de teatro do Col\u00e9gio Municipal Pelotense, na cidade de Pelotas, o Teatro dos Gatos Pelados, tem as suas origens nas\u2026","rel":"","context":"Em &quot;COMUNIDADE&quot;","block_context":{"text":"COMUNIDADE","link":"https:\/\/wp.ufpel.edu.br\/artenosul\/category\/comunidade\/"},"img":{"alt_text":"","src":"https:\/\/i0.wp.com\/wp.ufpel.edu.br\/artenosul\/files\/2026\/02\/Imagem-1-2.jpeg?resize=350%2C200&ssl=1","width":350,"height":200,"srcset":"https:\/\/i0.wp.com\/wp.ufpel.edu.br\/artenosul\/files\/2026\/02\/Imagem-1-2.jpeg?resize=350%2C200&ssl=1 1x, https:\/\/i0.wp.com\/wp.ufpel.edu.br\/artenosul\/files\/2026\/02\/Imagem-1-2.jpeg?resize=525%2C300&ssl=1 1.5x, https:\/\/i0.wp.com\/wp.ufpel.edu.br\/artenosul\/files\/2026\/02\/Imagem-1-2.jpeg?resize=700%2C400&ssl=1 2x, https:\/\/i0.wp.com\/wp.ufpel.edu.br\/artenosul\/files\/2026\/02\/Imagem-1-2.jpeg?resize=1050%2C600&ssl=1 3x"},"classes":[]},{"id":10466,"url":"https:\/\/wp.ufpel.edu.br\/artenosul\/2022\/04\/17\/coletivo-meiaoito-uma-companhia-teatral-independente-de-pelotas\/","url_meta":{"origin":8232,"position":5},"title":"Coletivo MeiaOito: uma companhia teatral independente de Pelotas","author":"artenosul","date":"17 de abril de 2022","format":false,"excerpt":"Por Ana Beatriz Assun\u00e7\u00e3o Garrafiel\u00a0 \u00a0 \u00a0 \u00a0\u00a0 Diretor e ator do grupo relata o funcionamento, a produ\u00e7\u00e3o e as dificuldades no seu dia a dia \u00c9 imposs\u00edvel falar da hist\u00f3ria do mundo e n\u00e3o citar o teatro. Ele acompanha a civiliza\u00e7\u00e3o desde muito antes do que podemos imaginar, e\u2026","rel":"","context":"Em &quot;NOT\u00cdCIAS&quot;","block_context":{"text":"NOT\u00cdCIAS","link":"https:\/\/wp.ufpel.edu.br\/artenosul\/category\/noticias\/"},"img":{"alt_text":"","src":"https:\/\/i0.wp.com\/wp.ufpel.edu.br\/artenosul\/files\/2022\/04\/Imagem1.png?resize=350%2C200&ssl=1","width":350,"height":200,"srcset":"https:\/\/i0.wp.com\/wp.ufpel.edu.br\/artenosul\/files\/2022\/04\/Imagem1.png?resize=350%2C200&ssl=1 1x, https:\/\/i0.wp.com\/wp.ufpel.edu.br\/artenosul\/files\/2022\/04\/Imagem1.png?resize=525%2C300&ssl=1 1.5x"},"classes":[]}],"_links":{"self":[{"href":"https:\/\/wp.ufpel.edu.br\/artenosul\/wp-json\/wp\/v2\/posts\/8232","targetHints":{"allow":["GET"]}}],"collection":[{"href":"https:\/\/wp.ufpel.edu.br\/artenosul\/wp-json\/wp\/v2\/posts"}],"about":[{"href":"https:\/\/wp.ufpel.edu.br\/artenosul\/wp-json\/wp\/v2\/types\/post"}],"author":[{"embeddable":true,"href":"https:\/\/wp.ufpel.edu.br\/artenosul\/wp-json\/wp\/v2\/users\/571"}],"replies":[{"embeddable":true,"href":"https:\/\/wp.ufpel.edu.br\/artenosul\/wp-json\/wp\/v2\/comments?post=8232"}],"version-history":[{"count":10,"href":"https:\/\/wp.ufpel.edu.br\/artenosul\/wp-json\/wp\/v2\/posts\/8232\/revisions"}],"predecessor-version":[{"id":8250,"href":"https:\/\/wp.ufpel.edu.br\/artenosul\/wp-json\/wp\/v2\/posts\/8232\/revisions\/8250"}],"wp:featuredmedia":[{"embeddable":true,"href":"https:\/\/wp.ufpel.edu.br\/artenosul\/wp-json\/wp\/v2\/media\/8240"}],"wp:attachment":[{"href":"https:\/\/wp.ufpel.edu.br\/artenosul\/wp-json\/wp\/v2\/media?parent=8232"}],"wp:term":[{"taxonomy":"category","embeddable":true,"href":"https:\/\/wp.ufpel.edu.br\/artenosul\/wp-json\/wp\/v2\/categories?post=8232"},{"taxonomy":"post_tag","embeddable":true,"href":"https:\/\/wp.ufpel.edu.br\/artenosul\/wp-json\/wp\/v2\/tags?post=8232"}],"curies":[{"name":"wp","href":"https:\/\/api.w.org\/{rel}","templated":true}]}}