{"id":7971,"date":"2018-02-04T12:20:18","date_gmt":"2018-02-04T14:20:18","guid":{"rendered":"https:\/\/wp.ufpel.edu.br\/artenosul\/?p=7971"},"modified":"2018-02-04T12:30:06","modified_gmt":"2018-02-04T14:30:06","slug":"os-carolas-levam-sua-arte-a-todos-os-lugares","status":"publish","type":"post","link":"https:\/\/wp.ufpel.edu.br\/artenosul\/2018\/02\/04\/os-carolas-levam-sua-arte-a-todos-os-lugares\/","title":{"rendered":"Os Carolas levam sua arte a todos os lugares"},"content":{"rendered":"<div id=\"attachment_7974\" style=\"width: 698px\" class=\"wp-caption aligncenter\"><img loading=\"lazy\" decoding=\"async\" aria-describedby=\"caption-attachment-7974\" class=\"wp-image-7974\" src=\"https:\/\/wp.ufpel.edu.br\/artenosul\/files\/2018\/02\/Rayane1-500x375.jpg\" alt=\"\" width=\"698\" height=\"528\" \/><p id=\"caption-attachment-7974\" class=\"wp-caption-text\"><span style=\"color: #000000\"><strong>Grupo carioca atua\u00a0 na Ilha do Governador com a proposta de descentralizar a produ\u00e7\u00e3o teatral\u00a0 \u00a0 \u00a0 \u00a0 \u00a0 \u00a0 \u00a0 \u00a0 \u00a0 Foto: Reprodu\u00e7\u00e3o Facebook<\/strong><\/span><\/p><\/div>\n<p style=\"text-align: right\"><span style=\"font-size: 12pt\">Rayane Lacerda<\/span><\/p>\n<p><span style=\"font-size: 12pt\"><em>\u00a0<\/em><\/span><\/p>\n<p><span style=\"font-size: 12pt\">\u00a0 \u00a0 \u00a0No Rio de Janeiro, um grupo de teatro vem recebendo destaque devido a sua forma de divulgar e ganhar a aten\u00e7\u00e3o do p\u00fablico. Os Carolas realizam interven\u00e7\u00f5es culturais e urbanas na cidade, reproduzindo cenas com os atores em espa\u00e7os p\u00fablicos, tais como as pra\u00e7as pr\u00f3ximas aos teatros onde fazem apresenta\u00e7\u00f5es. \u00c9 uma ideia sugestiva para os produtores de espet\u00e1culos em Pelotas e que enfatiza a import\u00e2ncia de projetos semelhantes que vem sendo promovidos por grupos pelotenses.<\/span><\/p>\n<p><span style=\"font-size: 12pt\">Ao conversar com Nath\u00e1lia Ara\u00fajo, 21, uma das atrizes do grupo, pode-se compreender a import\u00e2ncia dessas atividades culturais. \u201cAqui no Rio a cultura do teatro \u00e9 muito restrita na Zona Sul. As outras \u00e1reas mais carentes n\u00e3o t\u00eam muitas pe\u00e7as ou coisas do tipo. A gente acredita que essas interven\u00e7\u00f5es s\u00e3o uma boa forma de levar o p\u00fablico ao teatro\u201d, explica.<\/span><\/p>\n<p><span style=\"font-size: 12pt\">Al\u00e9m disso, o grupo prova que as pessoas de classes desfavorecidas socialmente gostam de teatro tanto quanto quem possui f\u00e1cil acesso \u00e0 arte. Para os artistas, n\u00e3o \u00e9 somente essencial a ocupa\u00e7\u00e3o dos espa\u00e7os culturais com projetos que rendam bastante p\u00fablico, mas que os resultados tamb\u00e9m sejam uma prova de que a popula\u00e7\u00e3o gosta de teatro e precisa desse tipo de atividade.<\/span><\/p>\n<p><strong><span style=\"font-size: 16px\">Funda\u00e7\u00e3o do grupo<\/span><\/strong><\/p>\n<p><span style=\"font-size: 12pt\">A Companhia de Teatro Os Carolas surgiu em 2015 na Ilha do Governador \u2013 lado ocidental da Ba\u00eda de Guanabara, no Rio de Janeiro, e compreende quatorze bairros da cidade. Com 10 integrantes, descentralizar o incentivo \u00e0 cultura e \u00e0 arte \u00e9 o foco principal. \u201cQueremos elevar a arte insulana [naturalidade da Ilha do Governador] e que venham mais investimentos para a arte da Ilha, que \u00e9 muito carente nesse quesito\u201d, defende Nath\u00e1lia. E completa: \u201cTodos os grupos art\u00edsticos da Ilha t\u00eam muita dificuldade de ascens\u00e3o. Queremos incentivar trazendo recursos de qualidade para eles\u201d.<\/span><\/p>\n<p><strong><span style=\"font-size: 12pt\"><em>Dona Carola<\/em>, a pe\u00e7a em cartaz<\/span><\/strong><\/p>\n<p>&nbsp;<\/p>\n<div id=\"attachment_7975\" style=\"width: 705px\" class=\"wp-caption alignright\"><img loading=\"lazy\" decoding=\"async\" aria-describedby=\"caption-attachment-7975\" class=\"wp-image-7975\" src=\"https:\/\/wp.ufpel.edu.br\/artenosul\/files\/2018\/02\/Rayane2-500x333.jpg\" alt=\"\" width=\"705\" height=\"474\" \/><p id=\"caption-attachment-7975\" class=\"wp-caption-text\"><span style=\"color: #000000\"><strong>Espet\u00e1culo\u00a0 \u00e9 uma com\u00e9dia sobre rela\u00e7\u00f5es de um homem com sua m\u00e3e conservadora e superprotetora\u00a0 \u00a0 \u00a0Foto: Rebecca R\u00fabia\/Divulga\u00e7\u00e3o<\/strong><\/span><\/p><\/div>\n<p><span style=\"font-size: 12pt\">A atual e primeira pe\u00e7a em cartaz do grupo chama-se <em>Dona Carola<\/em> e traz como tem\u00e1tica principal a conviv\u00eancia de um filho jovem com a sua m\u00e3e idosa. \u00c9 uma com\u00e9dia voltada para o p\u00fablico adulto, escrita por Aloisio Villar em 1998. O autor, que possui mais de 20 textos teatrais encenados em todo Brasil e Lisboa, resolveu adaptar seu conto para o teatro em 2014, quando foi encenada no interior de S\u00e3o Paulo. A pe\u00e7a usa uma linguagem simples e coloquial, com a inten\u00e7\u00e3o de gerar um humor de f\u00e1cil compreens\u00e3o. As piadas s\u00e3o baseadas em situa\u00e7\u00f5es consideradas constrangedoras por um filho que possui uma m\u00e3e conservadora, o que gera f\u00e1cil identifica\u00e7\u00e3o dos espectadores com a pe\u00e7a.<\/span><\/p>\n<p><span style=\"font-size: 12pt\">O grupo tamb\u00e9m busca refor\u00e7ar a campanha \u201cEu quero um teatro na Ilha\u201d, iniciada em 2014 por artistas do bairro preocupados com a cultura local. Segundo eles, a inten\u00e7\u00e3o do movimento \u00e9 \u201creabrir o Teatro \u00d3peron para uso p\u00fablico, com a ideia de mostrar como \u00e9 dif\u00edcil fazer teatro no bairro, devido \u00e0 falta de espa\u00e7os, o que dificulta o crescimento de grupos teatrais aqui\u201d. A campanha iniciou ap\u00f3s o fechamento da Casa de Cultura Elbe de Holanda devido \u00e0 falta de verba para manter o espa\u00e7o. \u201cO diretor Gilberto D&#8217;alma, que trabalhava l\u00e1, junto com outros artistas da Ilha, deu in\u00edcio \u00e0 campanha em 2014. para a regi\u00e3o voltar a ter um espa\u00e7o cultural com cursos de teatro, pintura, etc.\u201d, explica Nath\u00e1lia.<\/span><\/p>\n<p><strong><span style=\"font-size: 12pt\">Carla, a nora de Dona Carola<\/span><\/strong><\/p>\n<div id=\"attachment_7977\" style=\"width: 500px\" class=\"wp-caption alignright\"><img loading=\"lazy\" decoding=\"async\" aria-describedby=\"caption-attachment-7977\" class=\"wp-image-7977 size-medium\" src=\"https:\/\/wp.ufpel.edu.br\/artenosul\/files\/2018\/02\/Rayane3-e1517753658488-500x496.jpg\" alt=\"\" width=\"500\" height=\"496\" srcset=\"https:\/\/wp.ufpel.edu.br\/artenosul\/files\/2018\/02\/Rayane3-e1517753658488-500x496.jpg 500w, https:\/\/wp.ufpel.edu.br\/artenosul\/files\/2018\/02\/Rayane3-e1517753658488-300x298.jpg 300w, https:\/\/wp.ufpel.edu.br\/artenosul\/files\/2018\/02\/Rayane3-e1517753658488-50x50.jpg 50w, https:\/\/wp.ufpel.edu.br\/artenosul\/files\/2018\/02\/Rayane3-e1517753658488.jpg 767w\" sizes=\"auto, (max-width: 500px) 100vw, 500px\" \/><p id=\"caption-attachment-7977\" class=\"wp-caption-text\"><span style=\"color: #000000\"><strong>Nath\u00e1lia Ara\u00fajo interpreta personagem Carla que causa indigna\u00e7\u00e3o do p\u00fablico Foto: Reprodu\u00e7\u00e3o\/Facebook<\/strong><\/span><\/p><\/div>\n<p><span style=\"font-size: 12pt\">Nath\u00e1lia fala com orgulho de sua personagem na pe\u00e7a. Ela explica que interpreta a nora de Dona Carola, namorada do Henrique, seu filho. \u201c\u00c9 uma figura bem geniosa e com personalidade forte, muito decidida. Gosto muito de fazer este papel. Sinto que o p\u00fablico sente raiva do jeito dela e gosto de conseguir causar isso, mesmo sem ser a personagem principal\u201d, expressa.<\/span><span style=\"font-size: 12pt\"><strong>\u00a0<\/strong><\/span><\/p>\n<p><span style=\"font-size: 12pt\">Ela destaca os resultados positivos que est\u00e1 percebendo no decorrer de todas as apresenta\u00e7\u00f5es j\u00e1 feitas: \u201cA experi\u00eancia est\u00e1 sendo \u00f3tima! \u00c9 a primeira pe\u00e7a adulta, com um cunho mais s\u00e9rio, ent\u00e3o estou amando. \u00c9 \u00f3timo estar em uma pe\u00e7a que est\u00e1 fazendo sucesso, pois pretendo estudar artes c\u00eanicas e ser atriz\u201d, compartilha Nath\u00e1lia.<\/span><\/p>\n<p><span style=\"font-size: 12pt\">O objetivo de expandir o teatro para as zonas perif\u00e9ricas tamb\u00e9m faz com que ela se interesse cada vez mais pelo ramo. Ao final da conversa, ela afirma que pretende, um dia, abrir um teatro de qualidade e reconhecido<\/span> <span style=\"font-size: 12pt\">na Ilha do Governador.<\/span><span style=\"font-size: 12pt\"><strong>\u00a0<\/strong><\/span><span style=\"font-size: 12pt\"><strong>\u00a0<\/strong><\/span><\/p>\n<p><strong><span style=\"font-size: 12pt\">\u00a0<\/span><span style=\"font-size: 12pt\">O dramaturgo<\/span><\/strong><\/p>\n<div id=\"attachment_7978\" style=\"width: 441px\" class=\"wp-caption alignright\"><img loading=\"lazy\" decoding=\"async\" aria-describedby=\"caption-attachment-7978\" class=\"wp-image-7978\" src=\"https:\/\/wp.ufpel.edu.br\/artenosul\/files\/2018\/02\/Rayane4.jpg\" alt=\"\" width=\"441\" height=\"296\" \/><p id=\"caption-attachment-7978\" class=\"wp-caption-text\"><span style=\"color: #000000\"><strong>Aloisio Villar acompanhou no teatro primeira apresenta\u00e7\u00e3o da pe\u00e7a Foto: Arquivo Pessoal<\/strong><\/span><\/p><\/div>\n<p><span style=\"font-size: 12pt\">Aloisio Villar, escritor da pe\u00e7a, iniciou a sua carreira art\u00edstica como compositor de escolas de samba aos 20 anos de idade. Com seu texto em formato de pe\u00e7a em cartaz, ele compartilhou suas inseguran\u00e7as e como foi o seu processo de escrita em 1998, ano em que teve a criatividade de produzir o texto <em>Dona Carola<\/em>. Inicialmente, esses contos foram publicados no site Ouro de Rolo entre os anos de 2012 e 2014. Quando questionado sobre a sua inspira\u00e7\u00e3o, comenta que foi motivado pelo filme <em>Contos de Nova York<\/em>, de Woody Allen, \u201cem que uma das hist\u00f3rias era sobre uma m\u00e3e t\u00e3o superprotetora que tomava conta da vida do filho mesmo depois de morta\u201d.<\/span><\/p>\n<p><span style=\"font-size: 12pt\"><em>Dona Carola<\/em> surgiu em formato de conto at\u00e9 o escritor reencontrar a sua obra em 2014 e decidir transformar em pe\u00e7a teatral. Dois amigos foram os primeiros a conhecer a pe\u00e7a e aprovaram o conte\u00fado. \u201cInseguran\u00e7a sempre tem, eu tive mais no come\u00e7o at\u00e9 dominar o texto, os personagens\u201d, lembra sobre o in\u00edcio da sua adapta\u00e7\u00e3o para o teatro. E como ele fez para superar tais inseguran\u00e7as? Respeitando o seu pr\u00f3prio tempo de produzir arte. \u201cCom algumas cenas consegui pegar o jeito dos personagens e deixei que eles conduzissem a hist\u00f3ria\u201d, explica.<\/span><\/p>\n<p><span style=\"font-size: 12pt\">Sobre as diversas rea\u00e7\u00f5es durante as apresenta\u00e7\u00f5es da pe\u00e7a, ele deixa uma linda frase: \u201cA l\u00e1grima e a gargalhada s\u00e3o das maiores emo\u00e7\u00f5es humanas\u201d.<\/span><\/p>\n<p><span style=\"font-size: 12pt\">Outras duas pe\u00e7as ser\u00e3o apresentadas por meio da parceria de Aloisio com o grupo Os Carolas, que se chamam <em>Confiss\u00f5es de uma velha senhora<\/em> e <em>Folhetim<\/em>. Villar afirma que a inten\u00e7\u00e3o \u00e9 levar essas pe\u00e7as para outros teatros do Rio de Janeiro, assim como dar continuidade \u00e0 proposta de descentraliza\u00e7\u00e3o da arte. Cada vez mais a arte busca alcan\u00e7ar todos os espa\u00e7os e todos os p\u00fablicos.<\/span><\/p>\n<p><strong><span style=\"font-size: 12pt\">Links importantes<\/span><\/strong><\/p>\n<p><span style=\"font-size: 12pt\"><a href=\"http:\/\/aloisiovillar.blogspot.com.br\/\" target=\"_blank\" rel=\"noopener\">Blog do autor da pe\u00e7a<\/a><\/span><\/p>\n<p><span style=\"font-size: 12pt\"><a href=\"http:\/\/www.facebook.com\/pecadonacarola\" target=\"_blank\" rel=\"noopener\">Fanpage do grupo Os Carolas<\/a><\/span><\/p>\n<p><span style=\"font-size: 12pt\"><a href=\"http:\/\/www.pedromigao.com.br\/ourodetolo\" target=\"_blank\" rel=\"noopener\">Site onde o conto foi publicado<\/a><\/span><\/p>\n<p><strong><span style=\"font-size: 12pt\">Ficha T\u00e9cnica<\/span><\/strong><\/p>\n<p><span style=\"font-size: 12pt\"><strong>Texto<\/strong>: Aloisio Villar<\/span><\/p>\n<p><span style=\"font-size: 12pt\"><strong>Dire\u00e7\u00e3o, maquiagem, arte gr\u00e1fica e sonoplastia<\/strong>: Johnny Lima<\/span><\/p>\n<p><span style=\"font-size: 12pt\"><strong>Produ\u00e7\u00e3o<\/strong>: Jeane Fontes<\/span><\/p>\n<p><span style=\"font-size: 12pt\"><strong>Figurinos e cen\u00e1rio<\/strong>: Cia. Os Carolas<\/span><\/p>\n<p>&nbsp;<\/p>\n<p><span style=\"font-size: 12pt\"><strong>Operador de som<\/strong>: Danny Ferre<\/span><\/p>\n<p><span style=\"font-size: 12pt\"><strong>Elenco:<\/strong><\/span><\/p>\n<p><span style=\"font-size: 12pt\">Aleson Ara\u00fajo<\/span><\/p>\n<p><span style=\"font-size: 12pt\"> Maz Braian <\/span><\/p>\n<p><span style=\"font-size: 12pt\">Arthur Khalil<\/span><\/p>\n<p><span style=\"font-size: 12pt\">Nath\u00e1lia Ara\u00fajo<\/span><\/p>\n<p><span style=\"font-size: 12pt\"> Andreza Oliveira <\/span><\/p>\n<p><span style=\"font-size: 12pt\">Jeane Fontes<\/span><\/p>\n<p><span style=\"font-size: 12pt\"> Johnny Lima<\/span><\/p>\n<p><span style=\"font-size: 12pt\"> Loyana Borges<\/span><\/p>\n<p><span style=\"font-size: 12pt\"> Filipe de Souza<\/span><\/p>\n<p><span style=\"font-size: 12pt\"> Victor Veiga<\/span><\/p>\n<p><a href=\"http:\/\/wp.ufpel.edu.br\/artenosul\"><strong><span style=\"font-size: 12pt\">PRIMEIRA P\u00c1GINA<\/span><\/strong><\/a><\/p>\n<p><strong><span style=\"font-size: 12pt\">COMENT\u00c1RIOS<\/span><\/strong><\/p>\n<div data-test='contact-form'\n\t\t\tid='contact-form-7971'\n\t\t\tclass='wp-block-jetpack-contact-form-container '\n\t\t\tdata-wp-interactive='jetpack\/form' data-wp-context='{\"formId\":\"7971\",\"formHash\":\"317624cd60529e119553b5720d8e98aa533af042\",\"showErrors\":false,\"errors\":[],\"fields\":[],\"isMultiStep\":false,\"useAjax\":true,\"submissionData\":null,\"formattedSubmissionData\":[],\"submissionSuccess\":false,\"submissionError\":null,\"elementId\":\"jp-form-317624cd60529e119553b5720d8e98aa533af042\",\"isSingleInputForm\":false}'\n\t\t\tdata-wp-watch--scroll-to-wrapper=\"callbacks.scrollToWrapper\"\n\t\t>\n<div class=\"contact-form-submission contact-form-ajax-submission\" data-wp-class--submission-success=\"context.submissionSuccess\"><p class=\"go-back-message\"><a class=\"link\" role=\"button\" tabindex=\"0\" data-wp-on--click=\"actions.goBack\" href=\"\/artenosul\/wp-json\/wp\/v2\/posts\/7971\">Voltar<\/a><\/p><h4 id=\"contact-form-success-header\">Sua mensagem foi enviada<\/h4>\n\n<template data-wp-each--submission=\"context.formattedSubmissionData\">\n\t\t\t\t\t<div class=\"jetpack_forms_contact-form-success-summary\">\n\t\t\t\t\t\t<div class=\"field-name\" data-wp-text=\"context.submission.label\" data-wp-bind--hidden=\"!context.submission.label\"><\/div>\n\t\t\t\t\t\t<div class=\"field-value\" data-wp-text=\"context.submission.value\"><\/div>\n\t\t\t\t\t\t<div class=\"field-images\" data-wp-bind--hidden=\"!context.submission.images\">\n\t\t\t\t\t\t\t<template data-wp-each--image=\"context.submission.images\">\n\t\t\t\t\t\t\t\t<figure class=\"field-image\" data-wp-class--is-empty=\"!context.image\">\n\t\t\t\t\t\t\t\t\t<img data-wp-bind--src=\"context.image\" data-wp-bind--hidden=\"!context.image\" \/>\n\t\t\t\t\t\t\t\t\t<img decoding=\"async\" src=\"data:image\/gif;base64,R0lGODlhAQABAAD\/ACwAAAAAAQABAAACADs=\" data-wp-bind--hidden=\"context.image\" \/>\n\t\t\t\t\t\t\t\t<\/figure>\n\t\t\t\t\t\t\t<\/template>\n\t\t\t\t\t\t<\/div>\n\t\t\t\t\t<\/div>\n\t\t\t\t<\/template><\/div><form action='https:\/\/wp.ufpel.edu.br\/artenosul\/2018\/02\/04\/os-carolas-levam-sua-arte-a-todos-os-lugares\/'\n\t\t\t\tid='jp-form-317624cd60529e119553b5720d8e98aa533af042'\n\t\t\t\tmethod='post'\n\t\t\t\tclass='contact-form commentsblock' aria-label=\"Os Carolas levam sua arte a todos os lugares\"\n\t\t\t\tdata-wp-on--submit=\"actions.onFormSubmit\"\n\t\t\t\tdata-wp-on--reset=\"actions.onFormReset\"\n\t\t\t\tdata-wp-class--submission-success=\"context.submissionSuccess\"\n\t\t\t\tdata-wp-class--is-first-step=\"state.isFirstStep\"\n\t\t\t\tdata-wp-class--is-last-step=\"state.isLastStep\"\n\t\t\t\tdata-wp-class--is-ajax-form=\"context.useAjax\"\n\t\t\t\tnovalidate >\n<input type='hidden' name='jetpack_contact_form_jwt' value='eyJ0eXAiOiJKV1QiLCJhbGciOiJIUzI1NiJ9.eyJlbmNyeXB0ZWRfYXR0cmlidXRlcyI6ImFVZlR3UUVvVmRuY1dvRm5hMGx0WlFDcnh3eHdRZWFlRkJ5a2QrU1QvN1VCdEkwdnljcjhKS0oxdlpBMTBEbk1iSkRRd0h4bTJkV2Zva1hUdDhlT3drVDAzaDFGMER0b2xFSFVVemJrdHBVN1R5Q21nVDhiSnh4ZjR5Rm5uNHA4NWo5UFBJaXhONjc2NmxrQ0djdUNPcGRQZXNxZDNtZnU2RDU2KzZzRWJ4WDYybTJZMlkyRTZOVzlEV1Y0cC9VTHNUZEN2Qjdrb2U5N1BSUlN3RWlqNlVLNG9rWEtWaDFVTGU5RmdyaytOdWxoM2dicFdITDh6NnJyUXhMMjJTSjhjUXBmdGdTZDF6bU9HNHRIWEJ4R0pQcEJHQXB4WVJ5dzVlSlRQd3RmU2pnR1VvNGZDRVlDeTJNVk93KzZiTnFSdVUvRUhaQ1pPT2JMYjNOeVJmWCtRR0g1RCtzcW56ZU1jYzcxbkwwT1JyZUZkYUhabHNuUDU3em91dVNVZnErd2FtMEwrTjdBWmNJQllNSGoyTU14a1o3bFJlUlR1aXNCNmhyOXdETzBqSG54SmU0U1Q1WnBmVTdEb0d3SVNXTzJtMDBRbjZGdkZUZmdDM2V4ek5OOVBVSTh6dGsrTm5RMmtFMEFxMmRXckw4Rko2azVtNEsxMW00RmprdUFyYmd2SkE1WVpHUjhvUEI2WUtmeFFqWC9KSzhXYUdYQk80QUZLcExvelFmMnF0aU40RUpUdW9salZDbmJwbDljMlhveThoN09WVXQ4VWdJTlVySWs3Y0ttSGtPSnhkOXM1V1Y3ZFVQMVdSbitOY2xKakJ4N0RTSkNVbjBlWUhHMFluQzM4VFFXM2tiQjJqZ1NGSEI0SFN1UjcrOHBMVG8vd1ZjRHNOSnBMVVFaeWlLaitKSmxwV1poTWRJaEJoWUV4UUxjaUVwN1JZWWV2SWtPN01GNkRrYm5aaEkyWlBROWx3anRqTW9XZmd6ckxUOEIzWTZ6TUF3TjZZNGgzampFVlpFbkYxaTZOTGhaMzFHR29Ra1FvaG5mUzZ4YTdsWjdnemY3d0FBaUErcFo0bGVxcitzTUUycHpFR1g3WkJGZlQ4ZXR3MEt0MkVIb1FwN1prMGFZTTFhUjN0Y2MyNUsrekI1OHlGV25rREwwNVBJWlNLNHE0bEFVazlyUXQrbjdsMFE1ZlBvQ0NvSjNtb1FjbTE0dUpzQ2V5V1N6Mi9NPSIsImNvbnRlbnQiOiJbY29udGFjdC1maWVsZCBsYWJlbD1cIk5vbWVcIiB0eXBlPVwibmFtZVwiXVtjb250YWN0LWZpZWxkIGxhYmVsPVwiRS1tYWlsXCIgdHlwZT1cImVtYWlsXCJdW2NvbnRhY3QtZmllbGQgbGFiZWw9XCJNZW5zYWdlbVwiIHR5cGU9XCJ0ZXh0YXJlYVwiXSIsImhhc2giOiIzMTc2MjRjZDYwNTI5ZTExOTU1M2I1NzIwZDhlOThhYTUzM2FmMDQyIiwic291cmNlIjp7ImVudHJ5X3RpdGxlIjoiT3MgQ2Fyb2xhcyBsZXZhbSBzdWEgYXJ0ZSBhIHRvZG9zIG9zIGx1Z2FyZXMiLCJlbnRyeV9wYWdlIjoxLCJzb3VyY2VfaWQiOjc5NzEsInNvdXJjZV90eXBlIjoic2luZ2xlIiwicmVxdWVzdF91cmwiOiJodHRwczovL3dwLnVmcGVsLmVkdS5ici9hcnRlbm9zdWwvd3AtanNvbi93cC92Mi9wb3N0cy83OTcxIn0sInZlcnNpb24iOjIsImNpcGhlciI6ImFlcy0yNTYtZ2NtIn0.2MXWSzHrf_qFcEkncbLMKATfilez-QrukLgVFnUGeiY' \/>\n\n<div style=\"\"  data-wp-interactive=\"jetpack\/form\" data-wp-context='{\"fieldId\":\"g7971-nome\",\"fieldType\":\"name\",\"fieldLabel\":\"Nome\",\"fieldValue\":\"\",\"fieldPlaceholder\":\"\",\"fieldIsRequired\":\"\",\"fieldErrorMessage\":\"\",\"fieldExtra\":[],\"formHash\":\"317624cd60529e119553b5720d8e98aa533af042\"}'  class='grunion-field-name-wrap grunion-field-wrap'  data-wp-init='callbacks.initializeField' data-wp-on--jetpack-form-reset='callbacks.initializeField' >\n<label\n\t\t\t\tfor='g7971-nome' class=\"grunion-field-label name\" >Nome<\/label>\n<input\n\t\t\t\t\ttype='text'\n\t\t\t\t\tname='g7971-nome'\n\t\t\t\t\tid='g7971-nome'\n\t\t\t\t\tvalue=''\n\n\t\t\t\t\tdata-wp-bind--aria-invalid='state.fieldHasErrors'\n\t\t\t\t\tdata-wp-bind--value='state.getFieldValue'\n\t\t\t\t\taria-errormessage='g7971-nome-text-error-message'\n\t\t\t\t\tdata-wp-on--input='actions.onFieldChange'\n\t\t\t\t\tdata-wp-on--blur='actions.onFieldBlur'\n\t\t\t\t\tdata-wp-class--has-value='state.hasFieldValue'\n\n\t\t\t\t\tclass='name  grunion-field' \n\t\t\t\t\t \/>\n \n\t\t\t<div id=\"g7971-nome-text-error\" class=\"contact-form__input-error\" data-wp-class--has-errors=\"state.fieldHasErrors\">\n\t\t\t\t<span class=\"contact-form__warning-icon\">\n\t\t\t\t\t<svg width=\"16\" height=\"16\" viewBox=\"0 0 16 16\" fill=\"none\" xmlns=\"http:\/\/www.w3.org\/2000\/svg\">\n\t\t\t\t\t\t<path d=\"M8.50015 11.6402H7.50015V10.6402H8.50015V11.6402Z\" \/>\n\t\t\t\t\t\t<path d=\"M7.50015 9.64018H8.50015V6.30684H7.50015V9.64018Z\" \/>\n\t\t\t\t\t\t<path fill-rule=\"evenodd\" clip-rule=\"evenodd\" d=\"M6.98331 3.0947C7.42933 2.30177 8.57096 2.30177 9.01698 3.09469L13.8771 11.7349C14.3145 12.5126 13.7525 13.4735 12.8602 13.4735H3.14004C2.24774 13.4735 1.68575 12.5126 2.12321 11.7349L6.98331 3.0947ZM8.14541 3.58496C8.08169 3.47168 7.9186 3.47168 7.85488 3.58496L2.99478 12.2251C2.93229 12.3362 3.01257 12.4735 3.14004 12.4735H12.8602C12.9877 12.4735 13.068 12.3362 13.0055 12.2251L8.14541 3.58496Z\" \/>\n\t\t\t\t\t<\/svg>\n\t\t\t\t\t<span class=\"visually-hidden\">Aviso<\/span>\n\t\t\t\t<\/span>\n\t\t\t\t<span data-wp-text=\"state.errorMessage\" id=\"g7971-nome-text-error-message\" role=\"alert\" aria-live=\"assertive\"><\/span>\n\t\t\t<\/div> \n\t<\/div>\n\n<div style=\"\"  data-wp-interactive=\"jetpack\/form\" data-wp-context='{\"fieldId\":\"g7971-email\",\"fieldType\":\"email\",\"fieldLabel\":\"E-mail\",\"fieldValue\":\"\",\"fieldPlaceholder\":\"\",\"fieldIsRequired\":\"\",\"fieldErrorMessage\":\"\",\"fieldExtra\":[],\"formHash\":\"317624cd60529e119553b5720d8e98aa533af042\"}'  class='grunion-field-email-wrap grunion-field-wrap'  data-wp-init='callbacks.initializeField' data-wp-on--jetpack-form-reset='callbacks.initializeField' >\n<label\n\t\t\t\tfor='g7971-email' class=\"grunion-field-label email\" >E-mail<\/label>\n<input\n\t\t\t\t\ttype='email'\n\t\t\t\t\tname='g7971-email'\n\t\t\t\t\tid='g7971-email'\n\t\t\t\t\tvalue=''\n\n\t\t\t\t\tdata-wp-bind--aria-invalid='state.fieldHasErrors'\n\t\t\t\t\tdata-wp-bind--value='state.getFieldValue'\n\t\t\t\t\taria-errormessage='g7971-email-email-error-message'\n\t\t\t\t\tdata-wp-on--input='actions.onFieldChange'\n\t\t\t\t\tdata-wp-on--blur='actions.onFieldBlur'\n\t\t\t\t\tdata-wp-class--has-value='state.hasFieldValue'\n\n\t\t\t\t\tclass='email  grunion-field' \n\t\t\t\t\t \/>\n \n\t\t\t<div id=\"g7971-email-email-error\" class=\"contact-form__input-error\" data-wp-class--has-errors=\"state.fieldHasErrors\">\n\t\t\t\t<span class=\"contact-form__warning-icon\">\n\t\t\t\t\t<svg width=\"16\" height=\"16\" viewBox=\"0 0 16 16\" fill=\"none\" xmlns=\"http:\/\/www.w3.org\/2000\/svg\">\n\t\t\t\t\t\t<path d=\"M8.50015 11.6402H7.50015V10.6402H8.50015V11.6402Z\" \/>\n\t\t\t\t\t\t<path d=\"M7.50015 9.64018H8.50015V6.30684H7.50015V9.64018Z\" \/>\n\t\t\t\t\t\t<path fill-rule=\"evenodd\" clip-rule=\"evenodd\" d=\"M6.98331 3.0947C7.42933 2.30177 8.57096 2.30177 9.01698 3.09469L13.8771 11.7349C14.3145 12.5126 13.7525 13.4735 12.8602 13.4735H3.14004C2.24774 13.4735 1.68575 12.5126 2.12321 11.7349L6.98331 3.0947ZM8.14541 3.58496C8.08169 3.47168 7.9186 3.47168 7.85488 3.58496L2.99478 12.2251C2.93229 12.3362 3.01257 12.4735 3.14004 12.4735H12.8602C12.9877 12.4735 13.068 12.3362 13.0055 12.2251L8.14541 3.58496Z\" \/>\n\t\t\t\t\t<\/svg>\n\t\t\t\t\t<span class=\"visually-hidden\">Aviso<\/span>\n\t\t\t\t<\/span>\n\t\t\t\t<span data-wp-text=\"state.errorMessage\" id=\"g7971-email-email-error-message\" role=\"alert\" aria-live=\"assertive\"><\/span>\n\t\t\t<\/div> \n\t<\/div>\n\n<div style=\"\"  data-wp-interactive=\"jetpack\/form\" data-wp-context='{\"fieldId\":\"g7971-mensagem\",\"fieldType\":\"textarea\",\"fieldLabel\":\"Mensagem\",\"fieldValue\":\"\",\"fieldPlaceholder\":\"\",\"fieldIsRequired\":\"\",\"fieldErrorMessage\":\"\",\"fieldExtra\":[],\"formHash\":\"317624cd60529e119553b5720d8e98aa533af042\"}'  class='grunion-field-textarea-wrap grunion-field-wrap'  data-wp-init='callbacks.initializeField' data-wp-on--jetpack-form-reset='callbacks.initializeField' >\n<label\n\t\t\t\tfor='contact-form-comment-g7971-mensagem' class=\"grunion-field-label textarea\" >Mensagem<\/label>\n<textarea\n\t\t                style=''\n\t\t                name='g7971-mensagem'\n\t\t                id='contact-form-comment-g7971-mensagem'\n\t\t                rows='20'\n\t\t\t\t\t\tdata-wp-text='state.getFieldValue'\n\t\t\t\t\t\tdata-wp-on--input='actions.onFieldChange'\n\t\t\t\t\t\tdata-wp-on--blur='actions.onFieldBlur'\n\t\t\t\t\t\tdata-wp-class--has-value='state.hasFieldValue'\n\t\t\t\t\t\tdata-wp-bind--aria-invalid='state.fieldHasErrors'\n\t\t\t\t\t\taria-errormessage='g7971-mensagem-textarea-error-message'\n\t\t\t\t\t\tclass='textarea  grunion-field'  ><\/textarea>\n \n\t\t\t<div id=\"g7971-mensagem-textarea-error\" class=\"contact-form__input-error\" data-wp-class--has-errors=\"state.fieldHasErrors\">\n\t\t\t\t<span class=\"contact-form__warning-icon\">\n\t\t\t\t\t<svg width=\"16\" height=\"16\" viewBox=\"0 0 16 16\" fill=\"none\" xmlns=\"http:\/\/www.w3.org\/2000\/svg\">\n\t\t\t\t\t\t<path d=\"M8.50015 11.6402H7.50015V10.6402H8.50015V11.6402Z\" \/>\n\t\t\t\t\t\t<path d=\"M7.50015 9.64018H8.50015V6.30684H7.50015V9.64018Z\" \/>\n\t\t\t\t\t\t<path fill-rule=\"evenodd\" clip-rule=\"evenodd\" d=\"M6.98331 3.0947C7.42933 2.30177 8.57096 2.30177 9.01698 3.09469L13.8771 11.7349C14.3145 12.5126 13.7525 13.4735 12.8602 13.4735H3.14004C2.24774 13.4735 1.68575 12.5126 2.12321 11.7349L6.98331 3.0947ZM8.14541 3.58496C8.08169 3.47168 7.9186 3.47168 7.85488 3.58496L2.99478 12.2251C2.93229 12.3362 3.01257 12.4735 3.14004 12.4735H12.8602C12.9877 12.4735 13.068 12.3362 13.0055 12.2251L8.14541 3.58496Z\" \/>\n\t\t\t\t\t<\/svg>\n\t\t\t\t\t<span class=\"visually-hidden\">Aviso<\/span>\n\t\t\t\t<\/span>\n\t\t\t\t<span data-wp-text=\"state.errorMessage\" id=\"g7971-mensagem-textarea-error-message\" role=\"alert\" aria-live=\"assertive\"><\/span>\n\t\t\t<\/div>\n\t<\/div>\n\t<p class='contact-submit'>\n<div class=\"contact-form__error\" data-wp-class--show-errors=\"state.showFormErrors\"><span class=\"contact-form__warning-icon\"><span class=\"visually-hidden\">Aten\u00e7\u00e3o.<\/span><i aria-hidden=\"true\"><\/i><\/span>\n\t\t\t\t<span data-wp-text=\"state.getFormErrorMessage\"><\/span>\n\t\t\t\t<ul>\n\t\t\t\t<template data-wp-each=\"state.getErrorList\" data-wp-key=\"context.item.id\">\n\t\t\t\t\t<li><a data-wp-bind--href=\"context.item.anchor\" data-wp-on--click=\"actions.scrollIntoView\" data-wp-text=\"context.item.label\"><\/a><\/li>\n\t\t\t\t<\/template>\n\t\t\t\t<\/ul><\/div><div class=\"contact-form__error\" data-wp-class--show-errors=\"state.showSubmissionError\" data-wp-text=\"context.submissionError\"><\/div>\t\t<button type='submit' class='pushbutton-wide'>Enviar<\/button>\t\t<input type='hidden' name='contact-form-id' value='7971' \/>\n\t\t<input type='hidden' name='action' value='grunion-contact-form' \/>\n\t\t<input type='hidden' name='contact-form-hash' value='317624cd60529e119553b5720d8e98aa533af042' \/>\n\t<\/p>\n<p style=\"display: none !important;\" class=\"akismet-fields-container\" data-prefix=\"ak_\"><label>&#916;<textarea name=\"ak_hp_textarea\" cols=\"45\" rows=\"8\" maxlength=\"100\"><\/textarea><\/label><input type=\"hidden\" id=\"ak_js_1\" name=\"ak_js\" value=\"99\"\/><script>document.getElementById( \"ak_js_1\" ).setAttribute( \"value\", ( new Date() ).getTime() );<\/script><\/p><\/form>\n<\/div>\n<p>&nbsp;<\/p>\n<p>&nbsp;<\/p>\n","protected":false},"excerpt":{"rendered":"<p>Rayane Lacerda \u00a0 \u00a0 \u00a0 \u00a0No Rio de Janeiro, um grupo de teatro vem recebendo destaque devido a sua forma de divulgar e ganhar a aten\u00e7\u00e3o do p\u00fablico. Os Carolas realizam interven\u00e7\u00f5es culturais e urbanas na cidade, reproduzindo cenas com os atores em espa\u00e7os p\u00fablicos, tais como as pra\u00e7as pr\u00f3ximas aos teatros onde fazem apresenta\u00e7\u00f5es. &hellip; <\/p>\n<p><a class=\"more-link btn\" href=\"https:\/\/wp.ufpel.edu.br\/artenosul\/2018\/02\/04\/os-carolas-levam-sua-arte-a-todos-os-lugares\/\">Continue lendo<\/a><\/p>\n","protected":false},"author":571,"featured_media":7974,"comment_status":"closed","ping_status":"closed","sticky":false,"template":"","format":"standard","meta":{"jetpack_post_was_ever_published":false,"_jetpack_newsletter_access":"","_jetpack_dont_email_post_to_subs":false,"_jetpack_newsletter_tier_id":0,"_jetpack_memberships_contains_paywalled_content":false,"_jetpack_memberships_contains_paid_content":false,"footnotes":"","jetpack_publicize_message":"","jetpack_publicize_feature_enabled":true,"jetpack_social_post_already_shared":true,"jetpack_social_options":{"image_generator_settings":{"template":"highway","default_image_id":0,"font":"","enabled":false},"version":2}},"categories":[50],"tags":[834,833,832,608,51],"class_list":["post-7971","post","type-post","status-publish","format-standard","has-post-thumbnail","hentry","category-teatro","tag-descentralizacao","tag-dramaturgia","tag-os-carolas","tag-rayane-lacerda","tag-teatro","nodate","item-wrap"],"jetpack_publicize_connections":[],"jetpack_featured_media_url":"https:\/\/wp.ufpel.edu.br\/artenosul\/files\/2018\/02\/Rayane1-e1517752908492.jpg","jetpack_sharing_enabled":true,"jetpack_likes_enabled":true,"jetpack_shortlink":"https:\/\/wp.me\/p6PuxQ-24z","jetpack-related-posts":[{"id":7555,"url":"https:\/\/wp.ufpel.edu.br\/artenosul\/2017\/10\/24\/gilberto-gil-em-pelotas-maestria-e-simplicidade-em-um-so-artista\/","url_meta":{"origin":7971,"position":0},"title":"Gilberto Gil: maestria e simplicidade em um s\u00f3 artista","author":"artenosul","date":"24 de outubro de 2017","format":false,"excerpt":"\u00a0 Rayane Lacerda \u00a0 \u00a0 \u00a0S\u00e1bado, dia 21 de outubro, Pelotas recebeu um dos maiores m\u00fasicos brasileiros no palco do Theatro Guarany. Gilberto Gil encantou o p\u00fablico com a sua simplicidade, energia e com o seu talento para dar vida \u00e0 m\u00fasica. O show fascinou a plateia do teatro lotado.\u2026","rel":"","context":"Em &quot;M\u00daSICA&quot;","block_context":{"text":"M\u00daSICA","link":"https:\/\/wp.ufpel.edu.br\/artenosul\/category\/musica\/"},"img":{"alt_text":"","src":"https:\/\/i0.wp.com\/wp.ufpel.edu.br\/artenosul\/files\/2017\/10\/Imagem-1-Gilberto-Gil-em-Pelotas-e1508873606469.jpg?resize=350%2C200&ssl=1","width":350,"height":200},"classes":[]},{"id":6843,"url":"https:\/\/wp.ufpel.edu.br\/artenosul\/2017\/07\/14\/novo-espaco-estimula-a-leitura\/","url_meta":{"origin":7971,"position":1},"title":"Novo espa\u00e7o estimula a leitura","author":"artenosul","date":"14 de julho de 2017","format":false,"excerpt":"\u00a0\u00a0\u00a0\u00a0 Ricardo Borges Leite \u00a0\u00a0\u00a0\u00a0 No dia 3 de Maio, a Esta\u00e7\u00e3o Rodovi\u00e1ria de Pelotas (Eterpel) inaugurou o projeto \u201cEmbarque na Leitura\u201d, que tem como objetivo aumentar a circula\u00e7\u00e3o na Rodovi\u00e1ria, e estimular a leitura entre a popula\u00e7\u00e3o. \u00a0\u00a0\u00a0\u00a0 Com idealiza\u00e7\u00e3o da Eterpel e apoio do Sesi e da Fiergs,\u2026","rel":"","context":"Em &quot;COMUNIDADE&quot;","block_context":{"text":"COMUNIDADE","link":"https:\/\/wp.ufpel.edu.br\/artenosul\/category\/comunidade\/"},"img":{"alt_text":"","src":"https:\/\/i0.wp.com\/wp.ufpel.edu.br\/artenosul\/files\/2017\/07\/Ricardo.jpg?resize=350%2C200&ssl=1","width":350,"height":200,"srcset":"https:\/\/i0.wp.com\/wp.ufpel.edu.br\/artenosul\/files\/2017\/07\/Ricardo.jpg?resize=350%2C200&ssl=1 1x, https:\/\/i0.wp.com\/wp.ufpel.edu.br\/artenosul\/files\/2017\/07\/Ricardo.jpg?resize=525%2C300&ssl=1 1.5x"},"classes":[]},{"id":7766,"url":"https:\/\/wp.ufpel.edu.br\/artenosul\/2017\/11\/28\/bruno-lavermo-amor-e-autenticidade-na-arte\/","url_meta":{"origin":7971,"position":2},"title":"Bruno Lavermo: amor e autenticidade na arte","author":"artenosul","date":"28 de novembro de 2017","format":false,"excerpt":"Rayane Lacerda \u00a0\u00a0\u00a0\u00a0 Sensibilidade e um olhar maduro sobre o mundo s\u00e3o caracter\u00edsticas importantes para consagrar um artista, principalmente quando o seu objeto de inspira\u00e7\u00e3o \u00e9 o dia a dia ca\u00f3tico da cidade. Bruno Lavermo, artista pelotense, encontra beleza na simplicidade e busca sentidos profundos para o seu trabalho com\u2026","rel":"","context":"Em &quot;ARTES VISUAIS&quot;","block_context":{"text":"ARTES VISUAIS","link":"https:\/\/wp.ufpel.edu.br\/artenosul\/category\/artes-visuais\/"},"img":{"alt_text":"","src":"https:\/\/i0.wp.com\/wp.ufpel.edu.br\/artenosul\/files\/2017\/11\/Rayane1-e1511872349355.jpg?resize=350%2C200&ssl=1","width":350,"height":200,"srcset":"https:\/\/i0.wp.com\/wp.ufpel.edu.br\/artenosul\/files\/2017\/11\/Rayane1-e1511872349355.jpg?resize=350%2C200&ssl=1 1x, https:\/\/i0.wp.com\/wp.ufpel.edu.br\/artenosul\/files\/2017\/11\/Rayane1-e1511872349355.jpg?resize=525%2C300&ssl=1 1.5x, https:\/\/i0.wp.com\/wp.ufpel.edu.br\/artenosul\/files\/2017\/11\/Rayane1-e1511872349355.jpg?resize=700%2C400&ssl=1 2x"},"classes":[]},{"id":188,"url":"https:\/\/wp.ufpel.edu.br\/artenosul\/2015\/10\/14\/comedia-musical-percorre-bairros\/","url_meta":{"origin":7971,"position":3},"title":"Com\u00e9dia musical percorre bairros da cidade de Pelotas","author":"artenosul","date":"14 de outubro de 2015","format":false,"excerpt":"Reportagem de\u00a0Ronaldo Quadrado Gomes -\u00a0 \u00a0 \u00a0 \u00a0A Companhia de Teatro Caboclos da Cidade, em parceria com o grupo musical Adelante, vem apresentando a pe\u00e7a teatral itinerante \u201cOlha o santo!\u201d. A produ\u00e7\u00e3o foi pensada para que o teatro chegasse \u00e0 periferia, podendo ser um elo entre a hist\u00f3ria da cidade\u2026","rel":"","context":"Em &quot;NOT\u00cdCIAS&quot;","block_context":{"text":"NOT\u00cdCIAS","link":"https:\/\/wp.ufpel.edu.br\/artenosul\/category\/noticias\/"},"img":{"alt_text":"","src":"https:\/\/i0.wp.com\/wp.ufpel.edu.br\/artenosul\/files\/2015\/10\/Ronaldo1-e1502480008826.jpg?resize=350%2C200&ssl=1","width":350,"height":200,"srcset":"https:\/\/i0.wp.com\/wp.ufpel.edu.br\/artenosul\/files\/2015\/10\/Ronaldo1-e1502480008826.jpg?resize=350%2C200&ssl=1 1x, https:\/\/i0.wp.com\/wp.ufpel.edu.br\/artenosul\/files\/2015\/10\/Ronaldo1-e1502480008826.jpg?resize=525%2C300&ssl=1 1.5x, https:\/\/i0.wp.com\/wp.ufpel.edu.br\/artenosul\/files\/2015\/10\/Ronaldo1-e1502480008826.jpg?resize=700%2C400&ssl=1 2x"},"classes":[]},{"id":10466,"url":"https:\/\/wp.ufpel.edu.br\/artenosul\/2022\/04\/17\/coletivo-meiaoito-uma-companhia-teatral-independente-de-pelotas\/","url_meta":{"origin":7971,"position":4},"title":"Coletivo MeiaOito: uma companhia teatral independente de Pelotas","author":"artenosul","date":"17 de abril de 2022","format":false,"excerpt":"Por Ana Beatriz Assun\u00e7\u00e3o Garrafiel\u00a0 \u00a0 \u00a0 \u00a0\u00a0 Diretor e ator do grupo relata o funcionamento, a produ\u00e7\u00e3o e as dificuldades no seu dia a dia \u00c9 imposs\u00edvel falar da hist\u00f3ria do mundo e n\u00e3o citar o teatro. Ele acompanha a civiliza\u00e7\u00e3o desde muito antes do que podemos imaginar, e\u2026","rel":"","context":"Em &quot;NOT\u00cdCIAS&quot;","block_context":{"text":"NOT\u00cdCIAS","link":"https:\/\/wp.ufpel.edu.br\/artenosul\/category\/noticias\/"},"img":{"alt_text":"","src":"https:\/\/i0.wp.com\/wp.ufpel.edu.br\/artenosul\/files\/2022\/04\/Imagem1.png?resize=350%2C200&ssl=1","width":350,"height":200,"srcset":"https:\/\/i0.wp.com\/wp.ufpel.edu.br\/artenosul\/files\/2022\/04\/Imagem1.png?resize=350%2C200&ssl=1 1x, https:\/\/i0.wp.com\/wp.ufpel.edu.br\/artenosul\/files\/2022\/04\/Imagem1.png?resize=525%2C300&ssl=1 1.5x"},"classes":[]},{"id":28080,"url":"https:\/\/wp.ufpel.edu.br\/artenosul\/2025\/03\/12\/arte-movimento-e-inclusao-na-trajetoria-de-projeto-de-danca-teatro\/","url_meta":{"origin":7971,"position":5},"title":"Arte, movimento e inclus\u00e3o na trajet\u00f3ria de projeto de dan\u00e7a-teatro","author":"artenosul","date":"12 de mar\u00e7o de 2025","format":false,"excerpt":"A professora Maria Falkembach fala sobre os desafios, as conquistas e express\u00e3o art\u00edstica do Grupo Tat\u00e1, projeto de extens\u00e3o da UFPel\u00a0\u00a0\u00a0 Por Priscila Fagundes\u00a0\u00a0\u00a0\u00a0\u00a0 \u00a0 \u00a0 A professora do curso de Dan\u00e7a - Licenciatura da Universidade Federal de Pelotas (UFPel), Maria Falkembach, \u00e9 uma das principais refer\u00eancias no desenvolvimento do\u2026","rel":"","context":"Em &quot;DAN\u00c7A&quot;","block_context":{"text":"DAN\u00c7A","link":"https:\/\/wp.ufpel.edu.br\/artenosul\/category\/danca\/"},"img":{"alt_text":"","src":"https:\/\/i0.wp.com\/wp.ufpel.edu.br\/artenosul\/files\/2025\/03\/Professora-Maria-1.png?resize=350%2C200&ssl=1","width":350,"height":200,"srcset":"https:\/\/i0.wp.com\/wp.ufpel.edu.br\/artenosul\/files\/2025\/03\/Professora-Maria-1.png?resize=350%2C200&ssl=1 1x, https:\/\/i0.wp.com\/wp.ufpel.edu.br\/artenosul\/files\/2025\/03\/Professora-Maria-1.png?resize=525%2C300&ssl=1 1.5x, https:\/\/i0.wp.com\/wp.ufpel.edu.br\/artenosul\/files\/2025\/03\/Professora-Maria-1.png?resize=700%2C400&ssl=1 2x"},"classes":[]}],"_links":{"self":[{"href":"https:\/\/wp.ufpel.edu.br\/artenosul\/wp-json\/wp\/v2\/posts\/7971","targetHints":{"allow":["GET"]}}],"collection":[{"href":"https:\/\/wp.ufpel.edu.br\/artenosul\/wp-json\/wp\/v2\/posts"}],"about":[{"href":"https:\/\/wp.ufpel.edu.br\/artenosul\/wp-json\/wp\/v2\/types\/post"}],"author":[{"embeddable":true,"href":"https:\/\/wp.ufpel.edu.br\/artenosul\/wp-json\/wp\/v2\/users\/571"}],"replies":[{"embeddable":true,"href":"https:\/\/wp.ufpel.edu.br\/artenosul\/wp-json\/wp\/v2\/comments?post=7971"}],"version-history":[{"count":5,"href":"https:\/\/wp.ufpel.edu.br\/artenosul\/wp-json\/wp\/v2\/posts\/7971\/revisions"}],"predecessor-version":[{"id":7981,"href":"https:\/\/wp.ufpel.edu.br\/artenosul\/wp-json\/wp\/v2\/posts\/7971\/revisions\/7981"}],"wp:featuredmedia":[{"embeddable":true,"href":"https:\/\/wp.ufpel.edu.br\/artenosul\/wp-json\/wp\/v2\/media\/7974"}],"wp:attachment":[{"href":"https:\/\/wp.ufpel.edu.br\/artenosul\/wp-json\/wp\/v2\/media?parent=7971"}],"wp:term":[{"taxonomy":"category","embeddable":true,"href":"https:\/\/wp.ufpel.edu.br\/artenosul\/wp-json\/wp\/v2\/categories?post=7971"},{"taxonomy":"post_tag","embeddable":true,"href":"https:\/\/wp.ufpel.edu.br\/artenosul\/wp-json\/wp\/v2\/tags?post=7971"}],"curies":[{"name":"wp","href":"https:\/\/api.w.org\/{rel}","templated":true}]}}