{"id":7351,"date":"2017-08-28T17:43:31","date_gmt":"2017-08-28T20:43:31","guid":{"rendered":"https:\/\/wp.ufpel.edu.br\/artenosul\/?p=7351"},"modified":"2017-08-28T17:43:31","modified_gmt":"2017-08-28T20:43:31","slug":"critica-homem-aranha-de-volta-ao-lar","status":"publish","type":"post","link":"https:\/\/wp.ufpel.edu.br\/artenosul\/2017\/08\/28\/critica-homem-aranha-de-volta-ao-lar\/","title":{"rendered":"Cr\u00edtica: &#8220;Homem-Aranha: De Volta ao Lar&#8221;"},"content":{"rendered":"<div id=\"attachment_7353\" style=\"width: 500px\" class=\"wp-caption aligncenter\"><img loading=\"lazy\" decoding=\"async\" aria-describedby=\"caption-attachment-7353\" class=\"wp-image-7353 size-medium\" src=\"https:\/\/wp.ufpel.edu.br\/artenosul\/files\/2017\/08\/1-6-e1503952861958-500x321.png\" alt=\"\" width=\"500\" height=\"321\" srcset=\"https:\/\/wp.ufpel.edu.br\/artenosul\/files\/2017\/08\/1-6-e1503952861958-500x321.png 500w, https:\/\/wp.ufpel.edu.br\/artenosul\/files\/2017\/08\/1-6-e1503952861958-300x193.png 300w, https:\/\/wp.ufpel.edu.br\/artenosul\/files\/2017\/08\/1-6-e1503952861958.png 606w\" sizes=\"auto, (max-width: 500px) 100vw, 500px\" \/><p id=\"caption-attachment-7353\" class=\"wp-caption-text\"><span style=\"color: #000000\"><strong>Tom Holland interpreta her\u00f3i na vers\u00e3o que neste ano nos cinemas \u00a0 \u00a0 \u00a0 \u00a0 \u00a0 \u00a0 \u00a0 \u00a0 \u00a0 \u00a0 (Foto: Sony Pictures\/Divulga\u00e7\u00e3o)<\/strong><\/span><\/p><\/div>\n<p style=\"text-align: right\"><span style=\"font-size: 12pt\"><strong>Julia Mello dos Santos<\/strong><\/span><\/p>\n<p><span style=\"font-size: 12pt\">\u00a0 \u00a0 \u00a0Um Homem-Aranha que quer participar dos Vingadores. Essa \u00e9 a premissa inicial do longa \u201cHomem-Aranha: De Volta Ao Lar\u201d, que estreou em julho nos cinemas brasileiros. O personagem j\u00e1 havia aparecido nesta vers\u00e3o, interpretada por Tom Holland, em \u201cCapit\u00e3o Am\u00e9rica: Guerra Civil\u201d, de 2016. A Sony Pictures juntou-se com a Marvel Studios para lan\u00e7ar a terceira vers\u00e3o do her\u00f3i em pouco mais de dez anos.<\/span><\/p>\n<p><span style=\"font-size: 12pt\">No filme, dirigido por Jon Watts, temos um Peter Parker de 15 anos, em seu segundo ano de Ensino M\u00e9dio. N\u00e3o \u00e9 mostrada a origem de seus poderes, nem a morte do seu tio Ben, fatos j\u00e1 bem conhecidos dos f\u00e3s do personagem e mostrados nas duas vers\u00f5es anteriores do her\u00f3i que tiveram seus filmes recentemente. Escolha acertada dos roteiristas, para evitar uma satura\u00e7\u00e3o de cenas. Ao inv\u00e9s disso, as duas horas e 13 minutos de filme dedicam-se a explorar um Peter lidando com o col\u00e9gio ao mesmo tempo que espera receber uma nova miss\u00e3o, ap\u00f3s os eventos de Guerra Civil. Temos Robert Downey Jr. mais uma vez \u00f3timo no papel de Tony Stark, o &#8220;Homem de Ferro&#8221;, que age como um mentor de Peter, tendo confeccionado seu traje, todo equipado com a mais alta tecnologia, o que rende v\u00e1rias cenas de forte apelo c\u00f4mico. Ainda, Jon Favreau como Happy Hogan, respons\u00e1vel pela seguran\u00e7a das Ind\u00fastrias Stark, e o elo entre Peter e Tony, enquanto o adolescente espera uma nova miss\u00e3o.<\/span><\/p>\n<p><span style=\"font-size: 12pt\">Algumas das melhores cenas s\u00e3o entre Peter e seu amigo Ned, vivido por Jacob Batalon. Nerd assumido, com v\u00e1rias refer\u00eancias \u00e0 cultura pop, Ned fica maravilhado com o seu amigo e todo o mundo do qual ele faz parte escondido (para todos, Peter fala que est\u00e1 fazendo um \u201cEst\u00e1gio Stark\u201d). As cenas adolescentes trazem leveza ao filme, que alterna com longas cenas de a\u00e7\u00e3o e at\u00e9 algumas de leve suspense. Entre jogo ol\u00edmpicos de matem\u00e1tica, festas, interesses amorosos (Liz Allan, interpretada por Laura Harrier), e tentar esconder da Tia May (Marisa Tomei) sua vida dupla, Peter aventura-se pela vizinhan\u00e7a para provar ser digno do t\u00edtulo de Homem Aranha, e ajudar o m\u00e1ximo de pessoas poss\u00edvel. Numa dessas aventuras, descobre a gangue liderada por Adrian Toomes, o Abutre (personagem de Michael Keaton), que rouba destro\u00e7os e artefatos deixados para tr\u00e1s nas lutas dos Vingadores e aterroriza a cidade.<\/span><\/p>\n<p><span style=\"font-size: 12pt\">O filme destaca-se pela escolha de elenco. Tom Holland \u00e9 um excelente Peter, mostrando bem o dilema de um adolescente diante das novas situa\u00e7\u00f5es que surgem em sua vida, as responsabilidades de her\u00f3i e lidar com a sua pr\u00f3pria vida no meio de tudo isso. Ainda, um grande ponto positivo \u00e9 a diversidade presente no elenco. Numa Hollywood ainda muito criticada por apresentar filmes com elenco somente branco, o longa \u00e9 feliz em contar com atores de diversas etnias. O saldo geral do filme \u00e9 excelente, valendo cada minuto!<\/span><\/p>\n<p><span style=\"font-size: 12pt\"><strong>Outras vers\u00f5es recentes<\/strong><\/span><\/p>\n<p><span style=\"font-size: 12pt\">O amigo da vizinhan\u00e7a foi interpretado na trilogia do diretor Sam Raimi por Tobey Maguire, em: \u201cHomem-Aranha\u201d (2002), \u201cHomem-Aranha 2\u201d (2004) e \u201cHomem-Aranha 3\u201d (2007). Andrew Garfield deu vida ao super-her\u00f3i em \u201cO Espetacular Homem-Aranha\u201d (2012) e \u201cO Espetacular Homem-Aranha 2: A Amea\u00e7a de Electro\u201d (2014), os dois dirigidos por Marc Webb.<\/span><\/p>\n<p><span style=\"font-size: 12pt\"><a href=\"https:\/\/wp.ufpel.edu.br\/artenosul\"><span style=\"color: #0000ff\"><strong>PRIMEIRA \u00a0P\u00c1GINA<\/strong><\/span><\/a><\/span><\/p>\n<p><span style=\"color: #0000ff;font-size: 12pt\"><strong>COMENT\u00c1RIOS<\/strong><\/span><\/p>\n<p><span style=\"font-size: 12pt\"> <div data-test='contact-form'\n\t\t\tid='contact-form-7351'\n\t\t\tclass='wp-block-jetpack-contact-form-container '\n\t\t\tdata-wp-interactive='jetpack\/form' data-wp-context='{\"formId\":\"7351\",\"formHash\":\"fb3eafd4011957ab92817673e73fc5d83db80aa9\",\"showErrors\":false,\"errors\":[],\"fields\":[],\"isMultiStep\":false,\"useAjax\":true,\"submissionData\":null,\"formattedSubmissionData\":[],\"submissionSuccess\":false,\"submissionError\":null,\"elementId\":\"jp-form-fb3eafd4011957ab92817673e73fc5d83db80aa9\",\"isSingleInputForm\":false}'\n\t\t\tdata-wp-watch--scroll-to-wrapper=\"callbacks.scrollToWrapper\"\n\t\t>\n<div class=\"contact-form-submission contact-form-ajax-submission\" data-wp-class--submission-success=\"context.submissionSuccess\"><p class=\"go-back-message\"><a class=\"link\" role=\"button\" tabindex=\"0\" data-wp-on--click=\"actions.goBack\" href=\"\/artenosul\/wp-json\/wp\/v2\/posts\/7351\">Voltar<\/a><\/p><h4 id=\"contact-form-success-header\">Sua mensagem foi enviada<\/h4>\n\n<template data-wp-each--submission=\"context.formattedSubmissionData\">\n\t\t\t\t\t<div class=\"jetpack_forms_contact-form-success-summary\">\n\t\t\t\t\t\t<div class=\"field-name\" data-wp-text=\"context.submission.label\" data-wp-bind--hidden=\"!context.submission.label\"><\/div>\n\t\t\t\t\t\t<div class=\"field-value\" data-wp-text=\"context.submission.value\"><\/div>\n\t\t\t\t\t\t<div class=\"field-images\" data-wp-bind--hidden=\"!context.submission.images\">\n\t\t\t\t\t\t\t<template data-wp-each--image=\"context.submission.images\">\n\t\t\t\t\t\t\t\t<figure class=\"field-image\" data-wp-class--is-empty=\"!context.image\">\n\t\t\t\t\t\t\t\t\t<img data-wp-bind--src=\"context.image\" data-wp-bind--hidden=\"!context.image\" \/>\n\t\t\t\t\t\t\t\t\t<img decoding=\"async\" src=\"data:image\/gif;base64,R0lGODlhAQABAAD\/ACwAAAAAAQABAAACADs=\" data-wp-bind--hidden=\"context.image\" \/>\n\t\t\t\t\t\t\t\t<\/figure>\n\t\t\t\t\t\t\t<\/template>\n\t\t\t\t\t\t<\/div>\n\t\t\t\t\t<\/div>\n\t\t\t\t<\/template><\/div><form action='https:\/\/wp.ufpel.edu.br\/artenosul\/2017\/08\/28\/critica-homem-aranha-de-volta-ao-lar\/'\n\t\t\t\tid='jp-form-fb3eafd4011957ab92817673e73fc5d83db80aa9'\n\t\t\t\tmethod='post'\n\t\t\t\tclass='contact-form commentsblock' aria-label=\"Cr\u00edtica: &quot;Homem-Aranha: De Volta ao Lar&quot;\"\n\t\t\t\tdata-wp-on--submit=\"actions.onFormSubmit\"\n\t\t\t\tdata-wp-on--reset=\"actions.onFormReset\"\n\t\t\t\tdata-wp-class--submission-success=\"context.submissionSuccess\"\n\t\t\t\tdata-wp-class--is-first-step=\"state.isFirstStep\"\n\t\t\t\tdata-wp-class--is-last-step=\"state.isLastStep\"\n\t\t\t\tdata-wp-class--is-ajax-form=\"context.useAjax\"\n\t\t\t\tnovalidate >\n<input type='hidden' name='jetpack_contact_form_jwt' value='eyJ0eXAiOiJKV1QiLCJhbGciOiJIUzI1NiJ9.eyJlbmNyeXB0ZWRfYXR0cmlidXRlcyI6IlVBeWNxYVo3UitJL0piaFhINFRTWFozQWxGWWo1T1V1QW1JM3FjK3VUZWV3K2phRTNkSDZvN3lWTENONTB2NWtYbzlydXhRVDRmK0NTemJLa3pEQlR4aG0waXdlTTN2bXBhZStzbXIxdG96RDZjNDloUEFhRS91WDUzYS9WdmJDQ09QOEgzL2wvajN4bHlIRGY5bU5GS2NVeUR6ckpyUEwxUjVRVDhNOEZxN0tDZkNMdTFjNVE2VDArL3pyN3Rob0NtQzQvUGx5aUFKRU9mcC8rUzBDUExndTFVbEFsSW5LYkxXWU8rSFlFOXQ5cmRUaVg2d2twZzVmWGRQb1k3U0VobjhEYmVEUkZNcUVjNjArcmZma29GRXY2ZUYwU3crNXU4blEwSVBZc2h4QWZoVHM2aEQreE1lZFRGTVFhc3JsdnhwVDdmV2Z5azNLeXV4OUdTUHlCanF0NXVJSmM3ckJCSldZcHdzY3prTXBabFR6OFZsM2gxc1BwNlh5c2xITm9ablI3ZXd4RGhsUjg3bjlTQkRsaDFVMUNUbDhpQ0NsdytsNm5MaU1HRWVoeTEwQ21rWU5FR0NWc2pDTXhFSWZkYm1sKzdpRm94U1BOajVuVnY1dG9WdWlLK0ZoaGxWYkxsUE5nZnlrdmFvb0FTczY4UXVJMmRkcFo0VWN2WkFGQ0tMM0l0ZlFhdlpwMG81UGgzaXhMcmRtb0tia0pBemkyNkU5d0FMUzdNNUpJOUd3d000VmZBa0JnaE1GNTk2ZUt5V3hNZG41VXZFQ1hia3Nodm5ZdFlvcDE1NS9EQ3dId0ovQnFHTGRXc05waGx6WUNYMEZ3UHNkOG9YRU5DZVlNc2hmclV4anZGZWswZkk2QUFDeU13dnd1bjRYeTl4b1RkNnFYdTF4MkxONFA3NkFYamNTQUxOOWFOdFEvZjlnMkc0em5ISXNHKzRSRnZZUUxIMldqT0ZaeXdBcU81ZVJFajNSb3hwbnJjMXByKzlxY0lsS1pIYW5FQWFVS2cwVVhtNEp5RDFtWnpVZ2hZWUNWZmxKeFdnMWllOStwOTVsSDJONnMxUUZJRUswQnI5ekRna0VSN3NjVVJkaFNJNG9uOWFYZkxkT1RmV09sT2xTVEtkaHEzZVpoZ1laeUcvWFRWSDNDUkV5TlZzN3ZNaEdJaVcxajY2MytuK0w4ZmR1SVIyRENVZXVVMDVISUlsakdZNzJQYXdXbVVmSlNOST0iLCJjb250ZW50IjoiW2NvbnRhY3QtZmllbGQgbGFiZWw9J05vbWUnIHR5cGU9J25hbWUnL11bY29udGFjdC1maWVsZCBsYWJlbD0nRS1tYWlsJyB0eXBlPSdlbWFpbCcvXVtjb250YWN0LWZpZWxkIGxhYmVsPSdDb21lbnRcdTAwZTFyaW8nIHR5cGU9J3RleHRhcmVhJy9dIiwiaGFzaCI6ImZiM2VhZmQ0MDExOTU3YWI5MjgxNzY3M2U3M2ZjNWQ4M2RiODBhYTkiLCJzb3VyY2UiOnsiZW50cnlfdGl0bGUiOiJDclx1MDBlZHRpY2E6IFx1MjAxY0hvbWVtLUFyYW5oYTogRGUgVm9sdGEgYW8gTGFyXHUyMDFkIiwiZW50cnlfcGFnZSI6MSwic291cmNlX2lkIjo3MzUxLCJzb3VyY2VfdHlwZSI6InNpbmdsZSIsInJlcXVlc3RfdXJsIjoiaHR0cHM6Ly93cC51ZnBlbC5lZHUuYnIvYXJ0ZW5vc3VsL3dwLWpzb24vd3AvdjIvcG9zdHMvNzM1MSJ9LCJ2ZXJzaW9uIjoyLCJjaXBoZXIiOiJhZXMtMjU2LWdjbSJ9.lod_P0tO4EWpuasiOYxoH_tRcVnma4UKQQAw8ofA2gA' \/>\n\n<div style=\"\"  data-wp-interactive=\"jetpack\/form\" data-wp-context='{\"fieldId\":\"g7351-nome\",\"fieldType\":\"name\",\"fieldLabel\":\"Nome\",\"fieldValue\":\"\",\"fieldPlaceholder\":\"\",\"fieldIsRequired\":\"\",\"fieldErrorMessage\":\"\",\"fieldExtra\":[],\"formHash\":\"fb3eafd4011957ab92817673e73fc5d83db80aa9\"}'  class='grunion-field-name-wrap grunion-field-wrap'  data-wp-init='callbacks.initializeField' data-wp-on--jetpack-form-reset='callbacks.initializeField' >\n<label\n\t\t\t\tfor='g7351-nome' class=\"grunion-field-label name\" >Nome<\/label>\n<input\n\t\t\t\t\ttype='text'\n\t\t\t\t\tname='g7351-nome'\n\t\t\t\t\tid='g7351-nome'\n\t\t\t\t\tvalue=''\n\n\t\t\t\t\tdata-wp-bind--aria-invalid='state.fieldHasErrors'\n\t\t\t\t\tdata-wp-bind--value='state.getFieldValue'\n\t\t\t\t\taria-errormessage='g7351-nome-text-error-message'\n\t\t\t\t\tdata-wp-on--input='actions.onFieldChange'\n\t\t\t\t\tdata-wp-on--blur='actions.onFieldBlur'\n\t\t\t\t\tdata-wp-class--has-value='state.hasFieldValue'\n\n\t\t\t\t\tclass='name  grunion-field' \n\t\t\t\t\t \/>\n \n\t\t\t<div id=\"g7351-nome-text-error\" class=\"contact-form__input-error\" data-wp-class--has-errors=\"state.fieldHasErrors\">\n\t\t\t\t<span class=\"contact-form__warning-icon\">\n\t\t\t\t\t<svg width=\"16\" height=\"16\" viewBox=\"0 0 16 16\" fill=\"none\" xmlns=\"http:\/\/www.w3.org\/2000\/svg\">\n\t\t\t\t\t\t<path d=\"M8.50015 11.6402H7.50015V10.6402H8.50015V11.6402Z\" \/>\n\t\t\t\t\t\t<path d=\"M7.50015 9.64018H8.50015V6.30684H7.50015V9.64018Z\" \/>\n\t\t\t\t\t\t<path fill-rule=\"evenodd\" clip-rule=\"evenodd\" d=\"M6.98331 3.0947C7.42933 2.30177 8.57096 2.30177 9.01698 3.09469L13.8771 11.7349C14.3145 12.5126 13.7525 13.4735 12.8602 13.4735H3.14004C2.24774 13.4735 1.68575 12.5126 2.12321 11.7349L6.98331 3.0947ZM8.14541 3.58496C8.08169 3.47168 7.9186 3.47168 7.85488 3.58496L2.99478 12.2251C2.93229 12.3362 3.01257 12.4735 3.14004 12.4735H12.8602C12.9877 12.4735 13.068 12.3362 13.0055 12.2251L8.14541 3.58496Z\" \/>\n\t\t\t\t\t<\/svg>\n\t\t\t\t\t<span class=\"visually-hidden\">Aviso<\/span>\n\t\t\t\t<\/span>\n\t\t\t\t<span data-wp-text=\"state.errorMessage\" id=\"g7351-nome-text-error-message\" role=\"alert\" aria-live=\"assertive\"><\/span>\n\t\t\t<\/div> \n\t<\/div>\n\n<div style=\"\"  data-wp-interactive=\"jetpack\/form\" data-wp-context='{\"fieldId\":\"g7351-email\",\"fieldType\":\"email\",\"fieldLabel\":\"E-mail\",\"fieldValue\":\"\",\"fieldPlaceholder\":\"\",\"fieldIsRequired\":\"\",\"fieldErrorMessage\":\"\",\"fieldExtra\":[],\"formHash\":\"fb3eafd4011957ab92817673e73fc5d83db80aa9\"}'  class='grunion-field-email-wrap grunion-field-wrap'  data-wp-init='callbacks.initializeField' data-wp-on--jetpack-form-reset='callbacks.initializeField' >\n<label\n\t\t\t\tfor='g7351-email' class=\"grunion-field-label email\" >E-mail<\/label>\n<input\n\t\t\t\t\ttype='email'\n\t\t\t\t\tname='g7351-email'\n\t\t\t\t\tid='g7351-email'\n\t\t\t\t\tvalue=''\n\n\t\t\t\t\tdata-wp-bind--aria-invalid='state.fieldHasErrors'\n\t\t\t\t\tdata-wp-bind--value='state.getFieldValue'\n\t\t\t\t\taria-errormessage='g7351-email-email-error-message'\n\t\t\t\t\tdata-wp-on--input='actions.onFieldChange'\n\t\t\t\t\tdata-wp-on--blur='actions.onFieldBlur'\n\t\t\t\t\tdata-wp-class--has-value='state.hasFieldValue'\n\n\t\t\t\t\tclass='email  grunion-field' \n\t\t\t\t\t \/>\n \n\t\t\t<div id=\"g7351-email-email-error\" class=\"contact-form__input-error\" data-wp-class--has-errors=\"state.fieldHasErrors\">\n\t\t\t\t<span class=\"contact-form__warning-icon\">\n\t\t\t\t\t<svg width=\"16\" height=\"16\" viewBox=\"0 0 16 16\" fill=\"none\" xmlns=\"http:\/\/www.w3.org\/2000\/svg\">\n\t\t\t\t\t\t<path d=\"M8.50015 11.6402H7.50015V10.6402H8.50015V11.6402Z\" \/>\n\t\t\t\t\t\t<path d=\"M7.50015 9.64018H8.50015V6.30684H7.50015V9.64018Z\" \/>\n\t\t\t\t\t\t<path fill-rule=\"evenodd\" clip-rule=\"evenodd\" d=\"M6.98331 3.0947C7.42933 2.30177 8.57096 2.30177 9.01698 3.09469L13.8771 11.7349C14.3145 12.5126 13.7525 13.4735 12.8602 13.4735H3.14004C2.24774 13.4735 1.68575 12.5126 2.12321 11.7349L6.98331 3.0947ZM8.14541 3.58496C8.08169 3.47168 7.9186 3.47168 7.85488 3.58496L2.99478 12.2251C2.93229 12.3362 3.01257 12.4735 3.14004 12.4735H12.8602C12.9877 12.4735 13.068 12.3362 13.0055 12.2251L8.14541 3.58496Z\" \/>\n\t\t\t\t\t<\/svg>\n\t\t\t\t\t<span class=\"visually-hidden\">Aviso<\/span>\n\t\t\t\t<\/span>\n\t\t\t\t<span data-wp-text=\"state.errorMessage\" id=\"g7351-email-email-error-message\" role=\"alert\" aria-live=\"assertive\"><\/span>\n\t\t\t<\/div> \n\t<\/div>\n\n<div style=\"\"  data-wp-interactive=\"jetpack\/form\" data-wp-context='{\"fieldId\":\"g7351-comentrio\",\"fieldType\":\"textarea\",\"fieldLabel\":\"Coment\\u00e1rio\",\"fieldValue\":\"\",\"fieldPlaceholder\":\"\",\"fieldIsRequired\":\"\",\"fieldErrorMessage\":\"\",\"fieldExtra\":[],\"formHash\":\"fb3eafd4011957ab92817673e73fc5d83db80aa9\"}'  class='grunion-field-textarea-wrap grunion-field-wrap'  data-wp-init='callbacks.initializeField' data-wp-on--jetpack-form-reset='callbacks.initializeField' >\n<label\n\t\t\t\tfor='contact-form-comment-g7351-comentrio' class=\"grunion-field-label textarea\" >Coment\u00e1rio<\/label>\n<textarea\n\t\t                style=''\n\t\t                name='g7351-comentrio'\n\t\t                id='contact-form-comment-g7351-comentrio'\n\t\t                rows='20'\n\t\t\t\t\t\tdata-wp-text='state.getFieldValue'\n\t\t\t\t\t\tdata-wp-on--input='actions.onFieldChange'\n\t\t\t\t\t\tdata-wp-on--blur='actions.onFieldBlur'\n\t\t\t\t\t\tdata-wp-class--has-value='state.hasFieldValue'\n\t\t\t\t\t\tdata-wp-bind--aria-invalid='state.fieldHasErrors'\n\t\t\t\t\t\taria-errormessage='g7351-comentrio-textarea-error-message'\n\t\t\t\t\t\tclass='textarea  grunion-field'  ><\/textarea>\n \n\t\t\t<div id=\"g7351-comentrio-textarea-error\" class=\"contact-form__input-error\" data-wp-class--has-errors=\"state.fieldHasErrors\">\n\t\t\t\t<span class=\"contact-form__warning-icon\">\n\t\t\t\t\t<svg width=\"16\" height=\"16\" viewBox=\"0 0 16 16\" fill=\"none\" xmlns=\"http:\/\/www.w3.org\/2000\/svg\">\n\t\t\t\t\t\t<path d=\"M8.50015 11.6402H7.50015V10.6402H8.50015V11.6402Z\" \/>\n\t\t\t\t\t\t<path d=\"M7.50015 9.64018H8.50015V6.30684H7.50015V9.64018Z\" \/>\n\t\t\t\t\t\t<path fill-rule=\"evenodd\" clip-rule=\"evenodd\" d=\"M6.98331 3.0947C7.42933 2.30177 8.57096 2.30177 9.01698 3.09469L13.8771 11.7349C14.3145 12.5126 13.7525 13.4735 12.8602 13.4735H3.14004C2.24774 13.4735 1.68575 12.5126 2.12321 11.7349L6.98331 3.0947ZM8.14541 3.58496C8.08169 3.47168 7.9186 3.47168 7.85488 3.58496L2.99478 12.2251C2.93229 12.3362 3.01257 12.4735 3.14004 12.4735H12.8602C12.9877 12.4735 13.068 12.3362 13.0055 12.2251L8.14541 3.58496Z\" \/>\n\t\t\t\t\t<\/svg>\n\t\t\t\t\t<span class=\"visually-hidden\">Aviso<\/span>\n\t\t\t\t<\/span>\n\t\t\t\t<span data-wp-text=\"state.errorMessage\" id=\"g7351-comentrio-textarea-error-message\" role=\"alert\" aria-live=\"assertive\"><\/span>\n\t\t\t<\/div>\n\t<\/div>\n\t<p class='contact-submit'>\n<div class=\"contact-form__error\" data-wp-class--show-errors=\"state.showFormErrors\"><span class=\"contact-form__warning-icon\"><span class=\"visually-hidden\">Aten\u00e7\u00e3o.<\/span><i aria-hidden=\"true\"><\/i><\/span>\n\t\t\t\t<span data-wp-text=\"state.getFormErrorMessage\"><\/span>\n\t\t\t\t<ul>\n\t\t\t\t<template data-wp-each=\"state.getErrorList\" data-wp-key=\"context.item.id\">\n\t\t\t\t\t<li><a data-wp-bind--href=\"context.item.anchor\" data-wp-on--click=\"actions.scrollIntoView\" data-wp-text=\"context.item.label\"><\/a><\/li>\n\t\t\t\t<\/template>\n\t\t\t\t<\/ul><\/div><div class=\"contact-form__error\" data-wp-class--show-errors=\"state.showSubmissionError\" data-wp-text=\"context.submissionError\"><\/div>\t\t<button type='submit' class='pushbutton-wide'>Enviar<\/button>\t\t<input type='hidden' name='contact-form-id' value='7351' \/>\n\t\t<input type='hidden' name='action' value='grunion-contact-form' \/>\n\t\t<input type='hidden' name='contact-form-hash' value='fb3eafd4011957ab92817673e73fc5d83db80aa9' \/>\n\t<\/p>\n<p style=\"display: none !important;\" class=\"akismet-fields-container\" data-prefix=\"ak_\"><label>&#916;<textarea name=\"ak_hp_textarea\" cols=\"45\" rows=\"8\" maxlength=\"100\"><\/textarea><\/label><input type=\"hidden\" id=\"ak_js_1\" name=\"ak_js\" value=\"93\"\/><script>document.getElementById( \"ak_js_1\" ).setAttribute( \"value\", ( new Date() ).getTime() );<\/script><\/p><\/form>\n<\/div> <\/span><\/p>\n","protected":false},"excerpt":{"rendered":"<p>Julia Mello dos Santos \u00a0 \u00a0 \u00a0Um Homem-Aranha que quer participar dos Vingadores. Essa \u00e9 a premissa inicial do longa \u201cHomem-Aranha: De Volta Ao Lar\u201d, que estreou em julho nos cinemas brasileiros. O personagem j\u00e1 havia aparecido nesta vers\u00e3o, interpretada por Tom Holland, em \u201cCapit\u00e3o Am\u00e9rica: Guerra Civil\u201d, de 2016. A Sony Pictures juntou-se com &hellip; <\/p>\n<p><a class=\"more-link btn\" href=\"https:\/\/wp.ufpel.edu.br\/artenosul\/2017\/08\/28\/critica-homem-aranha-de-volta-ao-lar\/\">Continue lendo<\/a><\/p>\n","protected":false},"author":571,"featured_media":7353,"comment_status":"closed","ping_status":"closed","sticky":false,"template":"","format":"standard","meta":{"jetpack_post_was_ever_published":false,"_jetpack_newsletter_access":"","_jetpack_dont_email_post_to_subs":false,"_jetpack_newsletter_tier_id":0,"_jetpack_memberships_contains_paywalled_content":false,"_jetpack_memberships_contains_paid_content":false,"footnotes":"","jetpack_publicize_message":"","jetpack_publicize_feature_enabled":true,"jetpack_social_post_already_shared":true,"jetpack_social_options":{"image_generator_settings":{"template":"highway","default_image_id":0,"font":"","enabled":false},"version":2}},"categories":[112],"tags":[753,754,479,755],"class_list":["post-7351","post","type-post","status-publish","format-standard","has-post-thumbnail","hentry","category-cinema","tag-homem-aranha","tag-homem-aranha-de-volta-ao-lar","tag-julia-mello-dos-santos","tag-tom-holland","nodate","item-wrap"],"jetpack_publicize_connections":[],"jetpack_featured_media_url":"https:\/\/wp.ufpel.edu.br\/artenosul\/files\/2017\/08\/1-6-e1503952861958.png","jetpack_sharing_enabled":true,"jetpack_likes_enabled":true,"jetpack_shortlink":"https:\/\/wp.me\/p6PuxQ-1Uz","jetpack-related-posts":[{"id":29287,"url":"https:\/\/wp.ufpel.edu.br\/artenosul\/2025\/07\/19\/superman-2025-um-novo-heroi-para-um-novo-universo\/","url_meta":{"origin":7351,"position":0},"title":"Superman (2025): um novo her\u00f3i para um novo universo","author":"artenosul","date":"19 de julho de 2025","format":false,"excerpt":"Ap\u00f3s muita especula\u00e7\u00e3o, lan\u00e7amento nos cinemas revela quem \u00e9 o Super-Homem da fase atual da DC Comics\u00a0 \u00a0 \u00a0\u00a0 Por Isadora Jaeger\u00a0 \u00a0 \u00a0 No dia 11 de julho, Superman chegou \u00e0s telonas com uma nova vers\u00e3o do homem de a\u00e7o, consolidando a nova fase Universo da DC Comics. Dirigido\u2026","rel":"","context":"Em &quot;CINEMA&quot;","block_context":{"text":"CINEMA","link":"https:\/\/wp.ufpel.edu.br\/artenosul\/category\/cinema\/"},"img":{"alt_text":"","src":"https:\/\/i0.wp.com\/wp.ufpel.edu.br\/artenosul\/files\/2025\/07\/Superman1b.jpg?resize=350%2C200&ssl=1","width":350,"height":200,"srcset":"https:\/\/i0.wp.com\/wp.ufpel.edu.br\/artenosul\/files\/2025\/07\/Superman1b.jpg?resize=350%2C200&ssl=1 1x, https:\/\/i0.wp.com\/wp.ufpel.edu.br\/artenosul\/files\/2025\/07\/Superman1b.jpg?resize=525%2C300&ssl=1 1.5x, https:\/\/i0.wp.com\/wp.ufpel.edu.br\/artenosul\/files\/2025\/07\/Superman1b.jpg?resize=700%2C400&ssl=1 2x"},"classes":[]},{"id":29886,"url":"https:\/\/wp.ufpel.edu.br\/artenosul\/2025\/11\/13\/superman-amor-em-tempos-de-aco\/","url_meta":{"origin":7351,"position":1},"title":"Superman: amor em tempos de a\u00e7o","author":"artenosul","date":"13 de novembro de 2025","format":false,"excerpt":"Nova vers\u00e3o do personagem da DC Comics ganha relev\u00e2ncia em um contexto em que predomina o cinismo\u00a0 \u00a0 \u00a0 Por Sofia Mazza Machado\u00a0 \u00a0 \u00a0 \u00a0 \u00a0 \u00a0 H\u00e1 algo profundamente humano em ver o homem mais poderoso do mundo salvar um esquilo. James Gunn sabe disso e constr\u00f3i, em\u2026","rel":"","context":"Em &quot;CINEMA&quot;","block_context":{"text":"CINEMA","link":"https:\/\/wp.ufpel.edu.br\/artenosul\/category\/cinema\/"},"img":{"alt_text":"","src":"https:\/\/i0.wp.com\/wp.ufpel.edu.br\/artenosul\/files\/2025\/11\/MV5BMjRkYjNmMGItMzkyZi00MWM4LWI0MzAtY2E2NWRlNTMwZDFjXkEyXkFqcGdeQXZ3ZXNsZXk%40._V1_.jpg?resize=350%2C200&ssl=1","width":350,"height":200,"srcset":"https:\/\/i0.wp.com\/wp.ufpel.edu.br\/artenosul\/files\/2025\/11\/MV5BMjRkYjNmMGItMzkyZi00MWM4LWI0MzAtY2E2NWRlNTMwZDFjXkEyXkFqcGdeQXZ3ZXNsZXk%40._V1_.jpg?resize=350%2C200&ssl=1 1x, https:\/\/i0.wp.com\/wp.ufpel.edu.br\/artenosul\/files\/2025\/11\/MV5BMjRkYjNmMGItMzkyZi00MWM4LWI0MzAtY2E2NWRlNTMwZDFjXkEyXkFqcGdeQXZ3ZXNsZXk%40._V1_.jpg?resize=525%2C300&ssl=1 1.5x, https:\/\/i0.wp.com\/wp.ufpel.edu.br\/artenosul\/files\/2025\/11\/MV5BMjRkYjNmMGItMzkyZi00MWM4LWI0MzAtY2E2NWRlNTMwZDFjXkEyXkFqcGdeQXZ3ZXNsZXk%40._V1_.jpg?resize=700%2C400&ssl=1 2x, https:\/\/i0.wp.com\/wp.ufpel.edu.br\/artenosul\/files\/2025\/11\/MV5BMjRkYjNmMGItMzkyZi00MWM4LWI0MzAtY2E2NWRlNTMwZDFjXkEyXkFqcGdeQXZ3ZXNsZXk%40._V1_.jpg?resize=1050%2C600&ssl=1 3x, https:\/\/i0.wp.com\/wp.ufpel.edu.br\/artenosul\/files\/2025\/11\/MV5BMjRkYjNmMGItMzkyZi00MWM4LWI0MzAtY2E2NWRlNTMwZDFjXkEyXkFqcGdeQXZ3ZXNsZXk%40._V1_.jpg?resize=1400%2C800&ssl=1 4x"},"classes":[]},{"id":13427,"url":"https:\/\/wp.ufpel.edu.br\/artenosul\/2023\/03\/27\/o-auto-da-compadecida-2-chegara-aos-cinemas-10-anos-apos-a-morte-de-ariano-suassuna\/","url_meta":{"origin":7351,"position":2},"title":"\u201cO Auto da Compadecida 2\u201d chegar\u00e1 aos cinemas 10 anos ap\u00f3s a morte de Ariano Suassuna","author":"artenosul","date":"27 de mar\u00e7o de 2023","format":false,"excerpt":"An\u00fancio foi feito nas redes sociais de Selton Mello e Matheus Nachtergaele, os atores que imortalizaram os personagens Chic\u00f3 e Jo\u00e3o Grilo\u00a0\u00a0\u00a0 Por Douglas Rafael Duarte\u00a0\u00a0\u00a0 \u00a0 Os atores Selton Mello e Matheus Nachtergaele, int\u00e9rpretes dos divertidos Chic\u00f3 e Jo\u00e3o Grilo respectivamente, usaram as suas redes sociais no dia 12\u2026","rel":"","context":"Em &quot;CINEMA&quot;","block_context":{"text":"CINEMA","link":"https:\/\/wp.ufpel.edu.br\/artenosul\/category\/cinema\/"},"img":{"alt_text":"","src":"https:\/\/i0.wp.com\/wp.ufpel.edu.br\/artenosul\/files\/2023\/03\/Chico-e-Joao-Grilo-Divulgacao-Internet.jpg?resize=350%2C200&ssl=1","width":350,"height":200,"srcset":"https:\/\/i0.wp.com\/wp.ufpel.edu.br\/artenosul\/files\/2023\/03\/Chico-e-Joao-Grilo-Divulgacao-Internet.jpg?resize=350%2C200&ssl=1 1x, https:\/\/i0.wp.com\/wp.ufpel.edu.br\/artenosul\/files\/2023\/03\/Chico-e-Joao-Grilo-Divulgacao-Internet.jpg?resize=525%2C300&ssl=1 1.5x, https:\/\/i0.wp.com\/wp.ufpel.edu.br\/artenosul\/files\/2023\/03\/Chico-e-Joao-Grilo-Divulgacao-Internet.jpg?resize=700%2C400&ssl=1 2x, https:\/\/i0.wp.com\/wp.ufpel.edu.br\/artenosul\/files\/2023\/03\/Chico-e-Joao-Grilo-Divulgacao-Internet.jpg?resize=1050%2C600&ssl=1 3x"},"classes":[]},{"id":11962,"url":"https:\/\/wp.ufpel.edu.br\/artenosul\/2022\/06\/25\/festival-varilux-volta-a-ocorrer-em-pelotas\/","url_meta":{"origin":7351,"position":3},"title":"Festival Varilux volta a ocorrer em Pelotas","author":"artenosul","date":"25 de junho de 2022","format":false,"excerpt":"At\u00e9 o dia 6 de julho v\u00e1rios t\u00edtulos do cinema franc\u00eas podem ser vistos no Cineflix do Shopping As quest\u00f5es do mundo contempor\u00e2neo podem ser vistas entre os dramas e com\u00e9dias do cinema franc\u00eas no Festival Varilux, que volta a ocorrer no Cineflix do Shopping Pelotas, at\u00e9 o dia 6\u2026","rel":"","context":"Em &quot;CINEMA&quot;","block_context":{"text":"CINEMA","link":"https:\/\/wp.ufpel.edu.br\/artenosul\/category\/cinema\/"},"img":{"alt_text":"","src":"https:\/\/i0.wp.com\/wp.ufpel.edu.br\/artenosul\/files\/2022\/06\/O-DESTINO-DE-HAFFMANN.jpg?resize=350%2C200&ssl=1","width":350,"height":200,"srcset":"https:\/\/i0.wp.com\/wp.ufpel.edu.br\/artenosul\/files\/2022\/06\/O-DESTINO-DE-HAFFMANN.jpg?resize=350%2C200&ssl=1 1x, https:\/\/i0.wp.com\/wp.ufpel.edu.br\/artenosul\/files\/2022\/06\/O-DESTINO-DE-HAFFMANN.jpg?resize=525%2C300&ssl=1 1.5x, https:\/\/i0.wp.com\/wp.ufpel.edu.br\/artenosul\/files\/2022\/06\/O-DESTINO-DE-HAFFMANN.jpg?resize=700%2C400&ssl=1 2x"},"classes":[]},{"id":21635,"url":"https:\/\/wp.ufpel.edu.br\/artenosul\/2023\/09\/15\/besouro-azul-um-novo-heroi-e-a-celebracao-da-representatividade-latina\/","url_meta":{"origin":7351,"position":4},"title":"Besouro Azul: Um Novo Her\u00f3i e a Celebra\u00e7\u00e3o da Representatividade Latina","author":"artenosul","date":"15 de setembro de 2023","format":false,"excerpt":"Bruna Marquezine e Xolo Maridue\u00f1a s\u00e3o as estrelas da produ\u00e7\u00e3o da DC Comics lan\u00e7ada neste ano\u00a0 \u00a0 \u00a0 \u00a0 Por Gabriel Belfagger\u00a0 \u00a0 \u00a0 \u00a0\u00a0 \u00a0 \u00a0 O mundo dos filmes no Universo dos super-her\u00f3is cresceu com mais um mocinho da cena. O filme \"Besouro Azul\" da DC Comics, chegou\u2026","rel":"","context":"Em &quot;CINEMA&quot;","block_context":{"text":"CINEMA","link":"https:\/\/wp.ufpel.edu.br\/artenosul\/category\/cinema\/"},"img":{"alt_text":"","src":"https:\/\/i0.wp.com\/wp.ufpel.edu.br\/artenosul\/files\/2023\/09\/H94D5jAMZxQoh2ZcgRt8YA0cHjljUgpDLkfkVvfi.jpg?resize=350%2C200&ssl=1","width":350,"height":200,"srcset":"https:\/\/i0.wp.com\/wp.ufpel.edu.br\/artenosul\/files\/2023\/09\/H94D5jAMZxQoh2ZcgRt8YA0cHjljUgpDLkfkVvfi.jpg?resize=350%2C200&ssl=1 1x, https:\/\/i0.wp.com\/wp.ufpel.edu.br\/artenosul\/files\/2023\/09\/H94D5jAMZxQoh2ZcgRt8YA0cHjljUgpDLkfkVvfi.jpg?resize=525%2C300&ssl=1 1.5x, https:\/\/i0.wp.com\/wp.ufpel.edu.br\/artenosul\/files\/2023\/09\/H94D5jAMZxQoh2ZcgRt8YA0cHjljUgpDLkfkVvfi.jpg?resize=700%2C400&ssl=1 2x, https:\/\/i0.wp.com\/wp.ufpel.edu.br\/artenosul\/files\/2023\/09\/H94D5jAMZxQoh2ZcgRt8YA0cHjljUgpDLkfkVvfi.jpg?resize=1050%2C600&ssl=1 3x"},"classes":[]},{"id":27970,"url":"https:\/\/wp.ufpel.edu.br\/artenosul\/2025\/02\/24\/ariadne-por-jennifer-saint-a-princesa-alem-do-mito-grego\/","url_meta":{"origin":7351,"position":5},"title":"\u201cAriadne\u201d por Jennifer Saint: a princesa al\u00e9m do mito grego","author":"artenosul","date":"24 de fevereiro de 2025","format":false,"excerpt":"Feminista rel\u00ea mito de Ariadne e vai para al\u00e9m do personagem como irm\u00e3 do lend\u00e1rio Minotauro e mera companheira do her\u00f3i Teseu e do deus Dioniso\u00a0 \u00a0 \u00a0 \u00a0 Por Maria Eduarda Lopes\u00a0 \u00a0 \u00a0 \u00a0\u00a0 \u00a0 Uma releitura potente, ambiciosa e envolvente de um dos maiores mitos da Gr\u00e9cia\u2026","rel":"","context":"Em &quot;LITERATURA&quot;","block_context":{"text":"LITERATURA","link":"https:\/\/wp.ufpel.edu.br\/artenosul\/category\/literatura\/"},"img":{"alt_text":"","src":"https:\/\/i0.wp.com\/wp.ufpel.edu.br\/artenosul\/files\/2025\/02\/Baco-e-Ariadne.jpg?resize=350%2C200&ssl=1","width":350,"height":200,"srcset":"https:\/\/i0.wp.com\/wp.ufpel.edu.br\/artenosul\/files\/2025\/02\/Baco-e-Ariadne.jpg?resize=350%2C200&ssl=1 1x, https:\/\/i0.wp.com\/wp.ufpel.edu.br\/artenosul\/files\/2025\/02\/Baco-e-Ariadne.jpg?resize=525%2C300&ssl=1 1.5x, https:\/\/i0.wp.com\/wp.ufpel.edu.br\/artenosul\/files\/2025\/02\/Baco-e-Ariadne.jpg?resize=700%2C400&ssl=1 2x"},"classes":[]}],"_links":{"self":[{"href":"https:\/\/wp.ufpel.edu.br\/artenosul\/wp-json\/wp\/v2\/posts\/7351","targetHints":{"allow":["GET"]}}],"collection":[{"href":"https:\/\/wp.ufpel.edu.br\/artenosul\/wp-json\/wp\/v2\/posts"}],"about":[{"href":"https:\/\/wp.ufpel.edu.br\/artenosul\/wp-json\/wp\/v2\/types\/post"}],"author":[{"embeddable":true,"href":"https:\/\/wp.ufpel.edu.br\/artenosul\/wp-json\/wp\/v2\/users\/571"}],"replies":[{"embeddable":true,"href":"https:\/\/wp.ufpel.edu.br\/artenosul\/wp-json\/wp\/v2\/comments?post=7351"}],"version-history":[{"count":3,"href":"https:\/\/wp.ufpel.edu.br\/artenosul\/wp-json\/wp\/v2\/posts\/7351\/revisions"}],"predecessor-version":[{"id":7356,"href":"https:\/\/wp.ufpel.edu.br\/artenosul\/wp-json\/wp\/v2\/posts\/7351\/revisions\/7356"}],"wp:featuredmedia":[{"embeddable":true,"href":"https:\/\/wp.ufpel.edu.br\/artenosul\/wp-json\/wp\/v2\/media\/7353"}],"wp:attachment":[{"href":"https:\/\/wp.ufpel.edu.br\/artenosul\/wp-json\/wp\/v2\/media?parent=7351"}],"wp:term":[{"taxonomy":"category","embeddable":true,"href":"https:\/\/wp.ufpel.edu.br\/artenosul\/wp-json\/wp\/v2\/categories?post=7351"},{"taxonomy":"post_tag","embeddable":true,"href":"https:\/\/wp.ufpel.edu.br\/artenosul\/wp-json\/wp\/v2\/tags?post=7351"}],"curies":[{"name":"wp","href":"https:\/\/api.w.org\/{rel}","templated":true}]}}