{"id":7137,"date":"2017-08-02T17:00:35","date_gmt":"2017-08-02T20:00:35","guid":{"rendered":"https:\/\/wp.ufpel.edu.br\/artenosul\/?p=7137"},"modified":"2017-08-02T17:02:53","modified_gmt":"2017-08-02T20:02:53","slug":"concurso-nacional-novos-poetas-2017","status":"publish","type":"post","link":"https:\/\/wp.ufpel.edu.br\/artenosul\/2017\/08\/02\/concurso-nacional-novos-poetas-2017\/","title":{"rendered":"Concurso Nacional Novos Poetas 2017"},"content":{"rendered":"<p><img loading=\"lazy\" decoding=\"async\" class=\"alignright wp-image-7139\" src=\"https:\/\/wp.ufpel.edu.br\/artenosul\/files\/2017\/08\/1-500x500.gif\" alt=\"\" width=\"298\" height=\"298\" srcset=\"https:\/\/wp.ufpel.edu.br\/artenosul\/files\/2017\/08\/1-500x500.gif 500w, https:\/\/wp.ufpel.edu.br\/artenosul\/files\/2017\/08\/1-300x300.gif 300w, https:\/\/wp.ufpel.edu.br\/artenosul\/files\/2017\/08\/1-768x768.gif 768w, https:\/\/wp.ufpel.edu.br\/artenosul\/files\/2017\/08\/1-50x50.gif 50w\" sizes=\"auto, (max-width: 298px) 100vw, 298px\" \/><\/p>\n<p><span style=\"font-size: 12pt\">\u00a0 \u00a0 \u00a0Est\u00e3o abertas as inscri\u00e7\u00f5es para o Concurso Nacional Novos Poetas &#8211; Pr\u00eamio CNNP 2017. Podem participar do concurso todos os brasileiros natos ou naturalizados, maiores de 16 anos.<\/span><\/p>\n<p><span style=\"font-size: 12pt\">Cada candidato pode inscrever-se com at\u00e9 dois poemas de sua autoria, com texto em l\u00edngua portuguesa. O tema \u00e9 livre, assim como o g\u00eanero l\u00edrico escolhido. Ser\u00e3o 250 poemas classificados.<\/span><\/p>\n<p><span style=\"font-size: 12pt\">A classifica\u00e7\u00e3o dos poemas resultar\u00e1 no livro, Pr\u00eamio CNNP 2017: Antologia Po\u00e9tica. Estimulando a nova poesia em sua forma e conte\u00fado, o certame promove a liberdade de cria\u00e7\u00e3o.\u00a0As inscri\u00e7\u00f5es s\u00e3o gratuitas at\u00e9 o dia 5 de de setembro pelo <a href=\"http:\/\/www.cnnp.com.br\" target=\"_blank\" rel=\"noopener\">site<\/a>. A realiza\u00e7\u00e3o \u00e9 da Vivara Editora Nacional, com apoio cultural da Revista Universidade.<\/span><\/p>\n<p><span style=\"font-size: 12pt\"><a href=\"https:\/\/wp.ufpel.edu.br\/artenosul\"><span style=\"color: #0000ff\"><strong>PRIMEIRA P\u00c1GINA<\/strong><\/span><\/a><\/span><\/p>\n<p><span style=\"color: #0000ff;font-size: 12pt\"><strong>COMENT\u00c1RIOS<\/strong><\/span><\/p>\n<div data-test='contact-form'\n\t\t\tid='contact-form-7137'\n\t\t\tclass='wp-block-jetpack-contact-form-container '\n\t\t\tdata-wp-interactive='jetpack\/form' data-wp-context='{\"formId\":\"7137\",\"formHash\":\"96b8d00cb2e32b07a82a1f5c0288f119f69b626c\",\"showErrors\":false,\"errors\":[],\"fields\":[],\"isMultiStep\":false,\"useAjax\":true,\"submissionData\":null,\"formattedSubmissionData\":[],\"submissionSuccess\":false,\"submissionError\":null,\"elementId\":\"jp-form-96b8d00cb2e32b07a82a1f5c0288f119f69b626c\",\"isSingleInputForm\":false}'\n\t\t\tdata-wp-watch--scroll-to-wrapper=\"callbacks.scrollToWrapper\"\n\t\t>\n<div class=\"contact-form-submission contact-form-ajax-submission\" data-wp-class--submission-success=\"context.submissionSuccess\"><p class=\"go-back-message\"><a class=\"link\" role=\"button\" tabindex=\"0\" data-wp-on--click=\"actions.goBack\" href=\"\/artenosul\/wp-json\/wp\/v2\/posts\/7137\">Voltar<\/a><\/p><h4 id=\"contact-form-success-header\">Sua mensagem foi enviada<\/h4>\n\n<template data-wp-each--submission=\"context.formattedSubmissionData\">\n\t\t\t\t\t<div class=\"jetpack_forms_contact-form-success-summary\">\n\t\t\t\t\t\t<div class=\"field-name\" data-wp-text=\"context.submission.label\" data-wp-bind--hidden=\"!context.submission.label\"><\/div>\n\t\t\t\t\t\t<div class=\"field-value\" data-wp-text=\"context.submission.value\"><\/div>\n\t\t\t\t\t\t<div class=\"field-images\" data-wp-bind--hidden=\"!context.submission.images\">\n\t\t\t\t\t\t\t<template data-wp-each--image=\"context.submission.images\">\n\t\t\t\t\t\t\t\t<figure class=\"field-image\" data-wp-class--is-empty=\"!context.image\">\n\t\t\t\t\t\t\t\t\t<img data-wp-bind--src=\"context.image\" data-wp-bind--hidden=\"!context.image\" \/>\n\t\t\t\t\t\t\t\t\t<img decoding=\"async\" src=\"data:image\/gif;base64,R0lGODlhAQABAAD\/ACwAAAAAAQABAAACADs=\" data-wp-bind--hidden=\"context.image\" \/>\n\t\t\t\t\t\t\t\t<\/figure>\n\t\t\t\t\t\t\t<\/template>\n\t\t\t\t\t\t<\/div>\n\t\t\t\t\t<\/div>\n\t\t\t\t<\/template><\/div><form action='https:\/\/wp.ufpel.edu.br\/artenosul\/2017\/08\/02\/concurso-nacional-novos-poetas-2017\/'\n\t\t\t\tid='jp-form-96b8d00cb2e32b07a82a1f5c0288f119f69b626c'\n\t\t\t\tmethod='post'\n\t\t\t\tclass='contact-form commentsblock' aria-label=\"Concurso Nacional Novos Poetas 2017\"\n\t\t\t\tdata-wp-on--submit=\"actions.onFormSubmit\"\n\t\t\t\tdata-wp-on--reset=\"actions.onFormReset\"\n\t\t\t\tdata-wp-class--submission-success=\"context.submissionSuccess\"\n\t\t\t\tdata-wp-class--is-first-step=\"state.isFirstStep\"\n\t\t\t\tdata-wp-class--is-last-step=\"state.isLastStep\"\n\t\t\t\tdata-wp-class--is-ajax-form=\"context.useAjax\"\n\t\t\t\tnovalidate >\n<input type='hidden' name='jetpack_contact_form_jwt' value='eyJ0eXAiOiJKV1QiLCJhbGciOiJIUzI1NiJ9.eyJlbmNyeXB0ZWRfYXR0cmlidXRlcyI6Ikd4YzFFNEUzYTY4TjdoS2lvRkpCNWhsNG11MDZ2ZG1yZzNTVk5kLy9oQjcwTGx6OW1laDRWQ3B2N1kxV0JvNmFRd20yd3FNaFZhejFna0ZKQjFnYVB2dHdTS1dWR3B0S2xVWithbVZLYUJvYnJpOTZHMjh1UlRTdG40WE9pK2pDb01GVWZWQzQrR3JHWlI2SGtwV1BUY0NjaHNGcUZBNDMwQjBpbTN2YUNNaGFGcXRMSGh6cDMwZzNlU3A0TjZpekVRRy9HTkhKeTV1UTA3WTJqdVh3dDZ4WVJDdXoyd3lRZzV0T1dRbzRBUmU4Y2NQTHAxTHRzTTJTc3NoekMrbm53N2lKNVlzTHJTWFZISEd5eFJlNS85RDNPa0V6WFZBVzV2NmlpODFqWHNNVHBJLzZXUDNYM09CL1hqR2preWxWUlF2M2tsa2J3cmZCek44ckZUR0FpTTJ4MklnWjBCVkVsL1VIbmhRNG4rTHFZakNpTWRWVTZabUVMNkRaRUwrSnhKZTFRM25MMU9sb3Q2VXZ6N1lVUkVXTUpEWkFHcXBvZkd1enE2MWJ3V2orVXBjTjVmNnhaZGFzYW5BS1J4YkRnSlR2RlBmL1ZrbU5ScWplVzZlWG81eVY1VzZlbjd3YUFCdDFlZTV4NTZjZlZWTy93R1VCRHExbkJ4SCs3SnVTcm9hb09IaEdQdHFLOU1ZZE1XYnVaZktrQytjaGJSNGdYM1MwdkpCZjVWRzB5VWlpOWUvSGRaRlpFYm9ZN0t2d2ZOekthVDl5a0p6QnRPdnM5NkhKd2I3azRadjRrTGRGVDV6YkFPcTF6dFlRU0R5eHRqYUcxQ0daWW80MHF5d1gzdjk5WDJSalQ0RTg5alo3MitONmY2T3VNcDFhKzJIbFg4U2dDN2x6aGJidlJ1VzNSOWkweDNJKzEzc05HaU1KVFZyOG1CTWV6SXV4Njc5SkJuQ3Q0c1MvS24xZkRYMmlCYnJRL3J4eHR6bXUrRnQwQmVCcFRYdHZHMXpvNzhlVzZ1UERQbE4xVUdublBnWnZHblcwMjdIbkRzNmtKT2VKUlh6UUtPd1NJV1lQZ2piVkpYdFZKZlJNazNVRUUyME0zWXZ1K0FKRkx0NERpVU9ZUWNROWVzNSt3SnRNUE5Vc2pWWmtyTmptRm9PZnVIYktZTmZ0bjF2RnMxdnd1R2Vrb1c1UEZhM1JHNEg4dm1rPSIsImNvbnRlbnQiOiJbY29udGFjdC1maWVsZCBsYWJlbD0nTm9tZScgdHlwZT0nbmFtZScvXVtjb250YWN0LWZpZWxkIGxhYmVsPSdFLW1haWwnIHR5cGU9J2VtYWlsJy9dW2NvbnRhY3QtZmllbGQgbGFiZWw9J0NvbWVudFx1MDBlMXJpbycgdHlwZT0ndGV4dGFyZWEnL10iLCJoYXNoIjoiOTZiOGQwMGNiMmUzMmIwN2E4MmExZjVjMDI4OGYxMTlmNjliNjI2YyIsInNvdXJjZSI6eyJlbnRyeV90aXRsZSI6IkNvbmN1cnNvIE5hY2lvbmFsIE5vdm9zIFBvZXRhcyAyMDE3IiwiZW50cnlfcGFnZSI6MSwic291cmNlX2lkIjo3MTM3LCJzb3VyY2VfdHlwZSI6InNpbmdsZSIsInJlcXVlc3RfdXJsIjoiaHR0cHM6Ly93cC51ZnBlbC5lZHUuYnIvYXJ0ZW5vc3VsL3dwLWpzb24vd3AvdjIvcG9zdHMvNzEzNyJ9LCJ2ZXJzaW9uIjoyLCJjaXBoZXIiOiJhZXMtMjU2LWdjbSJ9.yZ-2BVrLREoCN26tbviD2n2lr4FQSRysYYfRCYKyQcQ' \/>\n\n<div style=\"\"  data-wp-interactive=\"jetpack\/form\" data-wp-context='{\"fieldId\":\"g7137-nome\",\"fieldType\":\"name\",\"fieldLabel\":\"Nome\",\"fieldValue\":\"\",\"fieldPlaceholder\":\"\",\"fieldIsRequired\":\"\",\"fieldErrorMessage\":\"\",\"fieldExtra\":[],\"formHash\":\"96b8d00cb2e32b07a82a1f5c0288f119f69b626c\"}'  class='grunion-field-name-wrap grunion-field-wrap'  data-wp-init='callbacks.initializeField' data-wp-on--jetpack-form-reset='callbacks.initializeField' >\n<label\n\t\t\t\tfor='g7137-nome' class=\"grunion-field-label name\" >Nome<\/label>\n<input\n\t\t\t\t\ttype='text'\n\t\t\t\t\tname='g7137-nome'\n\t\t\t\t\tid='g7137-nome'\n\t\t\t\t\tvalue=''\n\n\t\t\t\t\tdata-wp-bind--aria-invalid='state.fieldHasErrors'\n\t\t\t\t\tdata-wp-bind--value='state.getFieldValue'\n\t\t\t\t\taria-errormessage='g7137-nome-text-error-message'\n\t\t\t\t\tdata-wp-on--input='actions.onFieldChange'\n\t\t\t\t\tdata-wp-on--blur='actions.onFieldBlur'\n\t\t\t\t\tdata-wp-class--has-value='state.hasFieldValue'\n\n\t\t\t\t\tclass='name  grunion-field' \n\t\t\t\t\t \/>\n \n\t\t\t<div id=\"g7137-nome-text-error\" class=\"contact-form__input-error\" data-wp-class--has-errors=\"state.fieldHasErrors\">\n\t\t\t\t<span class=\"contact-form__warning-icon\">\n\t\t\t\t\t<svg width=\"16\" height=\"16\" viewBox=\"0 0 16 16\" fill=\"none\" xmlns=\"http:\/\/www.w3.org\/2000\/svg\">\n\t\t\t\t\t\t<path d=\"M8.50015 11.6402H7.50015V10.6402H8.50015V11.6402Z\" \/>\n\t\t\t\t\t\t<path d=\"M7.50015 9.64018H8.50015V6.30684H7.50015V9.64018Z\" \/>\n\t\t\t\t\t\t<path fill-rule=\"evenodd\" clip-rule=\"evenodd\" d=\"M6.98331 3.0947C7.42933 2.30177 8.57096 2.30177 9.01698 3.09469L13.8771 11.7349C14.3145 12.5126 13.7525 13.4735 12.8602 13.4735H3.14004C2.24774 13.4735 1.68575 12.5126 2.12321 11.7349L6.98331 3.0947ZM8.14541 3.58496C8.08169 3.47168 7.9186 3.47168 7.85488 3.58496L2.99478 12.2251C2.93229 12.3362 3.01257 12.4735 3.14004 12.4735H12.8602C12.9877 12.4735 13.068 12.3362 13.0055 12.2251L8.14541 3.58496Z\" \/>\n\t\t\t\t\t<\/svg>\n\t\t\t\t\t<span class=\"visually-hidden\">Aviso<\/span>\n\t\t\t\t<\/span>\n\t\t\t\t<span data-wp-text=\"state.errorMessage\" id=\"g7137-nome-text-error-message\" role=\"alert\" aria-live=\"assertive\"><\/span>\n\t\t\t<\/div> \n\t<\/div>\n\n<div style=\"\"  data-wp-interactive=\"jetpack\/form\" data-wp-context='{\"fieldId\":\"g7137-email\",\"fieldType\":\"email\",\"fieldLabel\":\"E-mail\",\"fieldValue\":\"\",\"fieldPlaceholder\":\"\",\"fieldIsRequired\":\"\",\"fieldErrorMessage\":\"\",\"fieldExtra\":[],\"formHash\":\"96b8d00cb2e32b07a82a1f5c0288f119f69b626c\"}'  class='grunion-field-email-wrap grunion-field-wrap'  data-wp-init='callbacks.initializeField' data-wp-on--jetpack-form-reset='callbacks.initializeField' >\n<label\n\t\t\t\tfor='g7137-email' class=\"grunion-field-label email\" >E-mail<\/label>\n<input\n\t\t\t\t\ttype='email'\n\t\t\t\t\tname='g7137-email'\n\t\t\t\t\tid='g7137-email'\n\t\t\t\t\tvalue=''\n\n\t\t\t\t\tdata-wp-bind--aria-invalid='state.fieldHasErrors'\n\t\t\t\t\tdata-wp-bind--value='state.getFieldValue'\n\t\t\t\t\taria-errormessage='g7137-email-email-error-message'\n\t\t\t\t\tdata-wp-on--input='actions.onFieldChange'\n\t\t\t\t\tdata-wp-on--blur='actions.onFieldBlur'\n\t\t\t\t\tdata-wp-class--has-value='state.hasFieldValue'\n\n\t\t\t\t\tclass='email  grunion-field' \n\t\t\t\t\t \/>\n \n\t\t\t<div id=\"g7137-email-email-error\" class=\"contact-form__input-error\" data-wp-class--has-errors=\"state.fieldHasErrors\">\n\t\t\t\t<span class=\"contact-form__warning-icon\">\n\t\t\t\t\t<svg width=\"16\" height=\"16\" viewBox=\"0 0 16 16\" fill=\"none\" xmlns=\"http:\/\/www.w3.org\/2000\/svg\">\n\t\t\t\t\t\t<path d=\"M8.50015 11.6402H7.50015V10.6402H8.50015V11.6402Z\" \/>\n\t\t\t\t\t\t<path d=\"M7.50015 9.64018H8.50015V6.30684H7.50015V9.64018Z\" \/>\n\t\t\t\t\t\t<path fill-rule=\"evenodd\" clip-rule=\"evenodd\" d=\"M6.98331 3.0947C7.42933 2.30177 8.57096 2.30177 9.01698 3.09469L13.8771 11.7349C14.3145 12.5126 13.7525 13.4735 12.8602 13.4735H3.14004C2.24774 13.4735 1.68575 12.5126 2.12321 11.7349L6.98331 3.0947ZM8.14541 3.58496C8.08169 3.47168 7.9186 3.47168 7.85488 3.58496L2.99478 12.2251C2.93229 12.3362 3.01257 12.4735 3.14004 12.4735H12.8602C12.9877 12.4735 13.068 12.3362 13.0055 12.2251L8.14541 3.58496Z\" \/>\n\t\t\t\t\t<\/svg>\n\t\t\t\t\t<span class=\"visually-hidden\">Aviso<\/span>\n\t\t\t\t<\/span>\n\t\t\t\t<span data-wp-text=\"state.errorMessage\" id=\"g7137-email-email-error-message\" role=\"alert\" aria-live=\"assertive\"><\/span>\n\t\t\t<\/div> \n\t<\/div>\n\n<div style=\"\"  data-wp-interactive=\"jetpack\/form\" data-wp-context='{\"fieldId\":\"g7137-comentrio\",\"fieldType\":\"textarea\",\"fieldLabel\":\"Coment\\u00e1rio\",\"fieldValue\":\"\",\"fieldPlaceholder\":\"\",\"fieldIsRequired\":\"\",\"fieldErrorMessage\":\"\",\"fieldExtra\":[],\"formHash\":\"96b8d00cb2e32b07a82a1f5c0288f119f69b626c\"}'  class='grunion-field-textarea-wrap grunion-field-wrap'  data-wp-init='callbacks.initializeField' data-wp-on--jetpack-form-reset='callbacks.initializeField' >\n<label\n\t\t\t\tfor='contact-form-comment-g7137-comentrio' class=\"grunion-field-label textarea\" >Coment\u00e1rio<\/label>\n<textarea\n\t\t                style=''\n\t\t                name='g7137-comentrio'\n\t\t                id='contact-form-comment-g7137-comentrio'\n\t\t                rows='20'\n\t\t\t\t\t\tdata-wp-text='state.getFieldValue'\n\t\t\t\t\t\tdata-wp-on--input='actions.onFieldChange'\n\t\t\t\t\t\tdata-wp-on--blur='actions.onFieldBlur'\n\t\t\t\t\t\tdata-wp-class--has-value='state.hasFieldValue'\n\t\t\t\t\t\tdata-wp-bind--aria-invalid='state.fieldHasErrors'\n\t\t\t\t\t\taria-errormessage='g7137-comentrio-textarea-error-message'\n\t\t\t\t\t\tclass='textarea  grunion-field'  ><\/textarea>\n \n\t\t\t<div id=\"g7137-comentrio-textarea-error\" class=\"contact-form__input-error\" data-wp-class--has-errors=\"state.fieldHasErrors\">\n\t\t\t\t<span class=\"contact-form__warning-icon\">\n\t\t\t\t\t<svg width=\"16\" height=\"16\" viewBox=\"0 0 16 16\" fill=\"none\" xmlns=\"http:\/\/www.w3.org\/2000\/svg\">\n\t\t\t\t\t\t<path d=\"M8.50015 11.6402H7.50015V10.6402H8.50015V11.6402Z\" \/>\n\t\t\t\t\t\t<path d=\"M7.50015 9.64018H8.50015V6.30684H7.50015V9.64018Z\" \/>\n\t\t\t\t\t\t<path fill-rule=\"evenodd\" clip-rule=\"evenodd\" d=\"M6.98331 3.0947C7.42933 2.30177 8.57096 2.30177 9.01698 3.09469L13.8771 11.7349C14.3145 12.5126 13.7525 13.4735 12.8602 13.4735H3.14004C2.24774 13.4735 1.68575 12.5126 2.12321 11.7349L6.98331 3.0947ZM8.14541 3.58496C8.08169 3.47168 7.9186 3.47168 7.85488 3.58496L2.99478 12.2251C2.93229 12.3362 3.01257 12.4735 3.14004 12.4735H12.8602C12.9877 12.4735 13.068 12.3362 13.0055 12.2251L8.14541 3.58496Z\" \/>\n\t\t\t\t\t<\/svg>\n\t\t\t\t\t<span class=\"visually-hidden\">Aviso<\/span>\n\t\t\t\t<\/span>\n\t\t\t\t<span data-wp-text=\"state.errorMessage\" id=\"g7137-comentrio-textarea-error-message\" role=\"alert\" aria-live=\"assertive\"><\/span>\n\t\t\t<\/div>\n\t<\/div>\n\t<p class='contact-submit'>\n<div class=\"contact-form__error\" data-wp-class--show-errors=\"state.showFormErrors\"><span class=\"contact-form__warning-icon\"><span class=\"visually-hidden\">Aten\u00e7\u00e3o.<\/span><i aria-hidden=\"true\"><\/i><\/span>\n\t\t\t\t<span data-wp-text=\"state.getFormErrorMessage\"><\/span>\n\t\t\t\t<ul>\n\t\t\t\t<template data-wp-each=\"state.getErrorList\" data-wp-key=\"context.item.id\">\n\t\t\t\t\t<li><a data-wp-bind--href=\"context.item.anchor\" data-wp-on--click=\"actions.scrollIntoView\" data-wp-text=\"context.item.label\"><\/a><\/li>\n\t\t\t\t<\/template>\n\t\t\t\t<\/ul><\/div><div class=\"contact-form__error\" data-wp-class--show-errors=\"state.showSubmissionError\" data-wp-text=\"context.submissionError\"><\/div>\t\t<button type='submit' class='pushbutton-wide'>Enviar<\/button>\t\t<input type='hidden' name='contact-form-id' value='7137' \/>\n\t\t<input type='hidden' name='action' value='grunion-contact-form' \/>\n\t\t<input type='hidden' name='contact-form-hash' value='96b8d00cb2e32b07a82a1f5c0288f119f69b626c' \/>\n\t<\/p>\n<p style=\"display: none !important;\" class=\"akismet-fields-container\" data-prefix=\"ak_\"><label>&#916;<textarea name=\"ak_hp_textarea\" cols=\"45\" rows=\"8\" maxlength=\"100\"><\/textarea><\/label><input type=\"hidden\" id=\"ak_js_1\" name=\"ak_js\" value=\"128\"\/><script>document.getElementById( \"ak_js_1\" ).setAttribute( \"value\", ( new Date() ).getTime() );<\/script><\/p><\/form>\n<\/div>\n","protected":false},"excerpt":{"rendered":"<p>\u00a0 \u00a0 \u00a0Est\u00e3o abertas as inscri\u00e7\u00f5es para o Concurso Nacional Novos Poetas &#8211; Pr\u00eamio CNNP 2017. Podem participar do concurso todos os brasileiros natos ou naturalizados, maiores de 16 anos. Cada candidato pode inscrever-se com at\u00e9 dois poemas de sua autoria, com texto em l\u00edngua portuguesa. O tema \u00e9 livre, assim como o g\u00eanero l\u00edrico &hellip; <\/p>\n<p><a class=\"more-link btn\" href=\"https:\/\/wp.ufpel.edu.br\/artenosul\/2017\/08\/02\/concurso-nacional-novos-poetas-2017\/\">Continue lendo<\/a><\/p>\n","protected":false},"author":571,"featured_media":7139,"comment_status":"closed","ping_status":"closed","sticky":false,"template":"","format":"standard","meta":{"jetpack_post_was_ever_published":false,"_jetpack_newsletter_access":"","_jetpack_dont_email_post_to_subs":false,"_jetpack_newsletter_tier_id":0,"_jetpack_memberships_contains_paywalled_content":false,"_jetpack_memberships_contains_paid_content":false,"footnotes":"","jetpack_publicize_message":"","jetpack_publicize_feature_enabled":true,"jetpack_social_post_already_shared":true,"jetpack_social_options":{"image_generator_settings":{"template":"highway","default_image_id":0,"font":"","enabled":false},"version":2}},"categories":[83],"tags":[694,693,86,250],"class_list":["post-7137","post","type-post","status-publish","format-standard","has-post-thumbnail","hentry","category-literatura","tag-cnnp","tag-concurso-nacional-novos-poetas","tag-literatura","tag-poesia","nodate","item-wrap"],"jetpack_publicize_connections":[],"jetpack_featured_media_url":"https:\/\/wp.ufpel.edu.br\/artenosul\/files\/2017\/08\/1.gif","jetpack_sharing_enabled":true,"jetpack_likes_enabled":true,"jetpack_shortlink":"https:\/\/wp.me\/p6PuxQ-1R7","jetpack-related-posts":[{"id":2821,"url":"https:\/\/wp.ufpel.edu.br\/artenosul\/2016\/06\/06\/poesia-de-lobo-da-costa-em-foco\/","url_meta":{"origin":7137,"position":0},"title":"Poesia de Lobo da Costa em foco","author":"artenosul","date":"6 de junho de 2016","format":false,"excerpt":"- Reportagem de Patr\u00edcia Tanaka - Houve m\u00fasica, dan\u00e7a e gastronomia no I Sarau Dedo de Mo\u00e7a - O atelier gastron\u00f4mico Dedo de Mo\u00e7a organizou o seu primeiro sarau que aconteceu no dia 21 de maio. A ideia de Izabel Brum, propriet\u00e1ria do bistr\u00f4 e criadora do evento, era de\u2026","rel":"","context":"Em &quot;COMUNIDADE&quot;","block_context":{"text":"COMUNIDADE","link":"https:\/\/wp.ufpel.edu.br\/artenosul\/category\/comunidade\/"},"img":{"alt_text":"","src":"https:\/\/i0.wp.com\/wp.ufpel.edu.br\/artenosul\/files\/2016\/06\/foto-3-b.jpg?resize=350%2C200&ssl=1","width":350,"height":200,"srcset":"https:\/\/i0.wp.com\/wp.ufpel.edu.br\/artenosul\/files\/2016\/06\/foto-3-b.jpg?resize=350%2C200&ssl=1 1x, https:\/\/i0.wp.com\/wp.ufpel.edu.br\/artenosul\/files\/2016\/06\/foto-3-b.jpg?resize=525%2C300&ssl=1 1.5x"},"classes":[]},{"id":11776,"url":"https:\/\/wp.ufpel.edu.br\/artenosul\/2022\/05\/20\/luiz-geraldo-telesca-lanca-livro-de-poemas-parnasianos\/","url_meta":{"origin":7137,"position":1},"title":"Luiz Geraldo Telesca lan\u00e7a livro de poemas parnasianos","author":"artenosul","date":"20 de maio de 2022","format":false,"excerpt":"Por Vivian Domingues Mattos\u00a0 \u00a0 \u00a0\u00a0 Escritor cangu\u00e7uense cria versos que seguem caracter\u00edsticas r\u00edtmicas e harm\u00f4nicas do movimento liter\u00e1rio do s\u00e9culo XIX Apresentando uma obra liter\u00e1ria com o uso estruturado e harmonioso das palavras, o escritor e advogado cangu\u00e7uense, Luiz Geraldo Telesca Mota, lan\u00e7a seu novo livro intitulado \u201cAchados Po\u00e9ticos\u2026","rel":"","context":"Em &quot;LITERATURA&quot;","block_context":{"text":"LITERATURA","link":"https:\/\/wp.ufpel.edu.br\/artenosul\/category\/literatura\/"},"img":{"alt_text":"","src":"https:\/\/i0.wp.com\/wp.ufpel.edu.br\/artenosul\/files\/2022\/05\/Luiz-Geraldo-Telescab.jpeg?resize=350%2C200&ssl=1","width":350,"height":200,"srcset":"https:\/\/i0.wp.com\/wp.ufpel.edu.br\/artenosul\/files\/2022\/05\/Luiz-Geraldo-Telescab.jpeg?resize=350%2C200&ssl=1 1x, https:\/\/i0.wp.com\/wp.ufpel.edu.br\/artenosul\/files\/2022\/05\/Luiz-Geraldo-Telescab.jpeg?resize=525%2C300&ssl=1 1.5x, https:\/\/i0.wp.com\/wp.ufpel.edu.br\/artenosul\/files\/2022\/05\/Luiz-Geraldo-Telescab.jpeg?resize=700%2C400&ssl=1 2x"},"classes":[]},{"id":489,"url":"https:\/\/wp.ufpel.edu.br\/artenosul\/2015\/11\/26\/escritor-rio-grandino-e-destaque-na-feira-do-livro-de-porto-alegre\/","url_meta":{"origin":7137,"position":2},"title":"Rio-grandino \u00e9 destaque na Feira do Livro de Porto Alegre","author":"artenosul","date":"26 de novembro de 2015","format":false,"excerpt":"Reportagem de Daniel Corr\u00eaa e Juliana Escouto dos Santos -\u00a0 O escritor riograndino S\u00e9rgio Puccinelli lan\u00e7ou na \u00faltima edi\u00e7\u00e3o da Feira do Livro de Porto Alegre sua mais nova obra, intitulada \u201cPoemas Para Uma Noite Insone\u201d. A publica\u00e7\u00e3o faz parte de uma trilogia, que iniciou em 2014 com \u201cPoemas Para\u2026","rel":"","context":"Em &quot;LITERATURA&quot;","block_context":{"text":"LITERATURA","link":"https:\/\/wp.ufpel.edu.br\/artenosul\/category\/literatura\/"},"img":{"alt_text":"","src":"https:\/\/i0.wp.com\/wp.ufpel.edu.br\/artenosul\/files\/2015\/11\/foto-s%C3%A9rgio-20B.jpg?resize=350%2C200&ssl=1","width":350,"height":200},"classes":[]},{"id":10705,"url":"https:\/\/wp.ufpel.edu.br\/artenosul\/2022\/05\/09\/museu-casa-fernando-pessoa-um-tesouro-para-ser-conhecido\/","url_meta":{"origin":7137,"position":3},"title":"Museu Casa Fernando Pessoa: um tesouro para ser conhecido  \u00a0","author":"artenosul","date":"9 de maio de 2022","format":false,"excerpt":"Por Vit\u00f3ria de G\u00f3es (Correspondente do site Arte no Sul em terras portuguesas)\u00a0 \u00a0 \u00a0 \u00a0\u00a0 Institui\u00e7\u00e3o sediada na antiga moradia do poeta promove v\u00e1rias exposi\u00e7\u00f5es Hist\u00f3ria, arte e literatura. Essas resumem a experi\u00eancia de visita\u00e7\u00e3o e imers\u00e3o na Casa Fernando Pessoa, em Lisboa, Portugal. O local foi habitado pelo\u2026","rel":"","context":"Em &quot;LITERATURA&quot;","block_context":{"text":"LITERATURA","link":"https:\/\/wp.ufpel.edu.br\/artenosul\/category\/literatura\/"},"img":{"alt_text":"","src":"https:\/\/i0.wp.com\/wp.ufpel.edu.br\/artenosul\/files\/2022\/05\/Foto-CAPA-FP-scaled.jpg?resize=350%2C200&ssl=1","width":350,"height":200,"srcset":"https:\/\/i0.wp.com\/wp.ufpel.edu.br\/artenosul\/files\/2022\/05\/Foto-CAPA-FP-scaled.jpg?resize=350%2C200&ssl=1 1x, https:\/\/i0.wp.com\/wp.ufpel.edu.br\/artenosul\/files\/2022\/05\/Foto-CAPA-FP-scaled.jpg?resize=525%2C300&ssl=1 1.5x, https:\/\/i0.wp.com\/wp.ufpel.edu.br\/artenosul\/files\/2022\/05\/Foto-CAPA-FP-scaled.jpg?resize=700%2C400&ssl=1 2x, https:\/\/i0.wp.com\/wp.ufpel.edu.br\/artenosul\/files\/2022\/05\/Foto-CAPA-FP-scaled.jpg?resize=1050%2C600&ssl=1 3x, https:\/\/i0.wp.com\/wp.ufpel.edu.br\/artenosul\/files\/2022\/05\/Foto-CAPA-FP-scaled.jpg?resize=1400%2C800&ssl=1 4x"},"classes":[]},{"id":6939,"url":"https:\/\/wp.ufpel.edu.br\/artenosul\/2017\/07\/23\/mulheres-ocupam-cena-cultural-no-1a-slam-poesia-de-pelotas\/","url_meta":{"origin":7137,"position":4},"title":"Mulheres ocupam cena cultural no 1\u00aa Slam Poesia de Pelotas","author":"artenosul","date":"23 de julho de 2017","format":false,"excerpt":"Laura Marques \u00a0 \u00a0 \u00a0Rap, poesia e representa\u00e7\u00e3o feminina. Todos esses elementos fizeram parte do 1\u00ba Slam Poesia de Pelotas, no dia 2 de julho. O evento pioneiro incentiva a produ\u00e7\u00e3o cultural feita por mulheres na cidade e teve como palco a rua Padre Anchieta, em frente \u00e0 Casa Cultural\u2026","rel":"","context":"Em &quot;LITERATURA&quot;","block_context":{"text":"LITERATURA","link":"https:\/\/wp.ufpel.edu.br\/artenosul\/category\/literatura\/"},"img":{"alt_text":"","src":"https:\/\/i0.wp.com\/wp.ufpel.edu.br\/artenosul\/files\/2017\/07\/Foto-Bartira-Val-Marques.-Cr%C3%A9ditos-coletivo-I-hate-flash.jpg?resize=350%2C200&ssl=1","width":350,"height":200,"srcset":"https:\/\/i0.wp.com\/wp.ufpel.edu.br\/artenosul\/files\/2017\/07\/Foto-Bartira-Val-Marques.-Cr%C3%A9ditos-coletivo-I-hate-flash.jpg?resize=350%2C200&ssl=1 1x, https:\/\/i0.wp.com\/wp.ufpel.edu.br\/artenosul\/files\/2017\/07\/Foto-Bartira-Val-Marques.-Cr%C3%A9ditos-coletivo-I-hate-flash.jpg?resize=525%2C300&ssl=1 1.5x, https:\/\/i0.wp.com\/wp.ufpel.edu.br\/artenosul\/files\/2017\/07\/Foto-Bartira-Val-Marques.-Cr%C3%A9ditos-coletivo-I-hate-flash.jpg?resize=700%2C400&ssl=1 2x, https:\/\/i0.wp.com\/wp.ufpel.edu.br\/artenosul\/files\/2017\/07\/Foto-Bartira-Val-Marques.-Cr%C3%A9ditos-coletivo-I-hate-flash.jpg?resize=1050%2C600&ssl=1 3x"},"classes":[]},{"id":7359,"url":"https:\/\/wp.ufpel.edu.br\/artenosul\/2017\/08\/28\/premio-divulga-fotos-em-milhares-de-imagens-postais\/","url_meta":{"origin":7137,"position":5},"title":"Pr\u00eamio divulga fotos em milhares de imagens postais","author":"artenosul","date":"28 de agosto de 2017","format":false,"excerpt":"\u00a0\u00a0\u00a0\u00a0 Lu\u00eds Ot\u00e1vio Languer Schebek \u00a0\u00a0\u00a0\u00a0 Uma competi\u00e7\u00e3o de fotografia promovida pelo Centro de Artes da UFPel elegeu novos cart\u00f5es postais para Pelotas. O concurso \"Pelotas em uma imagem\" teve como objetivo valorizar, atrav\u00e9s da fotografia, o potencial est\u00e9tico da cidade de Pelotas. A proposta do concurso era oportunizar o\u2026","rel":"","context":"Em &quot;ARTES VISUAIS&quot;","block_context":{"text":"ARTES VISUAIS","link":"https:\/\/wp.ufpel.edu.br\/artenosul\/category\/artes-visuais\/"},"img":{"alt_text":"","src":"https:\/\/i0.wp.com\/wp.ufpel.edu.br\/artenosul\/files\/2017\/08\/3-1-e1503956538804.png?resize=350%2C200&ssl=1","width":350,"height":200,"srcset":"https:\/\/i0.wp.com\/wp.ufpel.edu.br\/artenosul\/files\/2017\/08\/3-1-e1503956538804.png?resize=350%2C200&ssl=1 1x, https:\/\/i0.wp.com\/wp.ufpel.edu.br\/artenosul\/files\/2017\/08\/3-1-e1503956538804.png?resize=525%2C300&ssl=1 1.5x"},"classes":[]}],"_links":{"self":[{"href":"https:\/\/wp.ufpel.edu.br\/artenosul\/wp-json\/wp\/v2\/posts\/7137","targetHints":{"allow":["GET"]}}],"collection":[{"href":"https:\/\/wp.ufpel.edu.br\/artenosul\/wp-json\/wp\/v2\/posts"}],"about":[{"href":"https:\/\/wp.ufpel.edu.br\/artenosul\/wp-json\/wp\/v2\/types\/post"}],"author":[{"embeddable":true,"href":"https:\/\/wp.ufpel.edu.br\/artenosul\/wp-json\/wp\/v2\/users\/571"}],"replies":[{"embeddable":true,"href":"https:\/\/wp.ufpel.edu.br\/artenosul\/wp-json\/wp\/v2\/comments?post=7137"}],"version-history":[{"count":3,"href":"https:\/\/wp.ufpel.edu.br\/artenosul\/wp-json\/wp\/v2\/posts\/7137\/revisions"}],"predecessor-version":[{"id":7142,"href":"https:\/\/wp.ufpel.edu.br\/artenosul\/wp-json\/wp\/v2\/posts\/7137\/revisions\/7142"}],"wp:featuredmedia":[{"embeddable":true,"href":"https:\/\/wp.ufpel.edu.br\/artenosul\/wp-json\/wp\/v2\/media\/7139"}],"wp:attachment":[{"href":"https:\/\/wp.ufpel.edu.br\/artenosul\/wp-json\/wp\/v2\/media?parent=7137"}],"wp:term":[{"taxonomy":"category","embeddable":true,"href":"https:\/\/wp.ufpel.edu.br\/artenosul\/wp-json\/wp\/v2\/categories?post=7137"},{"taxonomy":"post_tag","embeddable":true,"href":"https:\/\/wp.ufpel.edu.br\/artenosul\/wp-json\/wp\/v2\/tags?post=7137"}],"curies":[{"name":"wp","href":"https:\/\/api.w.org\/{rel}","templated":true}]}}