{"id":6957,"date":"2017-07-23T11:22:57","date_gmt":"2017-07-23T14:22:57","guid":{"rendered":"https:\/\/wp.ufpel.edu.br\/artenosul\/?p=6957"},"modified":"2017-07-23T11:23:43","modified_gmt":"2017-07-23T14:23:43","slug":"critica-de-cinema-estrelas-alem-do-tempo","status":"publish","type":"post","link":"https:\/\/wp.ufpel.edu.br\/artenosul\/2017\/07\/23\/critica-de-cinema-estrelas-alem-do-tempo\/","title":{"rendered":"Cr\u00edtica de Cinema: \u201cEstrelas Al\u00e9m do Tempo\u201d"},"content":{"rendered":"<div id=\"attachment_6959\" style=\"width: 697px\" class=\"wp-caption alignright\"><img loading=\"lazy\" decoding=\"async\" aria-describedby=\"caption-attachment-6959\" class=\" wp-image-6959\" src=\"https:\/\/wp.ufpel.edu.br\/artenosul\/files\/2017\/07\/1901_ent_1-500x280.jpg\" alt=\"\" width=\"697\" height=\"396\" srcset=\"https:\/\/wp.ufpel.edu.br\/artenosul\/files\/2017\/07\/1901_ent_1-220x126.jpg 220w, https:\/\/wp.ufpel.edu.br\/artenosul\/files\/2017\/07\/1901_ent_1-460x260.jpg 460w\" sizes=\"auto, (max-width: 697px) 100vw, 697px\" \/><p id=\"caption-attachment-6959\" class=\"wp-caption-text\"><strong><span style=\"color: #000000\">Filme conta uma hist\u00f3ria real de mulheres com as atrizes Janelle Mon\u00e1e, Taraji \u00a0Henson e Octavia Spencer\u00a0<\/span><\/strong><\/p><\/div>\n<p style=\"text-align: right\"><span style=\"font-size: 12pt\"><strong>Mariana Lealdino<\/strong><\/span><\/p>\n<p><span style=\"font-size: 12pt\">\u00a0 \u00a0 \u00a0No in\u00edcio do ano, os amantes do cinema sempre esperam a noite do Oscar, a premia\u00e7\u00e3o cinematogr\u00e1fica mais respeitada do planeta. Quando eu vi que \u201cEstrelas Al\u00e9m do Tempo\u201d estava nas indica\u00e7\u00f5es da premia\u00e7\u00e3o, logo pensei que o destaque n\u00e3o era nada al\u00e9m de justo.<\/span><\/p>\n<p><span style=\"font-size: 12pt\">Ali\u00e1s, se voc\u00ea procura por um filme para entretenimento, n\u00e3o recomendo o longa. O filme \u00e9 uma obra que n\u00e3o deve ser abordada com leviandade. A trama \u00e9 baseada em fatos reais e mostra a ignor\u00e2ncia de uma sociedade segregacionista. Mas tamb\u00e9m mostra o outro lado, o que acontece quando deixamos os preconceitos de lado e trabalhamos juntos.<\/span><\/p>\n<p><span style=\"font-size: 12pt\">Com a dose certa de humor, \u201cEstrelas Al\u00e9m do Tempo\u201d certamente \u00e9 um filme que ainda vai dar muito o que falar.<\/span><\/p>\n<p><span style=\"font-size: 12pt\">O longa-metragem, que se passa em meados da d\u00e9cada de sessenta, conta a hist\u00f3ria de Katherine Johnson (Taraji P. Henson), Dorothy Vaughn (Octavia Spencer) e Mary Jackson (Janelle Mon\u00e1e). Tr\u00eas amigas negras, funcion\u00e1rias da NASA, eram conhecidas como os \u201ccomputadores\u201d, por que eram elas que faziam os c\u00e1lculos para a empresa, antes de realmente se come\u00e7ar a utilizar as m\u00e1quinas.<\/span><\/p>\n<p><span style=\"font-size: 12pt\">Al\u00e9m de precisarem provar sua compet\u00eancia diariamente como mulheres na organiza\u00e7\u00e3o, que em sua maioria \u00e9 constitu\u00edda por homens, as cientistas ainda lidam com a intensa segrega\u00e7\u00e3o racial vivida nos Estados Unidos em tempos de Guerra Fria. O pa\u00eds vivia na disputa da corrida espacial com a Uni\u00e3o Sovi\u00e9tica.<\/span><\/p>\n<p><span style=\"font-size: 12pt\">Com um roteiro envolvente, o espectador se apaixona pelas personagens que protagonizam o longa-metragem. As tr\u00eas amigas revelam personalidades muito distintas, mas s\u00e3o sempre leais aos seus princ\u00edpios e objetivos, e principalmente uma \u00e0s outras.<\/span><\/p>\n<p><span style=\"font-size: 12pt\">Destaca-se a atua\u00e7\u00e3o de Octavia Spencer, conhecida por muitos de seus pap\u00e9is como enfermeira (entre s\u00e9ries e filmes, foram dezesseis personagens de enfermeiras diferentes), e outras interpreta\u00e7\u00f5es mais triviais em com\u00e9dias rom\u00e2nticas. Com toda certeza, interpretar Dorothy Vaughn foi o ponto alto de sua carreira.<\/span><\/p>\n<p><span style=\"font-size: 12pt\">Apesar do longa contar a hist\u00f3ria dessas tr\u00eas mulheres, a trajet\u00f3ria de Katherine Johnson ganha destaque e predomina no filme. Filha de pai carpinteiro, m\u00e3e, ex-professora, \u00e9 mostrado como ela sempre teve naturalidade com os n\u00fameros desde a inf\u00e2ncia. Futuramente, a f\u00edsica, cientista espacial e matem\u00e1tica estadunidense, m\u00e3e solteira de tr\u00eas meninas, ganha seu merecido destaque na NASA.<\/span><\/p>\n<p><span style=\"font-size: 12pt\">\u201cEstrelas Al\u00e9m do Tempo\u201d, lan\u00e7ado nos cinemas neste ano e j\u00e1 dispon\u00edvel em DVD, mostra o conhecimento com uma arma preponderante para uma guerra silenciosa. \u201cEstrelas Al\u00e9m do Tempo\u201d \u00e9 uma hist\u00f3ria de resist\u00eancia.<\/span><\/p>\n<p><span style=\"font-size: 12pt\"><a href=\"https:\/\/wp.ufpel.edu.br\/artenosul\"><span style=\"color: #0000ff\"><strong>PRIMEIRA P\u00c1GINA<\/strong><\/span><\/a><\/span><\/p>\n<p><span style=\"color: #0000ff;font-size: 12pt\"><strong>COMENT\u00c1RIO<\/strong><\/span><\/p>\n<div data-test='contact-form'\n\t\t\tid='contact-form-6957'\n\t\t\tclass='wp-block-jetpack-contact-form-container '\n\t\t\tdata-wp-interactive='jetpack\/form' data-wp-context='{\"formId\":\"6957\",\"formHash\":\"c7acff0e3ad639d032e1e9ed962c2cb696699dfc\",\"showErrors\":false,\"errors\":[],\"fields\":[],\"isMultiStep\":false,\"useAjax\":true,\"submissionData\":null,\"formattedSubmissionData\":[],\"submissionSuccess\":false,\"submissionError\":null,\"elementId\":\"jp-form-c7acff0e3ad639d032e1e9ed962c2cb696699dfc\",\"isSingleInputForm\":false}'\n\t\t\tdata-wp-watch--scroll-to-wrapper=\"callbacks.scrollToWrapper\"\n\t\t>\n<div class=\"contact-form-submission contact-form-ajax-submission\" data-wp-class--submission-success=\"context.submissionSuccess\"><p class=\"go-back-message\"><a class=\"link\" role=\"button\" tabindex=\"0\" data-wp-on--click=\"actions.goBack\" href=\"\/artenosul\/wp-json\/wp\/v2\/posts\/6957\">Voltar<\/a><\/p><h4 id=\"contact-form-success-header\">Sua mensagem foi enviada<\/h4>\n\n<template data-wp-each--submission=\"context.formattedSubmissionData\">\n\t\t\t\t\t<div class=\"jetpack_forms_contact-form-success-summary\">\n\t\t\t\t\t\t<div class=\"field-name\" data-wp-text=\"context.submission.label\" data-wp-bind--hidden=\"!context.submission.label\"><\/div>\n\t\t\t\t\t\t<div class=\"field-value\" data-wp-text=\"context.submission.value\"><\/div>\n\t\t\t\t\t\t<div class=\"field-images\" data-wp-bind--hidden=\"!context.submission.images\">\n\t\t\t\t\t\t\t<template data-wp-each--image=\"context.submission.images\">\n\t\t\t\t\t\t\t\t<figure class=\"field-image\" data-wp-class--is-empty=\"!context.image\">\n\t\t\t\t\t\t\t\t\t<img data-wp-bind--src=\"context.image\" data-wp-bind--hidden=\"!context.image\" \/>\n\t\t\t\t\t\t\t\t\t<img decoding=\"async\" src=\"data:image\/gif;base64,R0lGODlhAQABAAD\/ACwAAAAAAQABAAACADs=\" data-wp-bind--hidden=\"context.image\" \/>\n\t\t\t\t\t\t\t\t<\/figure>\n\t\t\t\t\t\t\t<\/template>\n\t\t\t\t\t\t<\/div>\n\t\t\t\t\t<\/div>\n\t\t\t\t<\/template><\/div><form action='https:\/\/wp.ufpel.edu.br\/artenosul\/2017\/07\/23\/critica-de-cinema-estrelas-alem-do-tempo\/'\n\t\t\t\tid='jp-form-c7acff0e3ad639d032e1e9ed962c2cb696699dfc'\n\t\t\t\tmethod='post'\n\t\t\t\tclass='contact-form commentsblock' aria-label=\"Cr\u00edtica de Cinema: \u201cEstrelas Al\u00e9m do Tempo\u201d\"\n\t\t\t\tdata-wp-on--submit=\"actions.onFormSubmit\"\n\t\t\t\tdata-wp-on--reset=\"actions.onFormReset\"\n\t\t\t\tdata-wp-class--submission-success=\"context.submissionSuccess\"\n\t\t\t\tdata-wp-class--is-first-step=\"state.isFirstStep\"\n\t\t\t\tdata-wp-class--is-last-step=\"state.isLastStep\"\n\t\t\t\tdata-wp-class--is-ajax-form=\"context.useAjax\"\n\t\t\t\tnovalidate >\n<input type='hidden' name='jetpack_contact_form_jwt' value='eyJ0eXAiOiJKV1QiLCJhbGciOiJIUzI1NiJ9.eyJlbmNyeXB0ZWRfYXR0cmlidXRlcyI6ImowOUcyQnptRkxvK01lcGtIZzN1M0VjOVY4cWxKKzllVm1GMmE5RGI4MEtMRVlIbDVjQnFZR3g1VDRQajlWbHhpQjBsdkdoWnBCK0hHdXBkNHExWGlRd1lqWTlHMFRwYzMyczc0Z0wzbWsrVnFrU3dQc0c4OHFKajFrenBnTGNSQnRFSVBoZ0tuT1AzYWJOVklDUDN3Vm5XL2YrTFQrejF3UEl4Um15Ni9RL3owakdDMVR4MUpDN2IwOHN5WVltQzdxY1VSUWhzQzFXMWp1WnRFSmIyVjdIa2tmdUJhcDFzcWdKZzJ6ck1QbUtCeXRpUnZVb0k2eTcwMVNXeDdFb1M1TldoMzJrUEQyYkkxMkI5ZFkzSi81QkdZQmg3cEY3bnErOUNicU1RY2wzSGM5Z3RSQ3k2OERObGtPVFBGeVZYNmNTN1RGS1NOakp6cENpZDZPV3NYell5RVdvRzZqbjBvWVFFZlVIZ0F5VEFxRlgyVUgzWE82MjUraDg0c2JrY0svNEJMbmZtWS94ZEhmcExQNGQ0U0xOTklKTGJXUTlZQldNRGcrZ1kvTXl4bHpDRFhVa1h4Vk92K3BHb1ZpdUh5dHZFZmY4WG9mSlhCQnhhbWczbFVQR24wMTI1VGhwU2Y2UU1DYVdrN3JhR0duNS9jMFh1TjFNTCtQZ3l1Rk1jUS9WODBxdWg4cFpNMWtHZ01kRG9Oa1g0UjdwaU94UGhrZEpXY1FIa1ZZbDhsQzNPcHBhdGVaMnM1cThSK2xzRFRab0Joem9RQ0h6Q3VWUjEwZFd5bllLWlZVdlBKWDFHTnJ4dU5FRDdwY2lNcHZ6Z3BhdE5sWUhiSXNKSDh3OHlIQmVSN1NQUlhoKy9Fdm1qNDd4cVhvVS9VOGRkb3lKY1BnVFBLRXZ6cjRCUi92MXAzbnNkbU90NHp6MG4zMDlKZHIxS3g0VFNxd0lFYnd3V3JjOEZ3SDRveFl4ZHg4S01SWWJhRkE1NC9BNVpraGgyajRPZmVVM2RRUTcyUC9kMWg5bms3a3V2ejNiMjBGY1E2d2tXQjdTU0c0VTY3U2NOU1AyTGlTUGs1czNwWHFNK052azJKam1DUHJjK2twRmdra2hhbkJMdi9HMGxCNTlIRFBJcklwRTNUbm5RUmlnam9CSFpzc3lXY3g0MWYraVVDNWdBd2RwUG55c3RTUW1CZmxUa1p6QXMyRTFoNUFpWXNJZElodTV5MFpGK0tUUk1ndi8wanhpTy9FOUF5bEcrZ0N0MiIsImNvbnRlbnQiOiJbY29udGFjdC1maWVsZCBsYWJlbD0nTm9tZScgdHlwZT0nbmFtZScvXVtjb250YWN0LWZpZWxkIGxhYmVsPSdFLW1haWwnIHR5cGU9J2VtYWlsJy9dW2NvbnRhY3QtZmllbGQgbGFiZWw9J0NvbWVudFx1MDBlMXJpbycgdHlwZT0ndGV4dGFyZWEnL10iLCJoYXNoIjoiYzdhY2ZmMGUzYWQ2MzlkMDMyZTFlOWVkOTYyYzJjYjY5NjY5OWRmYyIsInNvdXJjZSI6eyJlbnRyeV90aXRsZSI6IkNyXHUwMGVkdGljYSBkZSBDaW5lbWE6IFx1MjAxY0VzdHJlbGFzIEFsXHUwMGU5bSBkbyBUZW1wb1x1MjAxZCIsImVudHJ5X3BhZ2UiOjEsInNvdXJjZV9pZCI6Njk1Nywic291cmNlX3R5cGUiOiJzaW5nbGUiLCJyZXF1ZXN0X3VybCI6Imh0dHBzOi8vd3AudWZwZWwuZWR1LmJyL2FydGVub3N1bC93cC1qc29uL3dwL3YyL3Bvc3RzLzY5NTcifSwidmVyc2lvbiI6MiwiY2lwaGVyIjoiYWVzLTI1Ni1nY20ifQ.gBcwSfEFMFJNA23KZP6o0vaK_2rBx-wSq-lGsb0G6cU' \/>\n\n<div style=\"\"  data-wp-interactive=\"jetpack\/form\" data-wp-context='{\"fieldId\":\"g6957-nome\",\"fieldType\":\"name\",\"fieldLabel\":\"Nome\",\"fieldValue\":\"\",\"fieldPlaceholder\":\"\",\"fieldIsRequired\":\"\",\"fieldErrorMessage\":\"\",\"fieldExtra\":[],\"formHash\":\"c7acff0e3ad639d032e1e9ed962c2cb696699dfc\"}'  class='grunion-field-name-wrap grunion-field-wrap'  data-wp-init='callbacks.initializeField' data-wp-on--jetpack-form-reset='callbacks.initializeField' >\n<label\n\t\t\t\tfor='g6957-nome' class=\"grunion-field-label name\" >Nome<\/label>\n<input\n\t\t\t\t\ttype='text'\n\t\t\t\t\tname='g6957-nome'\n\t\t\t\t\tid='g6957-nome'\n\t\t\t\t\tvalue=''\n\n\t\t\t\t\tdata-wp-bind--aria-invalid='state.fieldHasErrors'\n\t\t\t\t\tdata-wp-bind--value='state.getFieldValue'\n\t\t\t\t\taria-errormessage='g6957-nome-text-error-message'\n\t\t\t\t\tdata-wp-on--input='actions.onFieldChange'\n\t\t\t\t\tdata-wp-on--blur='actions.onFieldBlur'\n\t\t\t\t\tdata-wp-class--has-value='state.hasFieldValue'\n\n\t\t\t\t\tclass='name  grunion-field' \n\t\t\t\t\t \/>\n \n\t\t\t<div id=\"g6957-nome-text-error\" class=\"contact-form__input-error\" data-wp-class--has-errors=\"state.fieldHasErrors\">\n\t\t\t\t<span class=\"contact-form__warning-icon\">\n\t\t\t\t\t<svg width=\"16\" height=\"16\" viewBox=\"0 0 16 16\" fill=\"none\" xmlns=\"http:\/\/www.w3.org\/2000\/svg\">\n\t\t\t\t\t\t<path d=\"M8.50015 11.6402H7.50015V10.6402H8.50015V11.6402Z\" \/>\n\t\t\t\t\t\t<path d=\"M7.50015 9.64018H8.50015V6.30684H7.50015V9.64018Z\" \/>\n\t\t\t\t\t\t<path fill-rule=\"evenodd\" clip-rule=\"evenodd\" d=\"M6.98331 3.0947C7.42933 2.30177 8.57096 2.30177 9.01698 3.09469L13.8771 11.7349C14.3145 12.5126 13.7525 13.4735 12.8602 13.4735H3.14004C2.24774 13.4735 1.68575 12.5126 2.12321 11.7349L6.98331 3.0947ZM8.14541 3.58496C8.08169 3.47168 7.9186 3.47168 7.85488 3.58496L2.99478 12.2251C2.93229 12.3362 3.01257 12.4735 3.14004 12.4735H12.8602C12.9877 12.4735 13.068 12.3362 13.0055 12.2251L8.14541 3.58496Z\" \/>\n\t\t\t\t\t<\/svg>\n\t\t\t\t\t<span class=\"visually-hidden\">Aviso<\/span>\n\t\t\t\t<\/span>\n\t\t\t\t<span data-wp-text=\"state.errorMessage\" id=\"g6957-nome-text-error-message\" role=\"alert\" aria-live=\"assertive\"><\/span>\n\t\t\t<\/div> \n\t<\/div>\n\n<div style=\"\"  data-wp-interactive=\"jetpack\/form\" data-wp-context='{\"fieldId\":\"g6957-email\",\"fieldType\":\"email\",\"fieldLabel\":\"E-mail\",\"fieldValue\":\"\",\"fieldPlaceholder\":\"\",\"fieldIsRequired\":\"\",\"fieldErrorMessage\":\"\",\"fieldExtra\":[],\"formHash\":\"c7acff0e3ad639d032e1e9ed962c2cb696699dfc\"}'  class='grunion-field-email-wrap grunion-field-wrap'  data-wp-init='callbacks.initializeField' data-wp-on--jetpack-form-reset='callbacks.initializeField' >\n<label\n\t\t\t\tfor='g6957-email' class=\"grunion-field-label email\" >E-mail<\/label>\n<input\n\t\t\t\t\ttype='email'\n\t\t\t\t\tname='g6957-email'\n\t\t\t\t\tid='g6957-email'\n\t\t\t\t\tvalue=''\n\n\t\t\t\t\tdata-wp-bind--aria-invalid='state.fieldHasErrors'\n\t\t\t\t\tdata-wp-bind--value='state.getFieldValue'\n\t\t\t\t\taria-errormessage='g6957-email-email-error-message'\n\t\t\t\t\tdata-wp-on--input='actions.onFieldChange'\n\t\t\t\t\tdata-wp-on--blur='actions.onFieldBlur'\n\t\t\t\t\tdata-wp-class--has-value='state.hasFieldValue'\n\n\t\t\t\t\tclass='email  grunion-field' \n\t\t\t\t\t \/>\n \n\t\t\t<div id=\"g6957-email-email-error\" class=\"contact-form__input-error\" data-wp-class--has-errors=\"state.fieldHasErrors\">\n\t\t\t\t<span class=\"contact-form__warning-icon\">\n\t\t\t\t\t<svg width=\"16\" height=\"16\" viewBox=\"0 0 16 16\" fill=\"none\" xmlns=\"http:\/\/www.w3.org\/2000\/svg\">\n\t\t\t\t\t\t<path d=\"M8.50015 11.6402H7.50015V10.6402H8.50015V11.6402Z\" \/>\n\t\t\t\t\t\t<path d=\"M7.50015 9.64018H8.50015V6.30684H7.50015V9.64018Z\" \/>\n\t\t\t\t\t\t<path fill-rule=\"evenodd\" clip-rule=\"evenodd\" d=\"M6.98331 3.0947C7.42933 2.30177 8.57096 2.30177 9.01698 3.09469L13.8771 11.7349C14.3145 12.5126 13.7525 13.4735 12.8602 13.4735H3.14004C2.24774 13.4735 1.68575 12.5126 2.12321 11.7349L6.98331 3.0947ZM8.14541 3.58496C8.08169 3.47168 7.9186 3.47168 7.85488 3.58496L2.99478 12.2251C2.93229 12.3362 3.01257 12.4735 3.14004 12.4735H12.8602C12.9877 12.4735 13.068 12.3362 13.0055 12.2251L8.14541 3.58496Z\" \/>\n\t\t\t\t\t<\/svg>\n\t\t\t\t\t<span class=\"visually-hidden\">Aviso<\/span>\n\t\t\t\t<\/span>\n\t\t\t\t<span data-wp-text=\"state.errorMessage\" id=\"g6957-email-email-error-message\" role=\"alert\" aria-live=\"assertive\"><\/span>\n\t\t\t<\/div> \n\t<\/div>\n\n<div style=\"\"  data-wp-interactive=\"jetpack\/form\" data-wp-context='{\"fieldId\":\"g6957-comentrio\",\"fieldType\":\"textarea\",\"fieldLabel\":\"Coment\\u00e1rio\",\"fieldValue\":\"\",\"fieldPlaceholder\":\"\",\"fieldIsRequired\":\"\",\"fieldErrorMessage\":\"\",\"fieldExtra\":[],\"formHash\":\"c7acff0e3ad639d032e1e9ed962c2cb696699dfc\"}'  class='grunion-field-textarea-wrap grunion-field-wrap'  data-wp-init='callbacks.initializeField' data-wp-on--jetpack-form-reset='callbacks.initializeField' >\n<label\n\t\t\t\tfor='contact-form-comment-g6957-comentrio' class=\"grunion-field-label textarea\" >Coment\u00e1rio<\/label>\n<textarea\n\t\t                style=''\n\t\t                name='g6957-comentrio'\n\t\t                id='contact-form-comment-g6957-comentrio'\n\t\t                rows='20'\n\t\t\t\t\t\tdata-wp-text='state.getFieldValue'\n\t\t\t\t\t\tdata-wp-on--input='actions.onFieldChange'\n\t\t\t\t\t\tdata-wp-on--blur='actions.onFieldBlur'\n\t\t\t\t\t\tdata-wp-class--has-value='state.hasFieldValue'\n\t\t\t\t\t\tdata-wp-bind--aria-invalid='state.fieldHasErrors'\n\t\t\t\t\t\taria-errormessage='g6957-comentrio-textarea-error-message'\n\t\t\t\t\t\tclass='textarea  grunion-field'  ><\/textarea>\n \n\t\t\t<div id=\"g6957-comentrio-textarea-error\" class=\"contact-form__input-error\" data-wp-class--has-errors=\"state.fieldHasErrors\">\n\t\t\t\t<span class=\"contact-form__warning-icon\">\n\t\t\t\t\t<svg width=\"16\" height=\"16\" viewBox=\"0 0 16 16\" fill=\"none\" xmlns=\"http:\/\/www.w3.org\/2000\/svg\">\n\t\t\t\t\t\t<path d=\"M8.50015 11.6402H7.50015V10.6402H8.50015V11.6402Z\" \/>\n\t\t\t\t\t\t<path d=\"M7.50015 9.64018H8.50015V6.30684H7.50015V9.64018Z\" \/>\n\t\t\t\t\t\t<path fill-rule=\"evenodd\" clip-rule=\"evenodd\" d=\"M6.98331 3.0947C7.42933 2.30177 8.57096 2.30177 9.01698 3.09469L13.8771 11.7349C14.3145 12.5126 13.7525 13.4735 12.8602 13.4735H3.14004C2.24774 13.4735 1.68575 12.5126 2.12321 11.7349L6.98331 3.0947ZM8.14541 3.58496C8.08169 3.47168 7.9186 3.47168 7.85488 3.58496L2.99478 12.2251C2.93229 12.3362 3.01257 12.4735 3.14004 12.4735H12.8602C12.9877 12.4735 13.068 12.3362 13.0055 12.2251L8.14541 3.58496Z\" \/>\n\t\t\t\t\t<\/svg>\n\t\t\t\t\t<span class=\"visually-hidden\">Aviso<\/span>\n\t\t\t\t<\/span>\n\t\t\t\t<span data-wp-text=\"state.errorMessage\" id=\"g6957-comentrio-textarea-error-message\" role=\"alert\" aria-live=\"assertive\"><\/span>\n\t\t\t<\/div>\n\t<\/div>\n\t<p class='contact-submit'>\n<div class=\"contact-form__error\" data-wp-class--show-errors=\"state.showFormErrors\"><span class=\"contact-form__warning-icon\"><span class=\"visually-hidden\">Aten\u00e7\u00e3o.<\/span><i aria-hidden=\"true\"><\/i><\/span>\n\t\t\t\t<span data-wp-text=\"state.getFormErrorMessage\"><\/span>\n\t\t\t\t<ul>\n\t\t\t\t<template data-wp-each=\"state.getErrorList\" data-wp-key=\"context.item.id\">\n\t\t\t\t\t<li><a data-wp-bind--href=\"context.item.anchor\" data-wp-on--click=\"actions.scrollIntoView\" data-wp-text=\"context.item.label\"><\/a><\/li>\n\t\t\t\t<\/template>\n\t\t\t\t<\/ul><\/div><div class=\"contact-form__error\" data-wp-class--show-errors=\"state.showSubmissionError\" data-wp-text=\"context.submissionError\"><\/div>\t\t<button type='submit' class='pushbutton-wide'>Enviar<\/button>\t\t<input type='hidden' name='contact-form-id' value='6957' \/>\n\t\t<input type='hidden' name='action' value='grunion-contact-form' \/>\n\t\t<input type='hidden' name='contact-form-hash' value='c7acff0e3ad639d032e1e9ed962c2cb696699dfc' \/>\n\t<\/p>\n<p style=\"display: none !important;\" class=\"akismet-fields-container\" data-prefix=\"ak_\"><label>&#916;<textarea name=\"ak_hp_textarea\" cols=\"45\" rows=\"8\" maxlength=\"100\"><\/textarea><\/label><input type=\"hidden\" id=\"ak_js_1\" name=\"ak_js\" value=\"187\"\/><script>document.getElementById( \"ak_js_1\" ).setAttribute( \"value\", ( new Date() ).getTime() );<\/script><\/p><\/form>\n<\/div>\n","protected":false},"excerpt":{"rendered":"<p>Mariana Lealdino \u00a0 \u00a0 \u00a0No in\u00edcio do ano, os amantes do cinema sempre esperam a noite do Oscar, a premia\u00e7\u00e3o cinematogr\u00e1fica mais respeitada do planeta. Quando eu vi que \u201cEstrelas Al\u00e9m do Tempo\u201d estava nas indica\u00e7\u00f5es da premia\u00e7\u00e3o, logo pensei que o destaque n\u00e3o era nada al\u00e9m de justo. Ali\u00e1s, se voc\u00ea procura por um &hellip; <\/p>\n<p><a class=\"more-link btn\" href=\"https:\/\/wp.ufpel.edu.br\/artenosul\/2017\/07\/23\/critica-de-cinema-estrelas-alem-do-tempo\/\">Continue lendo<\/a><\/p>\n","protected":false},"author":571,"featured_media":6959,"comment_status":"closed","ping_status":"closed","sticky":false,"template":"","format":"standard","meta":{"jetpack_post_was_ever_published":false,"_jetpack_newsletter_access":"","_jetpack_dont_email_post_to_subs":false,"_jetpack_newsletter_tier_id":0,"_jetpack_memberships_contains_paywalled_content":false,"_jetpack_memberships_contains_paid_content":false,"footnotes":"","jetpack_publicize_message":"","jetpack_publicize_feature_enabled":true,"jetpack_social_post_already_shared":true,"jetpack_social_options":{"image_generator_settings":{"template":"highway","default_image_id":0,"font":"","enabled":false},"version":2}},"categories":[112,315],"tags":[114,641,644,137,638,317,647,642,640,639,646,645,643],"class_list":["post-6957","post","type-post","status-publish","format-standard","has-post-thumbnail","hentry","category-cinema","category-opiniao","tag-cinema","tag-decada-de-1960","tag-dorothy-vaughn","tag-dvd","tag-estrelas-alem-do-tempo","tag-filme","tag-janelle-monae","tag-katherine-johnson","tag-longa-metragem","tag-mariana-lealdino","tag-mary-jackson","tag-octavia-spencer","tag-taraji-p-henson","nodate","item-wrap"],"jetpack_publicize_connections":[],"jetpack_featured_media_url":"https:\/\/wp.ufpel.edu.br\/artenosul\/files\/2017\/07\/1901_ent_1.jpg","jetpack_sharing_enabled":true,"jetpack_likes_enabled":true,"jetpack_shortlink":"https:\/\/wp.me\/p6PuxQ-1Od","jetpack-related-posts":[{"id":21469,"url":"https:\/\/wp.ufpel.edu.br\/artenosul\/2023\/08\/29\/destaques-da-51a-edicao-do-festival-de-cinema-de-gramado\/","url_meta":{"origin":6957,"position":0},"title":"Destaques da 51\u00aa edi\u00e7\u00e3o do Festival de Cinema de Gramado","author":"artenosul","date":"29 de agosto de 2023","format":false,"excerpt":"Realizada entre os dias 11 e 19 de agosto, a edi\u00e7\u00e3o deste ano contou com a tradicional premia\u00e7\u00e3o e homenagens a v\u00e1rios artistas, incluindo a atriz L\u00e9a Garcia, falecida no dia 15, \u00e0s v\u00e9speras de ser homenageada\u00a0 \u00a0\u00a0 Por Felipe Boettge e Jaime Lucas Mattos\u00a0 \u00a0 \u00a0 \u00a0 \u00a0 \u00a0\u2026","rel":"","context":"Em &quot;CINEMA&quot;","block_context":{"text":"CINEMA","link":"https:\/\/wp.ufpel.edu.br\/artenosul\/category\/cinema\/"},"img":{"alt_text":"","src":"https:\/\/i0.wp.com\/wp.ufpel.edu.br\/artenosul\/files\/2023\/08\/imagem-2-1.jpg?resize=350%2C200&ssl=1","width":350,"height":200,"srcset":"https:\/\/i0.wp.com\/wp.ufpel.edu.br\/artenosul\/files\/2023\/08\/imagem-2-1.jpg?resize=350%2C200&ssl=1 1x, https:\/\/i0.wp.com\/wp.ufpel.edu.br\/artenosul\/files\/2023\/08\/imagem-2-1.jpg?resize=525%2C300&ssl=1 1.5x, https:\/\/i0.wp.com\/wp.ufpel.edu.br\/artenosul\/files\/2023\/08\/imagem-2-1.jpg?resize=700%2C400&ssl=1 2x, https:\/\/i0.wp.com\/wp.ufpel.edu.br\/artenosul\/files\/2023\/08\/imagem-2-1.jpg?resize=1050%2C600&ssl=1 3x, https:\/\/i0.wp.com\/wp.ufpel.edu.br\/artenosul\/files\/2023\/08\/imagem-2-1.jpg?resize=1400%2C800&ssl=1 4x"},"classes":[]},{"id":21398,"url":"https:\/\/wp.ufpel.edu.br\/artenosul\/2023\/08\/22\/conheca-a-historia-do-festival-de-cinema-de-gramado\/","url_meta":{"origin":6957,"position":1},"title":"Conhe\u00e7a a hist\u00f3ria do Festival de Cinema de Gramado","author":"artenosul","date":"22 de agosto de 2023","format":false,"excerpt":"Com uma trajet\u00f3ria de cinco d\u00e9cadas, evento se firmou como uma parada obrigat\u00f3ria do circuito de produ\u00e7\u00f5es do audiovisual nacional\u00a0 \u00a0 \u00a0 \u00a0\u00a0 Por Felipe Boettge e Jaime Lucas Mattos\u00a0 \u00a0 \u00a0 \u00a0 \u00a0\u00a0 \u00a0 A 51\u00aa edi\u00e7\u00e3o do Festival de Cinema de Gramado foi realizada de 11 a 19\u2026","rel":"","context":"Em &quot;CINEMA&quot;","block_context":{"text":"CINEMA","link":"https:\/\/wp.ufpel.edu.br\/artenosul\/category\/cinema\/"},"img":{"alt_text":"","src":"https:\/\/i0.wp.com\/wp.ufpel.edu.br\/artenosul\/files\/2023\/08\/Imagem-2-9-scaled.jpeg?resize=350%2C200&ssl=1","width":350,"height":200,"srcset":"https:\/\/i0.wp.com\/wp.ufpel.edu.br\/artenosul\/files\/2023\/08\/Imagem-2-9-scaled.jpeg?resize=350%2C200&ssl=1 1x, https:\/\/i0.wp.com\/wp.ufpel.edu.br\/artenosul\/files\/2023\/08\/Imagem-2-9-scaled.jpeg?resize=525%2C300&ssl=1 1.5x, https:\/\/i0.wp.com\/wp.ufpel.edu.br\/artenosul\/files\/2023\/08\/Imagem-2-9-scaled.jpeg?resize=700%2C400&ssl=1 2x, https:\/\/i0.wp.com\/wp.ufpel.edu.br\/artenosul\/files\/2023\/08\/Imagem-2-9-scaled.jpeg?resize=1050%2C600&ssl=1 3x, https:\/\/i0.wp.com\/wp.ufpel.edu.br\/artenosul\/files\/2023\/08\/Imagem-2-9-scaled.jpeg?resize=1400%2C800&ssl=1 4x"},"classes":[]},{"id":27345,"url":"https:\/\/wp.ufpel.edu.br\/artenosul\/2024\/10\/18\/como-o-brasil-seleciona-um-filme-para-o-oscar\/","url_meta":{"origin":6957,"position":2},"title":"Como o Brasil seleciona um filme para o Oscar?","author":"artenosul","date":"18 de outubro de 2024","format":false,"excerpt":"O longa \"Ainda Estou Aqui\", de Walter Salles, foi o escolhido para representar o pa\u00eds em 2025\u00a0 \u00a0 \u00a0 \u00a0\u00a0 Por Gabriel Ver\u00edssimo\u00a0 \u00a0 \u00a0 \u00a0 \u00a0 A Academia Brasileira de Cinema anunciou no dia 23 de setembro, o filme que representar\u00e1 o Brasil na corrida por uma vaga na\u2026","rel":"","context":"Em &quot;CINEMA&quot;","block_context":{"text":"CINEMA","link":"https:\/\/wp.ufpel.edu.br\/artenosul\/category\/cinema\/"},"img":{"alt_text":"","src":"https:\/\/i0.wp.com\/wp.ufpel.edu.br\/artenosul\/files\/2024\/10\/1.webp?resize=350%2C200&ssl=1","width":350,"height":200,"srcset":"https:\/\/i0.wp.com\/wp.ufpel.edu.br\/artenosul\/files\/2024\/10\/1.webp?resize=350%2C200&ssl=1 1x, https:\/\/i0.wp.com\/wp.ufpel.edu.br\/artenosul\/files\/2024\/10\/1.webp?resize=525%2C300&ssl=1 1.5x, https:\/\/i0.wp.com\/wp.ufpel.edu.br\/artenosul\/files\/2024\/10\/1.webp?resize=700%2C400&ssl=1 2x, https:\/\/i0.wp.com\/wp.ufpel.edu.br\/artenosul\/files\/2024\/10\/1.webp?resize=1050%2C600&ssl=1 3x"},"classes":[]},{"id":10526,"url":"https:\/\/wp.ufpel.edu.br\/artenosul\/2022\/04\/18\/cinema-pelotense-se-prepara-para-receber-aposta-de-bilheteria\/","url_meta":{"origin":6957,"position":3},"title":"Cinema pelotense se prepara para receber aposta de bilheteria","author":"artenosul","date":"18 de abril de 2022","format":false,"excerpt":"Por Alexsandro Santos\u00a0 \u00a0 \u00a0\u00a0 Filme \"Doutor Estranho no Multiverso da Loucura\" estreia dia 4 de maio com ingressos em pr\u00e9-venda no CineArt Na primeira semana do m\u00eas de maio, estrear\u00e1 nos cinemas o pr\u00f3ximo filme da franquia da Marvel Studios. Intitulado \u201cDoutor Estranho no Multiverso da Loucura\u201d. A pe\u00e7a\u2026","rel":"","context":"Em &quot;CINEMA&quot;","block_context":{"text":"CINEMA","link":"https:\/\/wp.ufpel.edu.br\/artenosul\/category\/cinema\/"},"img":{"alt_text":"","src":"https:\/\/i0.wp.com\/wp.ufpel.edu.br\/artenosul\/files\/2022\/04\/Doctor-Strange-with-Chaos-Magic-1.jpg?resize=350%2C200&ssl=1","width":350,"height":200,"srcset":"https:\/\/i0.wp.com\/wp.ufpel.edu.br\/artenosul\/files\/2022\/04\/Doctor-Strange-with-Chaos-Magic-1.jpg?resize=350%2C200&ssl=1 1x, https:\/\/i0.wp.com\/wp.ufpel.edu.br\/artenosul\/files\/2022\/04\/Doctor-Strange-with-Chaos-Magic-1.jpg?resize=525%2C300&ssl=1 1.5x, https:\/\/i0.wp.com\/wp.ufpel.edu.br\/artenosul\/files\/2022\/04\/Doctor-Strange-with-Chaos-Magic-1.jpg?resize=700%2C400&ssl=1 2x"},"classes":[]},{"id":29799,"url":"https:\/\/wp.ufpel.edu.br\/artenosul\/2025\/11\/07\/duas-abordagens-do-feminino-na-tela-ainda-estou-aqui-e-a-substancia\/","url_meta":{"origin":6957,"position":4},"title":"Duas abordagens do feminino na tela: \u201cAinda Estou Aqui\u201d e \u201cA Subst\u00e2ncia\u201d","author":"artenosul","date":"7 de novembro de 2025","format":false,"excerpt":"O longa-metragem dirigido por Walter Salles destacou-se como Melhor Filme Internacional no Oscar 2025. Mas Fernanda Torres, indicada para Melhor Atriz,\u00a0 perdeu o pr\u00eamio\u00a0 para Demi Moore, levando a pensar sobre as atua\u00e7\u00f5es de ambas e o lugar destes filmes em suas carreiras\u00a0 \u00a0 \u00a0 \u00a0\u00a0 Por Beatriz Afonso\u00a0 \u00a0\u2026","rel":"","context":"Em &quot;CINEMA&quot;","block_context":{"text":"CINEMA","link":"https:\/\/wp.ufpel.edu.br\/artenosul\/category\/cinema\/"},"img":{"alt_text":"","src":"https:\/\/i0.wp.com\/wp.ufpel.edu.br\/artenosul\/files\/2025\/11\/Imagem5.jpg?resize=350%2C200&ssl=1","width":350,"height":200,"srcset":"https:\/\/i0.wp.com\/wp.ufpel.edu.br\/artenosul\/files\/2025\/11\/Imagem5.jpg?resize=350%2C200&ssl=1 1x, https:\/\/i0.wp.com\/wp.ufpel.edu.br\/artenosul\/files\/2025\/11\/Imagem5.jpg?resize=525%2C300&ssl=1 1.5x"},"classes":[]},{"id":6873,"url":"https:\/\/wp.ufpel.edu.br\/artenosul\/2017\/07\/14\/oxigenio-filme-rodado-em-rio-grande-inova\/","url_meta":{"origin":6957,"position":5},"title":"\u201cOxig\u00eanio\u201d: filme rodado em Rio Grande inova","author":"artenosul","date":"14 de julho de 2017","format":false,"excerpt":"Fernanda Cadaval \u00a0 \u00a0 \u00a0\"Oxig\u00eanio\", o filme longa metragem que mistura tr\u00eas g\u00eaneros cinematogr\u00e1ficos diferentes, apresenta como proposta ser multi plataforma e servir de incentivo para a s\u00e9tima arte na regi\u00e3o, como afirma o produtor do longa Beto Rodrigues. A rodagem do filme est\u00e1 tendo a participa\u00e7\u00e3o de rio-grandinos na\u2026","rel":"","context":"Em &quot;CINEMA&quot;","block_context":{"text":"CINEMA","link":"https:\/\/wp.ufpel.edu.br\/artenosul\/category\/cinema\/"},"img":{"alt_text":"","src":"https:\/\/i0.wp.com\/wp.ufpel.edu.br\/artenosul\/files\/2017\/07\/Foto-2-1.jpg?resize=350%2C200&ssl=1","width":350,"height":200,"srcset":"https:\/\/i0.wp.com\/wp.ufpel.edu.br\/artenosul\/files\/2017\/07\/Foto-2-1.jpg?resize=350%2C200&ssl=1 1x, https:\/\/i0.wp.com\/wp.ufpel.edu.br\/artenosul\/files\/2017\/07\/Foto-2-1.jpg?resize=525%2C300&ssl=1 1.5x, https:\/\/i0.wp.com\/wp.ufpel.edu.br\/artenosul\/files\/2017\/07\/Foto-2-1.jpg?resize=700%2C400&ssl=1 2x, https:\/\/i0.wp.com\/wp.ufpel.edu.br\/artenosul\/files\/2017\/07\/Foto-2-1.jpg?resize=1050%2C600&ssl=1 3x"},"classes":[]}],"_links":{"self":[{"href":"https:\/\/wp.ufpel.edu.br\/artenosul\/wp-json\/wp\/v2\/posts\/6957","targetHints":{"allow":["GET"]}}],"collection":[{"href":"https:\/\/wp.ufpel.edu.br\/artenosul\/wp-json\/wp\/v2\/posts"}],"about":[{"href":"https:\/\/wp.ufpel.edu.br\/artenosul\/wp-json\/wp\/v2\/types\/post"}],"author":[{"embeddable":true,"href":"https:\/\/wp.ufpel.edu.br\/artenosul\/wp-json\/wp\/v2\/users\/571"}],"replies":[{"embeddable":true,"href":"https:\/\/wp.ufpel.edu.br\/artenosul\/wp-json\/wp\/v2\/comments?post=6957"}],"version-history":[{"count":1,"href":"https:\/\/wp.ufpel.edu.br\/artenosul\/wp-json\/wp\/v2\/posts\/6957\/revisions"}],"predecessor-version":[{"id":6960,"href":"https:\/\/wp.ufpel.edu.br\/artenosul\/wp-json\/wp\/v2\/posts\/6957\/revisions\/6960"}],"wp:featuredmedia":[{"embeddable":true,"href":"https:\/\/wp.ufpel.edu.br\/artenosul\/wp-json\/wp\/v2\/media\/6959"}],"wp:attachment":[{"href":"https:\/\/wp.ufpel.edu.br\/artenosul\/wp-json\/wp\/v2\/media?parent=6957"}],"wp:term":[{"taxonomy":"category","embeddable":true,"href":"https:\/\/wp.ufpel.edu.br\/artenosul\/wp-json\/wp\/v2\/categories?post=6957"},{"taxonomy":"post_tag","embeddable":true,"href":"https:\/\/wp.ufpel.edu.br\/artenosul\/wp-json\/wp\/v2\/tags?post=6957"}],"curies":[{"name":"wp","href":"https:\/\/api.w.org\/{rel}","templated":true}]}}