{"id":6931,"date":"2017-07-22T17:32:42","date_gmt":"2017-07-22T20:32:42","guid":{"rendered":"https:\/\/wp.ufpel.edu.br\/artenosul\/?p=6931"},"modified":"2017-07-23T10:38:42","modified_gmt":"2017-07-23T13:38:42","slug":"solon-silva-e-banda-talento-local-na-fenadoce","status":"publish","type":"post","link":"https:\/\/wp.ufpel.edu.br\/artenosul\/2017\/07\/22\/solon-silva-e-banda-talento-local-na-fenadoce\/","title":{"rendered":"Solon Silva e Banda: Talento local na Fenadoce"},"content":{"rendered":"<p>&nbsp;<\/p>\n<p><strong>\u00a0<\/strong><\/p>\n<div id=\"attachment_6934\" style=\"width: 711px\" class=\"wp-caption alignright\"><img loading=\"lazy\" decoding=\"async\" aria-describedby=\"caption-attachment-6934\" class=\" wp-image-6934\" src=\"https:\/\/wp.ufpel.edu.br\/artenosul\/files\/2017\/07\/solon-e-banda-500x333.jpg\" alt=\"\" width=\"711\" height=\"478\" \/><p id=\"caption-attachment-6934\" class=\"wp-caption-text\"><strong><span style=\"color: #000000\">Show de Solon Silva marcou noite do dia 8 de junho na pra\u00e7a de alimenta\u00e7\u00e3o da Fenadoce\u00a0(Foto: Julia Mello)<\/span><\/strong><\/p><\/div>\n<p style=\"text-align: right\"><span style=\"font-size: 12pt\"><strong>Julia Mello dos Santos<\/strong><\/span><\/p>\n<p><span style=\"font-size: 12pt\">\u00a0 \u00a0 \u00a0Todo ano, a Fenadoce (Feira Nacional do Doce) abre suas portas ao p\u00fablico para mostrar um pouco do que Pelotas tem de bom em gastronomia e cultura local. Os j\u00e1 famosos doces pelotenses atraem visitantes de todo o Estado. Na edi\u00e7\u00e3o de 2017, os restaurantes, bares e pubs da cidade mostraram o melhor da culin\u00e1ria local na pra\u00e7a de alimenta\u00e7\u00e3o. Esses espa\u00e7os gastron\u00f4micos tamb\u00e9m s\u00e3o palco de apresenta\u00e7\u00f5es de bandas e artistas locais. Sejam eles em in\u00edcio de carreira, como o ga\u00facho, participante do <em>The Voice Kids, <\/em>Lu\u00eds Arthur Seidel, que passou pela feira no dia 8 de junho, ou artistas com uma vasta experi\u00eancia, como Solon Silva e Banda, que trouxe um repert\u00f3rio de muito samba e chorinho na mesma quinta-feira.<\/span><\/p>\n<p><span style=\"font-size: 12pt\">Solon Silva, artista com uma carreira que j\u00e1 dura mais de 50 anos, conta que, junto de sua banda. que h\u00e1 muitos anos o acompanha, costuma se apresentar anualmente na Fenadoce, desde que a Feira passou a ser no atual Centro de Eventos.<\/span><\/p>\n<p><span style=\"font-size: 12pt\">Al\u00e9m do palco tradicional da pra\u00e7a de alimenta\u00e7\u00e3o, uma novidade este ano foi um palco especial da Fenadoce Cultural, posicionado no meio da pra\u00e7a, aproximando os artistas e p\u00fablico. O show de Solon e Banda teve grande receptividade e muita intera\u00e7\u00e3o dos presentes naquele novo espa\u00e7o. Muitos fizeram quest\u00e3o de cumprimentar os artistas ap\u00f3s o encerramento das m\u00fasicas.<\/span><\/p>\n<p><span style=\"font-size: 12pt\">Solon conta que, al\u00e9m de se apresentar pelos palcos da cidade, costuma viajar e j\u00e1 se apresentou at\u00e9 mesmo na Europa, com um repert\u00f3rio baseado no samba, mas que tamb\u00e9m passa por outros estilos, incluindo can\u00e7\u00f5es internacionais. O cantor e instrumentalista tamb\u00e9m j\u00e1 gravou dois CDs pr\u00f3prios, sendo um deles \u201cM\u00fasica Popular Pelotense\u201d, can\u00e7\u00f5es apenas de artistas da cidade, e um tributo a Noel Rosa, al\u00e9m de participa\u00e7\u00f5es em discos de outros artistas.<\/span><\/p>\n<p><span style=\"font-size: 12pt\"><a href=\"https:\/\/wp.ufpel.edu.br\/artenosul\"><span style=\"color: #0000ff\"><strong>PRIMEIRA P\u00c1GINA<\/strong><\/span><\/a><\/span><\/p>\n<p><span style=\"font-size: 12pt;color: #0000ff\"><strong>COMENT\u00c1RIOS<\/strong><\/span><\/p>\n<div data-test='contact-form'\n\t\t\tid='contact-form-6931'\n\t\t\tclass='wp-block-jetpack-contact-form-container '\n\t\t\tdata-wp-interactive='jetpack\/form' data-wp-context='{\"formId\":\"6931\",\"formHash\":\"63a7ca9a92038d4dd44d8efd2acf52ab6b8918f2\",\"showErrors\":false,\"errors\":[],\"fields\":[],\"isMultiStep\":false,\"useAjax\":true,\"submissionData\":null,\"formattedSubmissionData\":[],\"submissionSuccess\":false,\"submissionError\":null,\"elementId\":\"jp-form-63a7ca9a92038d4dd44d8efd2acf52ab6b8918f2\",\"isSingleInputForm\":false}'\n\t\t\tdata-wp-watch--scroll-to-wrapper=\"callbacks.scrollToWrapper\"\n\t\t>\n<div class=\"contact-form-submission contact-form-ajax-submission\" data-wp-class--submission-success=\"context.submissionSuccess\"><p class=\"go-back-message\"><a class=\"link\" role=\"button\" tabindex=\"0\" data-wp-on--click=\"actions.goBack\" href=\"\/artenosul\/wp-json\/wp\/v2\/posts\/6931\">Voltar<\/a><\/p><h4 id=\"contact-form-success-header\">Sua mensagem foi enviada<\/h4>\n\n<template data-wp-each--submission=\"context.formattedSubmissionData\">\n\t\t\t\t\t<div class=\"jetpack_forms_contact-form-success-summary\">\n\t\t\t\t\t\t<div class=\"field-name\" data-wp-text=\"context.submission.label\" data-wp-bind--hidden=\"!context.submission.label\"><\/div>\n\t\t\t\t\t\t<div class=\"field-value\" data-wp-text=\"context.submission.value\"><\/div>\n\t\t\t\t\t\t<div class=\"field-images\" data-wp-bind--hidden=\"!context.submission.images\">\n\t\t\t\t\t\t\t<template data-wp-each--image=\"context.submission.images\">\n\t\t\t\t\t\t\t\t<figure class=\"field-image\" data-wp-class--is-empty=\"!context.image\">\n\t\t\t\t\t\t\t\t\t<img data-wp-bind--src=\"context.image\" data-wp-bind--hidden=\"!context.image\" \/>\n\t\t\t\t\t\t\t\t\t<img decoding=\"async\" src=\"data:image\/gif;base64,R0lGODlhAQABAAD\/ACwAAAAAAQABAAACADs=\" data-wp-bind--hidden=\"context.image\" \/>\n\t\t\t\t\t\t\t\t<\/figure>\n\t\t\t\t\t\t\t<\/template>\n\t\t\t\t\t\t<\/div>\n\t\t\t\t\t<\/div>\n\t\t\t\t<\/template><\/div><form action='https:\/\/wp.ufpel.edu.br\/artenosul\/2017\/07\/22\/solon-silva-e-banda-talento-local-na-fenadoce\/'\n\t\t\t\tid='jp-form-63a7ca9a92038d4dd44d8efd2acf52ab6b8918f2'\n\t\t\t\tmethod='post'\n\t\t\t\tclass='contact-form commentsblock' aria-label=\"Solon Silva e Banda: Talento local na Fenadoce\"\n\t\t\t\tdata-wp-on--submit=\"actions.onFormSubmit\"\n\t\t\t\tdata-wp-on--reset=\"actions.onFormReset\"\n\t\t\t\tdata-wp-class--submission-success=\"context.submissionSuccess\"\n\t\t\t\tdata-wp-class--is-first-step=\"state.isFirstStep\"\n\t\t\t\tdata-wp-class--is-last-step=\"state.isLastStep\"\n\t\t\t\tdata-wp-class--is-ajax-form=\"context.useAjax\"\n\t\t\t\tnovalidate >\n<input type='hidden' name='jetpack_contact_form_jwt' value='eyJ0eXAiOiJKV1QiLCJhbGciOiJIUzI1NiJ9.eyJlbmNyeXB0ZWRfYXR0cmlidXRlcyI6InFjV1JlRzA3czUvTjU4aHJ1YmV5M3F1cElaUTBzWTM4OVRKWFJ2YjNjai9haDhPUkxWYW5JUldmTnF4dU1RRnhLbzA4Z2tLdkhtM29zM1NST0JtU20yalhxbXhYWmU2cWdtei9XQWxUYkJlNFg3YWQ3S2t3OEQrTmNVcFRIRWRhQUUvQStGbHJPb3duNzl3Z1FQRE84Q3BPN3puc2s3NnVpbXJ1aXhKaUlJbEg5NkM5U3N2cy9hZUhoYlg5dkYyVnN0RTNSa09rYlRXV0RrbjRpNVNyTThkQXU1dHFnSUgweU9MbTR6MFVyN205Wi9TNlc1aEptQmVLTU55ZVF2QVBRZjgvYkxkalVmdkRoYTJra2N0V2hqdHpmR2dmejVUdkFNOUl3OEpjUVdEdzJEeXEwbUtmZ2RvVDlSbHQ2M0NScjlEVzhzaHJSQWxKV0huVG9UTWtJdXBWeE1UTXdLM3JHQ0ZWc1pTcStSOHJ4MG5VTWpXdG9vS01LRHNXeVFCNzF6Mm8zcDB3SkR0UDlTUGNNUWxDU0wwTjNEZWN2Y2p6Q3hpSEtVNkpFREZqLzhwR2RhT3VibmRTL1UxdVRtczhxWXhhaGVsU3JEcERuRUVCRThnNEh3VE5tZ0gwRm1WWERBRElxQlltYjYyQXBXMlVYMHhXemQ0clNvVENSOVdmNHppODJkaXBTeE0wd1Y0N3hqd3lwRjFvY254UWcvc2l6MThaR0QvUnlyT1NBbTZ6Yk5IWVg4N08zUG5YQ1NLc0RRQzN1dDlKd1hBai91TVI2YUF5S0RwM1FSWmVIZy9WNWdTQ1B2SldpOXpuanBoTkV2ZytPcDNCYitnL0FzS1F3WWtVSGk5enVKRVNvR3BQZE41azVZcnJRU0hJRGdjdWtrUEFOTlZRZ3NRcklFZkNLVnI5UUdSSGhSWWdYekg5aHhoNFFhTGV2TzBOMzZndDdBMk9PR2Y2cTJZMXluVzRuRjhqTFo1ZGc1VlJ6K0Y3WldFVHdyY202Vkk4RG02V3pUajM4bGRYWGMvYkpRWlhGdUVzRHVRQnE0U04xLzdvSTlSamRvRHYzS0VRMVQ0U25Ra0tXZHZiUncwVTlna09lem5weHpkQk1mUEsxMksvM040MG84RUJKd01vTVVkV2tYTnFuWlF4WTNCSUZrM29NUk56SXhYQTBsTEpxMUVVN24vMEV3bW81eG5oak1oaTRaN0ptczhNRXF3c2dnPT0iLCJjb250ZW50IjoiW2NvbnRhY3QtZmllbGQgbGFiZWw9J05vbWUnIHR5cGU9J25hbWUnL11bY29udGFjdC1maWVsZCBsYWJlbD0nRS1tYWlsJyB0eXBlPSdlbWFpbCcgcmVxdWlyZWQ9JzEnL11bY29udGFjdC1maWVsZCBsYWJlbD0nQ29tZW50XHUwMGUxcmlvJyB0eXBlPSd0ZXh0YXJlYScvXSIsImhhc2giOiI2M2E3Y2E5YTkyMDM4ZDRkZDQ0ZDhlZmQyYWNmNTJhYjZiODkxOGYyIiwic291cmNlIjp7ImVudHJ5X3RpdGxlIjoiU29sb24gU2lsdmEgZSBCYW5kYTogVGFsZW50byBsb2NhbCBuYSBGZW5hZG9jZSIsImVudHJ5X3BhZ2UiOjEsInNvdXJjZV9pZCI6NjkzMSwic291cmNlX3R5cGUiOiJzaW5nbGUiLCJyZXF1ZXN0X3VybCI6Imh0dHBzOi8vd3AudWZwZWwuZWR1LmJyL2FydGVub3N1bC93cC1qc29uL3dwL3YyL3Bvc3RzLzY5MzEifSwidmVyc2lvbiI6MiwiY2lwaGVyIjoiYWVzLTI1Ni1nY20ifQ._1Yktvn1l9LmJ-aYVFmXJ1NBb47vFpSxqrncRE0QvpM' \/>\n\n<div style=\"\"  data-wp-interactive=\"jetpack\/form\" data-wp-context='{\"fieldId\":\"g6931-nome\",\"fieldType\":\"name\",\"fieldLabel\":\"Nome\",\"fieldValue\":\"\",\"fieldPlaceholder\":\"\",\"fieldIsRequired\":\"\",\"fieldErrorMessage\":\"\",\"fieldExtra\":[],\"formHash\":\"63a7ca9a92038d4dd44d8efd2acf52ab6b8918f2\"}'  class='grunion-field-name-wrap grunion-field-wrap'  data-wp-init='callbacks.initializeField' data-wp-on--jetpack-form-reset='callbacks.initializeField' >\n<label\n\t\t\t\tfor='g6931-nome' class=\"grunion-field-label name\" >Nome<\/label>\n<input\n\t\t\t\t\ttype='text'\n\t\t\t\t\tname='g6931-nome'\n\t\t\t\t\tid='g6931-nome'\n\t\t\t\t\tvalue=''\n\n\t\t\t\t\tdata-wp-bind--aria-invalid='state.fieldHasErrors'\n\t\t\t\t\tdata-wp-bind--value='state.getFieldValue'\n\t\t\t\t\taria-errormessage='g6931-nome-text-error-message'\n\t\t\t\t\tdata-wp-on--input='actions.onFieldChange'\n\t\t\t\t\tdata-wp-on--blur='actions.onFieldBlur'\n\t\t\t\t\tdata-wp-class--has-value='state.hasFieldValue'\n\n\t\t\t\t\tclass='name  grunion-field' \n\t\t\t\t\t \/>\n \n\t\t\t<div id=\"g6931-nome-text-error\" class=\"contact-form__input-error\" data-wp-class--has-errors=\"state.fieldHasErrors\">\n\t\t\t\t<span class=\"contact-form__warning-icon\">\n\t\t\t\t\t<svg width=\"16\" height=\"16\" viewBox=\"0 0 16 16\" fill=\"none\" xmlns=\"http:\/\/www.w3.org\/2000\/svg\">\n\t\t\t\t\t\t<path d=\"M8.50015 11.6402H7.50015V10.6402H8.50015V11.6402Z\" \/>\n\t\t\t\t\t\t<path d=\"M7.50015 9.64018H8.50015V6.30684H7.50015V9.64018Z\" \/>\n\t\t\t\t\t\t<path fill-rule=\"evenodd\" clip-rule=\"evenodd\" d=\"M6.98331 3.0947C7.42933 2.30177 8.57096 2.30177 9.01698 3.09469L13.8771 11.7349C14.3145 12.5126 13.7525 13.4735 12.8602 13.4735H3.14004C2.24774 13.4735 1.68575 12.5126 2.12321 11.7349L6.98331 3.0947ZM8.14541 3.58496C8.08169 3.47168 7.9186 3.47168 7.85488 3.58496L2.99478 12.2251C2.93229 12.3362 3.01257 12.4735 3.14004 12.4735H12.8602C12.9877 12.4735 13.068 12.3362 13.0055 12.2251L8.14541 3.58496Z\" \/>\n\t\t\t\t\t<\/svg>\n\t\t\t\t\t<span class=\"visually-hidden\">Aviso<\/span>\n\t\t\t\t<\/span>\n\t\t\t\t<span data-wp-text=\"state.errorMessage\" id=\"g6931-nome-text-error-message\" role=\"alert\" aria-live=\"assertive\"><\/span>\n\t\t\t<\/div> \n\t<\/div>\n\n<div style=\"\"  data-wp-interactive=\"jetpack\/form\" data-wp-context='{\"fieldId\":\"g6931-email\",\"fieldType\":\"email\",\"fieldLabel\":\"E-mail\",\"fieldValue\":\"\",\"fieldPlaceholder\":\"\",\"fieldIsRequired\":\"1\",\"fieldErrorMessage\":\"\",\"fieldExtra\":[],\"formHash\":\"63a7ca9a92038d4dd44d8efd2acf52ab6b8918f2\"}'  class='grunion-field-email-wrap grunion-field-wrap'  data-wp-init='callbacks.initializeField' data-wp-on--jetpack-form-reset='callbacks.initializeField' >\n<label\n\t\t\t\tfor='g6931-email' class=\"grunion-field-label email\" >E-mail<span class=\"grunion-label-required\" aria-hidden=\"true\">(obrigat\u00f3rio)<\/span><\/label>\n<input\n\t\t\t\t\ttype='email'\n\t\t\t\t\tname='g6931-email'\n\t\t\t\t\tid='g6931-email'\n\t\t\t\t\tvalue=''\n\n\t\t\t\t\tdata-wp-bind--aria-invalid='state.fieldHasErrors'\n\t\t\t\t\tdata-wp-bind--value='state.getFieldValue'\n\t\t\t\t\taria-errormessage='g6931-email-email-error-message'\n\t\t\t\t\tdata-wp-on--input='actions.onFieldChange'\n\t\t\t\t\tdata-wp-on--blur='actions.onFieldBlur'\n\t\t\t\t\tdata-wp-class--has-value='state.hasFieldValue'\n\n\t\t\t\t\tclass='email  grunion-field' \n\t\t\t\t\trequired='true' aria-required='true'  \/>\n \n\t\t\t<div id=\"g6931-email-email-error\" class=\"contact-form__input-error\" data-wp-class--has-errors=\"state.fieldHasErrors\">\n\t\t\t\t<span class=\"contact-form__warning-icon\">\n\t\t\t\t\t<svg width=\"16\" height=\"16\" viewBox=\"0 0 16 16\" fill=\"none\" xmlns=\"http:\/\/www.w3.org\/2000\/svg\">\n\t\t\t\t\t\t<path d=\"M8.50015 11.6402H7.50015V10.6402H8.50015V11.6402Z\" \/>\n\t\t\t\t\t\t<path d=\"M7.50015 9.64018H8.50015V6.30684H7.50015V9.64018Z\" \/>\n\t\t\t\t\t\t<path fill-rule=\"evenodd\" clip-rule=\"evenodd\" d=\"M6.98331 3.0947C7.42933 2.30177 8.57096 2.30177 9.01698 3.09469L13.8771 11.7349C14.3145 12.5126 13.7525 13.4735 12.8602 13.4735H3.14004C2.24774 13.4735 1.68575 12.5126 2.12321 11.7349L6.98331 3.0947ZM8.14541 3.58496C8.08169 3.47168 7.9186 3.47168 7.85488 3.58496L2.99478 12.2251C2.93229 12.3362 3.01257 12.4735 3.14004 12.4735H12.8602C12.9877 12.4735 13.068 12.3362 13.0055 12.2251L8.14541 3.58496Z\" \/>\n\t\t\t\t\t<\/svg>\n\t\t\t\t\t<span class=\"visually-hidden\">Aviso<\/span>\n\t\t\t\t<\/span>\n\t\t\t\t<span data-wp-text=\"state.errorMessage\" id=\"g6931-email-email-error-message\" role=\"alert\" aria-live=\"assertive\"><\/span>\n\t\t\t<\/div> \n\t<\/div>\n\n<div style=\"\"  data-wp-interactive=\"jetpack\/form\" data-wp-context='{\"fieldId\":\"g6931-comentrio\",\"fieldType\":\"textarea\",\"fieldLabel\":\"Coment\\u00e1rio\",\"fieldValue\":\"\",\"fieldPlaceholder\":\"\",\"fieldIsRequired\":\"\",\"fieldErrorMessage\":\"\",\"fieldExtra\":[],\"formHash\":\"63a7ca9a92038d4dd44d8efd2acf52ab6b8918f2\"}'  class='grunion-field-textarea-wrap grunion-field-wrap'  data-wp-init='callbacks.initializeField' data-wp-on--jetpack-form-reset='callbacks.initializeField' >\n<label\n\t\t\t\tfor='contact-form-comment-g6931-comentrio' class=\"grunion-field-label textarea\" >Coment\u00e1rio<\/label>\n<textarea\n\t\t                style=''\n\t\t                name='g6931-comentrio'\n\t\t                id='contact-form-comment-g6931-comentrio'\n\t\t                rows='20'\n\t\t\t\t\t\tdata-wp-text='state.getFieldValue'\n\t\t\t\t\t\tdata-wp-on--input='actions.onFieldChange'\n\t\t\t\t\t\tdata-wp-on--blur='actions.onFieldBlur'\n\t\t\t\t\t\tdata-wp-class--has-value='state.hasFieldValue'\n\t\t\t\t\t\tdata-wp-bind--aria-invalid='state.fieldHasErrors'\n\t\t\t\t\t\taria-errormessage='g6931-comentrio-textarea-error-message'\n\t\t\t\t\t\tclass='textarea  grunion-field'  ><\/textarea>\n \n\t\t\t<div id=\"g6931-comentrio-textarea-error\" class=\"contact-form__input-error\" data-wp-class--has-errors=\"state.fieldHasErrors\">\n\t\t\t\t<span class=\"contact-form__warning-icon\">\n\t\t\t\t\t<svg width=\"16\" height=\"16\" viewBox=\"0 0 16 16\" fill=\"none\" xmlns=\"http:\/\/www.w3.org\/2000\/svg\">\n\t\t\t\t\t\t<path d=\"M8.50015 11.6402H7.50015V10.6402H8.50015V11.6402Z\" \/>\n\t\t\t\t\t\t<path d=\"M7.50015 9.64018H8.50015V6.30684H7.50015V9.64018Z\" \/>\n\t\t\t\t\t\t<path fill-rule=\"evenodd\" clip-rule=\"evenodd\" d=\"M6.98331 3.0947C7.42933 2.30177 8.57096 2.30177 9.01698 3.09469L13.8771 11.7349C14.3145 12.5126 13.7525 13.4735 12.8602 13.4735H3.14004C2.24774 13.4735 1.68575 12.5126 2.12321 11.7349L6.98331 3.0947ZM8.14541 3.58496C8.08169 3.47168 7.9186 3.47168 7.85488 3.58496L2.99478 12.2251C2.93229 12.3362 3.01257 12.4735 3.14004 12.4735H12.8602C12.9877 12.4735 13.068 12.3362 13.0055 12.2251L8.14541 3.58496Z\" \/>\n\t\t\t\t\t<\/svg>\n\t\t\t\t\t<span class=\"visually-hidden\">Aviso<\/span>\n\t\t\t\t<\/span>\n\t\t\t\t<span data-wp-text=\"state.errorMessage\" id=\"g6931-comentrio-textarea-error-message\" role=\"alert\" aria-live=\"assertive\"><\/span>\n\t\t\t<\/div>\n\t<\/div>\n\t<p class='contact-submit'>\n<div class=\"contact-form__error\" data-wp-class--show-errors=\"state.showFormErrors\"><span class=\"contact-form__warning-icon\"><span class=\"visually-hidden\">Aten\u00e7\u00e3o.<\/span><i aria-hidden=\"true\"><\/i><\/span>\n\t\t\t\t<span data-wp-text=\"state.getFormErrorMessage\"><\/span>\n\t\t\t\t<ul>\n\t\t\t\t<template data-wp-each=\"state.getErrorList\" data-wp-key=\"context.item.id\">\n\t\t\t\t\t<li><a data-wp-bind--href=\"context.item.anchor\" data-wp-on--click=\"actions.scrollIntoView\" data-wp-text=\"context.item.label\"><\/a><\/li>\n\t\t\t\t<\/template>\n\t\t\t\t<\/ul><\/div><div class=\"contact-form__error\" data-wp-class--show-errors=\"state.showSubmissionError\" data-wp-text=\"context.submissionError\"><\/div>\t\t<button type='submit' class='pushbutton-wide'>Enviar<\/button>\t\t<input type='hidden' name='contact-form-id' value='6931' \/>\n\t\t<input type='hidden' name='action' value='grunion-contact-form' \/>\n\t\t<input type='hidden' name='contact-form-hash' value='63a7ca9a92038d4dd44d8efd2acf52ab6b8918f2' \/>\n\t<\/p>\n<p style=\"display: none !important;\" class=\"akismet-fields-container\" data-prefix=\"ak_\"><label>&#916;<textarea name=\"ak_hp_textarea\" cols=\"45\" rows=\"8\" maxlength=\"100\"><\/textarea><\/label><input type=\"hidden\" id=\"ak_js_1\" name=\"ak_js\" value=\"172\"\/><script>document.getElementById( \"ak_js_1\" ).setAttribute( \"value\", ( new Date() ).getTime() );<\/script><\/p><\/form>\n<\/div>\n","protected":false},"excerpt":{"rendered":"<p>&nbsp; \u00a0 Julia Mello dos Santos \u00a0 \u00a0 \u00a0Todo ano, a Fenadoce (Feira Nacional do Doce) abre suas portas ao p\u00fablico para mostrar um pouco do que Pelotas tem de bom em gastronomia e cultura local. Os j\u00e1 famosos doces pelotenses atraem visitantes de todo o Estado. Na edi\u00e7\u00e3o de 2017, os restaurantes, bares e &hellip; <\/p>\n<p><a class=\"more-link btn\" href=\"https:\/\/wp.ufpel.edu.br\/artenosul\/2017\/07\/22\/solon-silva-e-banda-talento-local-na-fenadoce\/\">Continue lendo<\/a><\/p>\n","protected":false},"author":571,"featured_media":6934,"comment_status":"closed","ping_status":"closed","sticky":false,"template":"","format":"standard","meta":{"jetpack_post_was_ever_published":false,"_jetpack_newsletter_access":"","_jetpack_dont_email_post_to_subs":false,"_jetpack_newsletter_tier_id":0,"_jetpack_memberships_contains_paywalled_content":false,"_jetpack_memberships_contains_paid_content":false,"footnotes":"","jetpack_publicize_message":"","jetpack_publicize_feature_enabled":true,"jetpack_social_post_already_shared":true,"jetpack_social_options":{"image_generator_settings":{"template":"highway","default_image_id":0,"font":"","enabled":false},"version":2}},"categories":[6,1],"tags":[629,234,231,479,7,14,627,628],"class_list":["post-6931","post","type-post","status-publish","format-standard","has-post-thumbnail","hentry","category-musica","category-noticias","tag-chorinho","tag-feira-nacional-do-doce","tag-fenadoce","tag-julia-mello-dos-santos","tag-musica","tag-samba","tag-solon-silva","tag-solon-silva-e-banda","nodate","item-wrap"],"jetpack_publicize_connections":[],"jetpack_featured_media_url":"https:\/\/wp.ufpel.edu.br\/artenosul\/files\/2017\/07\/solon-e-banda.jpg","jetpack_sharing_enabled":true,"jetpack_likes_enabled":true,"jetpack_shortlink":"https:\/\/wp.me\/p6PuxQ-1NN","jetpack-related-posts":[{"id":8939,"url":"https:\/\/wp.ufpel.edu.br\/artenosul\/2020\/12\/02\/especial-de-natal-da-fenadoce\/","url_meta":{"origin":6931,"position":0},"title":"Especial de Natal da Fenadoce","author":"artenosul","date":"2 de dezembro de 2020","format":false,"excerpt":"Por Anarelli Martinez A Feira Nacional do Doce ter\u00e1 programa\u00e7\u00e3o de 5 a 31 de dezembro Com o objetivo de fomentar a tradi\u00e7\u00e3o doceira de Pelotas, valorizar a arte e cultura local, promover a\u00e7\u00f5es sociais e estimular o com\u00e9rcio local, a C\u00e2mara de Dirigentes Lojistas (CDL) de Pelotas ir\u00e1 promover\u2026","rel":"","context":"Em &quot;COMUNIDADE&quot;","block_context":{"text":"COMUNIDADE","link":"https:\/\/wp.ufpel.edu.br\/artenosul\/category\/comunidade\/"},"img":{"alt_text":"","src":"https:\/\/i0.wp.com\/wp.ufpel.edu.br\/artenosul\/files\/2020\/12\/1-1.jpg?resize=350%2C200&ssl=1","width":350,"height":200,"srcset":"https:\/\/i0.wp.com\/wp.ufpel.edu.br\/artenosul\/files\/2020\/12\/1-1.jpg?resize=350%2C200&ssl=1 1x, https:\/\/i0.wp.com\/wp.ufpel.edu.br\/artenosul\/files\/2020\/12\/1-1.jpg?resize=525%2C300&ssl=1 1.5x, https:\/\/i0.wp.com\/wp.ufpel.edu.br\/artenosul\/files\/2020\/12\/1-1.jpg?resize=700%2C400&ssl=1 2x"},"classes":[]},{"id":11952,"url":"https:\/\/wp.ufpel.edu.br\/artenosul\/2022\/06\/25\/28a-edicao-da-fenadoce-encerra-com-sucesso\/","url_meta":{"origin":6931,"position":1},"title":"28\u00aa edi\u00e7\u00e3o da Fenadoce encerra com sucesso","author":"artenosul","date":"25 de junho de 2022","format":false,"excerpt":"Por Elena Santos\u00a0 \u00a0 \u00a0\u00a0 Evento favorece atividades econ\u00f4micas e art\u00edsticas da regi\u00e3o Ap\u00f3s dois anos de restri\u00e7\u00f5es por conta da pandemia do coronav\u00edrus, houve a retomada da tradicional festa de Pelotas, a Fenadoce, em sua 28\u00aa edi\u00e7\u00e3o, que se estendeu at\u00e9 o \u00faltimo domingo, dia 19 de junho. Contou\u2026","rel":"","context":"Em &quot;COMUNIDADE&quot;","block_context":{"text":"COMUNIDADE","link":"https:\/\/wp.ufpel.edu.br\/artenosul\/category\/comunidade\/"},"img":{"alt_text":"","src":"https:\/\/i0.wp.com\/wp.ufpel.edu.br\/artenosul\/files\/2022\/06\/Rafael-Takaki-9316.jpg?resize=350%2C200&ssl=1","width":350,"height":200,"srcset":"https:\/\/i0.wp.com\/wp.ufpel.edu.br\/artenosul\/files\/2022\/06\/Rafael-Takaki-9316.jpg?resize=350%2C200&ssl=1 1x, https:\/\/i0.wp.com\/wp.ufpel.edu.br\/artenosul\/files\/2022\/06\/Rafael-Takaki-9316.jpg?resize=525%2C300&ssl=1 1.5x, https:\/\/i0.wp.com\/wp.ufpel.edu.br\/artenosul\/files\/2022\/06\/Rafael-Takaki-9316.jpg?resize=700%2C400&ssl=1 2x, https:\/\/i0.wp.com\/wp.ufpel.edu.br\/artenosul\/files\/2022\/06\/Rafael-Takaki-9316.jpg?resize=1050%2C600&ssl=1 3x, https:\/\/i0.wp.com\/wp.ufpel.edu.br\/artenosul\/files\/2022\/06\/Rafael-Takaki-9316.jpg?resize=1400%2C800&ssl=1 4x"},"classes":[]},{"id":10717,"url":"https:\/\/wp.ufpel.edu.br\/artenosul\/2022\/05\/10\/fenadoce-2022-o-retorno-perspectivas-e-programacao\/","url_meta":{"origin":6931,"position":2},"title":"\u201cFenadoce\u00a0 2022, o retorno\u201d: perspectivas e programa\u00e7\u00e3o","author":"artenosul","date":"10 de maio de 2022","format":false,"excerpt":"Por Ronaldo Luis\u00a0\u00a0\u00a0\u00a0 \u201cDoces (re)encontros\u201d \u00e9 o tema da 28\u00aa edi\u00e7\u00e3o da Feira Nacional que ocorre de 3 a 19 de junho \u00a0 Ap\u00f3s adiamento por dois anos consecutivos, em raz\u00e3o da pandemia, a Feira Nacional do Doce (Fenadoce), ter\u00e1 sua 28\u00aa edi\u00e7\u00e3o entre os dias 3 e 19 de\u2026","rel":"","context":"Em &quot;COMUNIDADE&quot;","block_context":{"text":"COMUNIDADE","link":"https:\/\/wp.ufpel.edu.br\/artenosul\/category\/comunidade\/"},"img":{"alt_text":"","src":"https:\/\/i0.wp.com\/wp.ufpel.edu.br\/artenosul\/files\/2022\/05\/Imagem13.jpg?resize=350%2C200&ssl=1","width":350,"height":200},"classes":[]},{"id":13807,"url":"https:\/\/wp.ufpel.edu.br\/artenosul\/2023\/06\/09\/diversidade-artistica-na-feira-nacional-do-doce\/","url_meta":{"origin":6931,"position":3},"title":"Diversidade art\u00edstica na Feira Nacional do Doce","author":"artenosul","date":"9 de junho de 2023","format":false,"excerpt":"J\u00e1 no seu segundo fim de semana, evento seguir\u00e1 at\u00e9 o dia 18 de junho\u00a0 \u00a0 \u00a0 \u00a0\u00a0 Por St\u00e9fane Costa\u00a0 \u00a0 \u00a0 \u00a0 \u00a0 Trazendo a magia do mundo das crian\u00e7as e a import\u00e2ncia das lembran\u00e7as, a 29\u00aa edi\u00e7\u00e3o da Feira Nacional do Doce (Fenadoce), cujo tema \u00e9 Doce\u2026","rel":"","context":"Em &quot;COMUNIDADE&quot;","block_context":{"text":"COMUNIDADE","link":"https:\/\/wp.ufpel.edu.br\/artenosul\/category\/comunidade\/"},"img":{"alt_text":"","src":"https:\/\/i0.wp.com\/wp.ufpel.edu.br\/artenosul\/files\/2023\/06\/Foto-2-3B-scaled.jpg?resize=350%2C200&ssl=1","width":350,"height":200,"srcset":"https:\/\/i0.wp.com\/wp.ufpel.edu.br\/artenosul\/files\/2023\/06\/Foto-2-3B-scaled.jpg?resize=350%2C200&ssl=1 1x, https:\/\/i0.wp.com\/wp.ufpel.edu.br\/artenosul\/files\/2023\/06\/Foto-2-3B-scaled.jpg?resize=525%2C300&ssl=1 1.5x, https:\/\/i0.wp.com\/wp.ufpel.edu.br\/artenosul\/files\/2023\/06\/Foto-2-3B-scaled.jpg?resize=700%2C400&ssl=1 2x, https:\/\/i0.wp.com\/wp.ufpel.edu.br\/artenosul\/files\/2023\/06\/Foto-2-3B-scaled.jpg?resize=1050%2C600&ssl=1 3x, https:\/\/i0.wp.com\/wp.ufpel.edu.br\/artenosul\/files\/2023\/06\/Foto-2-3B-scaled.jpg?resize=1400%2C800&ssl=1 4x"},"classes":[]},{"id":29438,"url":"https:\/\/wp.ufpel.edu.br\/artenosul\/2025\/08\/04\/imagens-contaram-doces-aventuras-na-fenadoce\/","url_meta":{"origin":6931,"position":4},"title":"Imagens contaram \u201cDoces Aventuras\u201d na Fenadoce","author":"artenosul","date":"4 de agosto de 2025","format":false,"excerpt":"A desenhista Larissa Silva relatou um pouco sobre como foi participar como ilustradora da 31\u00aa edi\u00e7\u00e3o da Feira Nacional do Doce, que terminou dia 3 de agosto\u00a0 \u00a0 \u00a0 \u00a0\u00a0 Por Giovana Costa e Vinicius Terra\u00a0 \u00a0 \u00a0 \u00a0\u00a0 A 31\u00aa edi\u00e7\u00e3o da Feira Nacional do Doce (Fenadoce) em Pelotas\u2026","rel":"","context":"Em &quot;ARTES VISUAIS&quot;","block_context":{"text":"ARTES VISUAIS","link":"https:\/\/wp.ufpel.edu.br\/artenosul\/category\/artes-visuais\/"},"img":{"alt_text":"","src":"https:\/\/i0.wp.com\/wp.ufpel.edu.br\/artenosul\/files\/2025\/08\/Imagem-2-1-scaled.jpg?resize=350%2C200&ssl=1","width":350,"height":200,"srcset":"https:\/\/i0.wp.com\/wp.ufpel.edu.br\/artenosul\/files\/2025\/08\/Imagem-2-1-scaled.jpg?resize=350%2C200&ssl=1 1x, https:\/\/i0.wp.com\/wp.ufpel.edu.br\/artenosul\/files\/2025\/08\/Imagem-2-1-scaled.jpg?resize=525%2C300&ssl=1 1.5x, https:\/\/i0.wp.com\/wp.ufpel.edu.br\/artenosul\/files\/2025\/08\/Imagem-2-1-scaled.jpg?resize=700%2C400&ssl=1 2x, https:\/\/i0.wp.com\/wp.ufpel.edu.br\/artenosul\/files\/2025\/08\/Imagem-2-1-scaled.jpg?resize=1050%2C600&ssl=1 3x, https:\/\/i0.wp.com\/wp.ufpel.edu.br\/artenosul\/files\/2025\/08\/Imagem-2-1-scaled.jpg?resize=1400%2C800&ssl=1 4x"},"classes":[]},{"id":29261,"url":"https:\/\/wp.ufpel.edu.br\/artenosul\/2025\/07\/15\/fenadoce-saiba-como-evento-comecou-e-origem-dos-doces-de-pelotas\/","url_meta":{"origin":6931,"position":5},"title":"Fenadoce: saiba como evento come\u00e7ou e origem dos doces de Pelotas","author":"artenosul","date":"15 de julho de 2025","format":false,"excerpt":"Com quase 40 anos de hist\u00f3ria, a Feira Nacional do Doce movimenta a gastronomia, cultura e arte de Pelotas\u00a0 \u00a0 \u00a0 \u00a0 \u00a0\u00a0 Por Bruna Farias\u00a0 \u00a0 \u00a0\u00a0 \u00a0 \u00a0\u00a0\u00a0\u00a0\u00a0\u00a0\u00a0\u00a0\u00a0 Realizada anualmente na cidade de Pelotas, no Rio Grande do Sul, a Fenadoce \u00e9 uma viagem pela identidade gastron\u00f4mica, cultural\u2026","rel":"","context":"Em &quot;COMUNIDADE&quot;","block_context":{"text":"COMUNIDADE","link":"https:\/\/wp.ufpel.edu.br\/artenosul\/category\/comunidade\/"},"img":{"alt_text":"","src":"https:\/\/i0.wp.com\/wp.ufpel.edu.br\/artenosul\/files\/2025\/07\/foto-1-capa.jpg?resize=350%2C200&ssl=1","width":350,"height":200,"srcset":"https:\/\/i0.wp.com\/wp.ufpel.edu.br\/artenosul\/files\/2025\/07\/foto-1-capa.jpg?resize=350%2C200&ssl=1 1x, https:\/\/i0.wp.com\/wp.ufpel.edu.br\/artenosul\/files\/2025\/07\/foto-1-capa.jpg?resize=525%2C300&ssl=1 1.5x, https:\/\/i0.wp.com\/wp.ufpel.edu.br\/artenosul\/files\/2025\/07\/foto-1-capa.jpg?resize=700%2C400&ssl=1 2x, https:\/\/i0.wp.com\/wp.ufpel.edu.br\/artenosul\/files\/2025\/07\/foto-1-capa.jpg?resize=1050%2C600&ssl=1 3x, https:\/\/i0.wp.com\/wp.ufpel.edu.br\/artenosul\/files\/2025\/07\/foto-1-capa.jpg?resize=1400%2C800&ssl=1 4x"},"classes":[]}],"_links":{"self":[{"href":"https:\/\/wp.ufpel.edu.br\/artenosul\/wp-json\/wp\/v2\/posts\/6931","targetHints":{"allow":["GET"]}}],"collection":[{"href":"https:\/\/wp.ufpel.edu.br\/artenosul\/wp-json\/wp\/v2\/posts"}],"about":[{"href":"https:\/\/wp.ufpel.edu.br\/artenosul\/wp-json\/wp\/v2\/types\/post"}],"author":[{"embeddable":true,"href":"https:\/\/wp.ufpel.edu.br\/artenosul\/wp-json\/wp\/v2\/users\/571"}],"replies":[{"embeddable":true,"href":"https:\/\/wp.ufpel.edu.br\/artenosul\/wp-json\/wp\/v2\/comments?post=6931"}],"version-history":[{"count":4,"href":"https:\/\/wp.ufpel.edu.br\/artenosul\/wp-json\/wp\/v2\/posts\/6931\/revisions"}],"predecessor-version":[{"id":6954,"href":"https:\/\/wp.ufpel.edu.br\/artenosul\/wp-json\/wp\/v2\/posts\/6931\/revisions\/6954"}],"wp:featuredmedia":[{"embeddable":true,"href":"https:\/\/wp.ufpel.edu.br\/artenosul\/wp-json\/wp\/v2\/media\/6934"}],"wp:attachment":[{"href":"https:\/\/wp.ufpel.edu.br\/artenosul\/wp-json\/wp\/v2\/media?parent=6931"}],"wp:term":[{"taxonomy":"category","embeddable":true,"href":"https:\/\/wp.ufpel.edu.br\/artenosul\/wp-json\/wp\/v2\/categories?post=6931"},{"taxonomy":"post_tag","embeddable":true,"href":"https:\/\/wp.ufpel.edu.br\/artenosul\/wp-json\/wp\/v2\/tags?post=6931"}],"curies":[{"name":"wp","href":"https:\/\/api.w.org\/{rel}","templated":true}]}}