{"id":650,"date":"2015-12-06T21:16:05","date_gmt":"2015-12-06T23:16:05","guid":{"rendered":"https:\/\/wp.ufpel.edu.br\/artenosul\/?p=650"},"modified":"2015-12-06T21:16:05","modified_gmt":"2015-12-06T23:16:05","slug":"guido-cnr-completa-15-anos-de-carreira","status":"publish","type":"post","link":"https:\/\/wp.ufpel.edu.br\/artenosul\/2015\/12\/06\/guido-cnr-completa-15-anos-de-carreira\/","title":{"rendered":"Guido CNR completa 15 anos de carreira"},"content":{"rendered":"<div id=\"attachment_651\" style=\"width: 616px\" class=\"wp-caption aligncenter\"><a href=\"https:\/\/wp.ufpel.edu.br\/artenosul\/files\/2015\/12\/11998902_905253776236122_8950473169242143156_n-2.jpg\"><img loading=\"lazy\" decoding=\"async\" aria-describedby=\"caption-attachment-651\" class=\"wp-image-651\" src=\"https:\/\/wp.ufpel.edu.br\/artenosul\/files\/2015\/12\/11998902_905253776236122_8950473169242143156_n-2-424x283.jpg\" alt=\"11998902_905253776236122_8950473169242143156_n (2)\" width=\"616\" height=\"411\" srcset=\"https:\/\/wp.ufpel.edu.br\/artenosul\/files\/2015\/12\/11998902_905253776236122_8950473169242143156_n-2-424x283.jpg 424w, https:\/\/wp.ufpel.edu.br\/artenosul\/files\/2015\/12\/11998902_905253776236122_8950473169242143156_n-2-212x141.jpg 212w, https:\/\/wp.ufpel.edu.br\/artenosul\/files\/2015\/12\/11998902_905253776236122_8950473169242143156_n-2.jpg 960w\" sizes=\"auto, (max-width: 616px) 100vw, 616px\" \/><\/a><p id=\"caption-attachment-651\" class=\"wp-caption-text\">Leandro Fagundes expressa em suas m\u00fasicas a realidade social<\/p><\/div>\n<h4 style=\"text-align: justify\">Reportagem de <strong>Camila Porto<\/strong> e <strong>Rayssa Natale &#8211;\u00a0<\/strong><\/h4>\n<h4 style=\"text-align: justify\">Leandro Fagundes, mais conhecido como Guido CNR, \u00e9 um cantor de rap conhecido por suas melodias pesadas, que objetivam retratar a realidade e sentimentos. O cantor j\u00e1 passou por muitas coisas nesses 15 anos de carreira. Carregando o peso do preconceito, Guido conquistou uma legi\u00e3o de f\u00e3s e ganhou o mundo. Vencendo in\u00fameras dificuldades, o cantor hoje vive da m\u00fasica e est\u00e1 entre os 10 mais populares de Pelotas.<\/h4>\n<h4 style=\"text-align: justify\">O cantor aceitou o convite da equipe de reportagem e nos deu uma entrevista exclusiva!<\/h4>\n<h4 style=\"text-align: justify\"><strong>Arte no Sul: Na tua vis\u00e3o, o rap tem ganhado espa\u00e7o?<\/strong><\/h4>\n<h4 style=\"text-align: justify\"><strong>Guido CNR:<\/strong> O rap est\u00e1 crescendo, ganhando espa\u00e7o, deixou de ser considerado m\u00fasica de favelado, apesar de ter sua origem na periferia. Hoje em dia todo mundo escuta rap e consegue tirar sua pr\u00f3pria li\u00e7\u00e3o.<\/h4>\n<h4 style=\"text-align: justify\"><strong>AS: Como voc\u00ea enxerga o campo da m\u00fasica? H\u00e1 boas oportunidades ou \u00e9 dif\u00edcil se manter no meio?<\/strong><\/h4>\n<h4 style=\"text-align: justify\"><strong>Guido CNR:<\/strong> A m\u00fasica sempre foi um meio dif\u00edcil. N\u00e3o \u00e9 f\u00e1cil viver da m\u00fasica, ganhar respeito. As oportunidades s\u00e3o poucas.<\/h4>\n<h4 style=\"text-align: justify\"><strong>AS: Discute-se muito a quest\u00e3o racial. Voc\u00ea acha que isso influenciou no seu trabalho? Se sim, se forma positiva ou negativa?<\/strong><\/h4>\n<h4 style=\"text-align: justify\"><strong>Guido CNR:<\/strong> Claro que influenciou, ouvi muito\u2019 n\u00e3o\u2019 por ser negro. Muita gente virou a cara para o meu trabalho pela minha cor, n\u00e3o deu a oportunidade de eu mostrar meu talento.<\/h4>\n<h4 style=\"text-align: justify\"><strong>AS: Que mensagem voc\u00ea tenta passar com a sua m\u00fasica?<\/strong><\/h4>\n<h4 style=\"text-align: justify\"><strong>Guido CNR:<\/strong> Minha m\u00fasica \u00e9 a realidade. Todo tipo de realidade. Mas meu foco maior \u00e9 a realidade do negro e pobre e o amor.<\/h4>\n<h4 style=\"text-align: justify\"><strong>AS: Pelo que vemos, tens f\u00e3s muito fi\u00e9is. Como voc\u00ea se sente sabendo que teu trabalho influencia outras pessoas?<\/strong><\/h4>\n<h4 style=\"text-align: justify\"><strong>Guido CNR:<\/strong> Meus f\u00e3s s\u00e3o a raz\u00e3o de tudo. Saber que meu trabalho mudou-os \u00e9 saber que tudo est\u00e1 valendo a pena!<\/h4>\n<h4 style=\"text-align: justify\"><strong>AS: Voc\u00ea tem algum recado que queira deixar pros leitores?<\/strong><\/h4>\n<h4 style=\"text-align: justify\"><strong>Guido CNR:<\/strong> Meu recado \u00e9 que as pessoas precisam abrir o cora\u00e7\u00e3o pra m\u00fasica, deixar ela entrar e te tocar. Isso \u00e9 o que faz uma m\u00fasica valer a pena. Queria agradecer o carinho de todos e a aten\u00e7\u00e3o que tenho recebido, os elogios e aquele incentivo. Todos sabem como vivi o que passei e mesmo assim dei a volta por cima e \u00e9 esse incentivo de voc\u00eas que me faz acreditar que hoje estou no caminho certo, obrigado de cora\u00e7\u00e3o.<\/h4>\n<h4 style=\"text-align: justify\"><strong><a href=\"https:\/\/wp.ufpel.edu.br\/artenosul\">PRIMEIRA P\u00c1GINA<\/a><\/strong><\/h4>\n<div data-test='contact-form'\n\t\t\tid='contact-form-650'\n\t\t\tclass='wp-block-jetpack-contact-form-container '\n\t\t\tdata-wp-interactive='jetpack\/form' data-wp-context='{\"formId\":\"650\",\"formHash\":\"88f6d3f35f7857b0fd087eb9628ebe8025e07d68\",\"showErrors\":false,\"errors\":[],\"fields\":[],\"isMultiStep\":false,\"useAjax\":true,\"submissionData\":null,\"formattedSubmissionData\":[],\"submissionSuccess\":false,\"submissionError\":null,\"elementId\":\"jp-form-88f6d3f35f7857b0fd087eb9628ebe8025e07d68\",\"isSingleInputForm\":false}'\n\t\t\tdata-wp-watch--scroll-to-wrapper=\"callbacks.scrollToWrapper\"\n\t\t>\n<div class=\"contact-form-submission contact-form-ajax-submission\" data-wp-class--submission-success=\"context.submissionSuccess\"><p class=\"go-back-message\"><a class=\"link\" role=\"button\" tabindex=\"0\" data-wp-on--click=\"actions.goBack\" href=\"\/artenosul\/wp-json\/wp\/v2\/posts\/650\">Voltar<\/a><\/p><h4 id=\"contact-form-success-header\">Sua mensagem foi enviada<\/h4>\n\n<template data-wp-each--submission=\"context.formattedSubmissionData\">\n\t\t\t\t\t<div class=\"jetpack_forms_contact-form-success-summary\">\n\t\t\t\t\t\t<div class=\"field-name\" data-wp-text=\"context.submission.label\" data-wp-bind--hidden=\"!context.submission.label\"><\/div>\n\t\t\t\t\t\t<div class=\"field-value\" data-wp-text=\"context.submission.value\"><\/div>\n\t\t\t\t\t\t<div class=\"field-images\" data-wp-bind--hidden=\"!context.submission.images\">\n\t\t\t\t\t\t\t<template data-wp-each--image=\"context.submission.images\">\n\t\t\t\t\t\t\t\t<figure class=\"field-image\" data-wp-class--is-empty=\"!context.image\">\n\t\t\t\t\t\t\t\t\t<img data-wp-bind--src=\"context.image\" data-wp-bind--hidden=\"!context.image\" \/>\n\t\t\t\t\t\t\t\t\t<img decoding=\"async\" src=\"data:image\/gif;base64,R0lGODlhAQABAAD\/ACwAAAAAAQABAAACADs=\" data-wp-bind--hidden=\"context.image\" \/>\n\t\t\t\t\t\t\t\t<\/figure>\n\t\t\t\t\t\t\t<\/template>\n\t\t\t\t\t\t<\/div>\n\t\t\t\t\t<\/div>\n\t\t\t\t<\/template><\/div><form action='https:\/\/wp.ufpel.edu.br\/artenosul\/2015\/12\/06\/guido-cnr-completa-15-anos-de-carreira\/'\n\t\t\t\tid='jp-form-88f6d3f35f7857b0fd087eb9628ebe8025e07d68'\n\t\t\t\tmethod='post'\n\t\t\t\tclass='contact-form commentsblock' aria-label=\"Guido CNR completa 15 anos de carreira\"\n\t\t\t\tdata-wp-on--submit=\"actions.onFormSubmit\"\n\t\t\t\tdata-wp-on--reset=\"actions.onFormReset\"\n\t\t\t\tdata-wp-class--submission-success=\"context.submissionSuccess\"\n\t\t\t\tdata-wp-class--is-first-step=\"state.isFirstStep\"\n\t\t\t\tdata-wp-class--is-last-step=\"state.isLastStep\"\n\t\t\t\tdata-wp-class--is-ajax-form=\"context.useAjax\"\n\t\t\t\tnovalidate >\n<input type='hidden' name='jetpack_contact_form_jwt' value='eyJ0eXAiOiJKV1QiLCJhbGciOiJIUzI1NiJ9.eyJlbmNyeXB0ZWRfYXR0cmlidXRlcyI6Ik1XZGZzRG1nUFlRbkhqd1VVMFp2UE9YMENxOGR0aGdHbzA3RlNqSkhST043MnhQN0lJS3FQcHRzS3VxbHN1Z0hOOHQvdlo0RWlLZnBiTS9XNlJGYkVwKzE0MUFRTE1tZ2VYNzBZRm1hRlk1UEx1M0s0cUp5UkhhL0tWTHZYZWxRN2kyNllFTHpHREd3VEVLNDVYSFVhV0x6NGpaM2V2UUJQZmdnVkFWRHhqYVVHTEpWNXRaUEhlSXJLYWl4VVh6YzIzWlFxTElmMXZSZzROVmhDTm1hUTBCL2tKUVJCbi9EaGhFN3B5MFZNcUhDeUpBNXh5dVlkaG8vMWlyQUJpUEVWMjB6djZMY1U2d3c5a0JKYzRIWCtqVGpydFgwZEw5Q2J2QUp1MWlubjlFNlNnM2N1REZNWUdFeG04a2g4Q285anJsSHIzbUJMUWZ5U05KYzhISXVjem83bHd3QTg5dVk5RlJZQU9keUwvRlhkbDR2Q0Q4TE9pVlJITTdBekJsREtXT1Q4WFNhL2JyVXlScVU2bDRxT2pnMkxBeTlXVkg0UWJtRnJ5MVdvMEI4TlNSL0R2c2czMHZQdjFWdGVRSTJBaFlJZS8xUUg5Z3pSRTZoaW1SaXlMV2JucXF5THYwY1lFZTRTblQ2aElXSlFmWHVuUXdvUldRWXNaWHZpUTBERnZWK3Q3WG4zVnA4cStXK2x0dVVxYTF2bHJ2ZTEzWEpZWEQ5WjdybkJsVm1BQkRTV1JlbDg3aVE4WjcvT2dBekZMaWVwdUp3bnRwTXJncjZsMVNYYXRjb1JwQ0hoS28wUzlLcEhGYlRid2Ztb2RXVkZCK0FaM0R5ZktySW1WYXlWVlJ2ckNLZWhITzZhNU42Z0NYSU9vVU41VGZ4cWJiMmJ5ZTc3MXRvSlJCV2pmM0ZzWUMxT2VuWGxqY2ZqcjUzNm1vS3NSRm4vUDJjWnBCVmhEbm8xMkFSRGVyRXNHVFB0OUxTNmN4YUxOTDB1ZHBMS0tEaE4vSXhTeFU2eDI3Vi9qL2pCdzVkd00xeGp6NXV4Y3d6bU12dnk5VThIMmtRZUgwYU5xaTdiTi9VUWljQjJlcFZYM21uL2Q5OE9jZ0RicnRFeDd3eWxreGJ4bERySUpmZ0s5ckpyMW1xOFo5d2xJenNGWCs3VE8wRjRQN1l5WE91VTZ6cXVhNlc4MUVKVmZxemkydHlVRE1rd0NEV2dBPT0iLCJjb250ZW50IjoiW2NvbnRhY3QtZmllbGQgbGFiZWw9J05vbWUnIHR5cGU9J25hbWUnL11bY29udGFjdC1maWVsZCBsYWJlbD0nRW1haWwnIHR5cGU9J2VtYWlsJy9dW2NvbnRhY3QtZmllbGQgbGFiZWw9J0NvbWVudFx1MDBlMXJpbycgdHlwZT0ndGV4dGFyZWEnL10iLCJoYXNoIjoiODhmNmQzZjM1Zjc4NTdiMGZkMDg3ZWI5NjI4ZWJlODAyNWUwN2Q2OCIsInNvdXJjZSI6eyJlbnRyeV90aXRsZSI6Ikd1aWRvIENOUiBjb21wbGV0YSAxNSBhbm9zIGRlIGNhcnJlaXJhIiwiZW50cnlfcGFnZSI6MSwic291cmNlX2lkIjo2NTAsInNvdXJjZV90eXBlIjoic2luZ2xlIiwicmVxdWVzdF91cmwiOiJodHRwczovL3dwLnVmcGVsLmVkdS5ici9hcnRlbm9zdWwvd3AtanNvbi93cC92Mi9wb3N0cy82NTAifSwidmVyc2lvbiI6MiwiY2lwaGVyIjoiYWVzLTI1Ni1nY20ifQ.o-0A-dY8pV47OMK8qQMAbSh8HpWy1wenzQsgtbte-pc' \/>\n\n<div style=\"\"  data-wp-interactive=\"jetpack\/form\" data-wp-context='{\"fieldId\":\"g650-nome\",\"fieldType\":\"name\",\"fieldLabel\":\"Nome\",\"fieldValue\":\"\",\"fieldPlaceholder\":\"\",\"fieldIsRequired\":\"\",\"fieldErrorMessage\":\"\",\"fieldExtra\":[],\"formHash\":\"88f6d3f35f7857b0fd087eb9628ebe8025e07d68\"}'  class='grunion-field-name-wrap grunion-field-wrap'  data-wp-init='callbacks.initializeField' data-wp-on--jetpack-form-reset='callbacks.initializeField' >\n<label\n\t\t\t\tfor='g650-nome' class=\"grunion-field-label name\" >Nome<\/label>\n<input\n\t\t\t\t\ttype='text'\n\t\t\t\t\tname='g650-nome'\n\t\t\t\t\tid='g650-nome'\n\t\t\t\t\tvalue=''\n\n\t\t\t\t\tdata-wp-bind--aria-invalid='state.fieldHasErrors'\n\t\t\t\t\tdata-wp-bind--value='state.getFieldValue'\n\t\t\t\t\taria-errormessage='g650-nome-text-error-message'\n\t\t\t\t\tdata-wp-on--input='actions.onFieldChange'\n\t\t\t\t\tdata-wp-on--blur='actions.onFieldBlur'\n\t\t\t\t\tdata-wp-class--has-value='state.hasFieldValue'\n\n\t\t\t\t\tclass='name  grunion-field' \n\t\t\t\t\t \/>\n \n\t\t\t<div id=\"g650-nome-text-error\" class=\"contact-form__input-error\" data-wp-class--has-errors=\"state.fieldHasErrors\">\n\t\t\t\t<span class=\"contact-form__warning-icon\">\n\t\t\t\t\t<svg width=\"16\" height=\"16\" viewBox=\"0 0 16 16\" fill=\"none\" xmlns=\"http:\/\/www.w3.org\/2000\/svg\">\n\t\t\t\t\t\t<path d=\"M8.50015 11.6402H7.50015V10.6402H8.50015V11.6402Z\" \/>\n\t\t\t\t\t\t<path d=\"M7.50015 9.64018H8.50015V6.30684H7.50015V9.64018Z\" \/>\n\t\t\t\t\t\t<path fill-rule=\"evenodd\" clip-rule=\"evenodd\" d=\"M6.98331 3.0947C7.42933 2.30177 8.57096 2.30177 9.01698 3.09469L13.8771 11.7349C14.3145 12.5126 13.7525 13.4735 12.8602 13.4735H3.14004C2.24774 13.4735 1.68575 12.5126 2.12321 11.7349L6.98331 3.0947ZM8.14541 3.58496C8.08169 3.47168 7.9186 3.47168 7.85488 3.58496L2.99478 12.2251C2.93229 12.3362 3.01257 12.4735 3.14004 12.4735H12.8602C12.9877 12.4735 13.068 12.3362 13.0055 12.2251L8.14541 3.58496Z\" \/>\n\t\t\t\t\t<\/svg>\n\t\t\t\t\t<span class=\"visually-hidden\">Aviso<\/span>\n\t\t\t\t<\/span>\n\t\t\t\t<span data-wp-text=\"state.errorMessage\" id=\"g650-nome-text-error-message\" role=\"alert\" aria-live=\"assertive\"><\/span>\n\t\t\t<\/div> \n\t<\/div>\n\n<div style=\"\"  data-wp-interactive=\"jetpack\/form\" data-wp-context='{\"fieldId\":\"g650-email\",\"fieldType\":\"email\",\"fieldLabel\":\"Email\",\"fieldValue\":\"\",\"fieldPlaceholder\":\"\",\"fieldIsRequired\":\"\",\"fieldErrorMessage\":\"\",\"fieldExtra\":[],\"formHash\":\"88f6d3f35f7857b0fd087eb9628ebe8025e07d68\"}'  class='grunion-field-email-wrap grunion-field-wrap'  data-wp-init='callbacks.initializeField' data-wp-on--jetpack-form-reset='callbacks.initializeField' >\n<label\n\t\t\t\tfor='g650-email' class=\"grunion-field-label email\" >Email<\/label>\n<input\n\t\t\t\t\ttype='email'\n\t\t\t\t\tname='g650-email'\n\t\t\t\t\tid='g650-email'\n\t\t\t\t\tvalue=''\n\n\t\t\t\t\tdata-wp-bind--aria-invalid='state.fieldHasErrors'\n\t\t\t\t\tdata-wp-bind--value='state.getFieldValue'\n\t\t\t\t\taria-errormessage='g650-email-email-error-message'\n\t\t\t\t\tdata-wp-on--input='actions.onFieldChange'\n\t\t\t\t\tdata-wp-on--blur='actions.onFieldBlur'\n\t\t\t\t\tdata-wp-class--has-value='state.hasFieldValue'\n\n\t\t\t\t\tclass='email  grunion-field' \n\t\t\t\t\t \/>\n \n\t\t\t<div id=\"g650-email-email-error\" class=\"contact-form__input-error\" data-wp-class--has-errors=\"state.fieldHasErrors\">\n\t\t\t\t<span class=\"contact-form__warning-icon\">\n\t\t\t\t\t<svg width=\"16\" height=\"16\" viewBox=\"0 0 16 16\" fill=\"none\" xmlns=\"http:\/\/www.w3.org\/2000\/svg\">\n\t\t\t\t\t\t<path d=\"M8.50015 11.6402H7.50015V10.6402H8.50015V11.6402Z\" \/>\n\t\t\t\t\t\t<path d=\"M7.50015 9.64018H8.50015V6.30684H7.50015V9.64018Z\" \/>\n\t\t\t\t\t\t<path fill-rule=\"evenodd\" clip-rule=\"evenodd\" d=\"M6.98331 3.0947C7.42933 2.30177 8.57096 2.30177 9.01698 3.09469L13.8771 11.7349C14.3145 12.5126 13.7525 13.4735 12.8602 13.4735H3.14004C2.24774 13.4735 1.68575 12.5126 2.12321 11.7349L6.98331 3.0947ZM8.14541 3.58496C8.08169 3.47168 7.9186 3.47168 7.85488 3.58496L2.99478 12.2251C2.93229 12.3362 3.01257 12.4735 3.14004 12.4735H12.8602C12.9877 12.4735 13.068 12.3362 13.0055 12.2251L8.14541 3.58496Z\" \/>\n\t\t\t\t\t<\/svg>\n\t\t\t\t\t<span class=\"visually-hidden\">Aviso<\/span>\n\t\t\t\t<\/span>\n\t\t\t\t<span data-wp-text=\"state.errorMessage\" id=\"g650-email-email-error-message\" role=\"alert\" aria-live=\"assertive\"><\/span>\n\t\t\t<\/div> \n\t<\/div>\n\n<div style=\"\"  data-wp-interactive=\"jetpack\/form\" data-wp-context='{\"fieldId\":\"g650-comentrio\",\"fieldType\":\"textarea\",\"fieldLabel\":\"Coment\\u00e1rio\",\"fieldValue\":\"\",\"fieldPlaceholder\":\"\",\"fieldIsRequired\":\"\",\"fieldErrorMessage\":\"\",\"fieldExtra\":[],\"formHash\":\"88f6d3f35f7857b0fd087eb9628ebe8025e07d68\"}'  class='grunion-field-textarea-wrap grunion-field-wrap'  data-wp-init='callbacks.initializeField' data-wp-on--jetpack-form-reset='callbacks.initializeField' >\n<label\n\t\t\t\tfor='contact-form-comment-g650-comentrio' class=\"grunion-field-label textarea\" >Coment\u00e1rio<\/label>\n<textarea\n\t\t                style=''\n\t\t                name='g650-comentrio'\n\t\t                id='contact-form-comment-g650-comentrio'\n\t\t                rows='20'\n\t\t\t\t\t\tdata-wp-text='state.getFieldValue'\n\t\t\t\t\t\tdata-wp-on--input='actions.onFieldChange'\n\t\t\t\t\t\tdata-wp-on--blur='actions.onFieldBlur'\n\t\t\t\t\t\tdata-wp-class--has-value='state.hasFieldValue'\n\t\t\t\t\t\tdata-wp-bind--aria-invalid='state.fieldHasErrors'\n\t\t\t\t\t\taria-errormessage='g650-comentrio-textarea-error-message'\n\t\t\t\t\t\tclass='textarea  grunion-field'  ><\/textarea>\n \n\t\t\t<div id=\"g650-comentrio-textarea-error\" class=\"contact-form__input-error\" data-wp-class--has-errors=\"state.fieldHasErrors\">\n\t\t\t\t<span class=\"contact-form__warning-icon\">\n\t\t\t\t\t<svg width=\"16\" height=\"16\" viewBox=\"0 0 16 16\" fill=\"none\" xmlns=\"http:\/\/www.w3.org\/2000\/svg\">\n\t\t\t\t\t\t<path d=\"M8.50015 11.6402H7.50015V10.6402H8.50015V11.6402Z\" \/>\n\t\t\t\t\t\t<path d=\"M7.50015 9.64018H8.50015V6.30684H7.50015V9.64018Z\" \/>\n\t\t\t\t\t\t<path fill-rule=\"evenodd\" clip-rule=\"evenodd\" d=\"M6.98331 3.0947C7.42933 2.30177 8.57096 2.30177 9.01698 3.09469L13.8771 11.7349C14.3145 12.5126 13.7525 13.4735 12.8602 13.4735H3.14004C2.24774 13.4735 1.68575 12.5126 2.12321 11.7349L6.98331 3.0947ZM8.14541 3.58496C8.08169 3.47168 7.9186 3.47168 7.85488 3.58496L2.99478 12.2251C2.93229 12.3362 3.01257 12.4735 3.14004 12.4735H12.8602C12.9877 12.4735 13.068 12.3362 13.0055 12.2251L8.14541 3.58496Z\" \/>\n\t\t\t\t\t<\/svg>\n\t\t\t\t\t<span class=\"visually-hidden\">Aviso<\/span>\n\t\t\t\t<\/span>\n\t\t\t\t<span data-wp-text=\"state.errorMessage\" id=\"g650-comentrio-textarea-error-message\" role=\"alert\" aria-live=\"assertive\"><\/span>\n\t\t\t<\/div>\n\t<\/div>\n\t<p class='contact-submit'>\n<div class=\"contact-form__error\" data-wp-class--show-errors=\"state.showFormErrors\"><span class=\"contact-form__warning-icon\"><span class=\"visually-hidden\">Aten\u00e7\u00e3o.<\/span><i aria-hidden=\"true\"><\/i><\/span>\n\t\t\t\t<span data-wp-text=\"state.getFormErrorMessage\"><\/span>\n\t\t\t\t<ul>\n\t\t\t\t<template data-wp-each=\"state.getErrorList\" data-wp-key=\"context.item.id\">\n\t\t\t\t\t<li><a data-wp-bind--href=\"context.item.anchor\" data-wp-on--click=\"actions.scrollIntoView\" data-wp-text=\"context.item.label\"><\/a><\/li>\n\t\t\t\t<\/template>\n\t\t\t\t<\/ul><\/div><div class=\"contact-form__error\" data-wp-class--show-errors=\"state.showSubmissionError\" data-wp-text=\"context.submissionError\"><\/div>\t\t<button type='submit' class='pushbutton-wide'>Enviar<\/button>\t\t<input type='hidden' name='contact-form-id' value='650' \/>\n\t\t<input type='hidden' name='action' value='grunion-contact-form' \/>\n\t\t<input type='hidden' name='contact-form-hash' value='88f6d3f35f7857b0fd087eb9628ebe8025e07d68' \/>\n\t<\/p>\n<p style=\"display: none !important;\" class=\"akismet-fields-container\" data-prefix=\"ak_\"><label>&#916;<textarea name=\"ak_hp_textarea\" cols=\"45\" rows=\"8\" maxlength=\"100\"><\/textarea><\/label><input type=\"hidden\" id=\"ak_js_1\" name=\"ak_js\" value=\"147\"\/><script>document.getElementById( \"ak_js_1\" ).setAttribute( \"value\", ( new Date() ).getTime() );<\/script><\/p><\/form>\n<\/div>\n<p>&nbsp;<\/p>\n<p>&nbsp;<\/p>\n<p>&nbsp;<\/p>\n","protected":false},"excerpt":{"rendered":"<p>Reportagem de Camila Porto e Rayssa Natale &#8211;\u00a0 Leandro Fagundes, mais conhecido como Guido CNR, \u00e9 um cantor de rap conhecido por suas melodias pesadas, que objetivam retratar a realidade e sentimentos. O cantor j\u00e1 passou por muitas coisas nesses 15 anos de carreira. Carregando o peso do preconceito, Guido conquistou uma legi\u00e3o de f\u00e3s &hellip; <\/p>\n<p><a class=\"more-link btn\" href=\"https:\/\/wp.ufpel.edu.br\/artenosul\/2015\/12\/06\/guido-cnr-completa-15-anos-de-carreira\/\">Continue lendo<\/a><\/p>\n","protected":false},"author":571,"featured_media":653,"comment_status":"closed","ping_status":"closed","sticky":false,"template":"","format":"standard","meta":{"jetpack_post_was_ever_published":false,"_jetpack_newsletter_access":"","_jetpack_dont_email_post_to_subs":false,"_jetpack_newsletter_tier_id":0,"_jetpack_memberships_contains_paywalled_content":false,"_jetpack_memberships_contains_paid_content":false,"footnotes":"","jetpack_publicize_message":"","jetpack_publicize_feature_enabled":true,"jetpack_social_post_already_shared":true,"jetpack_social_options":{"image_generator_settings":{"template":"highway","default_image_id":0,"font":"","enabled":false},"version":2}},"categories":[6,1],"tags":[223,222,7,221],"class_list":["post-650","post","type-post","status-publish","format-standard","has-post-thumbnail","hentry","category-musica","category-noticias","tag-guido-cnr","tag-leandro-fagundes","tag-musica","tag-rap","nodate","item-wrap"],"jetpack_publicize_connections":[],"jetpack_featured_media_url":"https:\/\/wp.ufpel.edu.br\/artenosul\/files\/2015\/12\/Rayssa.jpg","jetpack_sharing_enabled":true,"jetpack_likes_enabled":true,"jetpack_shortlink":"https:\/\/wp.me\/p6PuxQ-au","jetpack-related-posts":[{"id":28896,"url":"https:\/\/wp.ufpel.edu.br\/artenosul\/2025\/04\/03\/zudizilla-o-poeta-pelotense-do-rap-brasileiro\/","url_meta":{"origin":650,"position":0},"title":"Zudizilla: O poeta pelotense do rap brasileiro","author":"artenosul","date":"3 de abril de 2025","format":false,"excerpt":"Com toques do jazz, soul e boom bap, m\u00fasico combina rimas, refer\u00eancias filos\u00f3ficas e hist\u00f3rias da cultura negra e das periferias\u00a0\u00a0\u00a0\u00a0 Por Jo\u00e3o Miguel Rico Donini\u00a0\u00a0\u00a0\u00a0\u00a0 \u00a0 \u00a0 Nos \u00faltimos anos, o rap brasileiro tem se expandido e diversificado, trazendo novos nomes que desafiam padr\u00f5es e exploram sonoridades \u00fanicas. Entre\u2026","rel":"","context":"Em &quot;M\u00daSICA&quot;","block_context":{"text":"M\u00daSICA","link":"https:\/\/wp.ufpel.edu.br\/artenosul\/category\/musica\/"},"img":{"alt_text":"","src":"https:\/\/i0.wp.com\/wp.ufpel.edu.br\/artenosul\/files\/2025\/04\/ZUDIZILLA_BLOG_CAPAb.jpg?resize=350%2C200&ssl=1","width":350,"height":200,"srcset":"https:\/\/i0.wp.com\/wp.ufpel.edu.br\/artenosul\/files\/2025\/04\/ZUDIZILLA_BLOG_CAPAb.jpg?resize=350%2C200&ssl=1 1x, https:\/\/i0.wp.com\/wp.ufpel.edu.br\/artenosul\/files\/2025\/04\/ZUDIZILLA_BLOG_CAPAb.jpg?resize=525%2C300&ssl=1 1.5x, https:\/\/i0.wp.com\/wp.ufpel.edu.br\/artenosul\/files\/2025\/04\/ZUDIZILLA_BLOG_CAPAb.jpg?resize=700%2C400&ssl=1 2x, https:\/\/i0.wp.com\/wp.ufpel.edu.br\/artenosul\/files\/2025\/04\/ZUDIZILLA_BLOG_CAPAb.jpg?resize=1050%2C600&ssl=1 3x, https:\/\/i0.wp.com\/wp.ufpel.edu.br\/artenosul\/files\/2025\/04\/ZUDIZILLA_BLOG_CAPAb.jpg?resize=1400%2C800&ssl=1 4x"},"classes":[]},{"id":13463,"url":"https:\/\/wp.ufpel.edu.br\/artenosul\/2023\/04\/06\/hip-hop-festival-movimenta-centro-historico-de-rio-grande\/","url_meta":{"origin":650,"position":1},"title":"Hip Hop Festival movimenta Centro Hist\u00f3rico de Rio Grande","author":"artenosul","date":"6 de abril de 2023","format":false,"excerpt":"O evento ocorreu como parte da programa\u00e7\u00e3o do Festival do Mar na ter\u00e7a-feira\u00a0 \u00a0 \u00a0 \u00a0 \u00a0 \u00a0 \u00a0 \u00a0 Teve in\u00edcio, no dia 30 de mar\u00e7o, o 1\u00ba Festival do Mar (Festimar). O evento ocorre at\u00e9 9 de abril em Rio Grande e S\u00e3o Jos\u00e9 do Norte e conta\u2026","rel":"","context":"Em &quot;M\u00daSICA&quot;","block_context":{"text":"M\u00daSICA","link":"https:\/\/wp.ufpel.edu.br\/artenosul\/category\/musica\/"},"img":{"alt_text":"","src":"https:\/\/i0.wp.com\/wp.ufpel.edu.br\/artenosul\/files\/2023\/04\/Imagem1b.jpg?resize=350%2C200&ssl=1","width":350,"height":200},"classes":[]},{"id":27270,"url":"https:\/\/wp.ufpel.edu.br\/artenosul\/2024\/10\/15\/contra-a-parede-traz-dilema-etico-de-jornalista\/","url_meta":{"origin":650,"position":2},"title":"\u201cContra a Parede\u201d traz dilemas \u00e9ticos do jornalismo","author":"artenosul","date":"15 de outubro de 2024","format":false,"excerpt":"Filme mostra desafios que profissionais da imprensa encontram entre diversos interesses e a responsabilidade de informar a sociedade\u00a0\u00a0\u00a0 Por Antonio Berndt\u00a0\u00a0\u00a0 \u00a0 \u00a0 \u00a0 \u00a0\u00a0\u00a0\u00a0\u00a0\u00a0\u00a0\u00a0\u00a0\u00a0\u00a0 A \u00e9tica no jornalismo \u00e9 o foco principal do filme \u201cContra a Parede\u201d. O personagem central, Cac\u00e1 (Ant\u00f4nio Fagundes), se depara com um dilema entre\u2026","rel":"","context":"Em &quot;CINEMA&quot;","block_context":{"text":"CINEMA","link":"https:\/\/wp.ufpel.edu.br\/artenosul\/category\/cinema\/"},"img":{"alt_text":"","src":"https:\/\/i0.wp.com\/wp.ufpel.edu.br\/artenosul\/files\/2024\/10\/Foto-2-Contra-a-Paredeb.jpeg?resize=350%2C200&ssl=1","width":350,"height":200,"srcset":"https:\/\/i0.wp.com\/wp.ufpel.edu.br\/artenosul\/files\/2024\/10\/Foto-2-Contra-a-Paredeb.jpeg?resize=350%2C200&ssl=1 1x, https:\/\/i0.wp.com\/wp.ufpel.edu.br\/artenosul\/files\/2024\/10\/Foto-2-Contra-a-Paredeb.jpeg?resize=525%2C300&ssl=1 1.5x"},"classes":[]},{"id":13445,"url":"https:\/\/wp.ufpel.edu.br\/artenosul\/2023\/04\/02\/professor-da-ufpel-leandro-maia-faz-campanha-para-seu-quarto-disco\/","url_meta":{"origin":650,"position":3},"title":"Professor da UFPel Leandro Maia faz campanha para seu quarto disco","author":"artenosul","date":"2 de abril de 2023","format":false,"excerpt":"Cantor e compositor tem financiamento coletivo \u201cTudo ou Nada\u201d, com prazo de participa\u00e7\u00e3o at\u00e9 ter\u00e7a-feira, na plataforma Catarse para realizar o trabalho in\u00e9dito em vinil Dentro de alguns meses, dever\u00e1 ser lan\u00e7ado \u201cGuaipeca: uma ilus\u00e3o autobiogr\u00e1fica\u201d, quarto disco de Leandro Maia. Duas das can\u00e7\u00f5es, inclusive a que d\u00e1 t\u00edtulo ao\u2026","rel":"","context":"Em &quot;M\u00daSICA&quot;","block_context":{"text":"M\u00daSICA","link":"https:\/\/wp.ufpel.edu.br\/artenosul\/category\/musica\/"},"img":{"alt_text":"","src":"https:\/\/i0.wp.com\/wp.ufpel.edu.br\/artenosul\/files\/2023\/04\/Imagem2.jpg?resize=350%2C200&ssl=1","width":350,"height":200,"srcset":"https:\/\/i0.wp.com\/wp.ufpel.edu.br\/artenosul\/files\/2023\/04\/Imagem2.jpg?resize=350%2C200&ssl=1 1x, https:\/\/i0.wp.com\/wp.ufpel.edu.br\/artenosul\/files\/2023\/04\/Imagem2.jpg?resize=525%2C300&ssl=1 1.5x"},"classes":[]},{"id":24532,"url":"https:\/\/wp.ufpel.edu.br\/artenosul\/2023\/11\/14\/debates-e-apresentacoes-musicais-nesta-quinta-e-sexta-feira\/","url_meta":{"origin":650,"position":4},"title":"Debates e apresenta\u00e7\u00f5es musicais nesta quinta e sexta-feira","author":"artenosul","date":"14 de novembro de 2023","format":false,"excerpt":"Acorde Brasileiro - Encontro Nacional das M\u00fasicas Regionais re\u00fane pensadores e artistas para refletir sobre m\u00fasica brasileira hoje A diversidade sonora do Brasil ser\u00e1 a atra\u00e7\u00e3o principal do evento Acorde Brasileiro - Encontro Nacional das M\u00fasicas Regionais, que acontece na quinta-feira, dia 16, e na sexta-feira, dia 17 de novembro.\u2026","rel":"","context":"Em &quot;M\u00daSICA&quot;","block_context":{"text":"M\u00daSICA","link":"https:\/\/wp.ufpel.edu.br\/artenosul\/category\/musica\/"},"img":{"alt_text":"","src":"https:\/\/i0.wp.com\/wp.ufpel.edu.br\/artenosul\/files\/2023\/11\/foto_sovaco_de_cobra__foto_-9689750.jpeg?resize=350%2C200&ssl=1","width":350,"height":200,"srcset":"https:\/\/i0.wp.com\/wp.ufpel.edu.br\/artenosul\/files\/2023\/11\/foto_sovaco_de_cobra__foto_-9689750.jpeg?resize=350%2C200&ssl=1 1x, https:\/\/i0.wp.com\/wp.ufpel.edu.br\/artenosul\/files\/2023\/11\/foto_sovaco_de_cobra__foto_-9689750.jpeg?resize=525%2C300&ssl=1 1.5x, https:\/\/i0.wp.com\/wp.ufpel.edu.br\/artenosul\/files\/2023\/11\/foto_sovaco_de_cobra__foto_-9689750.jpeg?resize=700%2C400&ssl=1 2x"},"classes":[]},{"id":345,"url":"https:\/\/wp.ufpel.edu.br\/artenosul\/2015\/11\/10\/gahuer-carrasco-a-luta-por-um-sonho\/","url_meta":{"origin":650,"position":5},"title":"Gahuer Carrasco: \u201cA luta por um sonho\u201d","author":"artenosul","date":"10 de novembro de 2015","format":false,"excerpt":"Reportagem de Isabelle Domingues - Gahuer Carrasco tem muito a comemorar. Completando 20 anos de estrada, carrega consigo a arte como sua fiel escudeira e pode contar com o orgulho e satisfa\u00e7\u00e3o de quem fez do mundo o seu quintal. Em meio \u00e0s comemora\u00e7\u00f5es, as grava\u00e7\u00f5es do CD e DVD\u2026","rel":"","context":"Em &quot;M\u00daSICA&quot;","block_context":{"text":"M\u00daSICA","link":"https:\/\/wp.ufpel.edu.br\/artenosul\/category\/musica\/"},"img":{"alt_text":"","src":"https:\/\/i0.wp.com\/wp.ufpel.edu.br\/artenosul\/files\/2015\/11\/Gauer6.jpg?resize=350%2C200&ssl=1","width":350,"height":200,"srcset":"https:\/\/i0.wp.com\/wp.ufpel.edu.br\/artenosul\/files\/2015\/11\/Gauer6.jpg?resize=350%2C200&ssl=1 1x, https:\/\/i0.wp.com\/wp.ufpel.edu.br\/artenosul\/files\/2015\/11\/Gauer6.jpg?resize=525%2C300&ssl=1 1.5x, https:\/\/i0.wp.com\/wp.ufpel.edu.br\/artenosul\/files\/2015\/11\/Gauer6.jpg?resize=700%2C400&ssl=1 2x"},"classes":[]}],"_links":{"self":[{"href":"https:\/\/wp.ufpel.edu.br\/artenosul\/wp-json\/wp\/v2\/posts\/650","targetHints":{"allow":["GET"]}}],"collection":[{"href":"https:\/\/wp.ufpel.edu.br\/artenosul\/wp-json\/wp\/v2\/posts"}],"about":[{"href":"https:\/\/wp.ufpel.edu.br\/artenosul\/wp-json\/wp\/v2\/types\/post"}],"author":[{"embeddable":true,"href":"https:\/\/wp.ufpel.edu.br\/artenosul\/wp-json\/wp\/v2\/users\/571"}],"replies":[{"embeddable":true,"href":"https:\/\/wp.ufpel.edu.br\/artenosul\/wp-json\/wp\/v2\/comments?post=650"}],"version-history":[{"count":1,"href":"https:\/\/wp.ufpel.edu.br\/artenosul\/wp-json\/wp\/v2\/posts\/650\/revisions"}],"predecessor-version":[{"id":654,"href":"https:\/\/wp.ufpel.edu.br\/artenosul\/wp-json\/wp\/v2\/posts\/650\/revisions\/654"}],"wp:featuredmedia":[{"embeddable":true,"href":"https:\/\/wp.ufpel.edu.br\/artenosul\/wp-json\/wp\/v2\/media\/653"}],"wp:attachment":[{"href":"https:\/\/wp.ufpel.edu.br\/artenosul\/wp-json\/wp\/v2\/media?parent=650"}],"wp:term":[{"taxonomy":"category","embeddable":true,"href":"https:\/\/wp.ufpel.edu.br\/artenosul\/wp-json\/wp\/v2\/categories?post=650"},{"taxonomy":"post_tag","embeddable":true,"href":"https:\/\/wp.ufpel.edu.br\/artenosul\/wp-json\/wp\/v2\/tags?post=650"}],"curies":[{"name":"wp","href":"https:\/\/api.w.org\/{rel}","templated":true}]}}